{"id":9794,"date":"2024-03-05T15:27:14","date_gmt":"2024-03-05T18:27:14","guid":{"rendered":"https:\/\/loboproduccionesaudiovisuales.ar\/?p=9794"},"modified":"2024-03-05T17:33:02","modified_gmt":"2024-03-05T20:33:02","slug":"avanzan-las-gestiones-por-el-nuevo-destacamento-policial-de-spatzenkutter","status":"publish","type":"post","link":"https:\/\/loboproduccionesaudiovisuales.ar\/?p=9794","title":{"rendered":"Avanzan las gestiones por el nuevo Destacamento Policial de Spatzenkutter"},"content":{"rendered":"<p><strong>El martes 5 de marzo se llev\u00f3 a cabo una reuni\u00f3n en Diamante, de la que particip\u00f3 el presidente de la Comuna Juan Lell junto al Jefe de Polic\u00eda Departamental, Comisario Mayor Esteban Allegrini.<\/strong><\/p>\n<p>&nbsp;<\/p>\n<p>Se abord\u00f3 como tema principal la gesti\u00f3n que se viene llevando adelante para la instalaci\u00f3n del nuevo Destacamento Policial en Spatzenkutter.<\/p>\n<p>Se sum\u00f3 al encuentro personal del \u00c1rea de Arquitectura de la Polic\u00eda de Entre R\u00edos.<\/p>\n<p>\u201cSeguimos gestionado obras por el bien de nuestra gente\u201d, dijo Lell tras la charla.<\/p>\n","protected":false},"excerpt":{"rendered":"<p>El martes 5 de marzo se llev\u00f3 a cabo una reuni\u00f3n en Diamante, de la que particip\u00f3 el presidente de&hellip;<\/p>\n","protected":false},"author":3,"featured_media":9795,"comment_status":"open","ping_status":"open","sticky":false,"template":"","format":"standard","meta":{"footnotes":""},"categories":[5,1,128,175,113],"tags":[114],"class_list":["post-9794","post","type-post","status-publish","format-standard","has-post-thumbnail","hentry","category-actualidad","category-blog","category-entre-rios","category-policiales","category-region","tag-spatzenkutter"],"aioseo_notices":[],"aioseo_head":"\n\t\t<!-- All in One SEO 5.0.1.1 - aioseo.com -->\n\t<meta name=\"description\" content=\"El martes 5 de marzo se llev\u00f3 a cabo una reuni\u00f3n en Diamante, de la que particip\u00f3 el presidente de la Comuna Juan Lell junto al Jefe de Polic\u00eda Departamental, Comisario Mayor Esteban Allegrini. Se abord\u00f3 como tema principal la gesti\u00f3n que se viene llevando adelante para la instalaci\u00f3n del nuevo Destacamento Policial en\" \/>\n\t<meta name=\"robots\" content=\"max-image-preview:large\" \/>\n\t<meta name=\"author\" content=\"Gustavo Werner\"\/>\n\t<link rel=\"canonical\" href=\"https:\/\/loboproduccionesaudiovisuales.ar\/?p=9794\" \/>\n\t<meta name=\"generator\" content=\"All in One SEO (AIOSEO) 5.0.1.1\" \/>\n\t\t<meta property=\"og:locale\" content=\"es_ES\" \/>\n\t\t<meta property=\"og:site_name\" content=\"LOBO PRODUCCIONES AUDIOVISUALES - Sitio digital de noticias agroindustriales\" \/>\n\t\t<meta property=\"og:type\" content=\"article\" \/>\n\t\t<meta property=\"og:title\" content=\"Avanzan las gestiones por el nuevo Destacamento Policial de Spatzenkutter - LOBO PRODUCCIONES AUDIOVISUALES\" \/>\n\t\t<meta property=\"og:description\" content=\"El martes 5 de marzo se llev\u00f3 a cabo una reuni\u00f3n en Diamante, de la que particip\u00f3 el presidente de la Comuna Juan Lell junto al Jefe de Polic\u00eda Departamental, Comisario Mayor Esteban Allegrini. Se abord\u00f3 como tema principal la gesti\u00f3n que se viene llevando adelante para la instalaci\u00f3n del nuevo Destacamento Policial en\" \/>\n\t\t<meta property=\"og:url\" content=\"https:\/\/loboproduccionesaudiovisuales.ar\/?p=9794\" \/>\n\t\t<meta property=\"og:image\" content=\"https:\/\/loboproduccionesaudiovisuales.ar\/wp-content\/uploads\/2023\/07\/LPA-web.jpg\" \/>\n\t\t<meta property=\"og:image:secure_url\" content=\"https:\/\/loboproduccionesaudiovisuales.ar\/wp-content\/uploads\/2023\/07\/LPA-web.jpg\" \/>\n\t\t<meta property=\"article:published_time\" content=\"2024-03-05T18:27:14+00:00\" \/>\n\t\t<meta property=\"article:modified_time\" content=\"2024-03-05T20:33:02+00:00\" \/>\n\t\t<meta name=\"twitter:card\" content=\"summary_large_image\" \/>\n\t\t<meta name=\"twitter:title\" content=\"Avanzan las gestiones por el nuevo Destacamento Policial de Spatzenkutter - LOBO PRODUCCIONES AUDIOVISUALES\" \/>\n\t\t<meta name=\"twitter:description\" content=\"El martes 5 de marzo se llev\u00f3 a cabo una reuni\u00f3n en Diamante, de la que particip\u00f3 el presidente de la Comuna Juan Lell junto al Jefe de Polic\u00eda Departamental, Comisario Mayor Esteban Allegrini. Se abord\u00f3 como tema principal la gesti\u00f3n que se viene llevando adelante para la instalaci\u00f3n del nuevo Destacamento Policial en\" \/>\n\t\t<meta name=\"twitter:image\" content=\"https:\/\/loboproduccionesaudiovisuales.ar\/wp-content\/uploads\/2023\/07\/LPA-web.jpg\" \/>\n\t\t<script type=\"application\/ld+json\" class=\"aioseo-schema\">\n\t\t\t{\"@context\":\"https:\\\/\\\/schema.org\",\"@graph\":[{\"@type\":\"BlogPosting\",\"@id\":\"https:\\\/\\\/loboproduccionesaudiovisuales.ar\\\/?p=9794#blogposting\",\"name\":\"Avanzan las gestiones por el nuevo Destacamento Policial de Spatzenkutter - LOBO PRODUCCIONES AUDIOVISUALES\",\"headline\":\"Avanzan las gestiones por el nuevo Destacamento Policial de Spatzenkutter\",\"author\":{\"@id\":\"https:\\\/\\\/loboproduccionesaudiovisuales.ar\\\/?author=3#author\"},\"publisher\":{\"@id\":\"https:\\\/\\\/loboproduccionesaudiovisuales.ar\\\/#organization\"},\"image\":{\"@type\":\"ImageObject\",\"url\":\"https:\\\/\\\/loboproduccionesaudiovisuales.ar\\\/wp-content\\\/uploads\\\/2024\\\/03\\\/SPATZENKUTTER-Destacamento-Policial.jpg\",\"width\":526,\"height\":701},\"datePublished\":\"2024-03-05T15:27:14-03:00\",\"dateModified\":\"2024-03-05T17:33:02-03:00\",\"inLanguage\":\"es-AR\",\"mainEntityOfPage\":{\"@id\":\"https:\\\/\\\/loboproduccionesaudiovisuales.ar\\\/?p=9794#webpage\"},\"isPartOf\":{\"@id\":\"https:\\\/\\\/loboproduccionesaudiovisuales.ar\\\/?p=9794#webpage\"},\"articleSection\":\"ACTUALIDAD, Blog, ENTRE RIOS, POLICIALES, REGIONALES, Spatzenkutter\"},{\"@type\":\"BreadcrumbList\",\"@id\":\"https:\\\/\\\/loboproduccionesaudiovisuales.ar\\\/?p=9794#breadcrumblist\",\"itemListElement\":[{\"@type\":\"ListItem\",\"@id\":\"https:\\\/\\\/loboproduccionesaudiovisuales.ar#listItem\",\"position\":1,\"name\":\"Home\",\"item\":\"https:\\\/\\\/loboproduccionesaudiovisuales.ar\",\"nextItem\":{\"@type\":\"ListItem\",\"@id\":\"https:\\\/\\\/loboproduccionesaudiovisuales.ar\\\/?cat=1#listItem\",\"name\":\"Blog\"}},{\"@type\":\"ListItem\",\"@id\":\"https:\\\/\\\/loboproduccionesaudiovisuales.ar\\\/?cat=1#listItem\",\"position\":2,\"name\":\"Blog\",\"item\":\"https:\\\/\\\/loboproduccionesaudiovisuales.ar\\\/?cat=1\",\"nextItem\":{\"@type\":\"ListItem\",\"@id\":\"https:\\\/\\\/loboproduccionesaudiovisuales.ar\\\/?p=9794#listItem\",\"name\":\"Avanzan las gestiones por el nuevo Destacamento Policial de Spatzenkutter\"},\"previousItem\":{\"@type\":\"ListItem\",\"@id\":\"https:\\\/\\\/loboproduccionesaudiovisuales.ar#listItem\",\"name\":\"Home\"}},{\"@type\":\"ListItem\",\"@id\":\"https:\\\/\\\/loboproduccionesaudiovisuales.ar\\\/?p=9794#listItem\",\"position\":3,\"name\":\"Avanzan las gestiones por el nuevo Destacamento Policial de Spatzenkutter\",\"previousItem\":{\"@type\":\"ListItem\",\"@id\":\"https:\\\/\\\/loboproduccionesaudiovisuales.ar\\\/?cat=1#listItem\",\"name\":\"Blog\"}}]},{\"@type\":\"Organization\",\"@id\":\"https:\\\/\\\/loboproduccionesaudiovisuales.ar\\\/#organization\",\"name\":\"loboproduccionesaudiovisuales.ar\",\"description\":\"Sitio digital de noticias agroindustriales\",\"url\":\"https:\\\/\\\/loboproduccionesaudiovisuales.ar\\\/\",\"logo\":{\"@type\":\"ImageObject\",\"url\":\"https:\\\/\\\/loboproduccionesaudiovisuales.ar\\\/wp-content\\\/uploads\\\/2023\\\/07\\\/LPA-web.jpg\",\"@id\":\"https:\\\/\\\/loboproduccionesaudiovisuales.ar\\\/?p=9794\\\/#organizationLogo\",\"width\":500,\"height\":144},\"image\":{\"@id\":\"https:\\\/\\\/loboproduccionesaudiovisuales.ar\\\/?p=9794\\\/#organizationLogo\"}},{\"@type\":\"Person\",\"@id\":\"https:\\\/\\\/loboproduccionesaudiovisuales.ar\\\/?author=3#author\",\"url\":\"https:\\\/\\\/loboproduccionesaudiovisuales.ar\\\/?author=3\",\"name\":\"Gustavo Werner\",\"image\":{\"@type\":\"ImageObject\",\"@id\":\"https:\\\/\\\/loboproduccionesaudiovisuales.ar\\\/?p=9794#authorImage\",\"url\":\"https:\\\/\\\/secure.gravatar.com\\\/avatar\\\/e04239ede7d02b80503013ac1fa61f308bbe3566e5a70df5bbef7c3725a0dcae?s=96&d=mm&r=g\",\"width\":96,\"height\":96,\"caption\":\"Gustavo Werner\"}},{\"@type\":\"WebPage\",\"@id\":\"https:\\\/\\\/loboproduccionesaudiovisuales.ar\\\/?p=9794#webpage\",\"url\":\"https:\\\/\\\/loboproduccionesaudiovisuales.ar\\\/?p=9794\",\"name\":\"Avanzan las gestiones por el nuevo Destacamento Policial de Spatzenkutter - LOBO PRODUCCIONES AUDIOVISUALES\",\"description\":\"El martes 5 de marzo se llev\\u00f3 a cabo una reuni\\u00f3n en Diamante, de la que particip\\u00f3 el presidente de la Comuna Juan Lell junto al Jefe de Polic\\u00eda Departamental, Comisario Mayor Esteban Allegrini. Se abord\\u00f3 como tema principal la gesti\\u00f3n que se viene llevando adelante para la instalaci\\u00f3n del nuevo Destacamento Policial en\",\"inLanguage\":\"es-AR\",\"isPartOf\":{\"@id\":\"https:\\\/\\\/loboproduccionesaudiovisuales.ar\\\/#website\"},\"breadcrumb\":{\"@id\":\"https:\\\/\\\/loboproduccionesaudiovisuales.ar\\\/?p=9794#breadcrumblist\"},\"author\":{\"@id\":\"https:\\\/\\\/loboproduccionesaudiovisuales.ar\\\/?author=3#author\"},\"creator\":{\"@id\":\"https:\\\/\\\/loboproduccionesaudiovisuales.ar\\\/?author=3#author\"},\"image\":{\"@type\":\"ImageObject\",\"url\":\"https:\\\/\\\/loboproduccionesaudiovisuales.ar\\\/wp-content\\\/uploads\\\/2024\\\/03\\\/SPATZENKUTTER-Destacamento-Policial.jpg\",\"@id\":\"https:\\\/\\\/loboproduccionesaudiovisuales.ar\\\/?p=9794\\\/#mainImage\",\"width\":526,\"height\":701},\"primaryImageOfPage\":{\"@id\":\"https:\\\/\\\/loboproduccionesaudiovisuales.ar\\\/?p=9794#mainImage\"},\"datePublished\":\"2024-03-05T15:27:14-03:00\",\"dateModified\":\"2024-03-05T17:33:02-03:00\"},{\"@type\":\"WebSite\",\"@id\":\"https:\\\/\\\/loboproduccionesaudiovisuales.ar\\\/#website\",\"url\":\"https:\\\/\\\/loboproduccionesaudiovisuales.ar\\\/\",\"name\":\"loboproduccionesaudiovisuales.ar\",\"alternateName\":\"Lobo Producciones\",\"description\":\"Sitio digital de noticias agroindustriales\",\"inLanguage\":\"es-AR\",\"publisher\":{\"@id\":\"https:\\\/\\\/loboproduccionesaudiovisuales.ar\\\/#organization\"}}]}\n\t\t<\/script>\n\t\t<!-- All in One SEO -->\n\n","aioseo_head_json":{"title":"Avanzan las gestiones por el nuevo Destacamento Policial de Spatzenkutter - LOBO PRODUCCIONES AUDIOVISUALES","description":"El martes 5 de marzo se llev\u00f3 a cabo una reuni\u00f3n en Diamante, de la que particip\u00f3 el presidente de la Comuna Juan Lell junto al Jefe de Polic\u00eda Departamental, Comisario Mayor Esteban Allegrini. Se abord\u00f3 como tema principal la gesti\u00f3n que se viene llevando adelante para la instalaci\u00f3n del nuevo Destacamento Policial en","canonical_url":"https:\/\/loboproduccionesaudiovisuales.ar\/?p=9794","robots":"max-image-preview:large","keywords":"","webmasterTools":{"miscellaneous":""},"schema":{"@context":"https:\/\/schema.org","@graph":[{"@type":"BlogPosting","@id":"https:\/\/loboproduccionesaudiovisuales.ar\/?p=9794#blogposting","name":"Avanzan las gestiones por el nuevo Destacamento Policial de Spatzenkutter - LOBO PRODUCCIONES AUDIOVISUALES","headline":"Avanzan las gestiones por el nuevo Destacamento Policial de Spatzenkutter","author":{"@id":"https:\/\/loboproduccionesaudiovisuales.ar\/?author=3#author"},"publisher":{"@id":"https:\/\/loboproduccionesaudiovisuales.ar\/#organization"},"image":{"@type":"ImageObject","url":"https:\/\/loboproduccionesaudiovisuales.ar\/wp-content\/uploads\/2024\/03\/SPATZENKUTTER-Destacamento-Policial.jpg","width":526,"height":701},"datePublished":"2024-03-05T15:27:14-03:00","dateModified":"2024-03-05T17:33:02-03:00","inLanguage":"es-AR","mainEntityOfPage":{"@id":"https:\/\/loboproduccionesaudiovisuales.ar\/?p=9794#webpage"},"isPartOf":{"@id":"https:\/\/loboproduccionesaudiovisuales.ar\/?p=9794#webpage"},"articleSection":"ACTUALIDAD, Blog, ENTRE RIOS, POLICIALES, REGIONALES, Spatzenkutter"},{"@type":"BreadcrumbList","@id":"https:\/\/loboproduccionesaudiovisuales.ar\/?p=9794#breadcrumblist","itemListElement":[{"@type":"ListItem","@id":"https:\/\/loboproduccionesaudiovisuales.ar#listItem","position":1,"name":"Home","item":"https:\/\/loboproduccionesaudiovisuales.ar","nextItem":{"@type":"ListItem","@id":"https:\/\/loboproduccionesaudiovisuales.ar\/?cat=1#listItem","name":"Blog"}},{"@type":"ListItem","@id":"https:\/\/loboproduccionesaudiovisuales.ar\/?cat=1#listItem","position":2,"name":"Blog","item":"https:\/\/loboproduccionesaudiovisuales.ar\/?cat=1","nextItem":{"@type":"ListItem","@id":"https:\/\/loboproduccionesaudiovisuales.ar\/?p=9794#listItem","name":"Avanzan las gestiones por el nuevo Destacamento Policial de Spatzenkutter"},"previousItem":{"@type":"ListItem","@id":"https:\/\/loboproduccionesaudiovisuales.ar#listItem","name":"Home"}},{"@type":"ListItem","@id":"https:\/\/loboproduccionesaudiovisuales.ar\/?p=9794#listItem","position":3,"name":"Avanzan las gestiones por el nuevo Destacamento Policial de Spatzenkutter","previousItem":{"@type":"ListItem","@id":"https:\/\/loboproduccionesaudiovisuales.ar\/?cat=1#listItem","name":"Blog"}}]},{"@type":"Organization","@id":"https:\/\/loboproduccionesaudiovisuales.ar\/#organization","name":"loboproduccionesaudiovisuales.ar","description":"Sitio digital de noticias agroindustriales","url":"https:\/\/loboproduccionesaudiovisuales.ar\/","logo":{"@type":"ImageObject","url":"https:\/\/loboproduccionesaudiovisuales.ar\/wp-content\/uploads\/2023\/07\/LPA-web.jpg","@id":"https:\/\/loboproduccionesaudiovisuales.ar\/?p=9794\/#organizationLogo","width":500,"height":144},"image":{"@id":"https:\/\/loboproduccionesaudiovisuales.ar\/?p=9794\/#organizationLogo"}},{"@type":"Person","@id":"https:\/\/loboproduccionesaudiovisuales.ar\/?author=3#author","url":"https:\/\/loboproduccionesaudiovisuales.ar\/?author=3","name":"Gustavo Werner","image":{"@type":"ImageObject","@id":"https:\/\/loboproduccionesaudiovisuales.ar\/?p=9794#authorImage","url":"https:\/\/secure.gravatar.com\/avatar\/e04239ede7d02b80503013ac1fa61f308bbe3566e5a70df5bbef7c3725a0dcae?s=96&d=mm&r=g","width":96,"height":96,"caption":"Gustavo Werner"}},{"@type":"WebPage","@id":"https:\/\/loboproduccionesaudiovisuales.ar\/?p=9794#webpage","url":"https:\/\/loboproduccionesaudiovisuales.ar\/?p=9794","name":"Avanzan las gestiones por el nuevo Destacamento Policial de Spatzenkutter - LOBO PRODUCCIONES AUDIOVISUALES","description":"El martes 5 de marzo se llev\u00f3 a cabo una reuni\u00f3n en Diamante, de la que particip\u00f3 el presidente de la Comuna Juan Lell junto al Jefe de Polic\u00eda Departamental, Comisario Mayor Esteban Allegrini. Se abord\u00f3 como tema principal la gesti\u00f3n que se viene llevando adelante para la instalaci\u00f3n del nuevo Destacamento Policial en","inLanguage":"es-AR","isPartOf":{"@id":"https:\/\/loboproduccionesaudiovisuales.ar\/#website"},"breadcrumb":{"@id":"https:\/\/loboproduccionesaudiovisuales.ar\/?p=9794#breadcrumblist"},"author":{"@id":"https:\/\/loboproduccionesaudiovisuales.ar\/?author=3#author"},"creator":{"@id":"https:\/\/loboproduccionesaudiovisuales.ar\/?author=3#author"},"image":{"@type":"ImageObject","url":"https:\/\/loboproduccionesaudiovisuales.ar\/wp-content\/uploads\/2024\/03\/SPATZENKUTTER-Destacamento-Policial.jpg","@id":"https:\/\/loboproduccionesaudiovisuales.ar\/?p=9794\/#mainImage","width":526,"height":701},"primaryImageOfPage":{"@id":"https:\/\/loboproduccionesaudiovisuales.ar\/?p=9794#mainImage"},"datePublished":"2024-03-05T15:27:14-03:00","dateModified":"2024-03-05T17:33:02-03:00"},{"@type":"WebSite","@id":"https:\/\/loboproduccionesaudiovisuales.ar\/#website","url":"https:\/\/loboproduccionesaudiovisuales.ar\/","name":"loboproduccionesaudiovisuales.ar","alternateName":"Lobo Producciones","description":"Sitio digital de noticias agroindustriales","inLanguage":"es-AR","publisher":{"@id":"https:\/\/loboproduccionesaudiovisuales.ar\/#organization"}}]},"og:locale":"es_ES","og:site_name":"LOBO PRODUCCIONES AUDIOVISUALES - Sitio digital de noticias agroindustriales","og:type":"article","og:title":"Avanzan las gestiones por el nuevo Destacamento Policial de Spatzenkutter - LOBO PRODUCCIONES AUDIOVISUALES","og:description":"El martes 5 de marzo se llev\u00f3 a cabo una reuni\u00f3n en Diamante, de la que particip\u00f3 el presidente de la Comuna Juan Lell junto al Jefe de Polic\u00eda Departamental, Comisario Mayor Esteban Allegrini. Se abord\u00f3 como tema principal la gesti\u00f3n que se viene llevando adelante para la instalaci\u00f3n del nuevo Destacamento Policial en","og:url":"https:\/\/loboproduccionesaudiovisuales.ar\/?p=9794","og:image":"https:\/\/loboproduccionesaudiovisuales.ar\/wp-content\/uploads\/2023\/07\/LPA-web.jpg","og:image:secure_url":"https:\/\/loboproduccionesaudiovisuales.ar\/wp-content\/uploads\/2023\/07\/LPA-web.jpg","article:published_time":"2024-03-05T18:27:14+00:00","article:modified_time":"2024-03-05T20:33:02+00:00","twitter:card":"summary_large_image","twitter:title":"Avanzan las gestiones por el nuevo Destacamento Policial de Spatzenkutter - LOBO PRODUCCIONES AUDIOVISUALES","twitter:description":"El martes 5 de marzo se llev\u00f3 a cabo una reuni\u00f3n en Diamante, de la que particip\u00f3 el presidente de la Comuna Juan Lell junto al Jefe de Polic\u00eda Departamental, Comisario Mayor Esteban Allegrini. Se abord\u00f3 como tema principal la gesti\u00f3n que se viene llevando adelante para la instalaci\u00f3n del nuevo Destacamento Policial en","twitter:image":"https:\/\/loboproduccionesaudiovisuales.ar\/wp-content\/uploads\/2023\/07\/LPA-web.jpg"},"aioseo_meta_data":{"post_id":"9794","title":null,"description":null,"keywords":[],"keyphrases":{"focus":{"keyphrase":"","score":0,"analysis":{"keyphraseInTitle":{"score":0,"maxScore":9,"error":1}}},"additional":[]},"primary_term":null,"canonical_url":null,"og_title":null,"og_description":null,"og_object_type":"default","og_image_type":"default","og_image_url":null,"og_image_width":null,"og_image_height":null,"og_image_custom_url":null,"og_image_custom_fields":null,"og_video":"","og_custom_url":null,"og_article_section":null,"og_article_tags":[],"twitter_use_og":false,"twitter_card":"default","twitter_image_type":"default","twitter_image_url":null,"twitter_image_custom_url":null,"twitter_image_custom_fields":null,"twitter_title":null,"twitter_description":null,"schema":{"blockGraphs":[],"customGraphs":[],"default":{"data":{"Article":[],"Course":[],"Dataset":[],"FAQPage":[],"Movie":[],"Person":[],"Product":[],"ProductReview":[],"Car":[],"Recipe":[],"Service":[],"SoftwareApplication":[],"WebPage":[]},"graphName":"BlogPosting","isEnabled":true},"graphs":[]},"schema_type":"default","schema_type_options":null,"pillar_content":false,"robots_default":true,"robots_noindex":false,"robots_noarchive":false,"robots_nosnippet":false,"robots_nofollow":false,"robots_noimageindex":false,"robots_noodp":false,"robots_notranslate":false,"robots_max_snippet":"-1","robots_max_videopreview":"-1","robots_max_imagepreview":"large","priority":null,"frequency":"default","local_seo":null,"breadcrumb_settings":null,"limit_modified_date":false,"ai":null,"created":"2024-03-05 20:33:02","updated":"2025-06-04 23:02:34","seo_analyzer_scan_date":null,"focus_keyword":null,"additional_keywords":null,"truseo_locale":null},"aioseo_breadcrumb":"<div class=\"aioseo-breadcrumbs\"><span class=\"aioseo-breadcrumb\">\n\t\t\t<a href=\"https:\/\/loboproduccionesaudiovisuales.ar\" title=\"Home\">Home<\/a>\n\t\t<\/span><span class=\"aioseo-breadcrumb-separator\">&raquo;<\/span><span class=\"aioseo-breadcrumb\">\n\t\t\t<a href=\"https:\/\/loboproduccionesaudiovisuales.ar\/?cat=1\" title=\"Blog\">Blog<\/a>\n\t\t<\/span><span class=\"aioseo-breadcrumb-separator\">&raquo;<\/span><span class=\"aioseo-breadcrumb\">\n\t\t\tAvanzan las gestiones por el nuevo Destacamento Policial de Spatzenkutter\n\t\t<\/span><\/div>","aioseo_breadcrumb_json":[{"label":"Home","link":"https:\/\/loboproduccionesaudiovisuales.ar"},{"label":"Blog","link":"https:\/\/loboproduccionesaudiovisuales.ar\/?cat=1"},{"label":"Avanzan las gestiones por el nuevo Destacamento Policial de Spatzenkutter","link":"https:\/\/loboproduccionesaudiovisuales.ar\/?p=9794"}],"_links":{"self":[{"href":"https:\/\/loboproduccionesaudiovisuales.ar\/index.php?rest_route=\/wp\/v2\/posts\/9794","targetHints":{"allow":["GET"]}}],"collection":[{"href":"https:\/\/loboproduccionesaudiovisuales.ar\/index.php?rest_route=\/wp\/v2\/posts"}],"about":[{"href":"https:\/\/loboproduccionesaudiovisuales.ar\/index.php?rest_route=\/wp\/v2\/types\/post"}],"author":[{"embeddable":true,"href":"https:\/\/loboproduccionesaudiovisuales.ar\/index.php?rest_route=\/wp\/v2\/users\/3"}],"replies":[{"embeddable":true,"href":"https:\/\/loboproduccionesaudiovisuales.ar\/index.php?rest_route=%2Fwp%2Fv2%2Fcomments&post=9794"}],"version-history":[{"count":1,"href":"https:\/\/loboproduccionesaudiovisuales.ar\/index.php?rest_route=\/wp\/v2\/posts\/9794\/revisions"}],"predecessor-version":[{"id":9796,"href":"https:\/\/loboproduccionesaudiovisuales.ar\/index.php?rest_route=\/wp\/v2\/posts\/9794\/revisions\/9796"}],"wp:featuredmedia":[{"embeddable":true,"href":"https:\/\/loboproduccionesaudiovisuales.ar\/index.php?rest_route=\/wp\/v2\/media\/9795"}],"wp:attachment":[{"href":"https:\/\/loboproduccionesaudiovisuales.ar\/index.php?rest_route=%2Fwp%2Fv2%2Fmedia&parent=9794"}],"wp:term":[{"taxonomy":"category","embeddable":true,"href":"https:\/\/loboproduccionesaudiovisuales.ar\/index.php?rest_route=%2Fwp%2Fv2%2Fcategories&post=9794"},{"taxonomy":"post_tag","embeddable":true,"href":"https:\/\/loboproduccionesaudiovisuales.ar\/index.php?rest_route=%2Fwp%2Fv2%2Ftags&post=9794"}],"curies":[{"name":"wp","href":"https:\/\/api.w.org\/{rel}","templated":true}]}}