{"id":9364,"date":"2024-02-28T16:33:56","date_gmt":"2024-02-28T19:33:56","guid":{"rendered":"https:\/\/loboproduccionesaudiovisuales.ar\/?p=9364"},"modified":"2024-02-28T16:33:56","modified_gmt":"2024-02-28T19:33:56","slug":"aftosa-productores-acordaron-que-el-precio-de-la-vacuna-sera-de-1900-pesos","status":"publish","type":"post","link":"https:\/\/loboproduccionesaudiovisuales.ar\/?p=9364","title":{"rendered":"Aftosa: productores acordaron que el precio de la vacuna ser\u00e1 de 1900 pesos"},"content":{"rendered":"<p><strong>La asamblea se concret\u00f3 en la tarde de este martes en la Rural de Villaguay.<\/strong><\/p>\n<p>&nbsp;<\/p>\n<article class=\"cont-cuerpo\">\n<section class=\"texto\">Se concret\u00f3 en Villaguay la asamblea de la Fundaci\u00f3n de Lucha contra Fiebre Aftosa (Fucofa), con la participaci\u00f3n de productores agropecuarios referentes de cada uno de los departamentos entrerrianos y del \u00e1mbito provincial.<\/p>\n<p>Definieron aspectos administrativos y operativos de cara a la primera campa\u00f1a de vacunaci\u00f3n de 2024, que iniciar\u00e1 el 11 de marzo y culminar\u00e1 el 10 de mayo.<\/p>\n<p>&nbsp;<\/p>\n<p>&nbsp;<\/p>\n<figure class=\"embed\">\n<div class=\"cl-cl-14 margin-0\"><img decoding=\"async\" class=\"lazy-lotta\" src=\"https:\/\/www.campoenaccion.com\/galeria\/fotos\/2024\/02\/28\/o_1709123407.jpeg\" alt=\"\" width=\"100%\" \/><\/div>\n<\/figure>\n<p>&nbsp;<\/p>\n<p>&nbsp;<\/p>\n<p>La entidad, gestionada y conducida por productores a trav\u00e9s de las tres mayores organizaciones gremiales de la provincia, -la Federaci\u00f3n de Asociaciones Rurales de Entre R\u00edos, Federaci\u00f3n Entrerriana de Cooperativas y Federaci\u00f3n Agraria Argentina-, es la responsable se llevar a cabo la lucha sanitaria contra la enfermedad; que en este ciclo llegar\u00e1 a la totalidad del rodeo, estimado en 4.690.000 millones de cabezas.<\/p>\n<p>En el marco de la asamblea se defini\u00f3 que el costo por dosis aplicada de vacuna contra aftosa, en la primera campa\u00f1a del a\u00f1o, ser\u00e1 de 1900 pesos y 1300 pesos el valor final por aplicaci\u00f3n contra brucelosis, involucrando en este caso a terneras de tres a seis meses; unas 404.000 hembras en total.<\/p>\n<p>&nbsp;<\/p>\n<p>&nbsp;<\/p>\n<figure class=\"embed\">\n<div class=\"cl-cl-14 margin-0\"><img decoding=\"async\" class=\"lazy-lotta\" src=\"https:\/\/www.campoenaccion.com\/galeria\/fotos\/2024\/02\/28\/o_1709123429.jpeg\" alt=\"\" width=\"100%\" \/><\/div>\n<\/figure>\n<p>&nbsp;<\/p>\n<p>&nbsp;<\/p>\n<p>El encuentro se realiz\u00f3 este martes en instalaciones de la Sociedad Rural de Villaguay, y fue presidido por el titular de la Fundaci\u00f3n, H\u00e9ctor Reniero. El dirigente ruralista abord\u00f3, antes de la instancia de debate administrativo, la situaci\u00f3n de la regi\u00f3n en torno a garrapata, otro de los flagelos que acechan a la actividad y que tiene a la Fundaci\u00f3n como herramienta de combate.<\/p>\n<p>Para poner la situaci\u00f3n en contexto, se emiti\u00f3, en video, el testimonio de un productor correntino y ex dirigente de la Fundaci\u00f3n de la vecina provincia. Ignacio Mart\u00ednez \u00c1lvarez se explay\u00f3 en torno a los da\u00f1os que ocasiona el flagelo, las causas por las que se disemin\u00f3 en su provincia e inst\u00f3 a los entrerrianos a no bajar los brazos.<\/p>\n<p>En ese marco defini\u00f3: \u201cCada uno de los productores tenemos que asumir una responsabilidad en la lucha contra garrapata, algunos son ordenados y otros, desordenados. Vamos ordenar a los desordenados, aunque s\u00e9 que no ser\u00e1 f\u00e1cil, porque tenemos cuatro departamentos complicados, como Federal, Federaci\u00f3n, La Paz y Feliciano\u201d. Sum\u00f3 que la auto denuncia es el camino correcto: \u201cDebemos acercarnos a ese productor que dice `tengo garrapata`; revisaremos su campo, el de sus vecinos y, de esa forma, vamos a tratar de combatir\u201d.<\/p>\n<\/section>\n<\/article>\n","protected":false},"excerpt":{"rendered":"<p>La asamblea se concret\u00f3 en la tarde de este martes en la Rural de Villaguay. &nbsp; Se concret\u00f3 en Villaguay&hellip;<\/p>\n","protected":false},"author":3,"featured_media":9379,"comment_status":"open","ping_status":"open","sticky":false,"template":"","format":"standard","meta":{"footnotes":""},"categories":[5,2,1,128],"tags":[194],"class_list":["post-9364","post","type-post","status-publish","format-standard","has-post-thumbnail","hentry","category-actualidad","category-agro","category-blog","category-entre-rios","tag-aftosa"],"aioseo_notices":[],"aioseo_head":"\n\t\t<!-- All in One SEO 5.0.1.1 - aioseo.com -->\n\t<meta name=\"description\" content=\"La asamblea se concret\u00f3 en la tarde de este martes en la Rural de Villaguay. Se concret\u00f3 en Villaguay la asamblea de la Fundaci\u00f3n de Lucha contra Fiebre Aftosa (Fucofa), con la participaci\u00f3n de productores agropecuarios referentes de cada uno de los departamentos entrerrianos y del \u00e1mbito provincial. Definieron aspectos administrativos y operativos de\" \/>\n\t<meta name=\"robots\" content=\"max-image-preview:large\" \/>\n\t<meta name=\"author\" content=\"Gustavo Werner\"\/>\n\t<link rel=\"canonical\" href=\"https:\/\/loboproduccionesaudiovisuales.ar\/?p=9364\" \/>\n\t<meta name=\"generator\" content=\"All in One SEO (AIOSEO) 5.0.1.1\" \/>\n\t\t<meta property=\"og:locale\" content=\"es_ES\" \/>\n\t\t<meta property=\"og:site_name\" content=\"LOBO PRODUCCIONES AUDIOVISUALES - Sitio digital de noticias agroindustriales\" \/>\n\t\t<meta property=\"og:type\" content=\"article\" \/>\n\t\t<meta property=\"og:title\" content=\"Aftosa: productores acordaron que el precio de la vacuna ser\u00e1 de 1900 pesos - LOBO PRODUCCIONES AUDIOVISUALES\" \/>\n\t\t<meta property=\"og:description\" content=\"La asamblea se concret\u00f3 en la tarde de este martes en la Rural de Villaguay. Se concret\u00f3 en Villaguay la asamblea de la Fundaci\u00f3n de Lucha contra Fiebre Aftosa (Fucofa), con la participaci\u00f3n de productores agropecuarios referentes de cada uno de los departamentos entrerrianos y del \u00e1mbito provincial. Definieron aspectos administrativos y operativos de\" \/>\n\t\t<meta property=\"og:url\" content=\"https:\/\/loboproduccionesaudiovisuales.ar\/?p=9364\" \/>\n\t\t<meta property=\"og:image\" content=\"https:\/\/loboproduccionesaudiovisuales.ar\/wp-content\/uploads\/2023\/07\/LPA-web.jpg\" \/>\n\t\t<meta property=\"og:image:secure_url\" content=\"https:\/\/loboproduccionesaudiovisuales.ar\/wp-content\/uploads\/2023\/07\/LPA-web.jpg\" \/>\n\t\t<meta property=\"article:published_time\" content=\"2024-02-28T19:33:56+00:00\" \/>\n\t\t<meta property=\"article:modified_time\" content=\"2024-02-28T19:33:56+00:00\" \/>\n\t\t<meta name=\"twitter:card\" content=\"summary_large_image\" \/>\n\t\t<meta name=\"twitter:title\" content=\"Aftosa: productores acordaron que el precio de la vacuna ser\u00e1 de 1900 pesos - LOBO PRODUCCIONES AUDIOVISUALES\" \/>\n\t\t<meta name=\"twitter:description\" content=\"La asamblea se concret\u00f3 en la tarde de este martes en la Rural de Villaguay. Se concret\u00f3 en Villaguay la asamblea de la Fundaci\u00f3n de Lucha contra Fiebre Aftosa (Fucofa), con la participaci\u00f3n de productores agropecuarios referentes de cada uno de los departamentos entrerrianos y del \u00e1mbito provincial. Definieron aspectos administrativos y operativos de\" \/>\n\t\t<meta name=\"twitter:image\" content=\"https:\/\/loboproduccionesaudiovisuales.ar\/wp-content\/uploads\/2023\/07\/LPA-web.jpg\" \/>\n\t\t<script type=\"application\/ld+json\" class=\"aioseo-schema\">\n\t\t\t{\"@context\":\"https:\\\/\\\/schema.org\",\"@graph\":[{\"@type\":\"BlogPosting\",\"@id\":\"https:\\\/\\\/loboproduccionesaudiovisuales.ar\\\/?p=9364#blogposting\",\"name\":\"Aftosa: productores acordaron que el precio de la vacuna ser\\u00e1 de 1900 pesos - LOBO PRODUCCIONES AUDIOVISUALES\",\"headline\":\"Aftosa: productores acordaron que el precio de la vacuna ser\\u00e1 de 1900 pesos\",\"author\":{\"@id\":\"https:\\\/\\\/loboproduccionesaudiovisuales.ar\\\/?author=3#author\"},\"publisher\":{\"@id\":\"https:\\\/\\\/loboproduccionesaudiovisuales.ar\\\/#organization\"},\"image\":{\"@type\":\"ImageObject\",\"url\":\"https:\\\/\\\/loboproduccionesaudiovisuales.ar\\\/wp-content\\\/uploads\\\/2024\\\/02\\\/f_1709123354.jpeg\",\"width\":1032,\"height\":688},\"datePublished\":\"2024-02-28T16:33:56-03:00\",\"dateModified\":\"2024-02-28T16:33:56-03:00\",\"inLanguage\":\"es-AR\",\"mainEntityOfPage\":{\"@id\":\"https:\\\/\\\/loboproduccionesaudiovisuales.ar\\\/?p=9364#webpage\"},\"isPartOf\":{\"@id\":\"https:\\\/\\\/loboproduccionesaudiovisuales.ar\\\/?p=9364#webpage\"},\"articleSection\":\"ACTUALIDAD, AGRO, Blog, ENTRE RIOS, aftosa\"},{\"@type\":\"BreadcrumbList\",\"@id\":\"https:\\\/\\\/loboproduccionesaudiovisuales.ar\\\/?p=9364#breadcrumblist\",\"itemListElement\":[{\"@type\":\"ListItem\",\"@id\":\"https:\\\/\\\/loboproduccionesaudiovisuales.ar#listItem\",\"position\":1,\"name\":\"Home\",\"item\":\"https:\\\/\\\/loboproduccionesaudiovisuales.ar\",\"nextItem\":{\"@type\":\"ListItem\",\"@id\":\"https:\\\/\\\/loboproduccionesaudiovisuales.ar\\\/?cat=1#listItem\",\"name\":\"Blog\"}},{\"@type\":\"ListItem\",\"@id\":\"https:\\\/\\\/loboproduccionesaudiovisuales.ar\\\/?cat=1#listItem\",\"position\":2,\"name\":\"Blog\",\"item\":\"https:\\\/\\\/loboproduccionesaudiovisuales.ar\\\/?cat=1\",\"nextItem\":{\"@type\":\"ListItem\",\"@id\":\"https:\\\/\\\/loboproduccionesaudiovisuales.ar\\\/?p=9364#listItem\",\"name\":\"Aftosa: productores acordaron que el precio de la vacuna ser\\u00e1 de 1900 pesos\"},\"previousItem\":{\"@type\":\"ListItem\",\"@id\":\"https:\\\/\\\/loboproduccionesaudiovisuales.ar#listItem\",\"name\":\"Home\"}},{\"@type\":\"ListItem\",\"@id\":\"https:\\\/\\\/loboproduccionesaudiovisuales.ar\\\/?p=9364#listItem\",\"position\":3,\"name\":\"Aftosa: productores acordaron que el precio de la vacuna ser\\u00e1 de 1900 pesos\",\"previousItem\":{\"@type\":\"ListItem\",\"@id\":\"https:\\\/\\\/loboproduccionesaudiovisuales.ar\\\/?cat=1#listItem\",\"name\":\"Blog\"}}]},{\"@type\":\"Organization\",\"@id\":\"https:\\\/\\\/loboproduccionesaudiovisuales.ar\\\/#organization\",\"name\":\"loboproduccionesaudiovisuales.ar\",\"description\":\"Sitio digital de noticias agroindustriales\",\"url\":\"https:\\\/\\\/loboproduccionesaudiovisuales.ar\\\/\",\"logo\":{\"@type\":\"ImageObject\",\"url\":\"https:\\\/\\\/loboproduccionesaudiovisuales.ar\\\/wp-content\\\/uploads\\\/2023\\\/07\\\/LPA-web.jpg\",\"@id\":\"https:\\\/\\\/loboproduccionesaudiovisuales.ar\\\/?p=9364\\\/#organizationLogo\",\"width\":500,\"height\":144},\"image\":{\"@id\":\"https:\\\/\\\/loboproduccionesaudiovisuales.ar\\\/?p=9364\\\/#organizationLogo\"}},{\"@type\":\"Person\",\"@id\":\"https:\\\/\\\/loboproduccionesaudiovisuales.ar\\\/?author=3#author\",\"url\":\"https:\\\/\\\/loboproduccionesaudiovisuales.ar\\\/?author=3\",\"name\":\"Gustavo Werner\",\"image\":{\"@type\":\"ImageObject\",\"@id\":\"https:\\\/\\\/loboproduccionesaudiovisuales.ar\\\/?p=9364#authorImage\",\"url\":\"https:\\\/\\\/secure.gravatar.com\\\/avatar\\\/e04239ede7d02b80503013ac1fa61f308bbe3566e5a70df5bbef7c3725a0dcae?s=96&d=mm&r=g\",\"width\":96,\"height\":96,\"caption\":\"Gustavo Werner\"}},{\"@type\":\"WebPage\",\"@id\":\"https:\\\/\\\/loboproduccionesaudiovisuales.ar\\\/?p=9364#webpage\",\"url\":\"https:\\\/\\\/loboproduccionesaudiovisuales.ar\\\/?p=9364\",\"name\":\"Aftosa: productores acordaron que el precio de la vacuna ser\\u00e1 de 1900 pesos - LOBO PRODUCCIONES AUDIOVISUALES\",\"description\":\"La asamblea se concret\\u00f3 en la tarde de este martes en la Rural de Villaguay. Se concret\\u00f3 en Villaguay la asamblea de la Fundaci\\u00f3n de Lucha contra Fiebre Aftosa (Fucofa), con la participaci\\u00f3n de productores agropecuarios referentes de cada uno de los departamentos entrerrianos y del \\u00e1mbito provincial. Definieron aspectos administrativos y operativos de\",\"inLanguage\":\"es-AR\",\"isPartOf\":{\"@id\":\"https:\\\/\\\/loboproduccionesaudiovisuales.ar\\\/#website\"},\"breadcrumb\":{\"@id\":\"https:\\\/\\\/loboproduccionesaudiovisuales.ar\\\/?p=9364#breadcrumblist\"},\"author\":{\"@id\":\"https:\\\/\\\/loboproduccionesaudiovisuales.ar\\\/?author=3#author\"},\"creator\":{\"@id\":\"https:\\\/\\\/loboproduccionesaudiovisuales.ar\\\/?author=3#author\"},\"image\":{\"@type\":\"ImageObject\",\"url\":\"https:\\\/\\\/loboproduccionesaudiovisuales.ar\\\/wp-content\\\/uploads\\\/2024\\\/02\\\/f_1709123354.jpeg\",\"@id\":\"https:\\\/\\\/loboproduccionesaudiovisuales.ar\\\/?p=9364\\\/#mainImage\",\"width\":1032,\"height\":688},\"primaryImageOfPage\":{\"@id\":\"https:\\\/\\\/loboproduccionesaudiovisuales.ar\\\/?p=9364#mainImage\"},\"datePublished\":\"2024-02-28T16:33:56-03:00\",\"dateModified\":\"2024-02-28T16:33:56-03:00\"},{\"@type\":\"WebSite\",\"@id\":\"https:\\\/\\\/loboproduccionesaudiovisuales.ar\\\/#website\",\"url\":\"https:\\\/\\\/loboproduccionesaudiovisuales.ar\\\/\",\"name\":\"loboproduccionesaudiovisuales.ar\",\"alternateName\":\"Lobo Producciones\",\"description\":\"Sitio digital de noticias agroindustriales\",\"inLanguage\":\"es-AR\",\"publisher\":{\"@id\":\"https:\\\/\\\/loboproduccionesaudiovisuales.ar\\\/#organization\"}}]}\n\t\t<\/script>\n\t\t<!-- All in One SEO -->\n\n","aioseo_head_json":{"title":"Aftosa: productores acordaron que el precio de la vacuna ser\u00e1 de 1900 pesos - LOBO PRODUCCIONES AUDIOVISUALES","description":"La asamblea se concret\u00f3 en la tarde de este martes en la Rural de Villaguay. Se concret\u00f3 en Villaguay la asamblea de la Fundaci\u00f3n de Lucha contra Fiebre Aftosa (Fucofa), con la participaci\u00f3n de productores agropecuarios referentes de cada uno de los departamentos entrerrianos y del \u00e1mbito provincial. Definieron aspectos administrativos y operativos de","canonical_url":"https:\/\/loboproduccionesaudiovisuales.ar\/?p=9364","robots":"max-image-preview:large","keywords":"","webmasterTools":{"miscellaneous":""},"schema":{"@context":"https:\/\/schema.org","@graph":[{"@type":"BlogPosting","@id":"https:\/\/loboproduccionesaudiovisuales.ar\/?p=9364#blogposting","name":"Aftosa: productores acordaron que el precio de la vacuna ser\u00e1 de 1900 pesos - LOBO PRODUCCIONES AUDIOVISUALES","headline":"Aftosa: productores acordaron que el precio de la vacuna ser\u00e1 de 1900 pesos","author":{"@id":"https:\/\/loboproduccionesaudiovisuales.ar\/?author=3#author"},"publisher":{"@id":"https:\/\/loboproduccionesaudiovisuales.ar\/#organization"},"image":{"@type":"ImageObject","url":"https:\/\/loboproduccionesaudiovisuales.ar\/wp-content\/uploads\/2024\/02\/f_1709123354.jpeg","width":1032,"height":688},"datePublished":"2024-02-28T16:33:56-03:00","dateModified":"2024-02-28T16:33:56-03:00","inLanguage":"es-AR","mainEntityOfPage":{"@id":"https:\/\/loboproduccionesaudiovisuales.ar\/?p=9364#webpage"},"isPartOf":{"@id":"https:\/\/loboproduccionesaudiovisuales.ar\/?p=9364#webpage"},"articleSection":"ACTUALIDAD, AGRO, Blog, ENTRE RIOS, aftosa"},{"@type":"BreadcrumbList","@id":"https:\/\/loboproduccionesaudiovisuales.ar\/?p=9364#breadcrumblist","itemListElement":[{"@type":"ListItem","@id":"https:\/\/loboproduccionesaudiovisuales.ar#listItem","position":1,"name":"Home","item":"https:\/\/loboproduccionesaudiovisuales.ar","nextItem":{"@type":"ListItem","@id":"https:\/\/loboproduccionesaudiovisuales.ar\/?cat=1#listItem","name":"Blog"}},{"@type":"ListItem","@id":"https:\/\/loboproduccionesaudiovisuales.ar\/?cat=1#listItem","position":2,"name":"Blog","item":"https:\/\/loboproduccionesaudiovisuales.ar\/?cat=1","nextItem":{"@type":"ListItem","@id":"https:\/\/loboproduccionesaudiovisuales.ar\/?p=9364#listItem","name":"Aftosa: productores acordaron que el precio de la vacuna ser\u00e1 de 1900 pesos"},"previousItem":{"@type":"ListItem","@id":"https:\/\/loboproduccionesaudiovisuales.ar#listItem","name":"Home"}},{"@type":"ListItem","@id":"https:\/\/loboproduccionesaudiovisuales.ar\/?p=9364#listItem","position":3,"name":"Aftosa: productores acordaron que el precio de la vacuna ser\u00e1 de 1900 pesos","previousItem":{"@type":"ListItem","@id":"https:\/\/loboproduccionesaudiovisuales.ar\/?cat=1#listItem","name":"Blog"}}]},{"@type":"Organization","@id":"https:\/\/loboproduccionesaudiovisuales.ar\/#organization","name":"loboproduccionesaudiovisuales.ar","description":"Sitio digital de noticias agroindustriales","url":"https:\/\/loboproduccionesaudiovisuales.ar\/","logo":{"@type":"ImageObject","url":"https:\/\/loboproduccionesaudiovisuales.ar\/wp-content\/uploads\/2023\/07\/LPA-web.jpg","@id":"https:\/\/loboproduccionesaudiovisuales.ar\/?p=9364\/#organizationLogo","width":500,"height":144},"image":{"@id":"https:\/\/loboproduccionesaudiovisuales.ar\/?p=9364\/#organizationLogo"}},{"@type":"Person","@id":"https:\/\/loboproduccionesaudiovisuales.ar\/?author=3#author","url":"https:\/\/loboproduccionesaudiovisuales.ar\/?author=3","name":"Gustavo Werner","image":{"@type":"ImageObject","@id":"https:\/\/loboproduccionesaudiovisuales.ar\/?p=9364#authorImage","url":"https:\/\/secure.gravatar.com\/avatar\/e04239ede7d02b80503013ac1fa61f308bbe3566e5a70df5bbef7c3725a0dcae?s=96&d=mm&r=g","width":96,"height":96,"caption":"Gustavo Werner"}},{"@type":"WebPage","@id":"https:\/\/loboproduccionesaudiovisuales.ar\/?p=9364#webpage","url":"https:\/\/loboproduccionesaudiovisuales.ar\/?p=9364","name":"Aftosa: productores acordaron que el precio de la vacuna ser\u00e1 de 1900 pesos - LOBO PRODUCCIONES AUDIOVISUALES","description":"La asamblea se concret\u00f3 en la tarde de este martes en la Rural de Villaguay. Se concret\u00f3 en Villaguay la asamblea de la Fundaci\u00f3n de Lucha contra Fiebre Aftosa (Fucofa), con la participaci\u00f3n de productores agropecuarios referentes de cada uno de los departamentos entrerrianos y del \u00e1mbito provincial. Definieron aspectos administrativos y operativos de","inLanguage":"es-AR","isPartOf":{"@id":"https:\/\/loboproduccionesaudiovisuales.ar\/#website"},"breadcrumb":{"@id":"https:\/\/loboproduccionesaudiovisuales.ar\/?p=9364#breadcrumblist"},"author":{"@id":"https:\/\/loboproduccionesaudiovisuales.ar\/?author=3#author"},"creator":{"@id":"https:\/\/loboproduccionesaudiovisuales.ar\/?author=3#author"},"image":{"@type":"ImageObject","url":"https:\/\/loboproduccionesaudiovisuales.ar\/wp-content\/uploads\/2024\/02\/f_1709123354.jpeg","@id":"https:\/\/loboproduccionesaudiovisuales.ar\/?p=9364\/#mainImage","width":1032,"height":688},"primaryImageOfPage":{"@id":"https:\/\/loboproduccionesaudiovisuales.ar\/?p=9364#mainImage"},"datePublished":"2024-02-28T16:33:56-03:00","dateModified":"2024-02-28T16:33:56-03:00"},{"@type":"WebSite","@id":"https:\/\/loboproduccionesaudiovisuales.ar\/#website","url":"https:\/\/loboproduccionesaudiovisuales.ar\/","name":"loboproduccionesaudiovisuales.ar","alternateName":"Lobo Producciones","description":"Sitio digital de noticias agroindustriales","inLanguage":"es-AR","publisher":{"@id":"https:\/\/loboproduccionesaudiovisuales.ar\/#organization"}}]},"og:locale":"es_ES","og:site_name":"LOBO PRODUCCIONES AUDIOVISUALES - Sitio digital de noticias agroindustriales","og:type":"article","og:title":"Aftosa: productores acordaron que el precio de la vacuna ser\u00e1 de 1900 pesos - LOBO PRODUCCIONES AUDIOVISUALES","og:description":"La asamblea se concret\u00f3 en la tarde de este martes en la Rural de Villaguay. Se concret\u00f3 en Villaguay la asamblea de la Fundaci\u00f3n de Lucha contra Fiebre Aftosa (Fucofa), con la participaci\u00f3n de productores agropecuarios referentes de cada uno de los departamentos entrerrianos y del \u00e1mbito provincial. Definieron aspectos administrativos y operativos de","og:url":"https:\/\/loboproduccionesaudiovisuales.ar\/?p=9364","og:image":"https:\/\/loboproduccionesaudiovisuales.ar\/wp-content\/uploads\/2023\/07\/LPA-web.jpg","og:image:secure_url":"https:\/\/loboproduccionesaudiovisuales.ar\/wp-content\/uploads\/2023\/07\/LPA-web.jpg","article:published_time":"2024-02-28T19:33:56+00:00","article:modified_time":"2024-02-28T19:33:56+00:00","twitter:card":"summary_large_image","twitter:title":"Aftosa: productores acordaron que el precio de la vacuna ser\u00e1 de 1900 pesos - LOBO PRODUCCIONES AUDIOVISUALES","twitter:description":"La asamblea se concret\u00f3 en la tarde de este martes en la Rural de Villaguay. Se concret\u00f3 en Villaguay la asamblea de la Fundaci\u00f3n de Lucha contra Fiebre Aftosa (Fucofa), con la participaci\u00f3n de productores agropecuarios referentes de cada uno de los departamentos entrerrianos y del \u00e1mbito provincial. Definieron aspectos administrativos y operativos de","twitter:image":"https:\/\/loboproduccionesaudiovisuales.ar\/wp-content\/uploads\/2023\/07\/LPA-web.jpg"},"aioseo_meta_data":{"post_id":"9364","title":null,"description":null,"keywords":[],"keyphrases":{"focus":{"keyphrase":"","score":0,"analysis":{"keyphraseInTitle":{"score":0,"maxScore":9,"error":1}}},"additional":[]},"primary_term":null,"canonical_url":null,"og_title":null,"og_description":null,"og_object_type":"default","og_image_type":"default","og_image_url":null,"og_image_width":null,"og_image_height":null,"og_image_custom_url":null,"og_image_custom_fields":null,"og_video":"","og_custom_url":null,"og_article_section":null,"og_article_tags":[],"twitter_use_og":false,"twitter_card":"default","twitter_image_type":"default","twitter_image_url":null,"twitter_image_custom_url":null,"twitter_image_custom_fields":null,"twitter_title":null,"twitter_description":null,"schema":{"blockGraphs":[],"customGraphs":[],"default":{"data":{"Article":[],"Course":[],"Dataset":[],"FAQPage":[],"Movie":[],"Person":[],"Product":[],"ProductReview":[],"Car":[],"Recipe":[],"Service":[],"SoftwareApplication":[],"WebPage":[]},"graphName":"BlogPosting","isEnabled":true},"graphs":[]},"schema_type":"default","schema_type_options":null,"pillar_content":false,"robots_default":true,"robots_noindex":false,"robots_noarchive":false,"robots_nosnippet":false,"robots_nofollow":false,"robots_noimageindex":false,"robots_noodp":false,"robots_notranslate":false,"robots_max_snippet":"-1","robots_max_videopreview":"-1","robots_max_imagepreview":"large","priority":null,"frequency":"default","local_seo":null,"breadcrumb_settings":null,"limit_modified_date":false,"ai":null,"created":"2024-02-28 19:33:56","updated":"2025-06-04 23:00:42","seo_analyzer_scan_date":null,"focus_keyword":null,"additional_keywords":null,"truseo_locale":null},"aioseo_breadcrumb":"<div class=\"aioseo-breadcrumbs\"><span class=\"aioseo-breadcrumb\">\n\t\t\t<a href=\"https:\/\/loboproduccionesaudiovisuales.ar\" title=\"Home\">Home<\/a>\n\t\t<\/span><span class=\"aioseo-breadcrumb-separator\">&raquo;<\/span><span class=\"aioseo-breadcrumb\">\n\t\t\t<a href=\"https:\/\/loboproduccionesaudiovisuales.ar\/?cat=1\" title=\"Blog\">Blog<\/a>\n\t\t<\/span><span class=\"aioseo-breadcrumb-separator\">&raquo;<\/span><span class=\"aioseo-breadcrumb\">\n\t\t\tAftosa: productores acordaron que el precio de la vacuna ser\u00e1 de 1900 pesos\n\t\t<\/span><\/div>","aioseo_breadcrumb_json":[{"label":"Home","link":"https:\/\/loboproduccionesaudiovisuales.ar"},{"label":"Blog","link":"https:\/\/loboproduccionesaudiovisuales.ar\/?cat=1"},{"label":"Aftosa: productores acordaron que el precio de la vacuna ser\u00e1 de 1900 pesos","link":"https:\/\/loboproduccionesaudiovisuales.ar\/?p=9364"}],"_links":{"self":[{"href":"https:\/\/loboproduccionesaudiovisuales.ar\/index.php?rest_route=\/wp\/v2\/posts\/9364","targetHints":{"allow":["GET"]}}],"collection":[{"href":"https:\/\/loboproduccionesaudiovisuales.ar\/index.php?rest_route=\/wp\/v2\/posts"}],"about":[{"href":"https:\/\/loboproduccionesaudiovisuales.ar\/index.php?rest_route=\/wp\/v2\/types\/post"}],"author":[{"embeddable":true,"href":"https:\/\/loboproduccionesaudiovisuales.ar\/index.php?rest_route=\/wp\/v2\/users\/3"}],"replies":[{"embeddable":true,"href":"https:\/\/loboproduccionesaudiovisuales.ar\/index.php?rest_route=%2Fwp%2Fv2%2Fcomments&post=9364"}],"version-history":[{"count":1,"href":"https:\/\/loboproduccionesaudiovisuales.ar\/index.php?rest_route=\/wp\/v2\/posts\/9364\/revisions"}],"predecessor-version":[{"id":9380,"href":"https:\/\/loboproduccionesaudiovisuales.ar\/index.php?rest_route=\/wp\/v2\/posts\/9364\/revisions\/9380"}],"wp:featuredmedia":[{"embeddable":true,"href":"https:\/\/loboproduccionesaudiovisuales.ar\/index.php?rest_route=\/wp\/v2\/media\/9379"}],"wp:attachment":[{"href":"https:\/\/loboproduccionesaudiovisuales.ar\/index.php?rest_route=%2Fwp%2Fv2%2Fmedia&parent=9364"}],"wp:term":[{"taxonomy":"category","embeddable":true,"href":"https:\/\/loboproduccionesaudiovisuales.ar\/index.php?rest_route=%2Fwp%2Fv2%2Fcategories&post=9364"},{"taxonomy":"post_tag","embeddable":true,"href":"https:\/\/loboproduccionesaudiovisuales.ar\/index.php?rest_route=%2Fwp%2Fv2%2Ftags&post=9364"}],"curies":[{"name":"wp","href":"https:\/\/api.w.org\/{rel}","templated":true}]}}