{"id":8907,"date":"2024-02-19T10:42:54","date_gmt":"2024-02-19T13:42:54","guid":{"rendered":"https:\/\/loboproduccionesaudiovisuales.ar\/?p=8907"},"modified":"2024-02-19T11:48:36","modified_gmt":"2024-02-19T14:48:36","slug":"el-combo-10-amboe-y-otros-25-grupos-seran-parte-de-la-edicion-2024-de-ramirez-festeja","status":"publish","type":"post","link":"https:\/\/loboproduccionesaudiovisuales.ar\/?p=8907","title":{"rendered":"El Combo 10, Ambo\u00e9 y otros 25 grupos ser\u00e1n parte de la edici\u00f3n 2024 de Ram\u00edrez Festeja"},"content":{"rendered":"<p><strong>Innovadora propuesta con casi treinta grupos sobre el escenario durante dos d\u00edas. <\/strong><\/p>\n<p>&nbsp;<\/p>\n<p>Desde el Municipio de General Ram\u00edrez dieron a conocer los grupos centrales que estar\u00e1n sobre el escenario los d\u00edas 9 y 10 de marzo, en los que se desarrollar\u00e1 la edici\u00f3n 2024 de Ram\u00edrez Festeja.<\/p>\n<p>Todo se realizar\u00e1 en el Parque de la Democracia y Parque Evita con entrada libre y gratuita, como parte de la celebraci\u00f3n del 136\u00ba aniversario de la ciudad.<\/p>\n<p>Como cada a\u00f1o, habr\u00e1 diversas propuestas culturales, musicales, gastron\u00f3micas y de emprendedurismo.<\/p>\n<p>En las \u00faltimas horas se dio a conocer que este 9 y 10 de marzo estar\u00e1n sobre el escenario El Combo 10 y Ambo\u00e9, adem\u00e1s de la presencia de m\u00e1s de 25 grupos locales y de la regi\u00f3n.<\/p>\n<p>&nbsp;<\/p>\n<p><strong>El Combo 10<\/strong><\/p>\n<p>Los fan\u00e1ticos de la cumbia santafesina podr\u00e1n disfrutar de El Combo 10, grupo de cumbia fusi\u00f3n y m\u00fasica tropical, originaria de esa provincia precisamente y famosos por canciones como \u201cCantinero\u201d, \u201cDime Donde y Cuando\u201d y \u201cFuego\u201d, entre otras.<\/p>\n<p>Con una espectacular trayectoria, recorren escenarios de todo el pa\u00eds desde su nacimiento, el 5 de mayo de 2010, estando conformado inicialmente por Carlos Gonzales y Tito Mart\u00ednez.<\/p>\n<p>Para sus integrantes era un sue\u00f1o que ten\u00edan desde hace mucho tiempo y lo pudieron lograr con mucho esfuerzo y constancia.<\/p>\n<p>Se divierten mucho en sus presentaciones en vivo y disfrutan con el p\u00fablico, irradiando una gran energ\u00eda en cada presentaci\u00f3n. Se destacan sus presentaciones en vivo con percusi\u00f3n de instrumentos como bater\u00eda, acorde\u00f3n, guitarra ac\u00fastica, y una constante animaci\u00f3n con el p\u00fablico por varios de sus integrantes.<\/p>\n<p>El tercer \u00e1lbum de estudio llev\u00f3 por nombre \u201cLa Fuerza Musical!\u201d y fue el disco que logr\u00f3 expandir al grupo a nuevas provincias dentro de la rep\u00fablica Argentina, comenzando un sinf\u00edn de presentaciones y giras por todo el territorio argentino.<\/p>\n<p>&nbsp;<\/p>\n<p><strong>Ambo\u00e9<\/strong><\/p>\n<p>Ambo\u00e9 naci\u00f3 en Goya, Corrientes, en marzo de 1995. Su denominaci\u00f3n es una palabra guaran\u00ed que significa \u201clos que ense\u00f1an o muestran\u201d, y define adecuadamente la propuesta renovadora de estos m\u00fasicos y cantantes. Fundada por Mariano Maciel (guitarra) y Rogelio Chiappe (voz y guitarra), ese mismo a\u00f1o se incorporaron Marcelo Acosta (bajo y voz) y C\u00e9sar Ort\u00edz (acorde\u00f3n).<\/p>\n<p>Desde un comienzo reflejaron la m\u00fasica del litoral argentino y la de sus diferentes expresiones culturales con un estilo propio llevando siempre al Chamam\u00e9 como bandera principal, adem\u00e1s de ritmos que son t\u00edpicos de los carnavales correntinos.<\/p>\n<p>Su primer disco, grabado en Corrientes fue La Nueva Ra\u00edz, fue editado en 1996. En 1997 lanzaron &#8220;Sobredosis de Chamam\u00e9&#8221;, disco de Oro con 30.000 copias vendidas, lo que le ha permitido al grupo tocar en los festivales m\u00e1s importantes de folklore del pa\u00eds. En enero de 1998 Ambo\u00e9 fue elegido como el Artista Consagraci\u00f3n en el Festival Nacional de Folclore de Cosqu\u00edn 1998.<\/p>\n<p>Desde entonces no paran. Con giras permanentes por el pa\u00eds y el exterior, son parte del selecto grupo que pueden formar parte, sin dudas, de las antolog\u00edas y memorias de nuestro chamam\u00e9.<\/p>\n<p>&nbsp;<\/p>\n<p><strong>La previa<\/strong><\/p>\n<p>Se realiz\u00f3 previamente, este s\u00e1bado 17 de febrero desde las 21.00, el Concurso Pre Bandas y una exposici\u00f3n de autos antiguos en el Parque Evita. Buscando su chance mostraron su repertorio Discovers, La 723, Made in China, Aisberg, VER.DI.AL, Maquinar, La Tercera Fase del Plan, Armin Lukiewiez Pereda, Sof\u00eda Saya, Charly Gonz\u00e1lez y Ayrton Exequiel Bugoni &amp; The Dylers. El premio para la banda ganadora es un contrato de $150.000 para actuar en el escenario principal en marzo. Adem\u00e1s junto a Citroneros De Entre R\u00edos se comparti\u00f3 una noche de capotas abiertas con una exposici\u00f3n y caravana de autos antiguos.<\/p>\n","protected":false},"excerpt":{"rendered":"<p>Innovadora propuesta con casi treinta grupos sobre el escenario durante dos d\u00edas. &nbsp; Desde el Municipio de General Ram\u00edrez dieron&hellip;<\/p>\n","protected":false},"author":3,"featured_media":8908,"comment_status":"open","ping_status":"open","sticky":false,"template":"","format":"standard","meta":{"footnotes":""},"categories":[5,1,128,198,167],"tags":[199],"class_list":["post-8907","post","type-post","status-publish","format-standard","has-post-thumbnail","hentry","category-actualidad","category-blog","category-entre-rios","category-exposiciones","category-turismo","tag-ramirez-festeja"],"aioseo_notices":[],"_links":{"self":[{"href":"https:\/\/loboproduccionesaudiovisuales.ar\/index.php?rest_route=\/wp\/v2\/posts\/8907","targetHints":{"allow":["GET"]}}],"collection":[{"href":"https:\/\/loboproduccionesaudiovisuales.ar\/index.php?rest_route=\/wp\/v2\/posts"}],"about":[{"href":"https:\/\/loboproduccionesaudiovisuales.ar\/index.php?rest_route=\/wp\/v2\/types\/post"}],"author":[{"embeddable":true,"href":"https:\/\/loboproduccionesaudiovisuales.ar\/index.php?rest_route=\/wp\/v2\/users\/3"}],"replies":[{"embeddable":true,"href":"https:\/\/loboproduccionesaudiovisuales.ar\/index.php?rest_route=%2Fwp%2Fv2%2Fcomments&post=8907"}],"version-history":[{"count":1,"href":"https:\/\/loboproduccionesaudiovisuales.ar\/index.php?rest_route=\/wp\/v2\/posts\/8907\/revisions"}],"predecessor-version":[{"id":8909,"href":"https:\/\/loboproduccionesaudiovisuales.ar\/index.php?rest_route=\/wp\/v2\/posts\/8907\/revisions\/8909"}],"wp:featuredmedia":[{"embeddable":true,"href":"https:\/\/loboproduccionesaudiovisuales.ar\/index.php?rest_route=\/wp\/v2\/media\/8908"}],"wp:attachment":[{"href":"https:\/\/loboproduccionesaudiovisuales.ar\/index.php?rest_route=%2Fwp%2Fv2%2Fmedia&parent=8907"}],"wp:term":[{"taxonomy":"category","embeddable":true,"href":"https:\/\/loboproduccionesaudiovisuales.ar\/index.php?rest_route=%2Fwp%2Fv2%2Fcategories&post=8907"},{"taxonomy":"post_tag","embeddable":true,"href":"https:\/\/loboproduccionesaudiovisuales.ar\/index.php?rest_route=%2Fwp%2Fv2%2Ftags&post=8907"}],"curies":[{"name":"wp","href":"https:\/\/api.w.org\/{rel}","templated":true}]}}