{"id":8845,"date":"2024-02-16T09:45:31","date_gmt":"2024-02-16T12:45:31","guid":{"rendered":"https:\/\/loboproduccionesaudiovisuales.ar\/?p=8845"},"modified":"2024-02-16T09:47:00","modified_gmt":"2024-02-16T12:47:00","slug":"n%f0%9d%90%ae%f0%9d%90%9e%f0%9d%90%af%f0%9d%90%a8-%f0%9d%90%9a%f0%9d%90%9c%f0%9d%90%ae%f0%9d%90%9e%f0%9d%90%ab%f0%9d%90%9d%f0%9d%90%a8-%f0%9d%90%a9%f0%9d%90%9a%f0%9d%90%ab%f0%9d%90%a2%f0%9d%90%ad","status":"publish","type":"post","link":"https:\/\/loboproduccionesaudiovisuales.ar\/?p=8845","title":{"rendered":"Acuerdo paritario para trabajadores de la carne"},"content":{"rendered":"<div class=\"xdj266r x11i5rnm xat24cr x1mh8g0r x1vvkbs x126k92a\">\n<div dir=\"auto\">\ud835\udc0b\ud835\udc1a \ud835\udc05\ud835\udc1e\ud835\udc1d\ud835\udc1e\ud835\udc2b\ud835\udc1a\ud835\udc1c\ud835\udc22\ud835\udc28\u0301\ud835\udc27 \ud835\udc1d\ud835\udc1e \ud835\udc25\ud835\udc1a \ud835\udc02\ud835\udc1a\ud835\udc2b\ud835\udc27\ud835\udc1e \ud835\udc1f\ud835\udc22\ud835\udc2b\ud835\udc26\ud835\udc28\u0301 \ud835\udc1e\ud835\udc25 \ud835\udc27\ud835\udc2e\ud835\udc1e\ud835\udc2f\ud835\udc28 \ud835\udc1a\ud835\udc1c\ud835\udc2e\ud835\udc1e\ud835\udc2b\ud835\udc1d\ud835\udc28 \ud835\udc29\ud835\udc1a\ud835\udc2b\ud835\udc22\ud835\udc2d\ud835\udc1a\ud835\udc2b\ud835\udc22\ud835\udc28 \ud835\udc29\ud835\udc1a\ud835\udc2b\ud835\udc1a \ud835\udc1e\ud835\udc25 \ud835\udc02\ud835\udc28\ud835\udc27\ud835\udc2f\ud835\udc1e\ud835\udc27\ud835\udc22\ud835\udc28 \ud835\udc02\ud835\udc28\ud835\udc25\ud835\udc1e\ud835\udc1c\ud835\udc2d\ud835\udc22\ud835\udc2f\ud835\udc28 \ud835\udc1d\ud835\udc1e \ud835\udc13\ud835\udc2b\ud835\udc1a\ud835\udc1b\ud835\udc1a\ud835\udc23\ud835\udc28 \ud835\udc0d\u00ba \ud835\udfd3\ud835\udfd4\/\ud835\udfd5\ud835\udfd3 \ud835\udc29\ud835\udc1a\ud835\udc2b\ud835\udc1a \ud835\udc25\ud835\udc1a \ud835\udc08\ud835\udc27\ud835\udc1d\ud835\udc2e\ud835\udc2c\ud835\udc2d\ud835\udc2b\ud835\udc22\ud835\udc1a \ud835\udc1d\ud835\udc1e \ud835\udc25\ud835\udc1a \ud835\udc02\ud835\udc1a\ud835\udc2b\ud835\udc27\ud835\udc1e.<\/div>\n<\/div>\n<div dir=\"auto\"><\/div>\n<div dir=\"auto\"><\/div>\n<div class=\"x11i5rnm xat24cr x1mh8g0r x1vvkbs xtlvy1s x126k92a\">\n<div dir=\"auto\">El Sindicato de la Carne Filial Diamante-Crespo confirm\u00f3 que la Federaci\u00f3n Gremial del Personal de la Industria de la Carne y sus Derivados firm\u00f3 el nuevo acuerdo paritario en el Convenio Colectivo de Trabajo N\u00ba 56\/75 para la Industria de la Carne.<\/div>\n<div dir=\"auto\"><\/div>\n<div dir=\"auto\">As\u00ed, acordaron una recomposici\u00f3n salarial del 190% a partir de febrero y 230% desde marzo, ambas calculadas al tercer mes del 2023. Se reunir\u00e1n las partes nuevamente durante el mes de marzo.<\/div>\n<div dir=\"auto\"><\/div>\n<\/div>\n<div class=\"x11i5rnm xat24cr x1mh8g0r x1vvkbs xtlvy1s x126k92a\">\n<div dir=\"auto\">Adem\u00e1s, se estableci\u00f3 una Asignaci\u00f3n No Remunerativa de $150.000 por Recomposici\u00f3n Salarial por el mes de enero de 2024, que se deber\u00e1 pagar con los haberes de febrero el 50% con la primer quincena y el otro 50% con la segunda.<\/div>\n<div dir=\"auto\"><\/div>\n<div dir=\"auto\">En este sentido, acordaron volver a juntarse, durante el mes de marzo, para discutir la situaci\u00f3n salarial y la forma de incorporar esta Asignaci\u00f3n como base de negociaci\u00f3n para la nueva Paritaria Salarial, que tendr\u00e1 vigencia desde abril de 2024 a marzo de 2025.<\/div>\n<\/div>\n<div class=\"x11i5rnm xat24cr x1mh8g0r x1vvkbs xtlvy1s x126k92a\">\n<div dir=\"auto\">Finalmente, a\u00f1adieron que \u201clos futuros incrementos salariales ser\u00e1n acumulativos sobre las escalas vigentes inmediatas anteriores\u201d.<\/div>\n<div dir=\"auto\"><\/div>\n<\/div>\n<div class=\"x11i5rnm xat24cr x1mh8g0r x1vvkbs xtlvy1s x126k92a\">\n<div dir=\"auto\">Cabe destacar, que el acuerdo fue firmado con la Asociaci\u00f3n de Frigor\u00edficos e Industriales de la Carne (AFIC) y Federaci\u00f3n de Industrias Frigor\u00edficas Regionales Argentina (FIFRA), la C\u00e1mara de Frigor\u00edficos de la Provincia de Santa Fe (CAFRISA), la Uni\u00f3n de la Industria C\u00e1rnica (UNICA), la C\u00e1mara de Industrias C\u00e1rnicas de Entre R\u00edos (CICER), el Consorcio de Exportadores de Carnes Argentinas (CECA) y C\u00e1mara de Frigor\u00edficos de Argentina (CAFRA).<\/div>\n<\/div>\n","protected":false},"excerpt":{"rendered":"<p>\ud835\udc0b\ud835\udc1a \ud835\udc05\ud835\udc1e\ud835\udc1d\ud835\udc1e\ud835\udc2b\ud835\udc1a\ud835\udc1c\ud835\udc22\ud835\udc28\u0301\ud835\udc27 \ud835\udc1d\ud835\udc1e \ud835\udc25\ud835\udc1a \ud835\udc02\ud835\udc1a\ud835\udc2b\ud835\udc27\ud835\udc1e \ud835\udc1f\ud835\udc22\ud835\udc2b\ud835\udc26\ud835\udc28\u0301 \ud835\udc1e\ud835\udc25 \ud835\udc27\ud835\udc2e\ud835\udc1e\ud835\udc2f\ud835\udc28 \ud835\udc1a\ud835\udc1c\ud835\udc2e\ud835\udc1e\ud835\udc2b\ud835\udc1d\ud835\udc28 \ud835\udc29\ud835\udc1a\ud835\udc2b\ud835\udc22\ud835\udc2d\ud835\udc1a\ud835\udc2b\ud835\udc22\ud835\udc28 \ud835\udc29\ud835\udc1a\ud835\udc2b\ud835\udc1a \ud835\udc1e\ud835\udc25 \ud835\udc02\ud835\udc28\ud835\udc27\ud835\udc2f\ud835\udc1e\ud835\udc27\ud835\udc22\ud835\udc28 \ud835\udc02\ud835\udc28\ud835\udc25\ud835\udc1e\ud835\udc1c\ud835\udc2d\ud835\udc22\ud835\udc2f\ud835\udc28 \ud835\udc1d\ud835\udc1e \ud835\udc13\ud835\udc2b\ud835\udc1a\ud835\udc1b\ud835\udc1a\ud835\udc23\ud835\udc28 \ud835\udc0d\u00ba \ud835\udfd3\ud835\udfd4\/\ud835\udfd5\ud835\udfd3 \ud835\udc29\ud835\udc1a\ud835\udc2b\ud835\udc1a \ud835\udc25\ud835\udc1a&hellip;<\/p>\n","protected":false},"author":3,"featured_media":8847,"comment_status":"open","ping_status":"open","sticky":false,"template":"","format":"standard","meta":{"footnotes":""},"categories":[5,1,141,168,174],"tags":[192],"class_list":["post-8845","post","type-post","status-publish","format-standard","has-post-thumbnail","hentry","category-actualidad","category-blog","category-economia","category-nacionales","category-sindicales","tag-paritarias"],"aioseo_notices":[],"_links":{"self":[{"href":"https:\/\/loboproduccionesaudiovisuales.ar\/index.php?rest_route=\/wp\/v2\/posts\/8845","targetHints":{"allow":["GET"]}}],"collection":[{"href":"https:\/\/loboproduccionesaudiovisuales.ar\/index.php?rest_route=\/wp\/v2\/posts"}],"about":[{"href":"https:\/\/loboproduccionesaudiovisuales.ar\/index.php?rest_route=\/wp\/v2\/types\/post"}],"author":[{"embeddable":true,"href":"https:\/\/loboproduccionesaudiovisuales.ar\/index.php?rest_route=\/wp\/v2\/users\/3"}],"replies":[{"embeddable":true,"href":"https:\/\/loboproduccionesaudiovisuales.ar\/index.php?rest_route=%2Fwp%2Fv2%2Fcomments&post=8845"}],"version-history":[{"count":2,"href":"https:\/\/loboproduccionesaudiovisuales.ar\/index.php?rest_route=\/wp\/v2\/posts\/8845\/revisions"}],"predecessor-version":[{"id":8850,"href":"https:\/\/loboproduccionesaudiovisuales.ar\/index.php?rest_route=\/wp\/v2\/posts\/8845\/revisions\/8850"}],"wp:featuredmedia":[{"embeddable":true,"href":"https:\/\/loboproduccionesaudiovisuales.ar\/index.php?rest_route=\/wp\/v2\/media\/8847"}],"wp:attachment":[{"href":"https:\/\/loboproduccionesaudiovisuales.ar\/index.php?rest_route=%2Fwp%2Fv2%2Fmedia&parent=8845"}],"wp:term":[{"taxonomy":"category","embeddable":true,"href":"https:\/\/loboproduccionesaudiovisuales.ar\/index.php?rest_route=%2Fwp%2Fv2%2Fcategories&post=8845"},{"taxonomy":"post_tag","embeddable":true,"href":"https:\/\/loboproduccionesaudiovisuales.ar\/index.php?rest_route=%2Fwp%2Fv2%2Ftags&post=8845"}],"curies":[{"name":"wp","href":"https:\/\/api.w.org\/{rel}","templated":true}]}}