{"id":7900,"date":"2024-01-31T09:35:22","date_gmt":"2024-01-31T12:35:22","guid":{"rendered":"https:\/\/loboproduccionesaudiovisuales.ar\/?p=7900"},"modified":"2024-01-31T09:35:22","modified_gmt":"2024-01-31T12:35:22","slug":"gobernadores-de-la-region-centro-y-la-mesa-de-enlace-contra-las-retenciones","status":"publish","type":"post","link":"https:\/\/loboproduccionesaudiovisuales.ar\/?p=7900","title":{"rendered":"Gobernadores de la Regi\u00f3n Centro y la Mesa de Enlace, contra las retenciones"},"content":{"rendered":"<p><strong>El cordob\u00e9s Mart\u00edn Llaryora, el entrerriano Rogelio Frigerio y la vice de Santa Fe, Gisela Scaglia, se reunieron con los referentes de CRA, Sociedad Rural Argentina, Coninagro y Federaci\u00f3n Agraria. Analizaron la ley \u00f3mnibus.<\/strong><\/p>\n<p><strong>\u00a0<\/strong><\/p>\n<p>Los representantes de la Mesa de Enlace de entidades agropecuarias destacaron ayer el posicionamiento que mantuvieron los tres gobernadores de la Regi\u00f3n Centro en defensa del sector, en contra de las retenciones y a favor de alentar la producci\u00f3n. Lo hicieron luego de encontrarse con el mandatario cordob\u00e9s, Mart\u00edn Llaryora; el entrerriano, Rogelio Frigerio; y la vice santafesina, Gisela Scaglia.<\/p>\n<p>&nbsp;<\/p>\n<p>Acompa\u00f1ando al presidente de CRA, Carlos Castagnani, el riocuartense y vicepresidente de esa entidad, Javier Rotondo, explic\u00f3 a Puntal que se trat\u00f3 de una reuni\u00f3n \u201cmuy interesante, en una iniciativa que surgi\u00f3 de la Mesa de Enlace nacional para interactuar con los gobiernos provinciales. En este caso se trat\u00f3 de tres provincias muy representativas por su potencia productiva como C\u00f3rdoba, Santa Fe y Entre R\u00edos\u201d.<\/p>\n<p>&nbsp;<\/p>\n<p>El dirigente agropecuario destac\u00f3: \u201cSe abord\u00f3 una agenda muy importante en la que pudimos ver una posici\u00f3n muy firme de los tres gobiernos que lo hab\u00edan mostrado en el trabajo que hicieron con los legisladores para cuestionar el apartado de retenciones dentro del cap\u00edtulo fiscal\u201d, remarc\u00f3 Rotondo.<\/p>\n<p>&nbsp;<\/p>\n<p>El vice de CRA indic\u00f3 adem\u00e1s que \u201chubo coincidencias en el repudio a los derechos de exportaci\u00f3n y una intenci\u00f3n clara de trabajar para disminuir este mal impuesto que es la forma m\u00e1s da\u00f1ina que tienen estas provincias de transferir recursos\u201d.<\/p>\n<p>&nbsp;<\/p>\n<p>Por otra parte, Rotondo admiti\u00f3 que \u201cen C\u00f3rdoba estamos m\u00e1s acostumbrados a escuchar este tipo de posicionamiento de parte del gobierno provincial, porque tenemos una continuidad en ese sentido\u201d.<\/p>\n<p>&nbsp;<\/p>\n<p>Por otra parte, tambi\u00e9n plantearon su rechazo a la adhesi\u00f3n al UPOV-91 sobre la protecci\u00f3n de derechos intelectuales en semillas, la necesidad de discutir una reforma laboral y la necesidad de derogar la normativa del Banco Central de penalizar con mayores tasas a los productores que guarden 5% o m\u00e1s de su producci\u00f3n de soja.<\/p>\n<p>&nbsp;<\/p>\n<p>\u201cEs una nefasta resoluci\u00f3n que fue prorrogada por el actual Gobierno y que establece que aquel productor que tenga ese volumen de soja en el campo es penalizado a la hora de buscar financiamiento. Es totalmente regresivo\u201d, dijo Rotondo.<\/p>\n<p>&nbsp;<\/p>\n<p>Por otra parte, Rotondo apunt\u00f3: \u201cQuedamos con una agenda abierta entre los tres gobernadores y la Mesa de Enlace porque coincidimos mucho en la visi\u00f3n de pa\u00eds que queremos\u201d.<\/p>\n<p><strong>\u00a0<\/strong><\/p>\n<p><strong>\u00bfEl cap\u00edtulo retenciones est\u00e1 terminado, pueden bajar la guardia o temen alguna sorpresa?<\/strong><\/p>\n<p>La verdad es que no es momento de bajar la guardia porque no hemos obtenido ning\u00fan beneficio. S\u00f3lo logramos hacer entender que aumentar la presi\u00f3n fiscal iba a ser peor a\u00fan. Pero, mientras tanto, seguimos con al\u00edcuotas muy elevadas que hay que tender a eliminar porque insistimos en que las retenciones son nefastas. Pero, adem\u00e1s, no estamos seguros de lo que puede pasar porque el Gobierno dijo que retiraba el cap\u00edtulo fiscal de la ley \u00f3mnibus, con las retenciones adentro, pero eso tiene dictamen de comisi\u00f3n. Lo sabremos a partir de que inicie el debate en el recinto. Pero los tres gobernadores nos adelantaron que impulsar\u00e1n el debate punto por punto. Por eso mantenemos la guardia alta y reclamamos la pronta eliminaci\u00f3n de los derechos de exportaci\u00f3n sobre la producci\u00f3n.<\/p>\n","protected":false},"excerpt":{"rendered":"<p>El cordob\u00e9s Mart\u00edn Llaryora, el entrerriano Rogelio Frigerio y la vice de Santa Fe, Gisela Scaglia, se reunieron con los&hellip;<\/p>\n","protected":false},"author":3,"featured_media":7901,"comment_status":"open","ping_status":"open","sticky":false,"template":"","format":"standard","meta":{"footnotes":""},"categories":[5,2,1,141,123,112],"tags":[],"class_list":["post-7900","post","type-post","status-publish","format-standard","has-post-thumbnail","hentry","category-actualidad","category-agro","category-blog","category-economia","category-economias-regionales","category-politica"],"aioseo_notices":[],"aioseo_head":"\n\t\t<!-- All in One SEO 5.0.1.1 - aioseo.com -->\n\t<meta name=\"description\" content=\"El cordob\u00e9s Mart\u00edn Llaryora, el entrerriano Rogelio Frigerio y la vice de Santa Fe, Gisela Scaglia, se reunieron con los referentes de CRA, Sociedad Rural Argentina, Coninagro y Federaci\u00f3n Agraria. Analizaron la ley \u00f3mnibus. Los representantes de la Mesa de Enlace de entidades agropecuarias destacaron ayer el posicionamiento que mantuvieron los tres gobernadores de\" \/>\n\t<meta name=\"robots\" content=\"max-image-preview:large\" \/>\n\t<meta name=\"author\" content=\"Gustavo Werner\"\/>\n\t<link rel=\"canonical\" href=\"https:\/\/loboproduccionesaudiovisuales.ar\/?p=7900\" \/>\n\t<meta name=\"generator\" content=\"All in One SEO (AIOSEO) 5.0.1.1\" \/>\n\t\t<meta property=\"og:locale\" content=\"es_ES\" \/>\n\t\t<meta property=\"og:site_name\" content=\"LOBO PRODUCCIONES AUDIOVISUALES - Sitio digital de noticias agroindustriales\" \/>\n\t\t<meta property=\"og:type\" content=\"article\" \/>\n\t\t<meta property=\"og:title\" content=\"Gobernadores de la Regi\u00f3n Centro y la Mesa de Enlace, contra las retenciones - LOBO PRODUCCIONES AUDIOVISUALES\" \/>\n\t\t<meta property=\"og:description\" content=\"El cordob\u00e9s Mart\u00edn Llaryora, el entrerriano Rogelio Frigerio y la vice de Santa Fe, Gisela Scaglia, se reunieron con los referentes de CRA, Sociedad Rural Argentina, Coninagro y Federaci\u00f3n Agraria. Analizaron la ley \u00f3mnibus. Los representantes de la Mesa de Enlace de entidades agropecuarias destacaron ayer el posicionamiento que mantuvieron los tres gobernadores de\" \/>\n\t\t<meta property=\"og:url\" content=\"https:\/\/loboproduccionesaudiovisuales.ar\/?p=7900\" \/>\n\t\t<meta property=\"og:image\" content=\"https:\/\/loboproduccionesaudiovisuales.ar\/wp-content\/uploads\/2023\/07\/LPA-web.jpg\" \/>\n\t\t<meta property=\"og:image:secure_url\" content=\"https:\/\/loboproduccionesaudiovisuales.ar\/wp-content\/uploads\/2023\/07\/LPA-web.jpg\" \/>\n\t\t<meta property=\"article:published_time\" content=\"2024-01-31T12:35:22+00:00\" \/>\n\t\t<meta property=\"article:modified_time\" content=\"2024-01-31T12:35:22+00:00\" \/>\n\t\t<meta name=\"twitter:card\" content=\"summary_large_image\" \/>\n\t\t<meta name=\"twitter:title\" content=\"Gobernadores de la Regi\u00f3n Centro y la Mesa de Enlace, contra las retenciones - LOBO PRODUCCIONES AUDIOVISUALES\" \/>\n\t\t<meta name=\"twitter:description\" content=\"El cordob\u00e9s Mart\u00edn Llaryora, el entrerriano Rogelio Frigerio y la vice de Santa Fe, Gisela Scaglia, se reunieron con los referentes de CRA, Sociedad Rural Argentina, Coninagro y Federaci\u00f3n Agraria. Analizaron la ley \u00f3mnibus. Los representantes de la Mesa de Enlace de entidades agropecuarias destacaron ayer el posicionamiento que mantuvieron los tres gobernadores de\" \/>\n\t\t<meta name=\"twitter:image\" content=\"https:\/\/loboproduccionesaudiovisuales.ar\/wp-content\/uploads\/2023\/07\/LPA-web.jpg\" \/>\n\t\t<script type=\"application\/ld+json\" class=\"aioseo-schema\">\n\t\t\t{\"@context\":\"https:\\\/\\\/schema.org\",\"@graph\":[{\"@type\":\"BlogPosting\",\"@id\":\"https:\\\/\\\/loboproduccionesaudiovisuales.ar\\\/?p=7900#blogposting\",\"name\":\"Gobernadores de la Regi\\u00f3n Centro y la Mesa de Enlace, contra las retenciones - LOBO PRODUCCIONES AUDIOVISUALES\",\"headline\":\"Gobernadores de la Regi\\u00f3n Centro y la Mesa de Enlace, contra las retenciones\",\"author\":{\"@id\":\"https:\\\/\\\/loboproduccionesaudiovisuales.ar\\\/?author=3#author\"},\"publisher\":{\"@id\":\"https:\\\/\\\/loboproduccionesaudiovisuales.ar\\\/#organization\"},\"image\":{\"@type\":\"ImageObject\",\"url\":\"https:\\\/\\\/loboproduccionesaudiovisuales.ar\\\/wp-content\\\/uploads\\\/2024\\\/01\\\/Imagen-de-WhatsApp-2024-01-30-a-las-16.55.39_df620033.jpg\",\"width\":1280,\"height\":853},\"datePublished\":\"2024-01-31T09:35:22-03:00\",\"dateModified\":\"2024-01-31T09:35:22-03:00\",\"inLanguage\":\"es-AR\",\"mainEntityOfPage\":{\"@id\":\"https:\\\/\\\/loboproduccionesaudiovisuales.ar\\\/?p=7900#webpage\"},\"isPartOf\":{\"@id\":\"https:\\\/\\\/loboproduccionesaudiovisuales.ar\\\/?p=7900#webpage\"},\"articleSection\":\"ACTUALIDAD, AGRO, Blog, ECONOMIA, ECONOMIAS REGIONALES, POL\\u00cdTICA\"},{\"@type\":\"BreadcrumbList\",\"@id\":\"https:\\\/\\\/loboproduccionesaudiovisuales.ar\\\/?p=7900#breadcrumblist\",\"itemListElement\":[{\"@type\":\"ListItem\",\"@id\":\"https:\\\/\\\/loboproduccionesaudiovisuales.ar#listItem\",\"position\":1,\"name\":\"Home\",\"item\":\"https:\\\/\\\/loboproduccionesaudiovisuales.ar\",\"nextItem\":{\"@type\":\"ListItem\",\"@id\":\"https:\\\/\\\/loboproduccionesaudiovisuales.ar\\\/?cat=1#listItem\",\"name\":\"Blog\"}},{\"@type\":\"ListItem\",\"@id\":\"https:\\\/\\\/loboproduccionesaudiovisuales.ar\\\/?cat=1#listItem\",\"position\":2,\"name\":\"Blog\",\"item\":\"https:\\\/\\\/loboproduccionesaudiovisuales.ar\\\/?cat=1\",\"nextItem\":{\"@type\":\"ListItem\",\"@id\":\"https:\\\/\\\/loboproduccionesaudiovisuales.ar\\\/?p=7900#listItem\",\"name\":\"Gobernadores de la Regi\\u00f3n Centro y la Mesa de Enlace, contra las retenciones\"},\"previousItem\":{\"@type\":\"ListItem\",\"@id\":\"https:\\\/\\\/loboproduccionesaudiovisuales.ar#listItem\",\"name\":\"Home\"}},{\"@type\":\"ListItem\",\"@id\":\"https:\\\/\\\/loboproduccionesaudiovisuales.ar\\\/?p=7900#listItem\",\"position\":3,\"name\":\"Gobernadores de la Regi\\u00f3n Centro y la Mesa de Enlace, contra las retenciones\",\"previousItem\":{\"@type\":\"ListItem\",\"@id\":\"https:\\\/\\\/loboproduccionesaudiovisuales.ar\\\/?cat=1#listItem\",\"name\":\"Blog\"}}]},{\"@type\":\"Organization\",\"@id\":\"https:\\\/\\\/loboproduccionesaudiovisuales.ar\\\/#organization\",\"name\":\"loboproduccionesaudiovisuales.ar\",\"description\":\"Sitio digital de noticias agroindustriales\",\"url\":\"https:\\\/\\\/loboproduccionesaudiovisuales.ar\\\/\",\"logo\":{\"@type\":\"ImageObject\",\"url\":\"https:\\\/\\\/loboproduccionesaudiovisuales.ar\\\/wp-content\\\/uploads\\\/2023\\\/07\\\/LPA-web.jpg\",\"@id\":\"https:\\\/\\\/loboproduccionesaudiovisuales.ar\\\/?p=7900\\\/#organizationLogo\",\"width\":500,\"height\":144},\"image\":{\"@id\":\"https:\\\/\\\/loboproduccionesaudiovisuales.ar\\\/?p=7900\\\/#organizationLogo\"}},{\"@type\":\"Person\",\"@id\":\"https:\\\/\\\/loboproduccionesaudiovisuales.ar\\\/?author=3#author\",\"url\":\"https:\\\/\\\/loboproduccionesaudiovisuales.ar\\\/?author=3\",\"name\":\"Gustavo Werner\",\"image\":{\"@type\":\"ImageObject\",\"@id\":\"https:\\\/\\\/loboproduccionesaudiovisuales.ar\\\/?p=7900#authorImage\",\"url\":\"https:\\\/\\\/secure.gravatar.com\\\/avatar\\\/e04239ede7d02b80503013ac1fa61f308bbe3566e5a70df5bbef7c3725a0dcae?s=96&d=mm&r=g\",\"width\":96,\"height\":96,\"caption\":\"Gustavo Werner\"}},{\"@type\":\"WebPage\",\"@id\":\"https:\\\/\\\/loboproduccionesaudiovisuales.ar\\\/?p=7900#webpage\",\"url\":\"https:\\\/\\\/loboproduccionesaudiovisuales.ar\\\/?p=7900\",\"name\":\"Gobernadores de la Regi\\u00f3n Centro y la Mesa de Enlace, contra las retenciones - LOBO PRODUCCIONES AUDIOVISUALES\",\"description\":\"El cordob\\u00e9s Mart\\u00edn Llaryora, el entrerriano Rogelio Frigerio y la vice de Santa Fe, Gisela Scaglia, se reunieron con los referentes de CRA, Sociedad Rural Argentina, Coninagro y Federaci\\u00f3n Agraria. Analizaron la ley \\u00f3mnibus. Los representantes de la Mesa de Enlace de entidades agropecuarias destacaron ayer el posicionamiento que mantuvieron los tres gobernadores de\",\"inLanguage\":\"es-AR\",\"isPartOf\":{\"@id\":\"https:\\\/\\\/loboproduccionesaudiovisuales.ar\\\/#website\"},\"breadcrumb\":{\"@id\":\"https:\\\/\\\/loboproduccionesaudiovisuales.ar\\\/?p=7900#breadcrumblist\"},\"author\":{\"@id\":\"https:\\\/\\\/loboproduccionesaudiovisuales.ar\\\/?author=3#author\"},\"creator\":{\"@id\":\"https:\\\/\\\/loboproduccionesaudiovisuales.ar\\\/?author=3#author\"},\"image\":{\"@type\":\"ImageObject\",\"url\":\"https:\\\/\\\/loboproduccionesaudiovisuales.ar\\\/wp-content\\\/uploads\\\/2024\\\/01\\\/Imagen-de-WhatsApp-2024-01-30-a-las-16.55.39_df620033.jpg\",\"@id\":\"https:\\\/\\\/loboproduccionesaudiovisuales.ar\\\/?p=7900\\\/#mainImage\",\"width\":1280,\"height\":853},\"primaryImageOfPage\":{\"@id\":\"https:\\\/\\\/loboproduccionesaudiovisuales.ar\\\/?p=7900#mainImage\"},\"datePublished\":\"2024-01-31T09:35:22-03:00\",\"dateModified\":\"2024-01-31T09:35:22-03:00\"},{\"@type\":\"WebSite\",\"@id\":\"https:\\\/\\\/loboproduccionesaudiovisuales.ar\\\/#website\",\"url\":\"https:\\\/\\\/loboproduccionesaudiovisuales.ar\\\/\",\"name\":\"loboproduccionesaudiovisuales.ar\",\"alternateName\":\"Lobo Producciones\",\"description\":\"Sitio digital de noticias agroindustriales\",\"inLanguage\":\"es-AR\",\"publisher\":{\"@id\":\"https:\\\/\\\/loboproduccionesaudiovisuales.ar\\\/#organization\"}}]}\n\t\t<\/script>\n\t\t<!-- All in One SEO -->\n\n","aioseo_head_json":{"title":"Gobernadores de la Regi\u00f3n Centro y la Mesa de Enlace, contra las retenciones - LOBO PRODUCCIONES AUDIOVISUALES","description":"El cordob\u00e9s Mart\u00edn Llaryora, el entrerriano Rogelio Frigerio y la vice de Santa Fe, Gisela Scaglia, se reunieron con los referentes de CRA, Sociedad Rural Argentina, Coninagro y Federaci\u00f3n Agraria. Analizaron la ley \u00f3mnibus. Los representantes de la Mesa de Enlace de entidades agropecuarias destacaron ayer el posicionamiento que mantuvieron los tres gobernadores de","canonical_url":"https:\/\/loboproduccionesaudiovisuales.ar\/?p=7900","robots":"max-image-preview:large","keywords":"","webmasterTools":{"miscellaneous":""},"schema":{"@context":"https:\/\/schema.org","@graph":[{"@type":"BlogPosting","@id":"https:\/\/loboproduccionesaudiovisuales.ar\/?p=7900#blogposting","name":"Gobernadores de la Regi\u00f3n Centro y la Mesa de Enlace, contra las retenciones - LOBO PRODUCCIONES AUDIOVISUALES","headline":"Gobernadores de la Regi\u00f3n Centro y la Mesa de Enlace, contra las retenciones","author":{"@id":"https:\/\/loboproduccionesaudiovisuales.ar\/?author=3#author"},"publisher":{"@id":"https:\/\/loboproduccionesaudiovisuales.ar\/#organization"},"image":{"@type":"ImageObject","url":"https:\/\/loboproduccionesaudiovisuales.ar\/wp-content\/uploads\/2024\/01\/Imagen-de-WhatsApp-2024-01-30-a-las-16.55.39_df620033.jpg","width":1280,"height":853},"datePublished":"2024-01-31T09:35:22-03:00","dateModified":"2024-01-31T09:35:22-03:00","inLanguage":"es-AR","mainEntityOfPage":{"@id":"https:\/\/loboproduccionesaudiovisuales.ar\/?p=7900#webpage"},"isPartOf":{"@id":"https:\/\/loboproduccionesaudiovisuales.ar\/?p=7900#webpage"},"articleSection":"ACTUALIDAD, AGRO, Blog, ECONOMIA, ECONOMIAS REGIONALES, POL\u00cdTICA"},{"@type":"BreadcrumbList","@id":"https:\/\/loboproduccionesaudiovisuales.ar\/?p=7900#breadcrumblist","itemListElement":[{"@type":"ListItem","@id":"https:\/\/loboproduccionesaudiovisuales.ar#listItem","position":1,"name":"Home","item":"https:\/\/loboproduccionesaudiovisuales.ar","nextItem":{"@type":"ListItem","@id":"https:\/\/loboproduccionesaudiovisuales.ar\/?cat=1#listItem","name":"Blog"}},{"@type":"ListItem","@id":"https:\/\/loboproduccionesaudiovisuales.ar\/?cat=1#listItem","position":2,"name":"Blog","item":"https:\/\/loboproduccionesaudiovisuales.ar\/?cat=1","nextItem":{"@type":"ListItem","@id":"https:\/\/loboproduccionesaudiovisuales.ar\/?p=7900#listItem","name":"Gobernadores de la Regi\u00f3n Centro y la Mesa de Enlace, contra las retenciones"},"previousItem":{"@type":"ListItem","@id":"https:\/\/loboproduccionesaudiovisuales.ar#listItem","name":"Home"}},{"@type":"ListItem","@id":"https:\/\/loboproduccionesaudiovisuales.ar\/?p=7900#listItem","position":3,"name":"Gobernadores de la Regi\u00f3n Centro y la Mesa de Enlace, contra las retenciones","previousItem":{"@type":"ListItem","@id":"https:\/\/loboproduccionesaudiovisuales.ar\/?cat=1#listItem","name":"Blog"}}]},{"@type":"Organization","@id":"https:\/\/loboproduccionesaudiovisuales.ar\/#organization","name":"loboproduccionesaudiovisuales.ar","description":"Sitio digital de noticias agroindustriales","url":"https:\/\/loboproduccionesaudiovisuales.ar\/","logo":{"@type":"ImageObject","url":"https:\/\/loboproduccionesaudiovisuales.ar\/wp-content\/uploads\/2023\/07\/LPA-web.jpg","@id":"https:\/\/loboproduccionesaudiovisuales.ar\/?p=7900\/#organizationLogo","width":500,"height":144},"image":{"@id":"https:\/\/loboproduccionesaudiovisuales.ar\/?p=7900\/#organizationLogo"}},{"@type":"Person","@id":"https:\/\/loboproduccionesaudiovisuales.ar\/?author=3#author","url":"https:\/\/loboproduccionesaudiovisuales.ar\/?author=3","name":"Gustavo Werner","image":{"@type":"ImageObject","@id":"https:\/\/loboproduccionesaudiovisuales.ar\/?p=7900#authorImage","url":"https:\/\/secure.gravatar.com\/avatar\/e04239ede7d02b80503013ac1fa61f308bbe3566e5a70df5bbef7c3725a0dcae?s=96&d=mm&r=g","width":96,"height":96,"caption":"Gustavo Werner"}},{"@type":"WebPage","@id":"https:\/\/loboproduccionesaudiovisuales.ar\/?p=7900#webpage","url":"https:\/\/loboproduccionesaudiovisuales.ar\/?p=7900","name":"Gobernadores de la Regi\u00f3n Centro y la Mesa de Enlace, contra las retenciones - LOBO PRODUCCIONES AUDIOVISUALES","description":"El cordob\u00e9s Mart\u00edn Llaryora, el entrerriano Rogelio Frigerio y la vice de Santa Fe, Gisela Scaglia, se reunieron con los referentes de CRA, Sociedad Rural Argentina, Coninagro y Federaci\u00f3n Agraria. Analizaron la ley \u00f3mnibus. Los representantes de la Mesa de Enlace de entidades agropecuarias destacaron ayer el posicionamiento que mantuvieron los tres gobernadores de","inLanguage":"es-AR","isPartOf":{"@id":"https:\/\/loboproduccionesaudiovisuales.ar\/#website"},"breadcrumb":{"@id":"https:\/\/loboproduccionesaudiovisuales.ar\/?p=7900#breadcrumblist"},"author":{"@id":"https:\/\/loboproduccionesaudiovisuales.ar\/?author=3#author"},"creator":{"@id":"https:\/\/loboproduccionesaudiovisuales.ar\/?author=3#author"},"image":{"@type":"ImageObject","url":"https:\/\/loboproduccionesaudiovisuales.ar\/wp-content\/uploads\/2024\/01\/Imagen-de-WhatsApp-2024-01-30-a-las-16.55.39_df620033.jpg","@id":"https:\/\/loboproduccionesaudiovisuales.ar\/?p=7900\/#mainImage","width":1280,"height":853},"primaryImageOfPage":{"@id":"https:\/\/loboproduccionesaudiovisuales.ar\/?p=7900#mainImage"},"datePublished":"2024-01-31T09:35:22-03:00","dateModified":"2024-01-31T09:35:22-03:00"},{"@type":"WebSite","@id":"https:\/\/loboproduccionesaudiovisuales.ar\/#website","url":"https:\/\/loboproduccionesaudiovisuales.ar\/","name":"loboproduccionesaudiovisuales.ar","alternateName":"Lobo Producciones","description":"Sitio digital de noticias agroindustriales","inLanguage":"es-AR","publisher":{"@id":"https:\/\/loboproduccionesaudiovisuales.ar\/#organization"}}]},"og:locale":"es_ES","og:site_name":"LOBO PRODUCCIONES AUDIOVISUALES - Sitio digital de noticias agroindustriales","og:type":"article","og:title":"Gobernadores de la Regi\u00f3n Centro y la Mesa de Enlace, contra las retenciones - LOBO PRODUCCIONES AUDIOVISUALES","og:description":"El cordob\u00e9s Mart\u00edn Llaryora, el entrerriano Rogelio Frigerio y la vice de Santa Fe, Gisela Scaglia, se reunieron con los referentes de CRA, Sociedad Rural Argentina, Coninagro y Federaci\u00f3n Agraria. Analizaron la ley \u00f3mnibus. Los representantes de la Mesa de Enlace de entidades agropecuarias destacaron ayer el posicionamiento que mantuvieron los tres gobernadores de","og:url":"https:\/\/loboproduccionesaudiovisuales.ar\/?p=7900","og:image":"https:\/\/loboproduccionesaudiovisuales.ar\/wp-content\/uploads\/2023\/07\/LPA-web.jpg","og:image:secure_url":"https:\/\/loboproduccionesaudiovisuales.ar\/wp-content\/uploads\/2023\/07\/LPA-web.jpg","article:published_time":"2024-01-31T12:35:22+00:00","article:modified_time":"2024-01-31T12:35:22+00:00","twitter:card":"summary_large_image","twitter:title":"Gobernadores de la Regi\u00f3n Centro y la Mesa de Enlace, contra las retenciones - LOBO PRODUCCIONES AUDIOVISUALES","twitter:description":"El cordob\u00e9s Mart\u00edn Llaryora, el entrerriano Rogelio Frigerio y la vice de Santa Fe, Gisela Scaglia, se reunieron con los referentes de CRA, Sociedad Rural Argentina, Coninagro y Federaci\u00f3n Agraria. Analizaron la ley \u00f3mnibus. Los representantes de la Mesa de Enlace de entidades agropecuarias destacaron ayer el posicionamiento que mantuvieron los tres gobernadores de","twitter:image":"https:\/\/loboproduccionesaudiovisuales.ar\/wp-content\/uploads\/2023\/07\/LPA-web.jpg"},"aioseo_meta_data":{"post_id":"7900","title":null,"description":null,"keywords":[],"keyphrases":{"focus":{"keyphrase":"","score":0,"analysis":{"keyphraseInTitle":{"score":0,"maxScore":9,"error":1}}},"additional":[]},"primary_term":null,"canonical_url":null,"og_title":null,"og_description":null,"og_object_type":"default","og_image_type":"default","og_image_url":null,"og_image_width":null,"og_image_height":null,"og_image_custom_url":null,"og_image_custom_fields":null,"og_video":"","og_custom_url":null,"og_article_section":null,"og_article_tags":[],"twitter_use_og":false,"twitter_card":"default","twitter_image_type":"default","twitter_image_url":null,"twitter_image_custom_url":null,"twitter_image_custom_fields":null,"twitter_title":null,"twitter_description":null,"schema":{"blockGraphs":[],"customGraphs":[],"default":{"data":{"Article":[],"Course":[],"Dataset":[],"FAQPage":[],"Movie":[],"Person":[],"Product":[],"ProductReview":[],"Car":[],"Recipe":[],"Service":[],"SoftwareApplication":[],"WebPage":[]},"graphName":"BlogPosting","isEnabled":true},"graphs":[]},"schema_type":"default","schema_type_options":null,"pillar_content":false,"robots_default":true,"robots_noindex":false,"robots_noarchive":false,"robots_nosnippet":false,"robots_nofollow":false,"robots_noimageindex":false,"robots_noodp":false,"robots_notranslate":false,"robots_max_snippet":"-1","robots_max_videopreview":"-1","robots_max_imagepreview":"large","priority":null,"frequency":"default","local_seo":null,"breadcrumb_settings":null,"limit_modified_date":false,"ai":null,"created":"2024-01-31 12:35:23","updated":"2025-06-04 22:50:40","seo_analyzer_scan_date":null,"focus_keyword":null,"additional_keywords":null,"truseo_locale":null},"aioseo_breadcrumb":"<div class=\"aioseo-breadcrumbs\"><span class=\"aioseo-breadcrumb\">\n\t\t\t<a href=\"https:\/\/loboproduccionesaudiovisuales.ar\" title=\"Home\">Home<\/a>\n\t\t<\/span><span class=\"aioseo-breadcrumb-separator\">&raquo;<\/span><span class=\"aioseo-breadcrumb\">\n\t\t\t<a href=\"https:\/\/loboproduccionesaudiovisuales.ar\/?cat=1\" title=\"Blog\">Blog<\/a>\n\t\t<\/span><span class=\"aioseo-breadcrumb-separator\">&raquo;<\/span><span class=\"aioseo-breadcrumb\">\n\t\t\tGobernadores de la Regi\u00f3n Centro y la Mesa de Enlace, contra las retenciones\n\t\t<\/span><\/div>","aioseo_breadcrumb_json":[{"label":"Home","link":"https:\/\/loboproduccionesaudiovisuales.ar"},{"label":"Blog","link":"https:\/\/loboproduccionesaudiovisuales.ar\/?cat=1"},{"label":"Gobernadores de la Regi\u00f3n Centro y la Mesa de Enlace, contra las retenciones","link":"https:\/\/loboproduccionesaudiovisuales.ar\/?p=7900"}],"_links":{"self":[{"href":"https:\/\/loboproduccionesaudiovisuales.ar\/index.php?rest_route=\/wp\/v2\/posts\/7900","targetHints":{"allow":["GET"]}}],"collection":[{"href":"https:\/\/loboproduccionesaudiovisuales.ar\/index.php?rest_route=\/wp\/v2\/posts"}],"about":[{"href":"https:\/\/loboproduccionesaudiovisuales.ar\/index.php?rest_route=\/wp\/v2\/types\/post"}],"author":[{"embeddable":true,"href":"https:\/\/loboproduccionesaudiovisuales.ar\/index.php?rest_route=\/wp\/v2\/users\/3"}],"replies":[{"embeddable":true,"href":"https:\/\/loboproduccionesaudiovisuales.ar\/index.php?rest_route=%2Fwp%2Fv2%2Fcomments&post=7900"}],"version-history":[{"count":2,"href":"https:\/\/loboproduccionesaudiovisuales.ar\/index.php?rest_route=\/wp\/v2\/posts\/7900\/revisions"}],"predecessor-version":[{"id":7903,"href":"https:\/\/loboproduccionesaudiovisuales.ar\/index.php?rest_route=\/wp\/v2\/posts\/7900\/revisions\/7903"}],"wp:featuredmedia":[{"embeddable":true,"href":"https:\/\/loboproduccionesaudiovisuales.ar\/index.php?rest_route=\/wp\/v2\/media\/7901"}],"wp:attachment":[{"href":"https:\/\/loboproduccionesaudiovisuales.ar\/index.php?rest_route=%2Fwp%2Fv2%2Fmedia&parent=7900"}],"wp:term":[{"taxonomy":"category","embeddable":true,"href":"https:\/\/loboproduccionesaudiovisuales.ar\/index.php?rest_route=%2Fwp%2Fv2%2Fcategories&post=7900"},{"taxonomy":"post_tag","embeddable":true,"href":"https:\/\/loboproduccionesaudiovisuales.ar\/index.php?rest_route=%2Fwp%2Fv2%2Ftags&post=7900"}],"curies":[{"name":"wp","href":"https:\/\/api.w.org\/{rel}","templated":true}]}}