{"id":7775,"date":"2024-01-25T11:10:29","date_gmt":"2024-01-25T14:10:29","guid":{"rendered":"https:\/\/loboproduccionesaudiovisuales.ar\/?p=7775"},"modified":"2024-01-25T11:10:29","modified_gmt":"2024-01-25T14:10:29","slug":"visita-de-jovenes-de-warum-nicht-a-aldea-spatzenkutter","status":"publish","type":"post","link":"https:\/\/loboproduccionesaudiovisuales.ar\/?p=7775","title":{"rendered":"Visita de j\u00f3venes de Warum Nicht a Aldea Spatzenkutter"},"content":{"rendered":"<p><strong>El martes 16 de enero Aldea Spatzenkutter recibi\u00f3 la visita de un grupo de j\u00f3venes de Warum Nicht, club de descendientes de alemanes del Volga que pertenece a la organizaci\u00f3n gUG, dedicada a la integraci\u00f3n de alemanes de Rusia y sus familias en Alemania.<\/strong><\/p>\n<p>El grupo estaba conformado por j\u00f3venes de Argentina, Chile, Brasil y Rusia. Nikita Heidt, el fundador de esta organizaci\u00f3n, form\u00f3 parte de esta visita.<\/p>\n<p>Acompa\u00f1ados por la gu\u00eda del museo local, Cristela Deiloff Roskopf y el Secretario de Cultura y Turismo de Valle Mar\u00eda, Dar\u00edo Wendler, el grupo conoci\u00f3 la iglesia, el Museo Nuestras Ra\u00edces Alemanas y disfrutaron de una degustaci\u00f3n de comida alemana en la casa de Elena Fisher.<\/p>\n<p>A pesar de la lluvia que prevaleci\u00f3 durante la ma\u00f1ana, disfrutaron de su visita a la aldea y generaron una buena relaci\u00f3n con quienes los recibieron. Continuaron luego su camino por las dem\u00e1s aldeas alemanas de la zona.<\/p>\n","protected":false},"excerpt":{"rendered":"<p>El martes 16 de enero Aldea Spatzenkutter recibi\u00f3 la visita de un grupo de j\u00f3venes de Warum Nicht, club de&hellip;<\/p>\n","protected":false},"author":3,"featured_media":7776,"comment_status":"open","ping_status":"open","sticky":false,"template":"","format":"standard","meta":{"footnotes":""},"categories":[5,128,113],"tags":[114],"class_list":["post-7775","post","type-post","status-publish","format-standard","has-post-thumbnail","hentry","category-actualidad","category-entre-rios","category-region","tag-spatzenkutter"],"aioseo_notices":[],"aioseo_head":"\n\t\t<!-- All in One SEO 5.0.1.1 - aioseo.com -->\n\t<meta name=\"description\" content=\"El martes 16 de enero Aldea Spatzenkutter recibi\u00f3 la visita de un grupo de j\u00f3venes de Warum Nicht, club de descendientes de alemanes del Volga que pertenece a la organizaci\u00f3n gUG, dedicada a la integraci\u00f3n de alemanes de Rusia y sus familias en Alemania. El grupo estaba conformado por j\u00f3venes de Argentina, Chile, Brasil y\" \/>\n\t<meta name=\"robots\" content=\"max-image-preview:large\" \/>\n\t<meta name=\"author\" content=\"Gustavo Werner\"\/>\n\t<link rel=\"canonical\" href=\"https:\/\/loboproduccionesaudiovisuales.ar\/?p=7775\" \/>\n\t<meta name=\"generator\" content=\"All in One SEO (AIOSEO) 5.0.1.1\" \/>\n\t\t<meta property=\"og:locale\" content=\"es_ES\" \/>\n\t\t<meta property=\"og:site_name\" content=\"LOBO PRODUCCIONES AUDIOVISUALES - Sitio digital de noticias agroindustriales\" \/>\n\t\t<meta property=\"og:type\" content=\"article\" \/>\n\t\t<meta property=\"og:title\" content=\"Visita de j\u00f3venes de Warum Nicht a Aldea Spatzenkutter - LOBO PRODUCCIONES AUDIOVISUALES\" \/>\n\t\t<meta property=\"og:description\" content=\"El martes 16 de enero Aldea Spatzenkutter recibi\u00f3 la visita de un grupo de j\u00f3venes de Warum Nicht, club de descendientes de alemanes del Volga que pertenece a la organizaci\u00f3n gUG, dedicada a la integraci\u00f3n de alemanes de Rusia y sus familias en Alemania. El grupo estaba conformado por j\u00f3venes de Argentina, Chile, Brasil y\" \/>\n\t\t<meta property=\"og:url\" content=\"https:\/\/loboproduccionesaudiovisuales.ar\/?p=7775\" \/>\n\t\t<meta property=\"og:image\" content=\"https:\/\/loboproduccionesaudiovisuales.ar\/wp-content\/uploads\/2023\/07\/LPA-web.jpg\" \/>\n\t\t<meta property=\"og:image:secure_url\" content=\"https:\/\/loboproduccionesaudiovisuales.ar\/wp-content\/uploads\/2023\/07\/LPA-web.jpg\" \/>\n\t\t<meta property=\"article:published_time\" content=\"2024-01-25T14:10:29+00:00\" \/>\n\t\t<meta property=\"article:modified_time\" content=\"2024-01-25T14:10:29+00:00\" \/>\n\t\t<meta name=\"twitter:card\" content=\"summary_large_image\" \/>\n\t\t<meta name=\"twitter:title\" content=\"Visita de j\u00f3venes de Warum Nicht a Aldea Spatzenkutter - LOBO PRODUCCIONES AUDIOVISUALES\" \/>\n\t\t<meta name=\"twitter:description\" content=\"El martes 16 de enero Aldea Spatzenkutter recibi\u00f3 la visita de un grupo de j\u00f3venes de Warum Nicht, club de descendientes de alemanes del Volga que pertenece a la organizaci\u00f3n gUG, dedicada a la integraci\u00f3n de alemanes de Rusia y sus familias en Alemania. El grupo estaba conformado por j\u00f3venes de Argentina, Chile, Brasil y\" \/>\n\t\t<meta name=\"twitter:image\" content=\"https:\/\/loboproduccionesaudiovisuales.ar\/wp-content\/uploads\/2023\/07\/LPA-web.jpg\" \/>\n\t\t<script type=\"application\/ld+json\" class=\"aioseo-schema\">\n\t\t\t{\"@context\":\"https:\\\/\\\/schema.org\",\"@graph\":[{\"@type\":\"BlogPosting\",\"@id\":\"https:\\\/\\\/loboproduccionesaudiovisuales.ar\\\/?p=7775#blogposting\",\"name\":\"Visita de j\\u00f3venes de Warum Nicht a Aldea Spatzenkutter - LOBO PRODUCCIONES AUDIOVISUALES\",\"headline\":\"Visita de j\\u00f3venes de Warum Nicht a Aldea Spatzenkutter\",\"author\":{\"@id\":\"https:\\\/\\\/loboproduccionesaudiovisuales.ar\\\/?author=3#author\"},\"publisher\":{\"@id\":\"https:\\\/\\\/loboproduccionesaudiovisuales.ar\\\/#organization\"},\"image\":{\"@type\":\"ImageObject\",\"url\":\"https:\\\/\\\/loboproduccionesaudiovisuales.ar\\\/wp-content\\\/uploads\\\/2024\\\/01\\\/SPATZENKUTTER-Visita-de-jovenes-de-Warum-Nicht.jpg\",\"width\":650,\"height\":677},\"datePublished\":\"2024-01-25T11:10:29-03:00\",\"dateModified\":\"2024-01-25T11:10:29-03:00\",\"inLanguage\":\"es-AR\",\"mainEntityOfPage\":{\"@id\":\"https:\\\/\\\/loboproduccionesaudiovisuales.ar\\\/?p=7775#webpage\"},\"isPartOf\":{\"@id\":\"https:\\\/\\\/loboproduccionesaudiovisuales.ar\\\/?p=7775#webpage\"},\"articleSection\":\"ACTUALIDAD, ENTRE RIOS, REGIONALES, Spatzenkutter\"},{\"@type\":\"BreadcrumbList\",\"@id\":\"https:\\\/\\\/loboproduccionesaudiovisuales.ar\\\/?p=7775#breadcrumblist\",\"itemListElement\":[{\"@type\":\"ListItem\",\"@id\":\"https:\\\/\\\/loboproduccionesaudiovisuales.ar#listItem\",\"position\":1,\"name\":\"Home\",\"item\":\"https:\\\/\\\/loboproduccionesaudiovisuales.ar\",\"nextItem\":{\"@type\":\"ListItem\",\"@id\":\"https:\\\/\\\/loboproduccionesaudiovisuales.ar\\\/?cat=5#listItem\",\"name\":\"ACTUALIDAD\"}},{\"@type\":\"ListItem\",\"@id\":\"https:\\\/\\\/loboproduccionesaudiovisuales.ar\\\/?cat=5#listItem\",\"position\":2,\"name\":\"ACTUALIDAD\",\"item\":\"https:\\\/\\\/loboproduccionesaudiovisuales.ar\\\/?cat=5\",\"nextItem\":{\"@type\":\"ListItem\",\"@id\":\"https:\\\/\\\/loboproduccionesaudiovisuales.ar\\\/?p=7775#listItem\",\"name\":\"Visita de j\\u00f3venes de Warum Nicht a Aldea Spatzenkutter\"},\"previousItem\":{\"@type\":\"ListItem\",\"@id\":\"https:\\\/\\\/loboproduccionesaudiovisuales.ar#listItem\",\"name\":\"Home\"}},{\"@type\":\"ListItem\",\"@id\":\"https:\\\/\\\/loboproduccionesaudiovisuales.ar\\\/?p=7775#listItem\",\"position\":3,\"name\":\"Visita de j\\u00f3venes de Warum Nicht a Aldea Spatzenkutter\",\"previousItem\":{\"@type\":\"ListItem\",\"@id\":\"https:\\\/\\\/loboproduccionesaudiovisuales.ar\\\/?cat=5#listItem\",\"name\":\"ACTUALIDAD\"}}]},{\"@type\":\"Organization\",\"@id\":\"https:\\\/\\\/loboproduccionesaudiovisuales.ar\\\/#organization\",\"name\":\"loboproduccionesaudiovisuales.ar\",\"description\":\"Sitio digital de noticias agroindustriales\",\"url\":\"https:\\\/\\\/loboproduccionesaudiovisuales.ar\\\/\",\"logo\":{\"@type\":\"ImageObject\",\"url\":\"https:\\\/\\\/loboproduccionesaudiovisuales.ar\\\/wp-content\\\/uploads\\\/2023\\\/07\\\/LPA-web.jpg\",\"@id\":\"https:\\\/\\\/loboproduccionesaudiovisuales.ar\\\/?p=7775\\\/#organizationLogo\",\"width\":500,\"height\":144},\"image\":{\"@id\":\"https:\\\/\\\/loboproduccionesaudiovisuales.ar\\\/?p=7775\\\/#organizationLogo\"}},{\"@type\":\"Person\",\"@id\":\"https:\\\/\\\/loboproduccionesaudiovisuales.ar\\\/?author=3#author\",\"url\":\"https:\\\/\\\/loboproduccionesaudiovisuales.ar\\\/?author=3\",\"name\":\"Gustavo Werner\",\"image\":{\"@type\":\"ImageObject\",\"@id\":\"https:\\\/\\\/loboproduccionesaudiovisuales.ar\\\/?p=7775#authorImage\",\"url\":\"https:\\\/\\\/secure.gravatar.com\\\/avatar\\\/e04239ede7d02b80503013ac1fa61f308bbe3566e5a70df5bbef7c3725a0dcae?s=96&d=mm&r=g\",\"width\":96,\"height\":96,\"caption\":\"Gustavo Werner\"}},{\"@type\":\"WebPage\",\"@id\":\"https:\\\/\\\/loboproduccionesaudiovisuales.ar\\\/?p=7775#webpage\",\"url\":\"https:\\\/\\\/loboproduccionesaudiovisuales.ar\\\/?p=7775\",\"name\":\"Visita de j\\u00f3venes de Warum Nicht a Aldea Spatzenkutter - LOBO PRODUCCIONES AUDIOVISUALES\",\"description\":\"El martes 16 de enero Aldea Spatzenkutter recibi\\u00f3 la visita de un grupo de j\\u00f3venes de Warum Nicht, club de descendientes de alemanes del Volga que pertenece a la organizaci\\u00f3n gUG, dedicada a la integraci\\u00f3n de alemanes de Rusia y sus familias en Alemania. El grupo estaba conformado por j\\u00f3venes de Argentina, Chile, Brasil y\",\"inLanguage\":\"es-AR\",\"isPartOf\":{\"@id\":\"https:\\\/\\\/loboproduccionesaudiovisuales.ar\\\/#website\"},\"breadcrumb\":{\"@id\":\"https:\\\/\\\/loboproduccionesaudiovisuales.ar\\\/?p=7775#breadcrumblist\"},\"author\":{\"@id\":\"https:\\\/\\\/loboproduccionesaudiovisuales.ar\\\/?author=3#author\"},\"creator\":{\"@id\":\"https:\\\/\\\/loboproduccionesaudiovisuales.ar\\\/?author=3#author\"},\"image\":{\"@type\":\"ImageObject\",\"url\":\"https:\\\/\\\/loboproduccionesaudiovisuales.ar\\\/wp-content\\\/uploads\\\/2024\\\/01\\\/SPATZENKUTTER-Visita-de-jovenes-de-Warum-Nicht.jpg\",\"@id\":\"https:\\\/\\\/loboproduccionesaudiovisuales.ar\\\/?p=7775\\\/#mainImage\",\"width\":650,\"height\":677},\"primaryImageOfPage\":{\"@id\":\"https:\\\/\\\/loboproduccionesaudiovisuales.ar\\\/?p=7775#mainImage\"},\"datePublished\":\"2024-01-25T11:10:29-03:00\",\"dateModified\":\"2024-01-25T11:10:29-03:00\"},{\"@type\":\"WebSite\",\"@id\":\"https:\\\/\\\/loboproduccionesaudiovisuales.ar\\\/#website\",\"url\":\"https:\\\/\\\/loboproduccionesaudiovisuales.ar\\\/\",\"name\":\"loboproduccionesaudiovisuales.ar\",\"alternateName\":\"Lobo Producciones\",\"description\":\"Sitio digital de noticias agroindustriales\",\"inLanguage\":\"es-AR\",\"publisher\":{\"@id\":\"https:\\\/\\\/loboproduccionesaudiovisuales.ar\\\/#organization\"}}]}\n\t\t<\/script>\n\t\t<!-- All in One SEO -->\n\n","aioseo_head_json":{"title":"Visita de j\u00f3venes de Warum Nicht a Aldea Spatzenkutter - LOBO PRODUCCIONES AUDIOVISUALES","description":"El martes 16 de enero Aldea Spatzenkutter recibi\u00f3 la visita de un grupo de j\u00f3venes de Warum Nicht, club de descendientes de alemanes del Volga que pertenece a la organizaci\u00f3n gUG, dedicada a la integraci\u00f3n de alemanes de Rusia y sus familias en Alemania. El grupo estaba conformado por j\u00f3venes de Argentina, Chile, Brasil y","canonical_url":"https:\/\/loboproduccionesaudiovisuales.ar\/?p=7775","robots":"max-image-preview:large","keywords":"","webmasterTools":{"miscellaneous":""},"schema":{"@context":"https:\/\/schema.org","@graph":[{"@type":"BlogPosting","@id":"https:\/\/loboproduccionesaudiovisuales.ar\/?p=7775#blogposting","name":"Visita de j\u00f3venes de Warum Nicht a Aldea Spatzenkutter - LOBO PRODUCCIONES AUDIOVISUALES","headline":"Visita de j\u00f3venes de Warum Nicht a Aldea Spatzenkutter","author":{"@id":"https:\/\/loboproduccionesaudiovisuales.ar\/?author=3#author"},"publisher":{"@id":"https:\/\/loboproduccionesaudiovisuales.ar\/#organization"},"image":{"@type":"ImageObject","url":"https:\/\/loboproduccionesaudiovisuales.ar\/wp-content\/uploads\/2024\/01\/SPATZENKUTTER-Visita-de-jovenes-de-Warum-Nicht.jpg","width":650,"height":677},"datePublished":"2024-01-25T11:10:29-03:00","dateModified":"2024-01-25T11:10:29-03:00","inLanguage":"es-AR","mainEntityOfPage":{"@id":"https:\/\/loboproduccionesaudiovisuales.ar\/?p=7775#webpage"},"isPartOf":{"@id":"https:\/\/loboproduccionesaudiovisuales.ar\/?p=7775#webpage"},"articleSection":"ACTUALIDAD, ENTRE RIOS, REGIONALES, Spatzenkutter"},{"@type":"BreadcrumbList","@id":"https:\/\/loboproduccionesaudiovisuales.ar\/?p=7775#breadcrumblist","itemListElement":[{"@type":"ListItem","@id":"https:\/\/loboproduccionesaudiovisuales.ar#listItem","position":1,"name":"Home","item":"https:\/\/loboproduccionesaudiovisuales.ar","nextItem":{"@type":"ListItem","@id":"https:\/\/loboproduccionesaudiovisuales.ar\/?cat=5#listItem","name":"ACTUALIDAD"}},{"@type":"ListItem","@id":"https:\/\/loboproduccionesaudiovisuales.ar\/?cat=5#listItem","position":2,"name":"ACTUALIDAD","item":"https:\/\/loboproduccionesaudiovisuales.ar\/?cat=5","nextItem":{"@type":"ListItem","@id":"https:\/\/loboproduccionesaudiovisuales.ar\/?p=7775#listItem","name":"Visita de j\u00f3venes de Warum Nicht a Aldea Spatzenkutter"},"previousItem":{"@type":"ListItem","@id":"https:\/\/loboproduccionesaudiovisuales.ar#listItem","name":"Home"}},{"@type":"ListItem","@id":"https:\/\/loboproduccionesaudiovisuales.ar\/?p=7775#listItem","position":3,"name":"Visita de j\u00f3venes de Warum Nicht a Aldea Spatzenkutter","previousItem":{"@type":"ListItem","@id":"https:\/\/loboproduccionesaudiovisuales.ar\/?cat=5#listItem","name":"ACTUALIDAD"}}]},{"@type":"Organization","@id":"https:\/\/loboproduccionesaudiovisuales.ar\/#organization","name":"loboproduccionesaudiovisuales.ar","description":"Sitio digital de noticias agroindustriales","url":"https:\/\/loboproduccionesaudiovisuales.ar\/","logo":{"@type":"ImageObject","url":"https:\/\/loboproduccionesaudiovisuales.ar\/wp-content\/uploads\/2023\/07\/LPA-web.jpg","@id":"https:\/\/loboproduccionesaudiovisuales.ar\/?p=7775\/#organizationLogo","width":500,"height":144},"image":{"@id":"https:\/\/loboproduccionesaudiovisuales.ar\/?p=7775\/#organizationLogo"}},{"@type":"Person","@id":"https:\/\/loboproduccionesaudiovisuales.ar\/?author=3#author","url":"https:\/\/loboproduccionesaudiovisuales.ar\/?author=3","name":"Gustavo Werner","image":{"@type":"ImageObject","@id":"https:\/\/loboproduccionesaudiovisuales.ar\/?p=7775#authorImage","url":"https:\/\/secure.gravatar.com\/avatar\/e04239ede7d02b80503013ac1fa61f308bbe3566e5a70df5bbef7c3725a0dcae?s=96&d=mm&r=g","width":96,"height":96,"caption":"Gustavo Werner"}},{"@type":"WebPage","@id":"https:\/\/loboproduccionesaudiovisuales.ar\/?p=7775#webpage","url":"https:\/\/loboproduccionesaudiovisuales.ar\/?p=7775","name":"Visita de j\u00f3venes de Warum Nicht a Aldea Spatzenkutter - LOBO PRODUCCIONES AUDIOVISUALES","description":"El martes 16 de enero Aldea Spatzenkutter recibi\u00f3 la visita de un grupo de j\u00f3venes de Warum Nicht, club de descendientes de alemanes del Volga que pertenece a la organizaci\u00f3n gUG, dedicada a la integraci\u00f3n de alemanes de Rusia y sus familias en Alemania. El grupo estaba conformado por j\u00f3venes de Argentina, Chile, Brasil y","inLanguage":"es-AR","isPartOf":{"@id":"https:\/\/loboproduccionesaudiovisuales.ar\/#website"},"breadcrumb":{"@id":"https:\/\/loboproduccionesaudiovisuales.ar\/?p=7775#breadcrumblist"},"author":{"@id":"https:\/\/loboproduccionesaudiovisuales.ar\/?author=3#author"},"creator":{"@id":"https:\/\/loboproduccionesaudiovisuales.ar\/?author=3#author"},"image":{"@type":"ImageObject","url":"https:\/\/loboproduccionesaudiovisuales.ar\/wp-content\/uploads\/2024\/01\/SPATZENKUTTER-Visita-de-jovenes-de-Warum-Nicht.jpg","@id":"https:\/\/loboproduccionesaudiovisuales.ar\/?p=7775\/#mainImage","width":650,"height":677},"primaryImageOfPage":{"@id":"https:\/\/loboproduccionesaudiovisuales.ar\/?p=7775#mainImage"},"datePublished":"2024-01-25T11:10:29-03:00","dateModified":"2024-01-25T11:10:29-03:00"},{"@type":"WebSite","@id":"https:\/\/loboproduccionesaudiovisuales.ar\/#website","url":"https:\/\/loboproduccionesaudiovisuales.ar\/","name":"loboproduccionesaudiovisuales.ar","alternateName":"Lobo Producciones","description":"Sitio digital de noticias agroindustriales","inLanguage":"es-AR","publisher":{"@id":"https:\/\/loboproduccionesaudiovisuales.ar\/#organization"}}]},"og:locale":"es_ES","og:site_name":"LOBO PRODUCCIONES AUDIOVISUALES - Sitio digital de noticias agroindustriales","og:type":"article","og:title":"Visita de j\u00f3venes de Warum Nicht a Aldea Spatzenkutter - LOBO PRODUCCIONES AUDIOVISUALES","og:description":"El martes 16 de enero Aldea Spatzenkutter recibi\u00f3 la visita de un grupo de j\u00f3venes de Warum Nicht, club de descendientes de alemanes del Volga que pertenece a la organizaci\u00f3n gUG, dedicada a la integraci\u00f3n de alemanes de Rusia y sus familias en Alemania. El grupo estaba conformado por j\u00f3venes de Argentina, Chile, Brasil y","og:url":"https:\/\/loboproduccionesaudiovisuales.ar\/?p=7775","og:image":"https:\/\/loboproduccionesaudiovisuales.ar\/wp-content\/uploads\/2023\/07\/LPA-web.jpg","og:image:secure_url":"https:\/\/loboproduccionesaudiovisuales.ar\/wp-content\/uploads\/2023\/07\/LPA-web.jpg","article:published_time":"2024-01-25T14:10:29+00:00","article:modified_time":"2024-01-25T14:10:29+00:00","twitter:card":"summary_large_image","twitter:title":"Visita de j\u00f3venes de Warum Nicht a Aldea Spatzenkutter - LOBO PRODUCCIONES AUDIOVISUALES","twitter:description":"El martes 16 de enero Aldea Spatzenkutter recibi\u00f3 la visita de un grupo de j\u00f3venes de Warum Nicht, club de descendientes de alemanes del Volga que pertenece a la organizaci\u00f3n gUG, dedicada a la integraci\u00f3n de alemanes de Rusia y sus familias en Alemania. El grupo estaba conformado por j\u00f3venes de Argentina, Chile, Brasil y","twitter:image":"https:\/\/loboproduccionesaudiovisuales.ar\/wp-content\/uploads\/2023\/07\/LPA-web.jpg"},"aioseo_meta_data":{"post_id":"7775","title":null,"description":null,"keywords":[],"keyphrases":{"focus":{"keyphrase":"","score":0,"analysis":{"keyphraseInTitle":{"score":0,"maxScore":9,"error":1}}},"additional":[]},"primary_term":null,"canonical_url":null,"og_title":null,"og_description":null,"og_object_type":"default","og_image_type":"default","og_image_url":null,"og_image_width":null,"og_image_height":null,"og_image_custom_url":null,"og_image_custom_fields":null,"og_video":"","og_custom_url":null,"og_article_section":null,"og_article_tags":[],"twitter_use_og":false,"twitter_card":"default","twitter_image_type":"default","twitter_image_url":null,"twitter_image_custom_url":null,"twitter_image_custom_fields":null,"twitter_title":null,"twitter_description":null,"schema":{"blockGraphs":[],"customGraphs":[],"default":{"data":{"Article":[],"Course":[],"Dataset":[],"FAQPage":[],"Movie":[],"Person":[],"Product":[],"ProductReview":[],"Car":[],"Recipe":[],"Service":[],"SoftwareApplication":[],"WebPage":[]},"graphName":"BlogPosting","isEnabled":true},"graphs":[]},"schema_type":"default","schema_type_options":null,"pillar_content":false,"robots_default":true,"robots_noindex":false,"robots_noarchive":false,"robots_nosnippet":false,"robots_nofollow":false,"robots_noimageindex":false,"robots_noodp":false,"robots_notranslate":false,"robots_max_snippet":"-1","robots_max_videopreview":"-1","robots_max_imagepreview":"large","priority":null,"frequency":"default","local_seo":null,"breadcrumb_settings":null,"limit_modified_date":false,"ai":null,"created":"2024-01-25 14:10:29","updated":"2025-06-04 22:50:40","seo_analyzer_scan_date":null,"focus_keyword":null,"additional_keywords":null,"truseo_locale":null},"aioseo_breadcrumb":"<div class=\"aioseo-breadcrumbs\"><span class=\"aioseo-breadcrumb\">\n\t\t\t<a href=\"https:\/\/loboproduccionesaudiovisuales.ar\" title=\"Home\">Home<\/a>\n\t\t<\/span><span class=\"aioseo-breadcrumb-separator\">&raquo;<\/span><span class=\"aioseo-breadcrumb\">\n\t\t\t<a href=\"https:\/\/loboproduccionesaudiovisuales.ar\/?cat=5\" title=\"ACTUALIDAD\">ACTUALIDAD<\/a>\n\t\t<\/span><span class=\"aioseo-breadcrumb-separator\">&raquo;<\/span><span class=\"aioseo-breadcrumb\">\n\t\t\tVisita de j\u00f3venes de Warum Nicht a Aldea Spatzenkutter\n\t\t<\/span><\/div>","aioseo_breadcrumb_json":[{"label":"Home","link":"https:\/\/loboproduccionesaudiovisuales.ar"},{"label":"ACTUALIDAD","link":"https:\/\/loboproduccionesaudiovisuales.ar\/?cat=5"},{"label":"Visita de j\u00f3venes de Warum Nicht a Aldea Spatzenkutter","link":"https:\/\/loboproduccionesaudiovisuales.ar\/?p=7775"}],"_links":{"self":[{"href":"https:\/\/loboproduccionesaudiovisuales.ar\/index.php?rest_route=\/wp\/v2\/posts\/7775","targetHints":{"allow":["GET"]}}],"collection":[{"href":"https:\/\/loboproduccionesaudiovisuales.ar\/index.php?rest_route=\/wp\/v2\/posts"}],"about":[{"href":"https:\/\/loboproduccionesaudiovisuales.ar\/index.php?rest_route=\/wp\/v2\/types\/post"}],"author":[{"embeddable":true,"href":"https:\/\/loboproduccionesaudiovisuales.ar\/index.php?rest_route=\/wp\/v2\/users\/3"}],"replies":[{"embeddable":true,"href":"https:\/\/loboproduccionesaudiovisuales.ar\/index.php?rest_route=%2Fwp%2Fv2%2Fcomments&post=7775"}],"version-history":[{"count":1,"href":"https:\/\/loboproduccionesaudiovisuales.ar\/index.php?rest_route=\/wp\/v2\/posts\/7775\/revisions"}],"predecessor-version":[{"id":7777,"href":"https:\/\/loboproduccionesaudiovisuales.ar\/index.php?rest_route=\/wp\/v2\/posts\/7775\/revisions\/7777"}],"wp:featuredmedia":[{"embeddable":true,"href":"https:\/\/loboproduccionesaudiovisuales.ar\/index.php?rest_route=\/wp\/v2\/media\/7776"}],"wp:attachment":[{"href":"https:\/\/loboproduccionesaudiovisuales.ar\/index.php?rest_route=%2Fwp%2Fv2%2Fmedia&parent=7775"}],"wp:term":[{"taxonomy":"category","embeddable":true,"href":"https:\/\/loboproduccionesaudiovisuales.ar\/index.php?rest_route=%2Fwp%2Fv2%2Fcategories&post=7775"},{"taxonomy":"post_tag","embeddable":true,"href":"https:\/\/loboproduccionesaudiovisuales.ar\/index.php?rest_route=%2Fwp%2Fv2%2Ftags&post=7775"}],"curies":[{"name":"wp","href":"https:\/\/api.w.org\/{rel}","templated":true}]}}