{"id":6054,"date":"2023-12-12T09:58:34","date_gmt":"2023-12-12T12:58:34","guid":{"rendered":"https:\/\/loboproduccionesaudiovisuales.ar\/?p=6054"},"modified":"2023-12-12T09:58:34","modified_gmt":"2023-12-12T12:58:34","slug":"fernando-vilella-cerro-todos-los-registros-de-exportadores-granarios","status":"publish","type":"post","link":"https:\/\/loboproduccionesaudiovisuales.ar\/?p=6054","title":{"rendered":"Fernando Vilella cerr\u00f3 todos los registros de exportadores granarios"},"content":{"rendered":"<p><strong>El gobierno cerr\u00f3 los registros para exportar granos y subproductos agr\u00edcolas. Se trata de la primera medida p\u00fablica tomada desde la flamante Secretar\u00eda de Bioeconom\u00eda, a cargo de Fernando Vilella.<\/strong><\/p>\n<p>&nbsp;<\/p>\n<p>En rigor, se conoci\u00f3 que la Subsecretar\u00eda de Mercados Agroalimentarios y Negociaciones Internacionales, instrument\u00f3 el cierre del registro de las Declaraciones Juradas de Venta al Exterior, desde las 17 horas del lunes, y \u201chasta nuevo aviso\u201d.<\/p>\n<p>Fundamentan de manera oficial que la decisi\u00f3n se adopt\u00f3 para \u201cevitar que se anoten con retenciones a precios de los granos m\u00e1s baratos\u201d.<\/p>\n<p>Es que ante la posibilidad cierta de que el tipo de cambio oficial se deval\u00fae e incida en un aumento del valor interno de los granos, muchas compa\u00f1\u00edas exportadoras estaban anotando ventas a grandes vol\u00famenes para pagar los derechos de exportaci\u00f3n a los valores viejos.<\/p>\n<p>De acuerdo a fuentes del mercado, las expectativas de devaluaci\u00f3n hab\u00edan acelerado. En diciembre se anotaron 6,7 millones de toneladas. El lunes se habr\u00edan informado 1,6 millones.<\/p>\n","protected":false},"excerpt":{"rendered":"<p>El gobierno cerr\u00f3 los registros para exportar granos y subproductos agr\u00edcolas. Se trata de la primera medida p\u00fablica tomada desde&hellip;<\/p>\n","protected":false},"author":3,"featured_media":6055,"comment_status":"open","ping_status":"open","sticky":false,"template":"","format":"standard","meta":{"footnotes":""},"categories":[5,2],"tags":[131],"class_list":["post-6054","post","type-post","status-publish","format-standard","has-post-thumbnail","hentry","category-actualidad","category-agro","tag-fernando-vilella"],"aioseo_notices":[],"aioseo_head":"\n\t\t<!-- All in One SEO 5.0.1.1 - aioseo.com -->\n\t<meta name=\"description\" content=\"El gobierno cerr\u00f3 los registros para exportar granos y subproductos agr\u00edcolas. Se trata de la primera medida p\u00fablica tomada desde la flamante Secretar\u00eda de Bioeconom\u00eda, a cargo de Fernando Vilella. En rigor, se conoci\u00f3 que la Subsecretar\u00eda de Mercados Agroalimentarios y Negociaciones Internacionales, instrument\u00f3 el cierre del registro de las Declaraciones Juradas de Venta\" \/>\n\t<meta name=\"robots\" content=\"max-image-preview:large\" \/>\n\t<meta name=\"author\" content=\"Gustavo Werner\"\/>\n\t<link rel=\"canonical\" href=\"https:\/\/loboproduccionesaudiovisuales.ar\/?p=6054\" \/>\n\t<meta name=\"generator\" content=\"All in One SEO (AIOSEO) 5.0.1.1\" \/>\n\t\t<meta property=\"og:locale\" content=\"es_ES\" \/>\n\t\t<meta property=\"og:site_name\" content=\"LOBO PRODUCCIONES AUDIOVISUALES - Sitio digital de noticias agroindustriales\" \/>\n\t\t<meta property=\"og:type\" content=\"article\" \/>\n\t\t<meta property=\"og:title\" content=\"Fernando Vilella cerr\u00f3 todos los registros de exportadores granarios - LOBO PRODUCCIONES AUDIOVISUALES\" \/>\n\t\t<meta property=\"og:description\" content=\"El gobierno cerr\u00f3 los registros para exportar granos y subproductos agr\u00edcolas. Se trata de la primera medida p\u00fablica tomada desde la flamante Secretar\u00eda de Bioeconom\u00eda, a cargo de Fernando Vilella. En rigor, se conoci\u00f3 que la Subsecretar\u00eda de Mercados Agroalimentarios y Negociaciones Internacionales, instrument\u00f3 el cierre del registro de las Declaraciones Juradas de Venta\" \/>\n\t\t<meta property=\"og:url\" content=\"https:\/\/loboproduccionesaudiovisuales.ar\/?p=6054\" \/>\n\t\t<meta property=\"og:image\" content=\"https:\/\/loboproduccionesaudiovisuales.ar\/wp-content\/uploads\/2023\/07\/LPA-web.jpg\" \/>\n\t\t<meta property=\"og:image:secure_url\" content=\"https:\/\/loboproduccionesaudiovisuales.ar\/wp-content\/uploads\/2023\/07\/LPA-web.jpg\" \/>\n\t\t<meta property=\"article:published_time\" content=\"2023-12-12T12:58:34+00:00\" \/>\n\t\t<meta property=\"article:modified_time\" content=\"2023-12-12T12:58:34+00:00\" \/>\n\t\t<meta name=\"twitter:card\" content=\"summary_large_image\" \/>\n\t\t<meta name=\"twitter:title\" content=\"Fernando Vilella cerr\u00f3 todos los registros de exportadores granarios - LOBO PRODUCCIONES AUDIOVISUALES\" \/>\n\t\t<meta name=\"twitter:description\" content=\"El gobierno cerr\u00f3 los registros para exportar granos y subproductos agr\u00edcolas. Se trata de la primera medida p\u00fablica tomada desde la flamante Secretar\u00eda de Bioeconom\u00eda, a cargo de Fernando Vilella. En rigor, se conoci\u00f3 que la Subsecretar\u00eda de Mercados Agroalimentarios y Negociaciones Internacionales, instrument\u00f3 el cierre del registro de las Declaraciones Juradas de Venta\" \/>\n\t\t<meta name=\"twitter:image\" content=\"https:\/\/loboproduccionesaudiovisuales.ar\/wp-content\/uploads\/2023\/07\/LPA-web.jpg\" \/>\n\t\t<script type=\"application\/ld+json\" class=\"aioseo-schema\">\n\t\t\t{\"@context\":\"https:\\\/\\\/schema.org\",\"@graph\":[{\"@type\":\"BlogPosting\",\"@id\":\"https:\\\/\\\/loboproduccionesaudiovisuales.ar\\\/?p=6054#blogposting\",\"name\":\"Fernando Vilella cerr\\u00f3 todos los registros de exportadores granarios - LOBO PRODUCCIONES AUDIOVISUALES\",\"headline\":\"Fernando Vilella cerr\\u00f3 todos los registros de exportadores granarios\",\"author\":{\"@id\":\"https:\\\/\\\/loboproduccionesaudiovisuales.ar\\\/?author=3#author\"},\"publisher\":{\"@id\":\"https:\\\/\\\/loboproduccionesaudiovisuales.ar\\\/#organization\"},\"image\":{\"@type\":\"ImageObject\",\"url\":\"https:\\\/\\\/loboproduccionesaudiovisuales.ar\\\/wp-content\\\/uploads\\\/2023\\\/12\\\/f_1650893888.jpg\",\"width\":1032,\"height\":688},\"datePublished\":\"2023-12-12T09:58:34-03:00\",\"dateModified\":\"2023-12-12T09:58:34-03:00\",\"inLanguage\":\"es-AR\",\"mainEntityOfPage\":{\"@id\":\"https:\\\/\\\/loboproduccionesaudiovisuales.ar\\\/?p=6054#webpage\"},\"isPartOf\":{\"@id\":\"https:\\\/\\\/loboproduccionesaudiovisuales.ar\\\/?p=6054#webpage\"},\"articleSection\":\"ACTUALIDAD, AGRO, Fernando Vilella\"},{\"@type\":\"BreadcrumbList\",\"@id\":\"https:\\\/\\\/loboproduccionesaudiovisuales.ar\\\/?p=6054#breadcrumblist\",\"itemListElement\":[{\"@type\":\"ListItem\",\"@id\":\"https:\\\/\\\/loboproduccionesaudiovisuales.ar#listItem\",\"position\":1,\"name\":\"Home\",\"item\":\"https:\\\/\\\/loboproduccionesaudiovisuales.ar\",\"nextItem\":{\"@type\":\"ListItem\",\"@id\":\"https:\\\/\\\/loboproduccionesaudiovisuales.ar\\\/?cat=2#listItem\",\"name\":\"AGRO\"}},{\"@type\":\"ListItem\",\"@id\":\"https:\\\/\\\/loboproduccionesaudiovisuales.ar\\\/?cat=2#listItem\",\"position\":2,\"name\":\"AGRO\",\"item\":\"https:\\\/\\\/loboproduccionesaudiovisuales.ar\\\/?cat=2\",\"nextItem\":{\"@type\":\"ListItem\",\"@id\":\"https:\\\/\\\/loboproduccionesaudiovisuales.ar\\\/?p=6054#listItem\",\"name\":\"Fernando Vilella cerr\\u00f3 todos los registros de exportadores granarios\"},\"previousItem\":{\"@type\":\"ListItem\",\"@id\":\"https:\\\/\\\/loboproduccionesaudiovisuales.ar#listItem\",\"name\":\"Home\"}},{\"@type\":\"ListItem\",\"@id\":\"https:\\\/\\\/loboproduccionesaudiovisuales.ar\\\/?p=6054#listItem\",\"position\":3,\"name\":\"Fernando Vilella cerr\\u00f3 todos los registros de exportadores granarios\",\"previousItem\":{\"@type\":\"ListItem\",\"@id\":\"https:\\\/\\\/loboproduccionesaudiovisuales.ar\\\/?cat=2#listItem\",\"name\":\"AGRO\"}}]},{\"@type\":\"Organization\",\"@id\":\"https:\\\/\\\/loboproduccionesaudiovisuales.ar\\\/#organization\",\"name\":\"loboproduccionesaudiovisuales.ar\",\"description\":\"Sitio digital de noticias agroindustriales\",\"url\":\"https:\\\/\\\/loboproduccionesaudiovisuales.ar\\\/\",\"logo\":{\"@type\":\"ImageObject\",\"url\":\"https:\\\/\\\/loboproduccionesaudiovisuales.ar\\\/wp-content\\\/uploads\\\/2023\\\/07\\\/LPA-web.jpg\",\"@id\":\"https:\\\/\\\/loboproduccionesaudiovisuales.ar\\\/?p=6054\\\/#organizationLogo\",\"width\":500,\"height\":144},\"image\":{\"@id\":\"https:\\\/\\\/loboproduccionesaudiovisuales.ar\\\/?p=6054\\\/#organizationLogo\"}},{\"@type\":\"Person\",\"@id\":\"https:\\\/\\\/loboproduccionesaudiovisuales.ar\\\/?author=3#author\",\"url\":\"https:\\\/\\\/loboproduccionesaudiovisuales.ar\\\/?author=3\",\"name\":\"Gustavo Werner\",\"image\":{\"@type\":\"ImageObject\",\"@id\":\"https:\\\/\\\/loboproduccionesaudiovisuales.ar\\\/?p=6054#authorImage\",\"url\":\"https:\\\/\\\/loboproduccionesaudiovisuales.ar\\\/wp-content\\\/litespeed\\\/avatar\\\/de09dfb254ecca8d89a27b1f284fdb4d.jpg?ver=1788575391\",\"width\":96,\"height\":96,\"caption\":\"Gustavo Werner\"}},{\"@type\":\"WebPage\",\"@id\":\"https:\\\/\\\/loboproduccionesaudiovisuales.ar\\\/?p=6054#webpage\",\"url\":\"https:\\\/\\\/loboproduccionesaudiovisuales.ar\\\/?p=6054\",\"name\":\"Fernando Vilella cerr\\u00f3 todos los registros de exportadores granarios - LOBO PRODUCCIONES AUDIOVISUALES\",\"description\":\"El gobierno cerr\\u00f3 los registros para exportar granos y subproductos agr\\u00edcolas. Se trata de la primera medida p\\u00fablica tomada desde la flamante Secretar\\u00eda de Bioeconom\\u00eda, a cargo de Fernando Vilella. En rigor, se conoci\\u00f3 que la Subsecretar\\u00eda de Mercados Agroalimentarios y Negociaciones Internacionales, instrument\\u00f3 el cierre del registro de las Declaraciones Juradas de Venta\",\"inLanguage\":\"es-AR\",\"isPartOf\":{\"@id\":\"https:\\\/\\\/loboproduccionesaudiovisuales.ar\\\/#website\"},\"breadcrumb\":{\"@id\":\"https:\\\/\\\/loboproduccionesaudiovisuales.ar\\\/?p=6054#breadcrumblist\"},\"author\":{\"@id\":\"https:\\\/\\\/loboproduccionesaudiovisuales.ar\\\/?author=3#author\"},\"creator\":{\"@id\":\"https:\\\/\\\/loboproduccionesaudiovisuales.ar\\\/?author=3#author\"},\"image\":{\"@type\":\"ImageObject\",\"url\":\"https:\\\/\\\/loboproduccionesaudiovisuales.ar\\\/wp-content\\\/uploads\\\/2023\\\/12\\\/f_1650893888.jpg\",\"@id\":\"https:\\\/\\\/loboproduccionesaudiovisuales.ar\\\/?p=6054\\\/#mainImage\",\"width\":1032,\"height\":688},\"primaryImageOfPage\":{\"@id\":\"https:\\\/\\\/loboproduccionesaudiovisuales.ar\\\/?p=6054#mainImage\"},\"datePublished\":\"2023-12-12T09:58:34-03:00\",\"dateModified\":\"2023-12-12T09:58:34-03:00\"},{\"@type\":\"WebSite\",\"@id\":\"https:\\\/\\\/loboproduccionesaudiovisuales.ar\\\/#website\",\"url\":\"https:\\\/\\\/loboproduccionesaudiovisuales.ar\\\/\",\"name\":\"loboproduccionesaudiovisuales.ar\",\"alternateName\":\"Lobo Producciones\",\"description\":\"Sitio digital de noticias agroindustriales\",\"inLanguage\":\"es-AR\",\"publisher\":{\"@id\":\"https:\\\/\\\/loboproduccionesaudiovisuales.ar\\\/#organization\"}}]}\n\t\t<\/script>\n\t\t<!-- All in One SEO -->\n\n","aioseo_head_json":{"title":"Fernando Vilella cerr\u00f3 todos los registros de exportadores granarios - LOBO PRODUCCIONES AUDIOVISUALES","description":"El gobierno cerr\u00f3 los registros para exportar granos y subproductos agr\u00edcolas. Se trata de la primera medida p\u00fablica tomada desde la flamante Secretar\u00eda de Bioeconom\u00eda, a cargo de Fernando Vilella. En rigor, se conoci\u00f3 que la Subsecretar\u00eda de Mercados Agroalimentarios y Negociaciones Internacionales, instrument\u00f3 el cierre del registro de las Declaraciones Juradas de Venta","canonical_url":"https:\/\/loboproduccionesaudiovisuales.ar\/?p=6054","robots":"max-image-preview:large","keywords":"","webmasterTools":{"miscellaneous":""},"schema":{"@context":"https:\/\/schema.org","@graph":[{"@type":"BlogPosting","@id":"https:\/\/loboproduccionesaudiovisuales.ar\/?p=6054#blogposting","name":"Fernando Vilella cerr\u00f3 todos los registros de exportadores granarios - LOBO PRODUCCIONES AUDIOVISUALES","headline":"Fernando Vilella cerr\u00f3 todos los registros de exportadores granarios","author":{"@id":"https:\/\/loboproduccionesaudiovisuales.ar\/?author=3#author"},"publisher":{"@id":"https:\/\/loboproduccionesaudiovisuales.ar\/#organization"},"image":{"@type":"ImageObject","url":"https:\/\/loboproduccionesaudiovisuales.ar\/wp-content\/uploads\/2023\/12\/f_1650893888.jpg","width":1032,"height":688},"datePublished":"2023-12-12T09:58:34-03:00","dateModified":"2023-12-12T09:58:34-03:00","inLanguage":"es-AR","mainEntityOfPage":{"@id":"https:\/\/loboproduccionesaudiovisuales.ar\/?p=6054#webpage"},"isPartOf":{"@id":"https:\/\/loboproduccionesaudiovisuales.ar\/?p=6054#webpage"},"articleSection":"ACTUALIDAD, AGRO, Fernando Vilella"},{"@type":"BreadcrumbList","@id":"https:\/\/loboproduccionesaudiovisuales.ar\/?p=6054#breadcrumblist","itemListElement":[{"@type":"ListItem","@id":"https:\/\/loboproduccionesaudiovisuales.ar#listItem","position":1,"name":"Home","item":"https:\/\/loboproduccionesaudiovisuales.ar","nextItem":{"@type":"ListItem","@id":"https:\/\/loboproduccionesaudiovisuales.ar\/?cat=2#listItem","name":"AGRO"}},{"@type":"ListItem","@id":"https:\/\/loboproduccionesaudiovisuales.ar\/?cat=2#listItem","position":2,"name":"AGRO","item":"https:\/\/loboproduccionesaudiovisuales.ar\/?cat=2","nextItem":{"@type":"ListItem","@id":"https:\/\/loboproduccionesaudiovisuales.ar\/?p=6054#listItem","name":"Fernando Vilella cerr\u00f3 todos los registros de exportadores granarios"},"previousItem":{"@type":"ListItem","@id":"https:\/\/loboproduccionesaudiovisuales.ar#listItem","name":"Home"}},{"@type":"ListItem","@id":"https:\/\/loboproduccionesaudiovisuales.ar\/?p=6054#listItem","position":3,"name":"Fernando Vilella cerr\u00f3 todos los registros de exportadores granarios","previousItem":{"@type":"ListItem","@id":"https:\/\/loboproduccionesaudiovisuales.ar\/?cat=2#listItem","name":"AGRO"}}]},{"@type":"Organization","@id":"https:\/\/loboproduccionesaudiovisuales.ar\/#organization","name":"loboproduccionesaudiovisuales.ar","description":"Sitio digital de noticias agroindustriales","url":"https:\/\/loboproduccionesaudiovisuales.ar\/","logo":{"@type":"ImageObject","url":"https:\/\/loboproduccionesaudiovisuales.ar\/wp-content\/uploads\/2023\/07\/LPA-web.jpg","@id":"https:\/\/loboproduccionesaudiovisuales.ar\/?p=6054\/#organizationLogo","width":500,"height":144},"image":{"@id":"https:\/\/loboproduccionesaudiovisuales.ar\/?p=6054\/#organizationLogo"}},{"@type":"Person","@id":"https:\/\/loboproduccionesaudiovisuales.ar\/?author=3#author","url":"https:\/\/loboproduccionesaudiovisuales.ar\/?author=3","name":"Gustavo Werner","image":{"@type":"ImageObject","@id":"https:\/\/loboproduccionesaudiovisuales.ar\/?p=6054#authorImage","url":"https:\/\/loboproduccionesaudiovisuales.ar\/wp-content\/litespeed\/avatar\/de09dfb254ecca8d89a27b1f284fdb4d.jpg?ver=1788575391","width":96,"height":96,"caption":"Gustavo Werner"}},{"@type":"WebPage","@id":"https:\/\/loboproduccionesaudiovisuales.ar\/?p=6054#webpage","url":"https:\/\/loboproduccionesaudiovisuales.ar\/?p=6054","name":"Fernando Vilella cerr\u00f3 todos los registros de exportadores granarios - LOBO PRODUCCIONES AUDIOVISUALES","description":"El gobierno cerr\u00f3 los registros para exportar granos y subproductos agr\u00edcolas. Se trata de la primera medida p\u00fablica tomada desde la flamante Secretar\u00eda de Bioeconom\u00eda, a cargo de Fernando Vilella. En rigor, se conoci\u00f3 que la Subsecretar\u00eda de Mercados Agroalimentarios y Negociaciones Internacionales, instrument\u00f3 el cierre del registro de las Declaraciones Juradas de Venta","inLanguage":"es-AR","isPartOf":{"@id":"https:\/\/loboproduccionesaudiovisuales.ar\/#website"},"breadcrumb":{"@id":"https:\/\/loboproduccionesaudiovisuales.ar\/?p=6054#breadcrumblist"},"author":{"@id":"https:\/\/loboproduccionesaudiovisuales.ar\/?author=3#author"},"creator":{"@id":"https:\/\/loboproduccionesaudiovisuales.ar\/?author=3#author"},"image":{"@type":"ImageObject","url":"https:\/\/loboproduccionesaudiovisuales.ar\/wp-content\/uploads\/2023\/12\/f_1650893888.jpg","@id":"https:\/\/loboproduccionesaudiovisuales.ar\/?p=6054\/#mainImage","width":1032,"height":688},"primaryImageOfPage":{"@id":"https:\/\/loboproduccionesaudiovisuales.ar\/?p=6054#mainImage"},"datePublished":"2023-12-12T09:58:34-03:00","dateModified":"2023-12-12T09:58:34-03:00"},{"@type":"WebSite","@id":"https:\/\/loboproduccionesaudiovisuales.ar\/#website","url":"https:\/\/loboproduccionesaudiovisuales.ar\/","name":"loboproduccionesaudiovisuales.ar","alternateName":"Lobo Producciones","description":"Sitio digital de noticias agroindustriales","inLanguage":"es-AR","publisher":{"@id":"https:\/\/loboproduccionesaudiovisuales.ar\/#organization"}}]},"og:locale":"es_ES","og:site_name":"LOBO PRODUCCIONES AUDIOVISUALES - Sitio digital de noticias agroindustriales","og:type":"article","og:title":"Fernando Vilella cerr\u00f3 todos los registros de exportadores granarios - LOBO PRODUCCIONES AUDIOVISUALES","og:description":"El gobierno cerr\u00f3 los registros para exportar granos y subproductos agr\u00edcolas. Se trata de la primera medida p\u00fablica tomada desde la flamante Secretar\u00eda de Bioeconom\u00eda, a cargo de Fernando Vilella. En rigor, se conoci\u00f3 que la Subsecretar\u00eda de Mercados Agroalimentarios y Negociaciones Internacionales, instrument\u00f3 el cierre del registro de las Declaraciones Juradas de Venta","og:url":"https:\/\/loboproduccionesaudiovisuales.ar\/?p=6054","og:image":"https:\/\/loboproduccionesaudiovisuales.ar\/wp-content\/uploads\/2023\/07\/LPA-web.jpg","og:image:secure_url":"https:\/\/loboproduccionesaudiovisuales.ar\/wp-content\/uploads\/2023\/07\/LPA-web.jpg","article:published_time":"2023-12-12T12:58:34+00:00","article:modified_time":"2023-12-12T12:58:34+00:00","twitter:card":"summary_large_image","twitter:title":"Fernando Vilella cerr\u00f3 todos los registros de exportadores granarios - LOBO PRODUCCIONES AUDIOVISUALES","twitter:description":"El gobierno cerr\u00f3 los registros para exportar granos y subproductos agr\u00edcolas. Se trata de la primera medida p\u00fablica tomada desde la flamante Secretar\u00eda de Bioeconom\u00eda, a cargo de Fernando Vilella. En rigor, se conoci\u00f3 que la Subsecretar\u00eda de Mercados Agroalimentarios y Negociaciones Internacionales, instrument\u00f3 el cierre del registro de las Declaraciones Juradas de Venta","twitter:image":"https:\/\/loboproduccionesaudiovisuales.ar\/wp-content\/uploads\/2023\/07\/LPA-web.jpg"},"aioseo_meta_data":{"post_id":"6054","title":null,"description":null,"keywords":[],"keyphrases":{"focus":{"keyphrase":"","score":0,"analysis":{"keyphraseInTitle":{"score":0,"maxScore":9,"error":1}}},"additional":[]},"primary_term":null,"canonical_url":null,"og_title":null,"og_description":null,"og_object_type":"default","og_image_type":"default","og_image_url":null,"og_image_width":null,"og_image_height":null,"og_image_custom_url":null,"og_image_custom_fields":null,"og_video":"","og_custom_url":null,"og_article_section":null,"og_article_tags":[],"twitter_use_og":false,"twitter_card":"default","twitter_image_type":"default","twitter_image_url":null,"twitter_image_custom_url":null,"twitter_image_custom_fields":null,"twitter_title":null,"twitter_description":null,"schema":{"blockGraphs":[],"customGraphs":[],"default":{"data":{"Article":[],"Course":[],"Dataset":[],"FAQPage":[],"Movie":[],"Person":[],"Product":[],"ProductReview":[],"Car":[],"Recipe":[],"Service":[],"SoftwareApplication":[],"WebPage":[]},"graphName":"BlogPosting","isEnabled":true},"graphs":[]},"schema_type":"default","schema_type_options":null,"pillar_content":false,"robots_default":true,"robots_noindex":false,"robots_noarchive":false,"robots_nosnippet":false,"robots_nofollow":false,"robots_noimageindex":false,"robots_noodp":false,"robots_notranslate":false,"robots_max_snippet":"-1","robots_max_videopreview":"-1","robots_max_imagepreview":"large","priority":null,"frequency":"default","local_seo":null,"breadcrumb_settings":null,"limit_modified_date":false,"ai":null,"created":"2023-12-12 12:58:34","updated":"2025-06-04 22:44:34","seo_analyzer_scan_date":null,"focus_keyword":null,"additional_keywords":null,"truseo_locale":null},"aioseo_breadcrumb":"<div class=\"aioseo-breadcrumbs\"><span class=\"aioseo-breadcrumb\">\n\t\t\t<a href=\"https:\/\/loboproduccionesaudiovisuales.ar\" title=\"Home\">Home<\/a>\n\t\t<\/span><span class=\"aioseo-breadcrumb-separator\">&raquo;<\/span><span class=\"aioseo-breadcrumb\">\n\t\t\t<a href=\"https:\/\/loboproduccionesaudiovisuales.ar\/?cat=2\" title=\"AGRO\">AGRO<\/a>\n\t\t<\/span><span class=\"aioseo-breadcrumb-separator\">&raquo;<\/span><span class=\"aioseo-breadcrumb\">\n\t\t\tFernando Vilella cerr\u00f3 todos los registros de exportadores granarios\n\t\t<\/span><\/div>","aioseo_breadcrumb_json":[{"label":"Home","link":"https:\/\/loboproduccionesaudiovisuales.ar"},{"label":"AGRO","link":"https:\/\/loboproduccionesaudiovisuales.ar\/?cat=2"},{"label":"Fernando Vilella cerr\u00f3 todos los registros de exportadores granarios","link":"https:\/\/loboproduccionesaudiovisuales.ar\/?p=6054"}],"_links":{"self":[{"href":"https:\/\/loboproduccionesaudiovisuales.ar\/index.php?rest_route=\/wp\/v2\/posts\/6054","targetHints":{"allow":["GET"]}}],"collection":[{"href":"https:\/\/loboproduccionesaudiovisuales.ar\/index.php?rest_route=\/wp\/v2\/posts"}],"about":[{"href":"https:\/\/loboproduccionesaudiovisuales.ar\/index.php?rest_route=\/wp\/v2\/types\/post"}],"author":[{"embeddable":true,"href":"https:\/\/loboproduccionesaudiovisuales.ar\/index.php?rest_route=\/wp\/v2\/users\/3"}],"replies":[{"embeddable":true,"href":"https:\/\/loboproduccionesaudiovisuales.ar\/index.php?rest_route=%2Fwp%2Fv2%2Fcomments&post=6054"}],"version-history":[{"count":1,"href":"https:\/\/loboproduccionesaudiovisuales.ar\/index.php?rest_route=\/wp\/v2\/posts\/6054\/revisions"}],"predecessor-version":[{"id":6056,"href":"https:\/\/loboproduccionesaudiovisuales.ar\/index.php?rest_route=\/wp\/v2\/posts\/6054\/revisions\/6056"}],"wp:featuredmedia":[{"embeddable":true,"href":"https:\/\/loboproduccionesaudiovisuales.ar\/index.php?rest_route=\/wp\/v2\/media\/6055"}],"wp:attachment":[{"href":"https:\/\/loboproduccionesaudiovisuales.ar\/index.php?rest_route=%2Fwp%2Fv2%2Fmedia&parent=6054"}],"wp:term":[{"taxonomy":"category","embeddable":true,"href":"https:\/\/loboproduccionesaudiovisuales.ar\/index.php?rest_route=%2Fwp%2Fv2%2Fcategories&post=6054"},{"taxonomy":"post_tag","embeddable":true,"href":"https:\/\/loboproduccionesaudiovisuales.ar\/index.php?rest_route=%2Fwp%2Fv2%2Ftags&post=6054"}],"curies":[{"name":"wp","href":"https:\/\/api.w.org\/{rel}","templated":true}]}}