{"id":5408,"date":"2023-11-22T16:48:09","date_gmt":"2023-11-22T19:48:09","guid":{"rendered":"https:\/\/loboproduccionesaudiovisuales.ar\/?p=5408"},"modified":"2023-11-22T16:48:09","modified_gmt":"2023-11-22T19:48:09","slug":"bahillo-se-reunio-con-referentes-del-agro-de-milei-para-empezar-la-transicion","status":"publish","type":"post","link":"https:\/\/loboproduccionesaudiovisuales.ar\/?p=5408","title":{"rendered":"Bahillo se reuni\u00f3 con referentes del agro de Milei para empezar la transici\u00f3n"},"content":{"rendered":"<p><strong>Durante la reuni\u00f3n, que dur\u00f3 m\u00e1s de una hora y media, ambas partes &#8220;acordaron equipos para trabajar en la transici\u00f3n que lleva adelante el presidente Alberto Fern\u00e1ndez&#8221;, informaron desde Agricultura.<\/strong><\/p>\n<p>&nbsp;<\/p>\n<p>El secretario de Agricultura, Ganader\u00eda y Pesca, Juan Jos\u00e9 Bahillo, acompa\u00f1ado por sus colaboradores, se reunieron con referentes del sector que forman parte del equipo del presidente electo Javier Milei, encabezados por el ingeniero agr\u00f3nomo Fernando Vilella, con el objetivo de comenzar la transici\u00f3n en la cartera agropecuaria.<\/p>\n<p>Del encuentro, que se llev\u00f3 a cabo esta tarde en la sede de la Secretar\u00eda, en avenida Paseo Col\u00f3n al 900, tambi\u00e9n particip\u00f3 el jefe de Gabinete, Juan Manuel Fern\u00e1ndez Arocena, y el subsecretario de Gesti\u00f3n Administrativa, Rosendo Tarsetti.<\/p>\n<p>Por el lado del equipo de Javier Milei, adem\u00e1s de Vilella, estuvieron el presidente de la Asociaci\u00f3n de Ma\u00edz y Sorgo Argentino (Maizar), Pedro Vignau; y el expresidente de la Fundaci\u00f3n Barbechando, Germ\u00e1n Paats.<\/p>\n<p>Durante la reuni\u00f3n, que dur\u00f3 m\u00e1s de una hora y media, ambas partes \u00abacordaron equipos para trabajar en la transici\u00f3n que lleva adelante el presidente Alberto Fern\u00e1ndez\u00bb, comunicaron desde Agricultura.<\/p>\n","protected":false},"excerpt":{"rendered":"<p>Durante la reuni\u00f3n, que dur\u00f3 m\u00e1s de una hora y media, ambas partes &#8220;acordaron equipos para trabajar en la transici\u00f3n&hellip;<\/p>\n","protected":false},"author":3,"featured_media":5409,"comment_status":"open","ping_status":"open","sticky":false,"template":"","format":"standard","meta":{"footnotes":""},"categories":[5,112],"tags":[130,127],"class_list":["post-5408","post","type-post","status-publish","format-standard","has-post-thumbnail","hentry","category-actualidad","category-politica","tag-bahillo","tag-milei"],"aioseo_notices":[],"_links":{"self":[{"href":"https:\/\/loboproduccionesaudiovisuales.ar\/index.php?rest_route=\/wp\/v2\/posts\/5408","targetHints":{"allow":["GET"]}}],"collection":[{"href":"https:\/\/loboproduccionesaudiovisuales.ar\/index.php?rest_route=\/wp\/v2\/posts"}],"about":[{"href":"https:\/\/loboproduccionesaudiovisuales.ar\/index.php?rest_route=\/wp\/v2\/types\/post"}],"author":[{"embeddable":true,"href":"https:\/\/loboproduccionesaudiovisuales.ar\/index.php?rest_route=\/wp\/v2\/users\/3"}],"replies":[{"embeddable":true,"href":"https:\/\/loboproduccionesaudiovisuales.ar\/index.php?rest_route=%2Fwp%2Fv2%2Fcomments&post=5408"}],"version-history":[{"count":1,"href":"https:\/\/loboproduccionesaudiovisuales.ar\/index.php?rest_route=\/wp\/v2\/posts\/5408\/revisions"}],"predecessor-version":[{"id":5410,"href":"https:\/\/loboproduccionesaudiovisuales.ar\/index.php?rest_route=\/wp\/v2\/posts\/5408\/revisions\/5410"}],"wp:featuredmedia":[{"embeddable":true,"href":"https:\/\/loboproduccionesaudiovisuales.ar\/index.php?rest_route=\/wp\/v2\/media\/5409"}],"wp:attachment":[{"href":"https:\/\/loboproduccionesaudiovisuales.ar\/index.php?rest_route=%2Fwp%2Fv2%2Fmedia&parent=5408"}],"wp:term":[{"taxonomy":"category","embeddable":true,"href":"https:\/\/loboproduccionesaudiovisuales.ar\/index.php?rest_route=%2Fwp%2Fv2%2Fcategories&post=5408"},{"taxonomy":"post_tag","embeddable":true,"href":"https:\/\/loboproduccionesaudiovisuales.ar\/index.php?rest_route=%2Fwp%2Fv2%2Ftags&post=5408"}],"curies":[{"name":"wp","href":"https:\/\/api.w.org\/{rel}","templated":true}]}}