{"id":5399,"date":"2023-11-21T17:15:19","date_gmt":"2023-11-21T20:15:19","guid":{"rendered":"https:\/\/loboproduccionesaudiovisuales.ar\/?p=5399"},"modified":"2023-11-21T17:15:19","modified_gmt":"2023-11-21T20:15:19","slug":"en-relacion-al-ano-pasado-en-este-ciclo-se-produce-menos-lino","status":"publish","type":"post","link":"https:\/\/loboproduccionesaudiovisuales.ar\/?p=5399","title":{"rendered":"En relaci\u00f3n al a\u00f1o pasado, en este ciclo se produce menos lino"},"content":{"rendered":"<article class=\"cont-cuerpo\">\n<section class=\"texto\"><strong>La Bolsa report\u00f3 una merma de 600 hect\u00e1reas en relaci\u00f3n a la campa\u00f1a pasada.<\/strong><\/p>\n<p>&nbsp;<\/p>\n<p>En Entre R\u00edos la superficie cultivada con lino registr\u00f3 una ca\u00edda interanual del 5%, unas 600 hect\u00e1reas, seg\u00fan el informe de la Bolsa de Cereales. Tal reducci\u00f3n se atribuye a un excedente de grano no comercializado de la campa\u00f1a 2022\/23, a una menor demanda de pa\u00edses vecinos y a una cotizaci\u00f3n m\u00e1s baja de la oleaginosa en comparaci\u00f3n con el a\u00f1o anterior, lo que ha disminuido el inter\u00e9s. Adem\u00e1s, el exceso de precipitaciones en la fecha \u00f3ptima de implantaci\u00f3n impidi\u00f3 alcanzar los objetivos de siembra previstos.<\/p>\n<p>En la campa\u00f1a 2023\/24, de la superficie total sembrada con lino en Entre R\u00edos que es de 11.600 ha, el 51 % del \u00e1rea se ubica en los departamentos La Paz, Nogoy\u00e1, San Salvador y Villaguay.<\/p>\n<p>En tanto, se inici\u00f3 la siembra de soja de primera, gracias a que las lluvias de las \u00faltimas semanas recargaron los suelos en todo el territorio provincial, y ya se implantaron m\u00e1s de 45.000 hect\u00e1reas, un 10% de las 452.000 que se esperan lograr en esta temporada.<\/p>\n<\/section>\n<\/article>\n","protected":false},"excerpt":{"rendered":"<p>La Bolsa report\u00f3 una merma de 600 hect\u00e1reas en relaci\u00f3n a la campa\u00f1a pasada. &nbsp; En Entre R\u00edos la superficie&hellip;<\/p>\n","protected":false},"author":3,"featured_media":5400,"comment_status":"open","ping_status":"open","sticky":false,"template":"","format":"standard","meta":{"footnotes":""},"categories":[5,128],"tags":[],"class_list":["post-5399","post","type-post","status-publish","format-standard","has-post-thumbnail","hentry","category-actualidad","category-entre-rios"],"aioseo_notices":[],"aioseo_head":"\n\t\t<!-- All in One SEO 5.0.1.1 - aioseo.com -->\n\t<meta name=\"description\" content=\"La Bolsa report\u00f3 una merma de 600 hect\u00e1reas en relaci\u00f3n a la campa\u00f1a pasada. En Entre R\u00edos la superficie cultivada con lino registr\u00f3 una ca\u00edda interanual del 5%, unas 600 hect\u00e1reas, seg\u00fan el informe de la Bolsa de Cereales. Tal reducci\u00f3n se atribuye a un excedente de grano no comercializado de la campa\u00f1a 2022\/23,\" \/>\n\t<meta name=\"robots\" content=\"max-image-preview:large\" \/>\n\t<meta name=\"author\" content=\"Gustavo Werner\"\/>\n\t<link rel=\"canonical\" href=\"https:\/\/loboproduccionesaudiovisuales.ar\/?p=5399\" \/>\n\t<meta name=\"generator\" content=\"All in One SEO (AIOSEO) 5.0.1.1\" \/>\n\t\t<meta property=\"og:locale\" content=\"es_ES\" \/>\n\t\t<meta property=\"og:site_name\" content=\"LOBO PRODUCCIONES AUDIOVISUALES - Sitio digital de noticias agroindustriales\" \/>\n\t\t<meta property=\"og:type\" content=\"article\" \/>\n\t\t<meta property=\"og:title\" content=\"En relaci\u00f3n al a\u00f1o pasado, en este ciclo se produce menos lino - LOBO PRODUCCIONES AUDIOVISUALES\" \/>\n\t\t<meta property=\"og:description\" content=\"La Bolsa report\u00f3 una merma de 600 hect\u00e1reas en relaci\u00f3n a la campa\u00f1a pasada. En Entre R\u00edos la superficie cultivada con lino registr\u00f3 una ca\u00edda interanual del 5%, unas 600 hect\u00e1reas, seg\u00fan el informe de la Bolsa de Cereales. Tal reducci\u00f3n se atribuye a un excedente de grano no comercializado de la campa\u00f1a 2022\/23,\" \/>\n\t\t<meta property=\"og:url\" content=\"https:\/\/loboproduccionesaudiovisuales.ar\/?p=5399\" \/>\n\t\t<meta property=\"og:image\" content=\"https:\/\/loboproduccionesaudiovisuales.ar\/wp-content\/uploads\/2023\/07\/LPA-web.jpg\" \/>\n\t\t<meta property=\"og:image:secure_url\" content=\"https:\/\/loboproduccionesaudiovisuales.ar\/wp-content\/uploads\/2023\/07\/LPA-web.jpg\" \/>\n\t\t<meta property=\"article:published_time\" content=\"2023-11-21T20:15:19+00:00\" \/>\n\t\t<meta property=\"article:modified_time\" content=\"2023-11-21T20:15:19+00:00\" \/>\n\t\t<meta name=\"twitter:card\" content=\"summary_large_image\" \/>\n\t\t<meta name=\"twitter:title\" content=\"En relaci\u00f3n al a\u00f1o pasado, en este ciclo se produce menos lino - LOBO PRODUCCIONES AUDIOVISUALES\" \/>\n\t\t<meta name=\"twitter:description\" content=\"La Bolsa report\u00f3 una merma de 600 hect\u00e1reas en relaci\u00f3n a la campa\u00f1a pasada. En Entre R\u00edos la superficie cultivada con lino registr\u00f3 una ca\u00edda interanual del 5%, unas 600 hect\u00e1reas, seg\u00fan el informe de la Bolsa de Cereales. Tal reducci\u00f3n se atribuye a un excedente de grano no comercializado de la campa\u00f1a 2022\/23,\" \/>\n\t\t<meta name=\"twitter:image\" content=\"https:\/\/loboproduccionesaudiovisuales.ar\/wp-content\/uploads\/2023\/07\/LPA-web.jpg\" \/>\n\t\t<script type=\"application\/ld+json\" class=\"aioseo-schema\">\n\t\t\t{\"@context\":\"https:\\\/\\\/schema.org\",\"@graph\":[{\"@type\":\"BlogPosting\",\"@id\":\"https:\\\/\\\/loboproduccionesaudiovisuales.ar\\\/?p=5399#blogposting\",\"name\":\"En relaci\\u00f3n al a\\u00f1o pasado, en este ciclo se produce menos lino - LOBO PRODUCCIONES AUDIOVISUALES\",\"headline\":\"En relaci\\u00f3n al a\\u00f1o pasado, en este ciclo se produce menos lino\",\"author\":{\"@id\":\"https:\\\/\\\/loboproduccionesaudiovisuales.ar\\\/?author=3#author\"},\"publisher\":{\"@id\":\"https:\\\/\\\/loboproduccionesaudiovisuales.ar\\\/#organization\"},\"image\":{\"@type\":\"ImageObject\",\"url\":\"https:\\\/\\\/loboproduccionesaudiovisuales.ar\\\/wp-content\\\/uploads\\\/2023\\\/11\\\/lino-productor-entre-rios-infocampo.jpg\",\"width\":1000,\"height\":570},\"datePublished\":\"2023-11-21T17:15:19-03:00\",\"dateModified\":\"2023-11-21T17:15:19-03:00\",\"inLanguage\":\"es-AR\",\"mainEntityOfPage\":{\"@id\":\"https:\\\/\\\/loboproduccionesaudiovisuales.ar\\\/?p=5399#webpage\"},\"isPartOf\":{\"@id\":\"https:\\\/\\\/loboproduccionesaudiovisuales.ar\\\/?p=5399#webpage\"},\"articleSection\":\"ACTUALIDAD, ENTRE RIOS\"},{\"@type\":\"BreadcrumbList\",\"@id\":\"https:\\\/\\\/loboproduccionesaudiovisuales.ar\\\/?p=5399#breadcrumblist\",\"itemListElement\":[{\"@type\":\"ListItem\",\"@id\":\"https:\\\/\\\/loboproduccionesaudiovisuales.ar#listItem\",\"position\":1,\"name\":\"Home\",\"item\":\"https:\\\/\\\/loboproduccionesaudiovisuales.ar\",\"nextItem\":{\"@type\":\"ListItem\",\"@id\":\"https:\\\/\\\/loboproduccionesaudiovisuales.ar\\\/?cat=5#listItem\",\"name\":\"ACTUALIDAD\"}},{\"@type\":\"ListItem\",\"@id\":\"https:\\\/\\\/loboproduccionesaudiovisuales.ar\\\/?cat=5#listItem\",\"position\":2,\"name\":\"ACTUALIDAD\",\"item\":\"https:\\\/\\\/loboproduccionesaudiovisuales.ar\\\/?cat=5\",\"nextItem\":{\"@type\":\"ListItem\",\"@id\":\"https:\\\/\\\/loboproduccionesaudiovisuales.ar\\\/?p=5399#listItem\",\"name\":\"En relaci\\u00f3n al a\\u00f1o pasado, en este ciclo se produce menos lino\"},\"previousItem\":{\"@type\":\"ListItem\",\"@id\":\"https:\\\/\\\/loboproduccionesaudiovisuales.ar#listItem\",\"name\":\"Home\"}},{\"@type\":\"ListItem\",\"@id\":\"https:\\\/\\\/loboproduccionesaudiovisuales.ar\\\/?p=5399#listItem\",\"position\":3,\"name\":\"En relaci\\u00f3n al a\\u00f1o pasado, en este ciclo se produce menos lino\",\"previousItem\":{\"@type\":\"ListItem\",\"@id\":\"https:\\\/\\\/loboproduccionesaudiovisuales.ar\\\/?cat=5#listItem\",\"name\":\"ACTUALIDAD\"}}]},{\"@type\":\"Organization\",\"@id\":\"https:\\\/\\\/loboproduccionesaudiovisuales.ar\\\/#organization\",\"name\":\"loboproduccionesaudiovisuales.ar\",\"description\":\"Sitio digital de noticias agroindustriales\",\"url\":\"https:\\\/\\\/loboproduccionesaudiovisuales.ar\\\/\",\"logo\":{\"@type\":\"ImageObject\",\"url\":\"https:\\\/\\\/loboproduccionesaudiovisuales.ar\\\/wp-content\\\/uploads\\\/2023\\\/07\\\/LPA-web.jpg\",\"@id\":\"https:\\\/\\\/loboproduccionesaudiovisuales.ar\\\/?p=5399\\\/#organizationLogo\",\"width\":500,\"height\":144},\"image\":{\"@id\":\"https:\\\/\\\/loboproduccionesaudiovisuales.ar\\\/?p=5399\\\/#organizationLogo\"}},{\"@type\":\"Person\",\"@id\":\"https:\\\/\\\/loboproduccionesaudiovisuales.ar\\\/?author=3#author\",\"url\":\"https:\\\/\\\/loboproduccionesaudiovisuales.ar\\\/?author=3\",\"name\":\"Gustavo Werner\",\"image\":{\"@type\":\"ImageObject\",\"@id\":\"https:\\\/\\\/loboproduccionesaudiovisuales.ar\\\/?p=5399#authorImage\",\"url\":\"https:\\\/\\\/loboproduccionesaudiovisuales.ar\\\/wp-content\\\/litespeed\\\/avatar\\\/de09dfb254ecca8d89a27b1f284fdb4d.jpg?ver=1788575391\",\"width\":96,\"height\":96,\"caption\":\"Gustavo Werner\"}},{\"@type\":\"WebPage\",\"@id\":\"https:\\\/\\\/loboproduccionesaudiovisuales.ar\\\/?p=5399#webpage\",\"url\":\"https:\\\/\\\/loboproduccionesaudiovisuales.ar\\\/?p=5399\",\"name\":\"En relaci\\u00f3n al a\\u00f1o pasado, en este ciclo se produce menos lino - LOBO PRODUCCIONES AUDIOVISUALES\",\"description\":\"La Bolsa report\\u00f3 una merma de 600 hect\\u00e1reas en relaci\\u00f3n a la campa\\u00f1a pasada. En Entre R\\u00edos la superficie cultivada con lino registr\\u00f3 una ca\\u00edda interanual del 5%, unas 600 hect\\u00e1reas, seg\\u00fan el informe de la Bolsa de Cereales. Tal reducci\\u00f3n se atribuye a un excedente de grano no comercializado de la campa\\u00f1a 2022\\\/23,\",\"inLanguage\":\"es-AR\",\"isPartOf\":{\"@id\":\"https:\\\/\\\/loboproduccionesaudiovisuales.ar\\\/#website\"},\"breadcrumb\":{\"@id\":\"https:\\\/\\\/loboproduccionesaudiovisuales.ar\\\/?p=5399#breadcrumblist\"},\"author\":{\"@id\":\"https:\\\/\\\/loboproduccionesaudiovisuales.ar\\\/?author=3#author\"},\"creator\":{\"@id\":\"https:\\\/\\\/loboproduccionesaudiovisuales.ar\\\/?author=3#author\"},\"image\":{\"@type\":\"ImageObject\",\"url\":\"https:\\\/\\\/loboproduccionesaudiovisuales.ar\\\/wp-content\\\/uploads\\\/2023\\\/11\\\/lino-productor-entre-rios-infocampo.jpg\",\"@id\":\"https:\\\/\\\/loboproduccionesaudiovisuales.ar\\\/?p=5399\\\/#mainImage\",\"width\":1000,\"height\":570},\"primaryImageOfPage\":{\"@id\":\"https:\\\/\\\/loboproduccionesaudiovisuales.ar\\\/?p=5399#mainImage\"},\"datePublished\":\"2023-11-21T17:15:19-03:00\",\"dateModified\":\"2023-11-21T17:15:19-03:00\"},{\"@type\":\"WebSite\",\"@id\":\"https:\\\/\\\/loboproduccionesaudiovisuales.ar\\\/#website\",\"url\":\"https:\\\/\\\/loboproduccionesaudiovisuales.ar\\\/\",\"name\":\"loboproduccionesaudiovisuales.ar\",\"alternateName\":\"Lobo Producciones\",\"description\":\"Sitio digital de noticias agroindustriales\",\"inLanguage\":\"es-AR\",\"publisher\":{\"@id\":\"https:\\\/\\\/loboproduccionesaudiovisuales.ar\\\/#organization\"}}]}\n\t\t<\/script>\n\t\t<!-- All in One SEO -->\n\n","aioseo_head_json":{"title":"En relaci\u00f3n al a\u00f1o pasado, en este ciclo se produce menos lino - LOBO PRODUCCIONES AUDIOVISUALES","description":"La Bolsa report\u00f3 una merma de 600 hect\u00e1reas en relaci\u00f3n a la campa\u00f1a pasada. En Entre R\u00edos la superficie cultivada con lino registr\u00f3 una ca\u00edda interanual del 5%, unas 600 hect\u00e1reas, seg\u00fan el informe de la Bolsa de Cereales. Tal reducci\u00f3n se atribuye a un excedente de grano no comercializado de la campa\u00f1a 2022\/23,","canonical_url":"https:\/\/loboproduccionesaudiovisuales.ar\/?p=5399","robots":"max-image-preview:large","keywords":"","webmasterTools":{"miscellaneous":""},"schema":{"@context":"https:\/\/schema.org","@graph":[{"@type":"BlogPosting","@id":"https:\/\/loboproduccionesaudiovisuales.ar\/?p=5399#blogposting","name":"En relaci\u00f3n al a\u00f1o pasado, en este ciclo se produce menos lino - LOBO PRODUCCIONES AUDIOVISUALES","headline":"En relaci\u00f3n al a\u00f1o pasado, en este ciclo se produce menos lino","author":{"@id":"https:\/\/loboproduccionesaudiovisuales.ar\/?author=3#author"},"publisher":{"@id":"https:\/\/loboproduccionesaudiovisuales.ar\/#organization"},"image":{"@type":"ImageObject","url":"https:\/\/loboproduccionesaudiovisuales.ar\/wp-content\/uploads\/2023\/11\/lino-productor-entre-rios-infocampo.jpg","width":1000,"height":570},"datePublished":"2023-11-21T17:15:19-03:00","dateModified":"2023-11-21T17:15:19-03:00","inLanguage":"es-AR","mainEntityOfPage":{"@id":"https:\/\/loboproduccionesaudiovisuales.ar\/?p=5399#webpage"},"isPartOf":{"@id":"https:\/\/loboproduccionesaudiovisuales.ar\/?p=5399#webpage"},"articleSection":"ACTUALIDAD, ENTRE RIOS"},{"@type":"BreadcrumbList","@id":"https:\/\/loboproduccionesaudiovisuales.ar\/?p=5399#breadcrumblist","itemListElement":[{"@type":"ListItem","@id":"https:\/\/loboproduccionesaudiovisuales.ar#listItem","position":1,"name":"Home","item":"https:\/\/loboproduccionesaudiovisuales.ar","nextItem":{"@type":"ListItem","@id":"https:\/\/loboproduccionesaudiovisuales.ar\/?cat=5#listItem","name":"ACTUALIDAD"}},{"@type":"ListItem","@id":"https:\/\/loboproduccionesaudiovisuales.ar\/?cat=5#listItem","position":2,"name":"ACTUALIDAD","item":"https:\/\/loboproduccionesaudiovisuales.ar\/?cat=5","nextItem":{"@type":"ListItem","@id":"https:\/\/loboproduccionesaudiovisuales.ar\/?p=5399#listItem","name":"En relaci\u00f3n al a\u00f1o pasado, en este ciclo se produce menos lino"},"previousItem":{"@type":"ListItem","@id":"https:\/\/loboproduccionesaudiovisuales.ar#listItem","name":"Home"}},{"@type":"ListItem","@id":"https:\/\/loboproduccionesaudiovisuales.ar\/?p=5399#listItem","position":3,"name":"En relaci\u00f3n al a\u00f1o pasado, en este ciclo se produce menos lino","previousItem":{"@type":"ListItem","@id":"https:\/\/loboproduccionesaudiovisuales.ar\/?cat=5#listItem","name":"ACTUALIDAD"}}]},{"@type":"Organization","@id":"https:\/\/loboproduccionesaudiovisuales.ar\/#organization","name":"loboproduccionesaudiovisuales.ar","description":"Sitio digital de noticias agroindustriales","url":"https:\/\/loboproduccionesaudiovisuales.ar\/","logo":{"@type":"ImageObject","url":"https:\/\/loboproduccionesaudiovisuales.ar\/wp-content\/uploads\/2023\/07\/LPA-web.jpg","@id":"https:\/\/loboproduccionesaudiovisuales.ar\/?p=5399\/#organizationLogo","width":500,"height":144},"image":{"@id":"https:\/\/loboproduccionesaudiovisuales.ar\/?p=5399\/#organizationLogo"}},{"@type":"Person","@id":"https:\/\/loboproduccionesaudiovisuales.ar\/?author=3#author","url":"https:\/\/loboproduccionesaudiovisuales.ar\/?author=3","name":"Gustavo Werner","image":{"@type":"ImageObject","@id":"https:\/\/loboproduccionesaudiovisuales.ar\/?p=5399#authorImage","url":"https:\/\/loboproduccionesaudiovisuales.ar\/wp-content\/litespeed\/avatar\/de09dfb254ecca8d89a27b1f284fdb4d.jpg?ver=1788575391","width":96,"height":96,"caption":"Gustavo Werner"}},{"@type":"WebPage","@id":"https:\/\/loboproduccionesaudiovisuales.ar\/?p=5399#webpage","url":"https:\/\/loboproduccionesaudiovisuales.ar\/?p=5399","name":"En relaci\u00f3n al a\u00f1o pasado, en este ciclo se produce menos lino - LOBO PRODUCCIONES AUDIOVISUALES","description":"La Bolsa report\u00f3 una merma de 600 hect\u00e1reas en relaci\u00f3n a la campa\u00f1a pasada. En Entre R\u00edos la superficie cultivada con lino registr\u00f3 una ca\u00edda interanual del 5%, unas 600 hect\u00e1reas, seg\u00fan el informe de la Bolsa de Cereales. Tal reducci\u00f3n se atribuye a un excedente de grano no comercializado de la campa\u00f1a 2022\/23,","inLanguage":"es-AR","isPartOf":{"@id":"https:\/\/loboproduccionesaudiovisuales.ar\/#website"},"breadcrumb":{"@id":"https:\/\/loboproduccionesaudiovisuales.ar\/?p=5399#breadcrumblist"},"author":{"@id":"https:\/\/loboproduccionesaudiovisuales.ar\/?author=3#author"},"creator":{"@id":"https:\/\/loboproduccionesaudiovisuales.ar\/?author=3#author"},"image":{"@type":"ImageObject","url":"https:\/\/loboproduccionesaudiovisuales.ar\/wp-content\/uploads\/2023\/11\/lino-productor-entre-rios-infocampo.jpg","@id":"https:\/\/loboproduccionesaudiovisuales.ar\/?p=5399\/#mainImage","width":1000,"height":570},"primaryImageOfPage":{"@id":"https:\/\/loboproduccionesaudiovisuales.ar\/?p=5399#mainImage"},"datePublished":"2023-11-21T17:15:19-03:00","dateModified":"2023-11-21T17:15:19-03:00"},{"@type":"WebSite","@id":"https:\/\/loboproduccionesaudiovisuales.ar\/#website","url":"https:\/\/loboproduccionesaudiovisuales.ar\/","name":"loboproduccionesaudiovisuales.ar","alternateName":"Lobo Producciones","description":"Sitio digital de noticias agroindustriales","inLanguage":"es-AR","publisher":{"@id":"https:\/\/loboproduccionesaudiovisuales.ar\/#organization"}}]},"og:locale":"es_ES","og:site_name":"LOBO PRODUCCIONES AUDIOVISUALES - Sitio digital de noticias agroindustriales","og:type":"article","og:title":"En relaci\u00f3n al a\u00f1o pasado, en este ciclo se produce menos lino - LOBO PRODUCCIONES AUDIOVISUALES","og:description":"La Bolsa report\u00f3 una merma de 600 hect\u00e1reas en relaci\u00f3n a la campa\u00f1a pasada. En Entre R\u00edos la superficie cultivada con lino registr\u00f3 una ca\u00edda interanual del 5%, unas 600 hect\u00e1reas, seg\u00fan el informe de la Bolsa de Cereales. Tal reducci\u00f3n se atribuye a un excedente de grano no comercializado de la campa\u00f1a 2022\/23,","og:url":"https:\/\/loboproduccionesaudiovisuales.ar\/?p=5399","og:image":"https:\/\/loboproduccionesaudiovisuales.ar\/wp-content\/uploads\/2023\/07\/LPA-web.jpg","og:image:secure_url":"https:\/\/loboproduccionesaudiovisuales.ar\/wp-content\/uploads\/2023\/07\/LPA-web.jpg","article:published_time":"2023-11-21T20:15:19+00:00","article:modified_time":"2023-11-21T20:15:19+00:00","twitter:card":"summary_large_image","twitter:title":"En relaci\u00f3n al a\u00f1o pasado, en este ciclo se produce menos lino - LOBO PRODUCCIONES AUDIOVISUALES","twitter:description":"La Bolsa report\u00f3 una merma de 600 hect\u00e1reas en relaci\u00f3n a la campa\u00f1a pasada. En Entre R\u00edos la superficie cultivada con lino registr\u00f3 una ca\u00edda interanual del 5%, unas 600 hect\u00e1reas, seg\u00fan el informe de la Bolsa de Cereales. Tal reducci\u00f3n se atribuye a un excedente de grano no comercializado de la campa\u00f1a 2022\/23,","twitter:image":"https:\/\/loboproduccionesaudiovisuales.ar\/wp-content\/uploads\/2023\/07\/LPA-web.jpg"},"aioseo_meta_data":{"post_id":"5399","title":null,"description":null,"keywords":[],"keyphrases":{"focus":{"keyphrase":"","score":0,"analysis":{"keyphraseInTitle":{"score":0,"maxScore":9,"error":1}}},"additional":[]},"primary_term":null,"canonical_url":null,"og_title":null,"og_description":null,"og_object_type":"default","og_image_type":"default","og_image_url":null,"og_image_width":null,"og_image_height":null,"og_image_custom_url":null,"og_image_custom_fields":null,"og_video":"","og_custom_url":null,"og_article_section":null,"og_article_tags":[],"twitter_use_og":false,"twitter_card":"default","twitter_image_type":"default","twitter_image_url":null,"twitter_image_custom_url":null,"twitter_image_custom_fields":null,"twitter_title":null,"twitter_description":null,"schema":{"blockGraphs":[],"customGraphs":[],"default":{"data":{"Article":[],"Course":[],"Dataset":[],"FAQPage":[],"Movie":[],"Person":[],"Product":[],"ProductReview":[],"Car":[],"Recipe":[],"Service":[],"SoftwareApplication":[],"WebPage":[]},"graphName":"BlogPosting","isEnabled":true},"graphs":[]},"schema_type":"default","schema_type_options":null,"pillar_content":false,"robots_default":true,"robots_noindex":false,"robots_noarchive":false,"robots_nosnippet":false,"robots_nofollow":false,"robots_noimageindex":false,"robots_noodp":false,"robots_notranslate":false,"robots_max_snippet":"-1","robots_max_videopreview":"-1","robots_max_imagepreview":"large","priority":null,"frequency":"default","local_seo":null,"breadcrumb_settings":null,"limit_modified_date":false,"ai":null,"created":"2023-11-21 20:15:19","updated":"2025-06-04 22:41:31","seo_analyzer_scan_date":null,"focus_keyword":null,"additional_keywords":null,"truseo_locale":null},"aioseo_breadcrumb":"<div class=\"aioseo-breadcrumbs\"><span class=\"aioseo-breadcrumb\">\n\t\t\t<a href=\"https:\/\/loboproduccionesaudiovisuales.ar\" title=\"Home\">Home<\/a>\n\t\t<\/span><span class=\"aioseo-breadcrumb-separator\">&raquo;<\/span><span class=\"aioseo-breadcrumb\">\n\t\t\t<a href=\"https:\/\/loboproduccionesaudiovisuales.ar\/?cat=5\" title=\"ACTUALIDAD\">ACTUALIDAD<\/a>\n\t\t<\/span><span class=\"aioseo-breadcrumb-separator\">&raquo;<\/span><span class=\"aioseo-breadcrumb\">\n\t\t\tEn relaci\u00f3n al a\u00f1o pasado, en este ciclo se produce menos lino\n\t\t<\/span><\/div>","aioseo_breadcrumb_json":[{"label":"Home","link":"https:\/\/loboproduccionesaudiovisuales.ar"},{"label":"ACTUALIDAD","link":"https:\/\/loboproduccionesaudiovisuales.ar\/?cat=5"},{"label":"En relaci\u00f3n al a\u00f1o pasado, en este ciclo se produce menos lino","link":"https:\/\/loboproduccionesaudiovisuales.ar\/?p=5399"}],"_links":{"self":[{"href":"https:\/\/loboproduccionesaudiovisuales.ar\/index.php?rest_route=\/wp\/v2\/posts\/5399","targetHints":{"allow":["GET"]}}],"collection":[{"href":"https:\/\/loboproduccionesaudiovisuales.ar\/index.php?rest_route=\/wp\/v2\/posts"}],"about":[{"href":"https:\/\/loboproduccionesaudiovisuales.ar\/index.php?rest_route=\/wp\/v2\/types\/post"}],"author":[{"embeddable":true,"href":"https:\/\/loboproduccionesaudiovisuales.ar\/index.php?rest_route=\/wp\/v2\/users\/3"}],"replies":[{"embeddable":true,"href":"https:\/\/loboproduccionesaudiovisuales.ar\/index.php?rest_route=%2Fwp%2Fv2%2Fcomments&post=5399"}],"version-history":[{"count":1,"href":"https:\/\/loboproduccionesaudiovisuales.ar\/index.php?rest_route=\/wp\/v2\/posts\/5399\/revisions"}],"predecessor-version":[{"id":5401,"href":"https:\/\/loboproduccionesaudiovisuales.ar\/index.php?rest_route=\/wp\/v2\/posts\/5399\/revisions\/5401"}],"wp:featuredmedia":[{"embeddable":true,"href":"https:\/\/loboproduccionesaudiovisuales.ar\/index.php?rest_route=\/wp\/v2\/media\/5400"}],"wp:attachment":[{"href":"https:\/\/loboproduccionesaudiovisuales.ar\/index.php?rest_route=%2Fwp%2Fv2%2Fmedia&parent=5399"}],"wp:term":[{"taxonomy":"category","embeddable":true,"href":"https:\/\/loboproduccionesaudiovisuales.ar\/index.php?rest_route=%2Fwp%2Fv2%2Fcategories&post=5399"},{"taxonomy":"post_tag","embeddable":true,"href":"https:\/\/loboproduccionesaudiovisuales.ar\/index.php?rest_route=%2Fwp%2Fv2%2Ftags&post=5399"}],"curies":[{"name":"wp","href":"https:\/\/api.w.org\/{rel}","templated":true}]}}