{"id":5233,"date":"2023-11-02T10:39:16","date_gmt":"2023-11-02T13:39:16","guid":{"rendered":"https:\/\/loboproduccionesaudiovisuales.ar\/?p=5233"},"modified":"2023-12-21T15:17:30","modified_gmt":"2023-12-21T18:17:30","slug":"ganaderos-de-isla-en-santa-fe-buscan-lugares-aptos-para-alojar-su-hacienda-en-tierra-firme-ante-crecida-del-rio-parana","status":"publish","type":"post","link":"https:\/\/loboproduccionesaudiovisuales.ar\/?p=5233","title":{"rendered":"Ganaderos de isla en Santa Fe buscan lugares aptos para alojar su hacienda en tierra firme ante crecida del r\u00edo Paran\u00e1"},"content":{"rendered":"<div class=\"content\" tabindex=\"0\">\n<div class=\"ac-container ac-adaptiveCard\">\n<div class=\"ac-textBlock\">\n<p>Al igual que sus pares entrerrianos, los productores santafesinos temen por la crecida del r\u00edo Paran\u00e1 en la parte superior de la cuenca, que encendi\u00f3 las alertas entre los ganaderos de isla, que en estos d\u00edas intensificaron los movimientos de evacuaci\u00f3n que hab\u00edan iniciado semanas atr\u00e1s. La situaci\u00f3n plantea una seria dificultad: encontrar lugares aptos para alojar esa hacienda en tierra firme, donde los campos a\u00fan no se recuperaron de la sequ\u00eda.<\/p>\n<p>El Director de Producci\u00f3n Pecuaria y Av\u00edcola, Pablo Fiore, sostuvo que la perspectiva \u201ces preocupante, no solo para el \u00e1rea urbana sino para las islas, donde hay mucha actividad ganadera\u201d. Desde el Instituto Nacional del Agua (INA), estimaron que para el 10 de noviembre el hidr\u00f3metro del puerto de Santa Fe alcanzar\u00eda niveles de alerta (5.30m).<\/p>\n<p>\u201cLa gente est\u00e1 empezando a mover hacienda, est\u00e1n empezando a cruzar a zona de altura; tratando de conseguir lugares donde ubicar ese ganado\u201d, dijo Fiore. Y apunt\u00f3 que, a su criterio, \u201cesta creciente viene bastante complicada; hac\u00eda varios a\u00f1os sin pron\u00f3sticos de una crecida de esta magnitud\u201d.<\/p>\n<p>En el norte provincial, en el departamento General Obligado, como hacia el centro, en el departamento Garay, los ganaderos de isla ven con preocupaci\u00f3n el escenario. Muchos ven \u201ccomplicado\u201d el panorama con los niveles en Iguaz\u00fa y Andresito. Supeditan la gravedad al tiempo que el r\u00edo se sostenga en esos valores, considerando que el r\u00edo va a cubrir zonas las riveras.<\/p>\n<p>Por otro lado, los registros en Corrientes y Bellavista (4.99m y 4.73m, respectivamente, al 31\/10), todav\u00eda no son de alerta. Si all\u00ed los niveles fueran de 5.50\/6 metros, aseguran los productores, &#8220;el r\u00edo tapar\u00eda las m\u00e1rgenes&#8221;, pero hay que esperar, &#8220;porque las crecientes no son todas iguales&#8221;.<\/p>\n<\/div>\n<\/div>\n<\/div>\n","protected":false},"excerpt":{"rendered":"<p>Al igual que sus pares entrerrianos, los productores santafesinos temen por la crecida del r\u00edo Paran\u00e1 en la parte superior&hellip;<\/p>\n","protected":false},"author":2,"featured_media":5231,"comment_status":"open","ping_status":"open","sticky":false,"template":"","format":"standard","meta":{"footnotes":""},"categories":[5,7],"tags":[63,90,78,91,89],"class_list":["post-5233","post","type-post","status-publish","format-standard","has-post-thumbnail","hentry","category-actualidad","category-lluvia","tag-hacienda","tag-inundacion","tag-lluvias","tag-rio-parana","tag-santa-fe"],"aioseo_notices":[],"_links":{"self":[{"href":"https:\/\/loboproduccionesaudiovisuales.ar\/index.php?rest_route=\/wp\/v2\/posts\/5233","targetHints":{"allow":["GET"]}}],"collection":[{"href":"https:\/\/loboproduccionesaudiovisuales.ar\/index.php?rest_route=\/wp\/v2\/posts"}],"about":[{"href":"https:\/\/loboproduccionesaudiovisuales.ar\/index.php?rest_route=\/wp\/v2\/types\/post"}],"author":[{"embeddable":true,"href":"https:\/\/loboproduccionesaudiovisuales.ar\/index.php?rest_route=\/wp\/v2\/users\/2"}],"replies":[{"embeddable":true,"href":"https:\/\/loboproduccionesaudiovisuales.ar\/index.php?rest_route=%2Fwp%2Fv2%2Fcomments&post=5233"}],"version-history":[{"count":1,"href":"https:\/\/loboproduccionesaudiovisuales.ar\/index.php?rest_route=\/wp\/v2\/posts\/5233\/revisions"}],"predecessor-version":[{"id":5234,"href":"https:\/\/loboproduccionesaudiovisuales.ar\/index.php?rest_route=\/wp\/v2\/posts\/5233\/revisions\/5234"}],"wp:featuredmedia":[{"embeddable":true,"href":"https:\/\/loboproduccionesaudiovisuales.ar\/index.php?rest_route=\/wp\/v2\/media\/5231"}],"wp:attachment":[{"href":"https:\/\/loboproduccionesaudiovisuales.ar\/index.php?rest_route=%2Fwp%2Fv2%2Fmedia&parent=5233"}],"wp:term":[{"taxonomy":"category","embeddable":true,"href":"https:\/\/loboproduccionesaudiovisuales.ar\/index.php?rest_route=%2Fwp%2Fv2%2Fcategories&post=5233"},{"taxonomy":"post_tag","embeddable":true,"href":"https:\/\/loboproduccionesaudiovisuales.ar\/index.php?rest_route=%2Fwp%2Fv2%2Ftags&post=5233"}],"curies":[{"name":"wp","href":"https:\/\/api.w.org\/{rel}","templated":true}]}}