{"id":23454,"date":"2026-09-02T17:23:40","date_gmt":"2026-09-02T20:23:40","guid":{"rendered":"https:\/\/loboproduccionesaudiovisuales.ar\/?p=23454"},"modified":"2026-09-02T17:23:40","modified_gmt":"2026-09-02T20:23:40","slug":"comenzaron-los-trabajos-en-caminos-de-la-zona-de-espinillo-norte","status":"publish","type":"post","link":"https:\/\/loboproduccionesaudiovisuales.ar\/?p=23454","title":{"rendered":"Comenzaron los trabajos en caminos de la zona de Espinillo Norte"},"content":{"rendered":"<p><strong>Las tareas se enmarcan en el convenio establecido entre la Comuna de Eigenfeld Merou y la Direcci\u00f3n Provincial de Vialidad.<\/strong><\/p>\n<p>&nbsp;<\/p>\n<p>En el marco del convenio establecido entre la Comuna de Eigenfeld Merou y la Direcci\u00f3n Provincial de Vialidad, comenzaron a trabajar en los caminos de la zona de Espinillo Norte.<\/p>\n<p>\u201cSabemos que nos encontramos con realidades diferentes: hay trazas que se mantienen en buenas condiciones y otros caminos que requieren trabajos de conformaci\u00f3n y recuperaci\u00f3n. Por eso, iniciamos las tareas estableciendo prioridades y acompa\u00f1ando cada intervenci\u00f3n de acuerdo con las condiciones clim\u00e1ticas. Este desaf\u00edo nos encuentra trabajando junto a las Juntas de Gobierno de Espinillo Norte, Quebracho y San Antonio, a quienes agradecemos profundamente por la confianza y, sobre todo, por la excelente predisposici\u00f3n para construir juntos. Tambi\u00e9n queremos agradecer a la Direcci\u00f3n Provincial de Vialidad por confiarnos la responsabilidad del mantenimiento de esta zona\u201d, indic\u00f3 la presidenta comunal, Katya Schimpf.<\/p>\n<p>\u201cEstamos convencidos de que este tipo de acciones demuestran que cuando las instituciones trabajan en conjunto, los l\u00edmites geogr\u00e1ficos dejan de ser barreras y se transforman en oportunidades de crecimiento. Mejorar nuestros caminos significa mejorar la calidad de vida de quienes los transitan todos los d\u00edas, facilitar la producci\u00f3n, generar oportunidades y acompa\u00f1ar el enorme potencial que tiene nuestra regi\u00f3n\u201d, agreg\u00f3.<\/p>\n","protected":false},"excerpt":{"rendered":"<p>Las tareas se enmarcan en el convenio establecido entre la Comuna de Eigenfeld Merou y la Direcci\u00f3n Provincial de Vialidad.&hellip;<\/p>\n","protected":false},"author":3,"featured_media":23455,"comment_status":"open","ping_status":"open","sticky":false,"template":"","format":"standard","meta":{"footnotes":""},"categories":[5,2,1,135],"tags":[193],"class_list":["post-23454","post","type-post","status-publish","format-standard","has-post-thumbnail","hentry","category-actualidad","category-agro","category-blog","category-caminos","tag-eigenfeld-merou"],"aioseo_notices":[],"aioseo_head":"\n\t\t<!-- All in One SEO 5.0.1.1 - aioseo.com -->\n\t<meta name=\"description\" content=\"Las tareas se enmarcan en el convenio establecido entre la Comuna de Eigenfeld Merou y la Direcci\u00f3n Provincial de Vialidad. En el marco del convenio establecido entre la Comuna de Eigenfeld Merou y la Direcci\u00f3n Provincial de Vialidad, comenzaron a trabajar en los caminos de la zona de Espinillo Norte. \u201cSabemos que nos encontramos\" \/>\n\t<meta name=\"robots\" content=\"max-image-preview:large\" \/>\n\t<meta name=\"author\" content=\"Gustavo Werner\"\/>\n\t<link rel=\"canonical\" href=\"https:\/\/loboproduccionesaudiovisuales.ar\/?p=23454\" \/>\n\t<meta name=\"generator\" content=\"All in One SEO (AIOSEO) 5.0.1.1\" \/>\n\t\t<meta property=\"og:locale\" content=\"es_ES\" \/>\n\t\t<meta property=\"og:site_name\" content=\"LOBO PRODUCCIONES AUDIOVISUALES - Sitio digital de noticias agroindustriales\" \/>\n\t\t<meta property=\"og:type\" content=\"article\" \/>\n\t\t<meta property=\"og:title\" content=\"Comenzaron los trabajos en caminos de la zona de Espinillo Norte - LOBO PRODUCCIONES AUDIOVISUALES\" \/>\n\t\t<meta property=\"og:description\" content=\"Las tareas se enmarcan en el convenio establecido entre la Comuna de Eigenfeld Merou y la Direcci\u00f3n Provincial de Vialidad. En el marco del convenio establecido entre la Comuna de Eigenfeld Merou y la Direcci\u00f3n Provincial de Vialidad, comenzaron a trabajar en los caminos de la zona de Espinillo Norte. \u201cSabemos que nos encontramos\" \/>\n\t\t<meta property=\"og:url\" content=\"https:\/\/loboproduccionesaudiovisuales.ar\/?p=23454\" \/>\n\t\t<meta property=\"og:image\" content=\"https:\/\/loboproduccionesaudiovisuales.ar\/wp-content\/uploads\/2023\/07\/LPA-web.jpg\" \/>\n\t\t<meta property=\"og:image:secure_url\" content=\"https:\/\/loboproduccionesaudiovisuales.ar\/wp-content\/uploads\/2023\/07\/LPA-web.jpg\" \/>\n\t\t<meta property=\"article:published_time\" content=\"2026-09-02T20:23:40+00:00\" \/>\n\t\t<meta property=\"article:modified_time\" content=\"2026-09-02T20:23:40+00:00\" \/>\n\t\t<meta name=\"twitter:card\" content=\"summary_large_image\" \/>\n\t\t<meta name=\"twitter:title\" content=\"Comenzaron los trabajos en caminos de la zona de Espinillo Norte - LOBO PRODUCCIONES AUDIOVISUALES\" \/>\n\t\t<meta name=\"twitter:description\" content=\"Las tareas se enmarcan en el convenio establecido entre la Comuna de Eigenfeld Merou y la Direcci\u00f3n Provincial de Vialidad. En el marco del convenio establecido entre la Comuna de Eigenfeld Merou y la Direcci\u00f3n Provincial de Vialidad, comenzaron a trabajar en los caminos de la zona de Espinillo Norte. \u201cSabemos que nos encontramos\" \/>\n\t\t<meta name=\"twitter:image\" content=\"https:\/\/loboproduccionesaudiovisuales.ar\/wp-content\/uploads\/2023\/07\/LPA-web.jpg\" \/>\n\t\t<script type=\"application\/ld+json\" class=\"aioseo-schema\">\n\t\t\t{\"@context\":\"https:\\\/\\\/schema.org\",\"@graph\":[{\"@type\":\"BlogPosting\",\"@id\":\"https:\\\/\\\/loboproduccionesaudiovisuales.ar\\\/?p=23454#blogposting\",\"name\":\"Comenzaron los trabajos en caminos de la zona de Espinillo Norte - LOBO PRODUCCIONES AUDIOVISUALES\",\"headline\":\"Comenzaron los trabajos en caminos de la zona de Espinillo Norte\",\"author\":{\"@id\":\"https:\\\/\\\/loboproduccionesaudiovisuales.ar\\\/?author=3#author\"},\"publisher\":{\"@id\":\"https:\\\/\\\/loboproduccionesaudiovisuales.ar\\\/#organization\"},\"image\":{\"@type\":\"ImageObject\",\"url\":\"https:\\\/\\\/loboproduccionesaudiovisuales.ar\\\/wp-content\\\/uploads\\\/2026\\\/09\\\/792459349_18014878616937875_5107361527983049458_n.jpg\",\"width\":1080,\"height\":1439},\"datePublished\":\"2026-09-02T17:23:40-03:00\",\"dateModified\":\"2026-09-02T17:23:40-03:00\",\"inLanguage\":\"es-AR\",\"mainEntityOfPage\":{\"@id\":\"https:\\\/\\\/loboproduccionesaudiovisuales.ar\\\/?p=23454#webpage\"},\"isPartOf\":{\"@id\":\"https:\\\/\\\/loboproduccionesaudiovisuales.ar\\\/?p=23454#webpage\"},\"articleSection\":\"ACTUALIDAD, AGRO, Blog, CAMINOS, Eigenfeld Merou\"},{\"@type\":\"BreadcrumbList\",\"@id\":\"https:\\\/\\\/loboproduccionesaudiovisuales.ar\\\/?p=23454#breadcrumblist\",\"itemListElement\":[{\"@type\":\"ListItem\",\"@id\":\"https:\\\/\\\/loboproduccionesaudiovisuales.ar#listItem\",\"position\":1,\"name\":\"Home\",\"item\":\"https:\\\/\\\/loboproduccionesaudiovisuales.ar\",\"nextItem\":{\"@type\":\"ListItem\",\"@id\":\"https:\\\/\\\/loboproduccionesaudiovisuales.ar\\\/?cat=1#listItem\",\"name\":\"Blog\"}},{\"@type\":\"ListItem\",\"@id\":\"https:\\\/\\\/loboproduccionesaudiovisuales.ar\\\/?cat=1#listItem\",\"position\":2,\"name\":\"Blog\",\"item\":\"https:\\\/\\\/loboproduccionesaudiovisuales.ar\\\/?cat=1\",\"nextItem\":{\"@type\":\"ListItem\",\"@id\":\"https:\\\/\\\/loboproduccionesaudiovisuales.ar\\\/?p=23454#listItem\",\"name\":\"Comenzaron los trabajos en caminos de la zona de Espinillo Norte\"},\"previousItem\":{\"@type\":\"ListItem\",\"@id\":\"https:\\\/\\\/loboproduccionesaudiovisuales.ar#listItem\",\"name\":\"Home\"}},{\"@type\":\"ListItem\",\"@id\":\"https:\\\/\\\/loboproduccionesaudiovisuales.ar\\\/?p=23454#listItem\",\"position\":3,\"name\":\"Comenzaron los trabajos en caminos de la zona de Espinillo Norte\",\"previousItem\":{\"@type\":\"ListItem\",\"@id\":\"https:\\\/\\\/loboproduccionesaudiovisuales.ar\\\/?cat=1#listItem\",\"name\":\"Blog\"}}]},{\"@type\":\"Organization\",\"@id\":\"https:\\\/\\\/loboproduccionesaudiovisuales.ar\\\/#organization\",\"name\":\"loboproduccionesaudiovisuales.ar\",\"description\":\"Sitio digital de noticias agroindustriales\",\"url\":\"https:\\\/\\\/loboproduccionesaudiovisuales.ar\\\/\",\"logo\":{\"@type\":\"ImageObject\",\"url\":\"https:\\\/\\\/loboproduccionesaudiovisuales.ar\\\/wp-content\\\/uploads\\\/2023\\\/07\\\/LPA-web.jpg\",\"@id\":\"https:\\\/\\\/loboproduccionesaudiovisuales.ar\\\/?p=23454\\\/#organizationLogo\",\"width\":500,\"height\":144},\"image\":{\"@id\":\"https:\\\/\\\/loboproduccionesaudiovisuales.ar\\\/?p=23454\\\/#organizationLogo\"}},{\"@type\":\"Person\",\"@id\":\"https:\\\/\\\/loboproduccionesaudiovisuales.ar\\\/?author=3#author\",\"url\":\"https:\\\/\\\/loboproduccionesaudiovisuales.ar\\\/?author=3\",\"name\":\"Gustavo Werner\",\"image\":{\"@type\":\"ImageObject\",\"@id\":\"https:\\\/\\\/loboproduccionesaudiovisuales.ar\\\/?p=23454#authorImage\",\"url\":\"https:\\\/\\\/secure.gravatar.com\\\/avatar\\\/e04239ede7d02b80503013ac1fa61f308bbe3566e5a70df5bbef7c3725a0dcae?s=96&d=mm&r=g\",\"width\":96,\"height\":96,\"caption\":\"Gustavo Werner\"}},{\"@type\":\"WebPage\",\"@id\":\"https:\\\/\\\/loboproduccionesaudiovisuales.ar\\\/?p=23454#webpage\",\"url\":\"https:\\\/\\\/loboproduccionesaudiovisuales.ar\\\/?p=23454\",\"name\":\"Comenzaron los trabajos en caminos de la zona de Espinillo Norte - LOBO PRODUCCIONES AUDIOVISUALES\",\"description\":\"Las tareas se enmarcan en el convenio establecido entre la Comuna de Eigenfeld Merou y la Direcci\\u00f3n Provincial de Vialidad. En el marco del convenio establecido entre la Comuna de Eigenfeld Merou y la Direcci\\u00f3n Provincial de Vialidad, comenzaron a trabajar en los caminos de la zona de Espinillo Norte. \\u201cSabemos que nos encontramos\",\"inLanguage\":\"es-AR\",\"isPartOf\":{\"@id\":\"https:\\\/\\\/loboproduccionesaudiovisuales.ar\\\/#website\"},\"breadcrumb\":{\"@id\":\"https:\\\/\\\/loboproduccionesaudiovisuales.ar\\\/?p=23454#breadcrumblist\"},\"author\":{\"@id\":\"https:\\\/\\\/loboproduccionesaudiovisuales.ar\\\/?author=3#author\"},\"creator\":{\"@id\":\"https:\\\/\\\/loboproduccionesaudiovisuales.ar\\\/?author=3#author\"},\"image\":{\"@type\":\"ImageObject\",\"url\":\"https:\\\/\\\/loboproduccionesaudiovisuales.ar\\\/wp-content\\\/uploads\\\/2026\\\/09\\\/792459349_18014878616937875_5107361527983049458_n.jpg\",\"@id\":\"https:\\\/\\\/loboproduccionesaudiovisuales.ar\\\/?p=23454\\\/#mainImage\",\"width\":1080,\"height\":1439},\"primaryImageOfPage\":{\"@id\":\"https:\\\/\\\/loboproduccionesaudiovisuales.ar\\\/?p=23454#mainImage\"},\"datePublished\":\"2026-09-02T17:23:40-03:00\",\"dateModified\":\"2026-09-02T17:23:40-03:00\"},{\"@type\":\"WebSite\",\"@id\":\"https:\\\/\\\/loboproduccionesaudiovisuales.ar\\\/#website\",\"url\":\"https:\\\/\\\/loboproduccionesaudiovisuales.ar\\\/\",\"name\":\"loboproduccionesaudiovisuales.ar\",\"alternateName\":\"Lobo Producciones\",\"description\":\"Sitio digital de noticias agroindustriales\",\"inLanguage\":\"es-AR\",\"publisher\":{\"@id\":\"https:\\\/\\\/loboproduccionesaudiovisuales.ar\\\/#organization\"}}]}\n\t\t<\/script>\n\t\t<!-- All in One SEO -->\n\n","aioseo_head_json":{"title":"Comenzaron los trabajos en caminos de la zona de Espinillo Norte - LOBO PRODUCCIONES AUDIOVISUALES","description":"Las tareas se enmarcan en el convenio establecido entre la Comuna de Eigenfeld Merou y la Direcci\u00f3n Provincial de Vialidad. En el marco del convenio establecido entre la Comuna de Eigenfeld Merou y la Direcci\u00f3n Provincial de Vialidad, comenzaron a trabajar en los caminos de la zona de Espinillo Norte. \u201cSabemos que nos encontramos","canonical_url":"https:\/\/loboproduccionesaudiovisuales.ar\/?p=23454","robots":"max-image-preview:large","keywords":"","webmasterTools":{"miscellaneous":""},"schema":{"@context":"https:\/\/schema.org","@graph":[{"@type":"BlogPosting","@id":"https:\/\/loboproduccionesaudiovisuales.ar\/?p=23454#blogposting","name":"Comenzaron los trabajos en caminos de la zona de Espinillo Norte - LOBO PRODUCCIONES AUDIOVISUALES","headline":"Comenzaron los trabajos en caminos de la zona de Espinillo Norte","author":{"@id":"https:\/\/loboproduccionesaudiovisuales.ar\/?author=3#author"},"publisher":{"@id":"https:\/\/loboproduccionesaudiovisuales.ar\/#organization"},"image":{"@type":"ImageObject","url":"https:\/\/loboproduccionesaudiovisuales.ar\/wp-content\/uploads\/2026\/09\/792459349_18014878616937875_5107361527983049458_n.jpg","width":1080,"height":1439},"datePublished":"2026-09-02T17:23:40-03:00","dateModified":"2026-09-02T17:23:40-03:00","inLanguage":"es-AR","mainEntityOfPage":{"@id":"https:\/\/loboproduccionesaudiovisuales.ar\/?p=23454#webpage"},"isPartOf":{"@id":"https:\/\/loboproduccionesaudiovisuales.ar\/?p=23454#webpage"},"articleSection":"ACTUALIDAD, AGRO, Blog, CAMINOS, Eigenfeld Merou"},{"@type":"BreadcrumbList","@id":"https:\/\/loboproduccionesaudiovisuales.ar\/?p=23454#breadcrumblist","itemListElement":[{"@type":"ListItem","@id":"https:\/\/loboproduccionesaudiovisuales.ar#listItem","position":1,"name":"Home","item":"https:\/\/loboproduccionesaudiovisuales.ar","nextItem":{"@type":"ListItem","@id":"https:\/\/loboproduccionesaudiovisuales.ar\/?cat=1#listItem","name":"Blog"}},{"@type":"ListItem","@id":"https:\/\/loboproduccionesaudiovisuales.ar\/?cat=1#listItem","position":2,"name":"Blog","item":"https:\/\/loboproduccionesaudiovisuales.ar\/?cat=1","nextItem":{"@type":"ListItem","@id":"https:\/\/loboproduccionesaudiovisuales.ar\/?p=23454#listItem","name":"Comenzaron los trabajos en caminos de la zona de Espinillo Norte"},"previousItem":{"@type":"ListItem","@id":"https:\/\/loboproduccionesaudiovisuales.ar#listItem","name":"Home"}},{"@type":"ListItem","@id":"https:\/\/loboproduccionesaudiovisuales.ar\/?p=23454#listItem","position":3,"name":"Comenzaron los trabajos en caminos de la zona de Espinillo Norte","previousItem":{"@type":"ListItem","@id":"https:\/\/loboproduccionesaudiovisuales.ar\/?cat=1#listItem","name":"Blog"}}]},{"@type":"Organization","@id":"https:\/\/loboproduccionesaudiovisuales.ar\/#organization","name":"loboproduccionesaudiovisuales.ar","description":"Sitio digital de noticias agroindustriales","url":"https:\/\/loboproduccionesaudiovisuales.ar\/","logo":{"@type":"ImageObject","url":"https:\/\/loboproduccionesaudiovisuales.ar\/wp-content\/uploads\/2023\/07\/LPA-web.jpg","@id":"https:\/\/loboproduccionesaudiovisuales.ar\/?p=23454\/#organizationLogo","width":500,"height":144},"image":{"@id":"https:\/\/loboproduccionesaudiovisuales.ar\/?p=23454\/#organizationLogo"}},{"@type":"Person","@id":"https:\/\/loboproduccionesaudiovisuales.ar\/?author=3#author","url":"https:\/\/loboproduccionesaudiovisuales.ar\/?author=3","name":"Gustavo Werner","image":{"@type":"ImageObject","@id":"https:\/\/loboproduccionesaudiovisuales.ar\/?p=23454#authorImage","url":"https:\/\/secure.gravatar.com\/avatar\/e04239ede7d02b80503013ac1fa61f308bbe3566e5a70df5bbef7c3725a0dcae?s=96&d=mm&r=g","width":96,"height":96,"caption":"Gustavo Werner"}},{"@type":"WebPage","@id":"https:\/\/loboproduccionesaudiovisuales.ar\/?p=23454#webpage","url":"https:\/\/loboproduccionesaudiovisuales.ar\/?p=23454","name":"Comenzaron los trabajos en caminos de la zona de Espinillo Norte - LOBO PRODUCCIONES AUDIOVISUALES","description":"Las tareas se enmarcan en el convenio establecido entre la Comuna de Eigenfeld Merou y la Direcci\u00f3n Provincial de Vialidad. En el marco del convenio establecido entre la Comuna de Eigenfeld Merou y la Direcci\u00f3n Provincial de Vialidad, comenzaron a trabajar en los caminos de la zona de Espinillo Norte. \u201cSabemos que nos encontramos","inLanguage":"es-AR","isPartOf":{"@id":"https:\/\/loboproduccionesaudiovisuales.ar\/#website"},"breadcrumb":{"@id":"https:\/\/loboproduccionesaudiovisuales.ar\/?p=23454#breadcrumblist"},"author":{"@id":"https:\/\/loboproduccionesaudiovisuales.ar\/?author=3#author"},"creator":{"@id":"https:\/\/loboproduccionesaudiovisuales.ar\/?author=3#author"},"image":{"@type":"ImageObject","url":"https:\/\/loboproduccionesaudiovisuales.ar\/wp-content\/uploads\/2026\/09\/792459349_18014878616937875_5107361527983049458_n.jpg","@id":"https:\/\/loboproduccionesaudiovisuales.ar\/?p=23454\/#mainImage","width":1080,"height":1439},"primaryImageOfPage":{"@id":"https:\/\/loboproduccionesaudiovisuales.ar\/?p=23454#mainImage"},"datePublished":"2026-09-02T17:23:40-03:00","dateModified":"2026-09-02T17:23:40-03:00"},{"@type":"WebSite","@id":"https:\/\/loboproduccionesaudiovisuales.ar\/#website","url":"https:\/\/loboproduccionesaudiovisuales.ar\/","name":"loboproduccionesaudiovisuales.ar","alternateName":"Lobo Producciones","description":"Sitio digital de noticias agroindustriales","inLanguage":"es-AR","publisher":{"@id":"https:\/\/loboproduccionesaudiovisuales.ar\/#organization"}}]},"og:locale":"es_ES","og:site_name":"LOBO PRODUCCIONES AUDIOVISUALES - Sitio digital de noticias agroindustriales","og:type":"article","og:title":"Comenzaron los trabajos en caminos de la zona de Espinillo Norte - LOBO PRODUCCIONES AUDIOVISUALES","og:description":"Las tareas se enmarcan en el convenio establecido entre la Comuna de Eigenfeld Merou y la Direcci\u00f3n Provincial de Vialidad. En el marco del convenio establecido entre la Comuna de Eigenfeld Merou y la Direcci\u00f3n Provincial de Vialidad, comenzaron a trabajar en los caminos de la zona de Espinillo Norte. \u201cSabemos que nos encontramos","og:url":"https:\/\/loboproduccionesaudiovisuales.ar\/?p=23454","og:image":"https:\/\/loboproduccionesaudiovisuales.ar\/wp-content\/uploads\/2023\/07\/LPA-web.jpg","og:image:secure_url":"https:\/\/loboproduccionesaudiovisuales.ar\/wp-content\/uploads\/2023\/07\/LPA-web.jpg","article:published_time":"2026-09-02T20:23:40+00:00","article:modified_time":"2026-09-02T20:23:40+00:00","twitter:card":"summary_large_image","twitter:title":"Comenzaron los trabajos en caminos de la zona de Espinillo Norte - LOBO PRODUCCIONES AUDIOVISUALES","twitter:description":"Las tareas se enmarcan en el convenio establecido entre la Comuna de Eigenfeld Merou y la Direcci\u00f3n Provincial de Vialidad. En el marco del convenio establecido entre la Comuna de Eigenfeld Merou y la Direcci\u00f3n Provincial de Vialidad, comenzaron a trabajar en los caminos de la zona de Espinillo Norte. \u201cSabemos que nos encontramos","twitter:image":"https:\/\/loboproduccionesaudiovisuales.ar\/wp-content\/uploads\/2023\/07\/LPA-web.jpg"},"aioseo_meta_data":{"post_id":"23454","title":null,"description":null,"keywords":null,"keyphrases":{"focus":{"keyphrase":"","score":0,"analysis":{"keyphraseInTitle":{"score":0,"maxScore":9,"error":1}}},"additional":[]},"primary_term":null,"canonical_url":null,"og_title":null,"og_description":null,"og_object_type":"default","og_image_type":"default","og_image_url":null,"og_image_width":null,"og_image_height":null,"og_image_custom_url":null,"og_image_custom_fields":null,"og_video":"","og_custom_url":null,"og_article_section":null,"og_article_tags":null,"twitter_use_og":false,"twitter_card":"default","twitter_image_type":"default","twitter_image_url":null,"twitter_image_custom_url":null,"twitter_image_custom_fields":null,"twitter_title":null,"twitter_description":null,"schema":{"blockGraphs":[],"customGraphs":[],"default":{"data":{"Article":[],"Course":[],"Dataset":[],"FAQPage":[],"Movie":[],"Person":[],"Product":[],"ProductReview":[],"Car":[],"Recipe":[],"Service":[],"SoftwareApplication":[],"WebPage":[]},"graphName":"BlogPosting","isEnabled":true},"graphs":[]},"schema_type":"default","schema_type_options":null,"pillar_content":false,"robots_default":true,"robots_noindex":false,"robots_noarchive":false,"robots_nosnippet":false,"robots_nofollow":false,"robots_noimageindex":false,"robots_noodp":false,"robots_notranslate":false,"robots_max_snippet":"-1","robots_max_videopreview":"-1","robots_max_imagepreview":"large","priority":null,"frequency":"default","local_seo":null,"breadcrumb_settings":null,"limit_modified_date":false,"ai":{"faqs":[],"keyPoints":[],"schemas":[],"titles":[],"descriptions":[],"socialPosts":{"email":{"subject":"","preview":"","content":""},"linkedin":[],"twitter":[],"facebook":[],"instagram":[]}},"created":"2026-09-02 20:23:41","updated":"2026-09-02 20:24:54","seo_analyzer_scan_date":null,"focus_keyword":null,"additional_keywords":null,"truseo_locale":null},"aioseo_breadcrumb":"<div class=\"aioseo-breadcrumbs\"><span class=\"aioseo-breadcrumb\">\n\t\t\t<a href=\"https:\/\/loboproduccionesaudiovisuales.ar\" title=\"Home\">Home<\/a>\n\t\t<\/span><span class=\"aioseo-breadcrumb-separator\">&raquo;<\/span><span class=\"aioseo-breadcrumb\">\n\t\t\t<a href=\"https:\/\/loboproduccionesaudiovisuales.ar\/?cat=1\" title=\"Blog\">Blog<\/a>\n\t\t<\/span><span class=\"aioseo-breadcrumb-separator\">&raquo;<\/span><span class=\"aioseo-breadcrumb\">\n\t\t\tComenzaron los trabajos en caminos de la zona de Espinillo Norte\n\t\t<\/span><\/div>","aioseo_breadcrumb_json":[{"label":"Home","link":"https:\/\/loboproduccionesaudiovisuales.ar"},{"label":"Blog","link":"https:\/\/loboproduccionesaudiovisuales.ar\/?cat=1"},{"label":"Comenzaron los trabajos en caminos de la zona de Espinillo Norte","link":"https:\/\/loboproduccionesaudiovisuales.ar\/?p=23454"}],"_links":{"self":[{"href":"https:\/\/loboproduccionesaudiovisuales.ar\/index.php?rest_route=\/wp\/v2\/posts\/23454","targetHints":{"allow":["GET"]}}],"collection":[{"href":"https:\/\/loboproduccionesaudiovisuales.ar\/index.php?rest_route=\/wp\/v2\/posts"}],"about":[{"href":"https:\/\/loboproduccionesaudiovisuales.ar\/index.php?rest_route=\/wp\/v2\/types\/post"}],"author":[{"embeddable":true,"href":"https:\/\/loboproduccionesaudiovisuales.ar\/index.php?rest_route=\/wp\/v2\/users\/3"}],"replies":[{"embeddable":true,"href":"https:\/\/loboproduccionesaudiovisuales.ar\/index.php?rest_route=%2Fwp%2Fv2%2Fcomments&post=23454"}],"version-history":[{"count":1,"href":"https:\/\/loboproduccionesaudiovisuales.ar\/index.php?rest_route=\/wp\/v2\/posts\/23454\/revisions"}],"predecessor-version":[{"id":23456,"href":"https:\/\/loboproduccionesaudiovisuales.ar\/index.php?rest_route=\/wp\/v2\/posts\/23454\/revisions\/23456"}],"wp:featuredmedia":[{"embeddable":true,"href":"https:\/\/loboproduccionesaudiovisuales.ar\/index.php?rest_route=\/wp\/v2\/media\/23455"}],"wp:attachment":[{"href":"https:\/\/loboproduccionesaudiovisuales.ar\/index.php?rest_route=%2Fwp%2Fv2%2Fmedia&parent=23454"}],"wp:term":[{"taxonomy":"category","embeddable":true,"href":"https:\/\/loboproduccionesaudiovisuales.ar\/index.php?rest_route=%2Fwp%2Fv2%2Fcategories&post=23454"},{"taxonomy":"post_tag","embeddable":true,"href":"https:\/\/loboproduccionesaudiovisuales.ar\/index.php?rest_route=%2Fwp%2Fv2%2Ftags&post=23454"}],"curies":[{"name":"wp","href":"https:\/\/api.w.org\/{rel}","templated":true}]}}