{"id":22975,"date":"2026-07-14T10:02:38","date_gmt":"2026-07-14T13:02:38","guid":{"rendered":"https:\/\/loboproduccionesaudiovisuales.ar\/?p=22975"},"modified":"2026-07-14T10:02:38","modified_gmt":"2026-07-14T13:02:38","slug":"ante-el-fenomeno-de-el-nino-productores-buscan-donde-ubicar-su-hacienda","status":"publish","type":"post","link":"https:\/\/loboproduccionesaudiovisuales.ar\/?p=22975","title":{"rendered":"Ante el fen\u00f3meno de El Ni\u00f1o, productores buscan d\u00f3nde ubicar su hacienda"},"content":{"rendered":"<h2 class=\"bajada\">La Federaci\u00f3n Agraria Argentina de Entre R\u00edos advirti\u00f3 que el evento El Ni\u00f1o impactar\u00eda \u201ccon toda su fuerza en zona de islas\u201d de la provincia.<\/h2>\n<p>&nbsp;<\/p>\n<p>Desde la Federaci\u00f3n Agraria Argentina de Entre R\u00edos (Faaer) advirtieron que los pron\u00f3sticos respecto al evento climatol\u00f3gico de El Ni\u00f1o no son los mejores. En este sentido se indic\u00f3 que \u201cllegar\u00eda con toda su fuerza a la zona de islas, en la provincia de Entre R\u00edos, en el per\u00edodo octubre-diciembre\u201d.<\/p>\n<div class=\"google-anno-skip google-anno-sc\" tabindex=\"0\" data-google-vignette=\"false\" data-google-interstitial=\"false\"><\/div>\n<p>Seg\u00fan indicaron \u201clos productores isle\u00f1os y aquellos que han llevado su hacienda a las islas, con anticipaci\u00f3n, est\u00e1n abocados a encontrar campos para trasladar su hacienda, antes de que las aguas empiecen a subir. En toda la zona de Islas y campos inundables entrerrianos el n\u00famero es de poco m\u00e1s de 492.000 cabezas\u201d.<\/p>\n<div class=\"banner banner-parrafo\">\n<div id=\"banner-ad-interior-art\" data-zone-id=\"123\"><ins class=\"adsbygoogle\" data-ad-client=\"ca-pub-2862858410476109\" data-ad-slot=\"1832599335\" data-adsbygoogle-status=\"done\" data-ad-status=\"unfill-optimized\"><\/p>\n<div id=\"aswift_5_host\">\n<div class=\"google-aiuf\" data-google-ad-efd=\"true\">\n<div class=\"goog-rentries\">\n<div><\/div>\n<div><\/div>\n<\/div>\n<\/div>\n<\/div>\n<p><\/ins><\/div>\n<\/div>\n<p>El productor Federado, Jos\u00e9 Luis Peter de Villa Paranacito, quien naci\u00f3 y se cr\u00edo en medio de una naturaleza \u00fanica y crecientes que se repiten cada diez, o menos, a\u00f1os, destac\u00f3 que \u201cm\u00e1s que preocuparnos, debemos ocuparnos, de una crecida que seg\u00fan los especialistas va a golpear en toda la zona de islas\u201d.<\/p>\n<p>&nbsp;<\/p>\n<p>&nbsp;<\/p>\n<header class=\"en-bandera__header\"><\/header>\n<p>Peter indic\u00f3 que \u201ca ra\u00edz de informes elaborados por profesionales, el Fen\u00f3meno Ni\u00f1o, est\u00e1 tomando temperatura en el Oc\u00e9ano Pac\u00edfico. Todo indica, acorde a los informes, que ser\u00e1 un Ni\u00f1o de una intensidad muy fuerte, raz\u00f3n por la cual en nuestra zona (Departamento Islas del Ibicuy), se est\u00e1 analizando, pensando que hacer a futuro, como sacar y donde ubicar la hacienda (264.182 cabezas) que tenemos en la zona\u201d.<\/p>\n<p>El productor isle\u00f1o, cont\u00f3 que \u201cjunto con las entidades estamos buscando un lugar para hacer un embarcadero en Villa Paranacito\u201d. Adem\u00e1s se suma un grave problema que es el de que en \u201cla Zona de Islas del Ibicuy que m\u00e1s cabezas tiene la provincia, cuenta con pocos transportes fluviales aptos para trasladar hacienda, raz\u00f3n por la que, lo m\u00e1s l\u00f3gico ser\u00eda contar con un embarcadero y corrales donde el barco pueda descargar la hacienda en los corrales mencionados y cargarlas en camiones con destino a un campo alto, o bien a remates ferias\u201d.<\/p>\n<figure class=\"embed\"><img loading=\"lazy\" decoding=\"async\" src=\"https:\/\/elonce-media.elonce.com\/fotos\/2026\/07\/14\/e_1784027024_21892.webp\" alt=\"\" width=\"600\" height=\"400\" \/><\/figure>\n<p>En este punto aclar\u00f3 que \u201chay que hacer las cosas con anticipaci\u00f3n antes de que las lluvias, precipitaciones que se estar\u00edan dando con intensidad en el per\u00edodo octubre-diciembre, lleguen a las islas.\u201d<\/p>\n<p>&nbsp;<\/p>\n<div class=\"banner banner-parrafo\">\n<div id=\"banner-ad-interior-art-2\" data-zone-id=\"124\"><ins class=\"adsbygoogle\" data-ad-client=\"ca-pub-2862858410476109\" data-ad-slot=\"1884570226\" data-adsbygoogle-status=\"done\" data-ad-status=\"unfill-optimized\"><\/p>\n<div id=\"aswift_6_host\">\n<div class=\"google-aiuf\" data-google-ad-efd=\"true\">\n<div class=\"goog-rentries\">\n<div><\/div>\n<\/div>\n<\/div>\n<\/div>\n<p><\/ins><\/div>\n<\/div>\n<p>En aquel contexto se se\u00f1al\u00f3 que en \u201cVilla Paranacito, un solo barco re\u00fane las condiciones para trasladar hacienda, y el tema de los corrales que dar\u00eda a una r\u00e1pida salida a la ruta, no est\u00e1 solucionado, debido a que el camino, que llega hasta el lugar, ser\u00eda tapado por al agua, si no se hacen las obras que se requieren en lo que es un largo reclamo de los productores\u201d.<\/p>\n<p>Desde la Federaci\u00f3n se exhibi\u00f3 que \u201cproductores que no quieren que se repita la historia de crecientes pasadas como las del 82\/83, 98 y 2016, cuando muchos tuvieron que malvender su hacienda en remates especiales. Hoy, la situaci\u00f3n es diferente, dado que la tecnolog\u00eda, con una precisi\u00f3n muy alta, alerta, con tiempo, sobre la presencia de fen\u00f3menos clim\u00e1ticos\u201d.<\/p>\n<p>&nbsp;<\/p>\n<div class=\"embed nota-relacionada\">\n<div class=\"inner-art\">\n<figure class=\"en-bandera__figure \"><\/figure>\n<\/div>\n<\/div>\n<p>Tambi\u00e9n se se\u00f1al\u00f3 que \u201ces as\u00ed, que inmobiliarias, consignatarias, han recibido llamadas de productores que se est\u00e1n ocupando de la situaci\u00f3n; aunque la oferta de campos \u2018Altos\u2019 es magra y en la zona norte de Entre R\u00edos est\u00e1 la amenaza latente de la garrapata\u201d.<\/p>\n<h3><b>Ganado en zona de Islas y Campos inundables<\/b><\/h3>\n<ul>\n<li><b>Diamante 65.102<\/b><\/li>\n<li><b>Gualeguay 46.549<\/b><\/li>\n<li><b>Islas del Ibicuy 264.182<\/b><\/li>\n<li><b>La Paz 22.178<\/b><\/li>\n<li><b>Paran\u00e1 13.224<\/b><\/li>\n<li><b>Victoria 80.872<\/b><\/li>\n<\/ul>\n<figure class=\"embed\"><img loading=\"lazy\" decoding=\"async\" src=\"https:\/\/elonce-media.elonce.com\/fotos\/2026\/07\/14\/e_1784027024_7885.webp\" alt=\"\" width=\"600\" height=\"400\" \/><\/figure>\n<p>&nbsp;<\/p>\n<p><b>Datos a tener en cuenta<\/b><\/p>\n<p>El Centro de Predicciones de la Agencia Clim\u00e1tica de EE.UU. (CPC-Noaa por sus siglas en ingl\u00e9s) acaba de actualizar el pron\u00f3stico relativo a la evoluci\u00f3n del fen\u00f3meno ENSO para la campa\u00f1a 2026\/27.<\/p>\n<p>Para el trimestre julio-septiembre de 2026, la mayor probabilidad (57%) corresponde a la ocurrencia de un \u201cNi\u00f1o\u201d de intensidad fuerte, seg\u00fan el modelo de CPC-Noaa.<\/p>\n<p>Para el per\u00edodo comprendido entre agosto y octubre de este a\u00f1o, la probabilidad de ocurrencia de un \u201cNi\u00f1o\u201d fuerte es del 42%, mientras que la de una fase \u201cmuy fuerte\u201d del evento crece al 48%.<\/p>\n<p>El pron\u00f3stico cambia en el trimestre comprendido entre septiembre y noviembre de 2026, cuando el modelo del CPC-Noaa estima que las chances de un \u201cS\u00faper Ni\u00f1o\u201d alcancen nada menos que el 71%<\/p>\n<p>\u201cExiste un 81% de probabilidad de que se presente un evento \u2018El Ni\u00f1o\u2019 muy fuerte durante el per\u00edodo de octubre a diciembre pr\u00f3ximo, que estar\u00eda posicion\u00e1ndose entre los eventos de \u2018El Ni\u00f1o\u2019 m\u00e1s grandes en el registro hist\u00f3rico, que data desde el 1950\u201d, se\u00f1ala el informe de CPC-Noaa\u201d.<\/p>\n","protected":false},"excerpt":{"rendered":"<p>La Federaci\u00f3n Agraria Argentina de Entre R\u00edos advirti\u00f3 que el evento El Ni\u00f1o impactar\u00eda \u201ccon toda su fuerza en zona&hellip;<\/p>\n","protected":false},"author":3,"featured_media":20151,"comment_status":"open","ping_status":"open","sticky":false,"template":"","format":"standard","meta":{"footnotes":""},"categories":[5,2,1,116],"tags":[71],"class_list":["post-22975","post","type-post","status-publish","format-standard","has-post-thumbnail","hentry","category-actualidad","category-agro","category-blog","category-ganaderia","tag-clima"],"aioseo_notices":[],"aioseo_head":"\n\t\t<!-- All in One SEO 5.0.1.1 - aioseo.com -->\n\t<meta name=\"description\" content=\"La Federaci\u00f3n Agraria Argentina de Entre R\u00edos advirti\u00f3 que el evento El Ni\u00f1o impactar\u00eda \u201ccon toda su fuerza en zona de islas\u201d de la provincia. Desde la Federaci\u00f3n Agraria Argentina de Entre R\u00edos (Faaer) advirtieron que los pron\u00f3sticos respecto al evento climatol\u00f3gico de El Ni\u00f1o no son los mejores. En este sentido se indic\u00f3\" \/>\n\t<meta name=\"robots\" content=\"max-image-preview:large\" \/>\n\t<meta name=\"author\" content=\"Gustavo Werner\"\/>\n\t<link rel=\"canonical\" href=\"https:\/\/loboproduccionesaudiovisuales.ar\/?p=22975\" \/>\n\t<meta name=\"generator\" content=\"All in One SEO (AIOSEO) 5.0.1.1\" \/>\n\t\t<meta property=\"og:locale\" content=\"es_ES\" \/>\n\t\t<meta property=\"og:site_name\" content=\"LOBO PRODUCCIONES AUDIOVISUALES - Sitio digital de noticias agroindustriales\" \/>\n\t\t<meta property=\"og:type\" content=\"article\" \/>\n\t\t<meta property=\"og:title\" content=\"Ante el fen\u00f3meno de El Ni\u00f1o, productores buscan d\u00f3nde ubicar su hacienda - LOBO PRODUCCIONES AUDIOVISUALES\" \/>\n\t\t<meta property=\"og:description\" content=\"La Federaci\u00f3n Agraria Argentina de Entre R\u00edos advirti\u00f3 que el evento El Ni\u00f1o impactar\u00eda \u201ccon toda su fuerza en zona de islas\u201d de la provincia. Desde la Federaci\u00f3n Agraria Argentina de Entre R\u00edos (Faaer) advirtieron que los pron\u00f3sticos respecto al evento climatol\u00f3gico de El Ni\u00f1o no son los mejores. En este sentido se indic\u00f3\" \/>\n\t\t<meta property=\"og:url\" content=\"https:\/\/loboproduccionesaudiovisuales.ar\/?p=22975\" \/>\n\t\t<meta property=\"og:image\" content=\"https:\/\/loboproduccionesaudiovisuales.ar\/wp-content\/uploads\/2023\/07\/LPA-web.jpg\" \/>\n\t\t<meta property=\"og:image:secure_url\" content=\"https:\/\/loboproduccionesaudiovisuales.ar\/wp-content\/uploads\/2023\/07\/LPA-web.jpg\" \/>\n\t\t<meta property=\"article:published_time\" content=\"2026-07-14T13:02:38+00:00\" \/>\n\t\t<meta property=\"article:modified_time\" content=\"2026-07-14T13:02:38+00:00\" \/>\n\t\t<meta name=\"twitter:card\" content=\"summary_large_image\" \/>\n\t\t<meta name=\"twitter:title\" content=\"Ante el fen\u00f3meno de El Ni\u00f1o, productores buscan d\u00f3nde ubicar su hacienda - LOBO PRODUCCIONES AUDIOVISUALES\" \/>\n\t\t<meta name=\"twitter:description\" content=\"La Federaci\u00f3n Agraria Argentina de Entre R\u00edos advirti\u00f3 que el evento El Ni\u00f1o impactar\u00eda \u201ccon toda su fuerza en zona de islas\u201d de la provincia. Desde la Federaci\u00f3n Agraria Argentina de Entre R\u00edos (Faaer) advirtieron que los pron\u00f3sticos respecto al evento climatol\u00f3gico de El Ni\u00f1o no son los mejores. En este sentido se indic\u00f3\" \/>\n\t\t<meta name=\"twitter:image\" content=\"https:\/\/loboproduccionesaudiovisuales.ar\/wp-content\/uploads\/2023\/07\/LPA-web.jpg\" \/>\n\t\t<script type=\"application\/ld+json\" class=\"aioseo-schema\">\n\t\t\t{\"@context\":\"https:\\\/\\\/schema.org\",\"@graph\":[{\"@type\":\"BlogPosting\",\"@id\":\"https:\\\/\\\/loboproduccionesaudiovisuales.ar\\\/?p=22975#blogposting\",\"name\":\"Ante el fen\\u00f3meno de El Ni\\u00f1o, productores buscan d\\u00f3nde ubicar su hacienda - LOBO PRODUCCIONES AUDIOVISUALES\",\"headline\":\"Ante el fen\\u00f3meno de El Ni\\u00f1o, productores buscan d\\u00f3nde ubicar su hacienda\",\"author\":{\"@id\":\"https:\\\/\\\/loboproduccionesaudiovisuales.ar\\\/?author=3#author\"},\"publisher\":{\"@id\":\"https:\\\/\\\/loboproduccionesaudiovisuales.ar\\\/#organization\"},\"image\":{\"@type\":\"ImageObject\",\"url\":\"https:\\\/\\\/loboproduccionesaudiovisuales.ar\\\/wp-content\\\/uploads\\\/2025\\\/08\\\/Ganaderia-1-696x461-1.jpg\",\"width\":696,\"height\":461},\"datePublished\":\"2026-07-14T10:02:38-03:00\",\"dateModified\":\"2026-07-14T10:02:38-03:00\",\"inLanguage\":\"es-AR\",\"mainEntityOfPage\":{\"@id\":\"https:\\\/\\\/loboproduccionesaudiovisuales.ar\\\/?p=22975#webpage\"},\"isPartOf\":{\"@id\":\"https:\\\/\\\/loboproduccionesaudiovisuales.ar\\\/?p=22975#webpage\"},\"articleSection\":\"ACTUALIDAD, AGRO, Blog, GANADERIA, clima\"},{\"@type\":\"BreadcrumbList\",\"@id\":\"https:\\\/\\\/loboproduccionesaudiovisuales.ar\\\/?p=22975#breadcrumblist\",\"itemListElement\":[{\"@type\":\"ListItem\",\"@id\":\"https:\\\/\\\/loboproduccionesaudiovisuales.ar#listItem\",\"position\":1,\"name\":\"Home\",\"item\":\"https:\\\/\\\/loboproduccionesaudiovisuales.ar\",\"nextItem\":{\"@type\":\"ListItem\",\"@id\":\"https:\\\/\\\/loboproduccionesaudiovisuales.ar\\\/?cat=1#listItem\",\"name\":\"Blog\"}},{\"@type\":\"ListItem\",\"@id\":\"https:\\\/\\\/loboproduccionesaudiovisuales.ar\\\/?cat=1#listItem\",\"position\":2,\"name\":\"Blog\",\"item\":\"https:\\\/\\\/loboproduccionesaudiovisuales.ar\\\/?cat=1\",\"nextItem\":{\"@type\":\"ListItem\",\"@id\":\"https:\\\/\\\/loboproduccionesaudiovisuales.ar\\\/?p=22975#listItem\",\"name\":\"Ante el fen\\u00f3meno de El Ni\\u00f1o, productores buscan d\\u00f3nde ubicar su hacienda\"},\"previousItem\":{\"@type\":\"ListItem\",\"@id\":\"https:\\\/\\\/loboproduccionesaudiovisuales.ar#listItem\",\"name\":\"Home\"}},{\"@type\":\"ListItem\",\"@id\":\"https:\\\/\\\/loboproduccionesaudiovisuales.ar\\\/?p=22975#listItem\",\"position\":3,\"name\":\"Ante el fen\\u00f3meno de El Ni\\u00f1o, productores buscan d\\u00f3nde ubicar su hacienda\",\"previousItem\":{\"@type\":\"ListItem\",\"@id\":\"https:\\\/\\\/loboproduccionesaudiovisuales.ar\\\/?cat=1#listItem\",\"name\":\"Blog\"}}]},{\"@type\":\"Organization\",\"@id\":\"https:\\\/\\\/loboproduccionesaudiovisuales.ar\\\/#organization\",\"name\":\"loboproduccionesaudiovisuales.ar\",\"description\":\"Sitio digital de noticias agroindustriales\",\"url\":\"https:\\\/\\\/loboproduccionesaudiovisuales.ar\\\/\",\"logo\":{\"@type\":\"ImageObject\",\"url\":\"https:\\\/\\\/loboproduccionesaudiovisuales.ar\\\/wp-content\\\/uploads\\\/2023\\\/07\\\/LPA-web.jpg\",\"@id\":\"https:\\\/\\\/loboproduccionesaudiovisuales.ar\\\/?p=22975\\\/#organizationLogo\",\"width\":500,\"height\":144},\"image\":{\"@id\":\"https:\\\/\\\/loboproduccionesaudiovisuales.ar\\\/?p=22975\\\/#organizationLogo\"}},{\"@type\":\"Person\",\"@id\":\"https:\\\/\\\/loboproduccionesaudiovisuales.ar\\\/?author=3#author\",\"url\":\"https:\\\/\\\/loboproduccionesaudiovisuales.ar\\\/?author=3\",\"name\":\"Gustavo Werner\",\"image\":{\"@type\":\"ImageObject\",\"@id\":\"https:\\\/\\\/loboproduccionesaudiovisuales.ar\\\/?p=22975#authorImage\",\"url\":\"https:\\\/\\\/loboproduccionesaudiovisuales.ar\\\/wp-content\\\/litespeed\\\/avatar\\\/de09dfb254ecca8d89a27b1f284fdb4d.jpg?ver=1788575391\",\"width\":96,\"height\":96,\"caption\":\"Gustavo Werner\"}},{\"@type\":\"WebPage\",\"@id\":\"https:\\\/\\\/loboproduccionesaudiovisuales.ar\\\/?p=22975#webpage\",\"url\":\"https:\\\/\\\/loboproduccionesaudiovisuales.ar\\\/?p=22975\",\"name\":\"Ante el fen\\u00f3meno de El Ni\\u00f1o, productores buscan d\\u00f3nde ubicar su hacienda - LOBO PRODUCCIONES AUDIOVISUALES\",\"description\":\"La Federaci\\u00f3n Agraria Argentina de Entre R\\u00edos advirti\\u00f3 que el evento El Ni\\u00f1o impactar\\u00eda \\u201ccon toda su fuerza en zona de islas\\u201d de la provincia. Desde la Federaci\\u00f3n Agraria Argentina de Entre R\\u00edos (Faaer) advirtieron que los pron\\u00f3sticos respecto al evento climatol\\u00f3gico de El Ni\\u00f1o no son los mejores. En este sentido se indic\\u00f3\",\"inLanguage\":\"es-AR\",\"isPartOf\":{\"@id\":\"https:\\\/\\\/loboproduccionesaudiovisuales.ar\\\/#website\"},\"breadcrumb\":{\"@id\":\"https:\\\/\\\/loboproduccionesaudiovisuales.ar\\\/?p=22975#breadcrumblist\"},\"author\":{\"@id\":\"https:\\\/\\\/loboproduccionesaudiovisuales.ar\\\/?author=3#author\"},\"creator\":{\"@id\":\"https:\\\/\\\/loboproduccionesaudiovisuales.ar\\\/?author=3#author\"},\"image\":{\"@type\":\"ImageObject\",\"url\":\"https:\\\/\\\/loboproduccionesaudiovisuales.ar\\\/wp-content\\\/uploads\\\/2025\\\/08\\\/Ganaderia-1-696x461-1.jpg\",\"@id\":\"https:\\\/\\\/loboproduccionesaudiovisuales.ar\\\/?p=22975\\\/#mainImage\",\"width\":696,\"height\":461},\"primaryImageOfPage\":{\"@id\":\"https:\\\/\\\/loboproduccionesaudiovisuales.ar\\\/?p=22975#mainImage\"},\"datePublished\":\"2026-07-14T10:02:38-03:00\",\"dateModified\":\"2026-07-14T10:02:38-03:00\"},{\"@type\":\"WebSite\",\"@id\":\"https:\\\/\\\/loboproduccionesaudiovisuales.ar\\\/#website\",\"url\":\"https:\\\/\\\/loboproduccionesaudiovisuales.ar\\\/\",\"name\":\"loboproduccionesaudiovisuales.ar\",\"alternateName\":\"Lobo Producciones\",\"description\":\"Sitio digital de noticias agroindustriales\",\"inLanguage\":\"es-AR\",\"publisher\":{\"@id\":\"https:\\\/\\\/loboproduccionesaudiovisuales.ar\\\/#organization\"}}]}\n\t\t<\/script>\n\t\t<!-- All in One SEO -->\n\n","aioseo_head_json":{"title":"Ante el fen\u00f3meno de El Ni\u00f1o, productores buscan d\u00f3nde ubicar su hacienda - LOBO PRODUCCIONES AUDIOVISUALES","description":"La Federaci\u00f3n Agraria Argentina de Entre R\u00edos advirti\u00f3 que el evento El Ni\u00f1o impactar\u00eda \u201ccon toda su fuerza en zona de islas\u201d de la provincia. Desde la Federaci\u00f3n Agraria Argentina de Entre R\u00edos (Faaer) advirtieron que los pron\u00f3sticos respecto al evento climatol\u00f3gico de El Ni\u00f1o no son los mejores. En este sentido se indic\u00f3","canonical_url":"https:\/\/loboproduccionesaudiovisuales.ar\/?p=22975","robots":"max-image-preview:large","keywords":"","webmasterTools":{"miscellaneous":""},"schema":{"@context":"https:\/\/schema.org","@graph":[{"@type":"BlogPosting","@id":"https:\/\/loboproduccionesaudiovisuales.ar\/?p=22975#blogposting","name":"Ante el fen\u00f3meno de El Ni\u00f1o, productores buscan d\u00f3nde ubicar su hacienda - LOBO PRODUCCIONES AUDIOVISUALES","headline":"Ante el fen\u00f3meno de El Ni\u00f1o, productores buscan d\u00f3nde ubicar su hacienda","author":{"@id":"https:\/\/loboproduccionesaudiovisuales.ar\/?author=3#author"},"publisher":{"@id":"https:\/\/loboproduccionesaudiovisuales.ar\/#organization"},"image":{"@type":"ImageObject","url":"https:\/\/loboproduccionesaudiovisuales.ar\/wp-content\/uploads\/2025\/08\/Ganaderia-1-696x461-1.jpg","width":696,"height":461},"datePublished":"2026-07-14T10:02:38-03:00","dateModified":"2026-07-14T10:02:38-03:00","inLanguage":"es-AR","mainEntityOfPage":{"@id":"https:\/\/loboproduccionesaudiovisuales.ar\/?p=22975#webpage"},"isPartOf":{"@id":"https:\/\/loboproduccionesaudiovisuales.ar\/?p=22975#webpage"},"articleSection":"ACTUALIDAD, AGRO, Blog, GANADERIA, clima"},{"@type":"BreadcrumbList","@id":"https:\/\/loboproduccionesaudiovisuales.ar\/?p=22975#breadcrumblist","itemListElement":[{"@type":"ListItem","@id":"https:\/\/loboproduccionesaudiovisuales.ar#listItem","position":1,"name":"Home","item":"https:\/\/loboproduccionesaudiovisuales.ar","nextItem":{"@type":"ListItem","@id":"https:\/\/loboproduccionesaudiovisuales.ar\/?cat=1#listItem","name":"Blog"}},{"@type":"ListItem","@id":"https:\/\/loboproduccionesaudiovisuales.ar\/?cat=1#listItem","position":2,"name":"Blog","item":"https:\/\/loboproduccionesaudiovisuales.ar\/?cat=1","nextItem":{"@type":"ListItem","@id":"https:\/\/loboproduccionesaudiovisuales.ar\/?p=22975#listItem","name":"Ante el fen\u00f3meno de El Ni\u00f1o, productores buscan d\u00f3nde ubicar su hacienda"},"previousItem":{"@type":"ListItem","@id":"https:\/\/loboproduccionesaudiovisuales.ar#listItem","name":"Home"}},{"@type":"ListItem","@id":"https:\/\/loboproduccionesaudiovisuales.ar\/?p=22975#listItem","position":3,"name":"Ante el fen\u00f3meno de El Ni\u00f1o, productores buscan d\u00f3nde ubicar su hacienda","previousItem":{"@type":"ListItem","@id":"https:\/\/loboproduccionesaudiovisuales.ar\/?cat=1#listItem","name":"Blog"}}]},{"@type":"Organization","@id":"https:\/\/loboproduccionesaudiovisuales.ar\/#organization","name":"loboproduccionesaudiovisuales.ar","description":"Sitio digital de noticias agroindustriales","url":"https:\/\/loboproduccionesaudiovisuales.ar\/","logo":{"@type":"ImageObject","url":"https:\/\/loboproduccionesaudiovisuales.ar\/wp-content\/uploads\/2023\/07\/LPA-web.jpg","@id":"https:\/\/loboproduccionesaudiovisuales.ar\/?p=22975\/#organizationLogo","width":500,"height":144},"image":{"@id":"https:\/\/loboproduccionesaudiovisuales.ar\/?p=22975\/#organizationLogo"}},{"@type":"Person","@id":"https:\/\/loboproduccionesaudiovisuales.ar\/?author=3#author","url":"https:\/\/loboproduccionesaudiovisuales.ar\/?author=3","name":"Gustavo Werner","image":{"@type":"ImageObject","@id":"https:\/\/loboproduccionesaudiovisuales.ar\/?p=22975#authorImage","url":"https:\/\/loboproduccionesaudiovisuales.ar\/wp-content\/litespeed\/avatar\/de09dfb254ecca8d89a27b1f284fdb4d.jpg?ver=1788575391","width":96,"height":96,"caption":"Gustavo Werner"}},{"@type":"WebPage","@id":"https:\/\/loboproduccionesaudiovisuales.ar\/?p=22975#webpage","url":"https:\/\/loboproduccionesaudiovisuales.ar\/?p=22975","name":"Ante el fen\u00f3meno de El Ni\u00f1o, productores buscan d\u00f3nde ubicar su hacienda - LOBO PRODUCCIONES AUDIOVISUALES","description":"La Federaci\u00f3n Agraria Argentina de Entre R\u00edos advirti\u00f3 que el evento El Ni\u00f1o impactar\u00eda \u201ccon toda su fuerza en zona de islas\u201d de la provincia. Desde la Federaci\u00f3n Agraria Argentina de Entre R\u00edos (Faaer) advirtieron que los pron\u00f3sticos respecto al evento climatol\u00f3gico de El Ni\u00f1o no son los mejores. En este sentido se indic\u00f3","inLanguage":"es-AR","isPartOf":{"@id":"https:\/\/loboproduccionesaudiovisuales.ar\/#website"},"breadcrumb":{"@id":"https:\/\/loboproduccionesaudiovisuales.ar\/?p=22975#breadcrumblist"},"author":{"@id":"https:\/\/loboproduccionesaudiovisuales.ar\/?author=3#author"},"creator":{"@id":"https:\/\/loboproduccionesaudiovisuales.ar\/?author=3#author"},"image":{"@type":"ImageObject","url":"https:\/\/loboproduccionesaudiovisuales.ar\/wp-content\/uploads\/2025\/08\/Ganaderia-1-696x461-1.jpg","@id":"https:\/\/loboproduccionesaudiovisuales.ar\/?p=22975\/#mainImage","width":696,"height":461},"primaryImageOfPage":{"@id":"https:\/\/loboproduccionesaudiovisuales.ar\/?p=22975#mainImage"},"datePublished":"2026-07-14T10:02:38-03:00","dateModified":"2026-07-14T10:02:38-03:00"},{"@type":"WebSite","@id":"https:\/\/loboproduccionesaudiovisuales.ar\/#website","url":"https:\/\/loboproduccionesaudiovisuales.ar\/","name":"loboproduccionesaudiovisuales.ar","alternateName":"Lobo Producciones","description":"Sitio digital de noticias agroindustriales","inLanguage":"es-AR","publisher":{"@id":"https:\/\/loboproduccionesaudiovisuales.ar\/#organization"}}]},"og:locale":"es_ES","og:site_name":"LOBO PRODUCCIONES AUDIOVISUALES - Sitio digital de noticias agroindustriales","og:type":"article","og:title":"Ante el fen\u00f3meno de El Ni\u00f1o, productores buscan d\u00f3nde ubicar su hacienda - LOBO PRODUCCIONES AUDIOVISUALES","og:description":"La Federaci\u00f3n Agraria Argentina de Entre R\u00edos advirti\u00f3 que el evento El Ni\u00f1o impactar\u00eda \u201ccon toda su fuerza en zona de islas\u201d de la provincia. Desde la Federaci\u00f3n Agraria Argentina de Entre R\u00edos (Faaer) advirtieron que los pron\u00f3sticos respecto al evento climatol\u00f3gico de El Ni\u00f1o no son los mejores. En este sentido se indic\u00f3","og:url":"https:\/\/loboproduccionesaudiovisuales.ar\/?p=22975","og:image":"https:\/\/loboproduccionesaudiovisuales.ar\/wp-content\/uploads\/2023\/07\/LPA-web.jpg","og:image:secure_url":"https:\/\/loboproduccionesaudiovisuales.ar\/wp-content\/uploads\/2023\/07\/LPA-web.jpg","article:published_time":"2026-07-14T13:02:38+00:00","article:modified_time":"2026-07-14T13:02:38+00:00","twitter:card":"summary_large_image","twitter:title":"Ante el fen\u00f3meno de El Ni\u00f1o, productores buscan d\u00f3nde ubicar su hacienda - LOBO PRODUCCIONES AUDIOVISUALES","twitter:description":"La Federaci\u00f3n Agraria Argentina de Entre R\u00edos advirti\u00f3 que el evento El Ni\u00f1o impactar\u00eda \u201ccon toda su fuerza en zona de islas\u201d de la provincia. Desde la Federaci\u00f3n Agraria Argentina de Entre R\u00edos (Faaer) advirtieron que los pron\u00f3sticos respecto al evento climatol\u00f3gico de El Ni\u00f1o no son los mejores. En este sentido se indic\u00f3","twitter:image":"https:\/\/loboproduccionesaudiovisuales.ar\/wp-content\/uploads\/2023\/07\/LPA-web.jpg"},"aioseo_meta_data":{"post_id":"22975","title":null,"description":null,"keywords":null,"keyphrases":{"focus":{"keyphrase":"","score":0,"analysis":{"keyphraseInTitle":{"score":0,"maxScore":9,"error":1}}},"additional":[]},"primary_term":null,"canonical_url":null,"og_title":null,"og_description":null,"og_object_type":"default","og_image_type":"default","og_image_url":null,"og_image_width":null,"og_image_height":null,"og_image_custom_url":null,"og_image_custom_fields":null,"og_video":"","og_custom_url":null,"og_article_section":null,"og_article_tags":null,"twitter_use_og":false,"twitter_card":"default","twitter_image_type":"default","twitter_image_url":null,"twitter_image_custom_url":null,"twitter_image_custom_fields":null,"twitter_title":null,"twitter_description":null,"schema":{"blockGraphs":[],"customGraphs":[],"default":{"data":{"Article":[],"Course":[],"Dataset":[],"FAQPage":[],"Movie":[],"Person":[],"Product":[],"ProductReview":[],"Car":[],"Recipe":[],"Service":[],"SoftwareApplication":[],"WebPage":[]},"graphName":"BlogPosting","isEnabled":true},"graphs":[]},"schema_type":"default","schema_type_options":null,"pillar_content":false,"robots_default":true,"robots_noindex":false,"robots_noarchive":false,"robots_nosnippet":false,"robots_nofollow":false,"robots_noimageindex":false,"robots_noodp":false,"robots_notranslate":false,"robots_max_snippet":"-1","robots_max_videopreview":"-1","robots_max_imagepreview":"large","priority":null,"frequency":"default","local_seo":null,"breadcrumb_settings":null,"limit_modified_date":false,"ai":{"faqs":[],"keyPoints":[],"schemas":[],"titles":[],"descriptions":[],"socialPosts":{"email":{"subject":"","preview":"","content":""},"linkedin":[],"twitter":[],"facebook":[],"instagram":[]}},"created":"2026-07-14 13:02:38","updated":"2026-07-14 13:03:47","seo_analyzer_scan_date":null,"focus_keyword":null,"additional_keywords":null,"truseo_locale":null},"aioseo_breadcrumb":"<div class=\"aioseo-breadcrumbs\"><span class=\"aioseo-breadcrumb\">\n\t\t\t<a href=\"https:\/\/loboproduccionesaudiovisuales.ar\" title=\"Home\">Home<\/a>\n\t\t<\/span><span class=\"aioseo-breadcrumb-separator\">&raquo;<\/span><span class=\"aioseo-breadcrumb\">\n\t\t\t<a href=\"https:\/\/loboproduccionesaudiovisuales.ar\/?cat=1\" title=\"Blog\">Blog<\/a>\n\t\t<\/span><span class=\"aioseo-breadcrumb-separator\">&raquo;<\/span><span class=\"aioseo-breadcrumb\">\n\t\t\tAnte el fen\u00f3meno de El Ni\u00f1o, productores buscan d\u00f3nde ubicar su hacienda\n\t\t<\/span><\/div>","aioseo_breadcrumb_json":[{"label":"Home","link":"https:\/\/loboproduccionesaudiovisuales.ar"},{"label":"Blog","link":"https:\/\/loboproduccionesaudiovisuales.ar\/?cat=1"},{"label":"Ante el fen\u00f3meno de El Ni\u00f1o, productores buscan d\u00f3nde ubicar su hacienda","link":"https:\/\/loboproduccionesaudiovisuales.ar\/?p=22975"}],"_links":{"self":[{"href":"https:\/\/loboproduccionesaudiovisuales.ar\/index.php?rest_route=\/wp\/v2\/posts\/22975","targetHints":{"allow":["GET"]}}],"collection":[{"href":"https:\/\/loboproduccionesaudiovisuales.ar\/index.php?rest_route=\/wp\/v2\/posts"}],"about":[{"href":"https:\/\/loboproduccionesaudiovisuales.ar\/index.php?rest_route=\/wp\/v2\/types\/post"}],"author":[{"embeddable":true,"href":"https:\/\/loboproduccionesaudiovisuales.ar\/index.php?rest_route=\/wp\/v2\/users\/3"}],"replies":[{"embeddable":true,"href":"https:\/\/loboproduccionesaudiovisuales.ar\/index.php?rest_route=%2Fwp%2Fv2%2Fcomments&post=22975"}],"version-history":[{"count":2,"href":"https:\/\/loboproduccionesaudiovisuales.ar\/index.php?rest_route=\/wp\/v2\/posts\/22975\/revisions"}],"predecessor-version":[{"id":22977,"href":"https:\/\/loboproduccionesaudiovisuales.ar\/index.php?rest_route=\/wp\/v2\/posts\/22975\/revisions\/22977"}],"wp:featuredmedia":[{"embeddable":true,"href":"https:\/\/loboproduccionesaudiovisuales.ar\/index.php?rest_route=\/wp\/v2\/media\/20151"}],"wp:attachment":[{"href":"https:\/\/loboproduccionesaudiovisuales.ar\/index.php?rest_route=%2Fwp%2Fv2%2Fmedia&parent=22975"}],"wp:term":[{"taxonomy":"category","embeddable":true,"href":"https:\/\/loboproduccionesaudiovisuales.ar\/index.php?rest_route=%2Fwp%2Fv2%2Fcategories&post=22975"},{"taxonomy":"post_tag","embeddable":true,"href":"https:\/\/loboproduccionesaudiovisuales.ar\/index.php?rest_route=%2Fwp%2Fv2%2Ftags&post=22975"}],"curies":[{"name":"wp","href":"https:\/\/api.w.org\/{rel}","templated":true}]}}