{"id":22881,"date":"2026-07-03T09:37:09","date_gmt":"2026-07-03T12:37:09","guid":{"rendered":"https:\/\/loboproduccionesaudiovisuales.ar\/?p=22881"},"modified":"2026-07-03T09:37:09","modified_gmt":"2026-07-03T12:37:09","slug":"las-ventas-de-junio-en-entre-rios-marcan-baja-de-precios-del-377","status":"publish","type":"post","link":"https:\/\/loboproduccionesaudiovisuales.ar\/?p=22881","title":{"rendered":"Las ventas de junio en Entre R\u00edos marcan baja de precios del 3,77%"},"content":{"rendered":"<p><strong>El resultado de los remates de hacienda en pie de junio en la provincia reflejan una nueva tendencia descendente en los valores de las distintas categor\u00edas, consolidando un escenario de ajuste que, si bien contin\u00faa siendo moderado, ya se observa de manera sostenida.<\/strong><\/p>\n<p>&nbsp;<\/p>\n<p>La sentencia surge del informe habitual de la Federaci\u00f3n de Asociaciones Rurales de Entre R\u00edos; y suman que el promedio general registr\u00f3 una baja del 3,77% respecto del mes anterior, con retrocesos en la mayor\u00eda de las categor\u00edas comercializadas. Si bien no se trata de ca\u00eddas pronunciadas, los n\u00fameros evidencian un mercado que mantiene cierta cautela, con una demanda m\u00e1s selectiva y valores que encuentran dificultades para sostener los niveles alcanzados meses atr\u00e1s.<\/p>\n<p>&nbsp;<\/p>\n<p>&nbsp;<\/p>\n<figure class=\"embed\">\n<div class=\"cl-cl-14 margin-0\"><img decoding=\"async\" class=\"lazy-lotta\" src=\"https:\/\/www.campoenaccion.com\/galeria\/fotos\/2026\/07\/02\/o_1783002889.jpg\" alt=\"\" width=\"100%\" \/><\/div>\n<\/figure>\n<p>&nbsp;<\/p>\n<p>&nbsp;<\/p>\n<p>Entre las principales categor\u00edas de invernada, los terneros de 150 a 180 kilos promediaron $5.520,33 por kilogramo, con una merma del 5,43%, mientras que los terneros de 190 a 240 kilos alcanzaron los $4.910, retrocediendo 7,18%. En el caso de las hembras, las terneras de 150 a 180 kilos se ubicaron en $5.351,87 (-1,99%) y las de 190 a 240 kilos en $4.898 (-3,36%).<\/p>\n<p>Tambi\u00e9n se observaron bajas importantes en las categor\u00edas de recr\u00eda y consumo. Los novillitos promediaron $4.188,33, con una disminuci\u00f3n del 5,88%, mientras que los novillos cerraron en $3.754,83, registrando la mayor ca\u00edda mensual entre las categor\u00edas de hacienda para faena, con un 7,97%. Las vaquillas, por su parte, alcanzaron un promedio de $4.072, retrocediendo 7,87%.<\/p>\n<p>En las categor\u00edas de vientres y conserva, las vacas promediaron $2.857,44 (-0,84%), las vacas con cr\u00eda se comercializaron en un promedio de $809.167 por pieza (-3,01%), mientras que las vacas conserva fueron una de las excepciones del mes, con un incremento del 0,89%, alcanzando los $2.224,38 por kilogramo. Los toros tambi\u00e9n mostraron un leve comportamiento positivo, con un promedio de $2.926,69, lo que representa una suba del 1,13%.<\/p>\n","protected":false},"excerpt":{"rendered":"<p>El resultado de los remates de hacienda en pie de junio en la provincia reflejan una nueva tendencia descendente en&hellip;<\/p>\n","protected":false},"author":3,"featured_media":22882,"comment_status":"open","ping_status":"open","sticky":false,"template":"","format":"standard","meta":{"footnotes":""},"categories":[5,2,1,128],"tags":[],"class_list":["post-22881","post","type-post","status-publish","format-standard","has-post-thumbnail","hentry","category-actualidad","category-agro","category-blog","category-entre-rios"],"aioseo_notices":[],"aioseo_head":"\n\t\t<!-- All in One SEO 5.0.1.1 - aioseo.com -->\n\t<meta name=\"description\" content=\"El resultado de los remates de hacienda en pie de junio en la provincia reflejan una nueva tendencia descendente en los valores de las distintas categor\u00edas, consolidando un escenario de ajuste que, si bien contin\u00faa siendo moderado, ya se observa de manera sostenida. La sentencia surge del informe habitual de la Federaci\u00f3n de Asociaciones\" \/>\n\t<meta name=\"robots\" content=\"max-image-preview:large\" \/>\n\t<meta name=\"author\" content=\"Gustavo Werner\"\/>\n\t<link rel=\"canonical\" href=\"https:\/\/loboproduccionesaudiovisuales.ar\/?p=22881\" \/>\n\t<meta name=\"generator\" content=\"All in One SEO (AIOSEO) 5.0.1.1\" \/>\n\t\t<meta property=\"og:locale\" content=\"es_ES\" \/>\n\t\t<meta property=\"og:site_name\" content=\"LOBO PRODUCCIONES AUDIOVISUALES - Sitio digital de noticias agroindustriales\" \/>\n\t\t<meta property=\"og:type\" content=\"article\" \/>\n\t\t<meta property=\"og:title\" content=\"Las ventas de junio en Entre R\u00edos marcan baja de precios del 3,77% - LOBO PRODUCCIONES AUDIOVISUALES\" \/>\n\t\t<meta property=\"og:description\" content=\"El resultado de los remates de hacienda en pie de junio en la provincia reflejan una nueva tendencia descendente en los valores de las distintas categor\u00edas, consolidando un escenario de ajuste que, si bien contin\u00faa siendo moderado, ya se observa de manera sostenida. La sentencia surge del informe habitual de la Federaci\u00f3n de Asociaciones\" \/>\n\t\t<meta property=\"og:url\" content=\"https:\/\/loboproduccionesaudiovisuales.ar\/?p=22881\" \/>\n\t\t<meta property=\"og:image\" content=\"https:\/\/loboproduccionesaudiovisuales.ar\/wp-content\/uploads\/2023\/07\/LPA-web.jpg\" \/>\n\t\t<meta property=\"og:image:secure_url\" content=\"https:\/\/loboproduccionesaudiovisuales.ar\/wp-content\/uploads\/2023\/07\/LPA-web.jpg\" \/>\n\t\t<meta property=\"article:published_time\" content=\"2026-07-03T12:37:09+00:00\" \/>\n\t\t<meta property=\"article:modified_time\" content=\"2026-07-03T12:37:09+00:00\" \/>\n\t\t<meta name=\"twitter:card\" content=\"summary_large_image\" \/>\n\t\t<meta name=\"twitter:title\" content=\"Las ventas de junio en Entre R\u00edos marcan baja de precios del 3,77% - LOBO PRODUCCIONES AUDIOVISUALES\" \/>\n\t\t<meta name=\"twitter:description\" content=\"El resultado de los remates de hacienda en pie de junio en la provincia reflejan una nueva tendencia descendente en los valores de las distintas categor\u00edas, consolidando un escenario de ajuste que, si bien contin\u00faa siendo moderado, ya se observa de manera sostenida. La sentencia surge del informe habitual de la Federaci\u00f3n de Asociaciones\" \/>\n\t\t<meta name=\"twitter:image\" content=\"https:\/\/loboproduccionesaudiovisuales.ar\/wp-content\/uploads\/2023\/07\/LPA-web.jpg\" \/>\n\t\t<script type=\"application\/ld+json\" class=\"aioseo-schema\">\n\t\t\t{\"@context\":\"https:\\\/\\\/schema.org\",\"@graph\":[{\"@type\":\"BlogPosting\",\"@id\":\"https:\\\/\\\/loboproduccionesaudiovisuales.ar\\\/?p=22881#blogposting\",\"name\":\"Las ventas de junio en Entre R\\u00edos marcan baja de precios del 3,77% - LOBO PRODUCCIONES AUDIOVISUALES\",\"headline\":\"Las ventas de junio en Entre R\\u00edos marcan baja de precios del 3,77%\",\"author\":{\"@id\":\"https:\\\/\\\/loboproduccionesaudiovisuales.ar\\\/?author=3#author\"},\"publisher\":{\"@id\":\"https:\\\/\\\/loboproduccionesaudiovisuales.ar\\\/#organization\"},\"image\":{\"@type\":\"ImageObject\",\"url\":\"https:\\\/\\\/loboproduccionesaudiovisuales.ar\\\/wp-content\\\/uploads\\\/2026\\\/07\\\/f_1783002889.jpg\",\"width\":1032,\"height\":688},\"datePublished\":\"2026-07-03T09:37:09-03:00\",\"dateModified\":\"2026-07-03T09:37:09-03:00\",\"inLanguage\":\"es-AR\",\"mainEntityOfPage\":{\"@id\":\"https:\\\/\\\/loboproduccionesaudiovisuales.ar\\\/?p=22881#webpage\"},\"isPartOf\":{\"@id\":\"https:\\\/\\\/loboproduccionesaudiovisuales.ar\\\/?p=22881#webpage\"},\"articleSection\":\"ACTUALIDAD, AGRO, Blog, ENTRE RIOS\"},{\"@type\":\"BreadcrumbList\",\"@id\":\"https:\\\/\\\/loboproduccionesaudiovisuales.ar\\\/?p=22881#breadcrumblist\",\"itemListElement\":[{\"@type\":\"ListItem\",\"@id\":\"https:\\\/\\\/loboproduccionesaudiovisuales.ar#listItem\",\"position\":1,\"name\":\"Home\",\"item\":\"https:\\\/\\\/loboproduccionesaudiovisuales.ar\",\"nextItem\":{\"@type\":\"ListItem\",\"@id\":\"https:\\\/\\\/loboproduccionesaudiovisuales.ar\\\/?cat=1#listItem\",\"name\":\"Blog\"}},{\"@type\":\"ListItem\",\"@id\":\"https:\\\/\\\/loboproduccionesaudiovisuales.ar\\\/?cat=1#listItem\",\"position\":2,\"name\":\"Blog\",\"item\":\"https:\\\/\\\/loboproduccionesaudiovisuales.ar\\\/?cat=1\",\"nextItem\":{\"@type\":\"ListItem\",\"@id\":\"https:\\\/\\\/loboproduccionesaudiovisuales.ar\\\/?p=22881#listItem\",\"name\":\"Las ventas de junio en Entre R\\u00edos marcan baja de precios del 3,77%\"},\"previousItem\":{\"@type\":\"ListItem\",\"@id\":\"https:\\\/\\\/loboproduccionesaudiovisuales.ar#listItem\",\"name\":\"Home\"}},{\"@type\":\"ListItem\",\"@id\":\"https:\\\/\\\/loboproduccionesaudiovisuales.ar\\\/?p=22881#listItem\",\"position\":3,\"name\":\"Las ventas de junio en Entre R\\u00edos marcan baja de precios del 3,77%\",\"previousItem\":{\"@type\":\"ListItem\",\"@id\":\"https:\\\/\\\/loboproduccionesaudiovisuales.ar\\\/?cat=1#listItem\",\"name\":\"Blog\"}}]},{\"@type\":\"Organization\",\"@id\":\"https:\\\/\\\/loboproduccionesaudiovisuales.ar\\\/#organization\",\"name\":\"loboproduccionesaudiovisuales.ar\",\"description\":\"Sitio digital de noticias agroindustriales\",\"url\":\"https:\\\/\\\/loboproduccionesaudiovisuales.ar\\\/\",\"logo\":{\"@type\":\"ImageObject\",\"url\":\"https:\\\/\\\/loboproduccionesaudiovisuales.ar\\\/wp-content\\\/uploads\\\/2023\\\/07\\\/LPA-web.jpg\",\"@id\":\"https:\\\/\\\/loboproduccionesaudiovisuales.ar\\\/?p=22881\\\/#organizationLogo\",\"width\":500,\"height\":144},\"image\":{\"@id\":\"https:\\\/\\\/loboproduccionesaudiovisuales.ar\\\/?p=22881\\\/#organizationLogo\"}},{\"@type\":\"Person\",\"@id\":\"https:\\\/\\\/loboproduccionesaudiovisuales.ar\\\/?author=3#author\",\"url\":\"https:\\\/\\\/loboproduccionesaudiovisuales.ar\\\/?author=3\",\"name\":\"Gustavo Werner\",\"image\":{\"@type\":\"ImageObject\",\"@id\":\"https:\\\/\\\/loboproduccionesaudiovisuales.ar\\\/?p=22881#authorImage\",\"url\":\"https:\\\/\\\/secure.gravatar.com\\\/avatar\\\/e04239ede7d02b80503013ac1fa61f308bbe3566e5a70df5bbef7c3725a0dcae?s=96&d=mm&r=g\",\"width\":96,\"height\":96,\"caption\":\"Gustavo Werner\"}},{\"@type\":\"WebPage\",\"@id\":\"https:\\\/\\\/loboproduccionesaudiovisuales.ar\\\/?p=22881#webpage\",\"url\":\"https:\\\/\\\/loboproduccionesaudiovisuales.ar\\\/?p=22881\",\"name\":\"Las ventas de junio en Entre R\\u00edos marcan baja de precios del 3,77% - LOBO PRODUCCIONES AUDIOVISUALES\",\"description\":\"El resultado de los remates de hacienda en pie de junio en la provincia reflejan una nueva tendencia descendente en los valores de las distintas categor\\u00edas, consolidando un escenario de ajuste que, si bien contin\\u00faa siendo moderado, ya se observa de manera sostenida. La sentencia surge del informe habitual de la Federaci\\u00f3n de Asociaciones\",\"inLanguage\":\"es-AR\",\"isPartOf\":{\"@id\":\"https:\\\/\\\/loboproduccionesaudiovisuales.ar\\\/#website\"},\"breadcrumb\":{\"@id\":\"https:\\\/\\\/loboproduccionesaudiovisuales.ar\\\/?p=22881#breadcrumblist\"},\"author\":{\"@id\":\"https:\\\/\\\/loboproduccionesaudiovisuales.ar\\\/?author=3#author\"},\"creator\":{\"@id\":\"https:\\\/\\\/loboproduccionesaudiovisuales.ar\\\/?author=3#author\"},\"image\":{\"@type\":\"ImageObject\",\"url\":\"https:\\\/\\\/loboproduccionesaudiovisuales.ar\\\/wp-content\\\/uploads\\\/2026\\\/07\\\/f_1783002889.jpg\",\"@id\":\"https:\\\/\\\/loboproduccionesaudiovisuales.ar\\\/?p=22881\\\/#mainImage\",\"width\":1032,\"height\":688},\"primaryImageOfPage\":{\"@id\":\"https:\\\/\\\/loboproduccionesaudiovisuales.ar\\\/?p=22881#mainImage\"},\"datePublished\":\"2026-07-03T09:37:09-03:00\",\"dateModified\":\"2026-07-03T09:37:09-03:00\"},{\"@type\":\"WebSite\",\"@id\":\"https:\\\/\\\/loboproduccionesaudiovisuales.ar\\\/#website\",\"url\":\"https:\\\/\\\/loboproduccionesaudiovisuales.ar\\\/\",\"name\":\"loboproduccionesaudiovisuales.ar\",\"alternateName\":\"Lobo Producciones\",\"description\":\"Sitio digital de noticias agroindustriales\",\"inLanguage\":\"es-AR\",\"publisher\":{\"@id\":\"https:\\\/\\\/loboproduccionesaudiovisuales.ar\\\/#organization\"}}]}\n\t\t<\/script>\n\t\t<!-- All in One SEO -->\n\n","aioseo_head_json":{"title":"Las ventas de junio en Entre R\u00edos marcan baja de precios del 3,77% - LOBO PRODUCCIONES AUDIOVISUALES","description":"El resultado de los remates de hacienda en pie de junio en la provincia reflejan una nueva tendencia descendente en los valores de las distintas categor\u00edas, consolidando un escenario de ajuste que, si bien contin\u00faa siendo moderado, ya se observa de manera sostenida. La sentencia surge del informe habitual de la Federaci\u00f3n de Asociaciones","canonical_url":"https:\/\/loboproduccionesaudiovisuales.ar\/?p=22881","robots":"max-image-preview:large","keywords":"","webmasterTools":{"miscellaneous":""},"schema":{"@context":"https:\/\/schema.org","@graph":[{"@type":"BlogPosting","@id":"https:\/\/loboproduccionesaudiovisuales.ar\/?p=22881#blogposting","name":"Las ventas de junio en Entre R\u00edos marcan baja de precios del 3,77% - LOBO PRODUCCIONES AUDIOVISUALES","headline":"Las ventas de junio en Entre R\u00edos marcan baja de precios del 3,77%","author":{"@id":"https:\/\/loboproduccionesaudiovisuales.ar\/?author=3#author"},"publisher":{"@id":"https:\/\/loboproduccionesaudiovisuales.ar\/#organization"},"image":{"@type":"ImageObject","url":"https:\/\/loboproduccionesaudiovisuales.ar\/wp-content\/uploads\/2026\/07\/f_1783002889.jpg","width":1032,"height":688},"datePublished":"2026-07-03T09:37:09-03:00","dateModified":"2026-07-03T09:37:09-03:00","inLanguage":"es-AR","mainEntityOfPage":{"@id":"https:\/\/loboproduccionesaudiovisuales.ar\/?p=22881#webpage"},"isPartOf":{"@id":"https:\/\/loboproduccionesaudiovisuales.ar\/?p=22881#webpage"},"articleSection":"ACTUALIDAD, AGRO, Blog, ENTRE RIOS"},{"@type":"BreadcrumbList","@id":"https:\/\/loboproduccionesaudiovisuales.ar\/?p=22881#breadcrumblist","itemListElement":[{"@type":"ListItem","@id":"https:\/\/loboproduccionesaudiovisuales.ar#listItem","position":1,"name":"Home","item":"https:\/\/loboproduccionesaudiovisuales.ar","nextItem":{"@type":"ListItem","@id":"https:\/\/loboproduccionesaudiovisuales.ar\/?cat=1#listItem","name":"Blog"}},{"@type":"ListItem","@id":"https:\/\/loboproduccionesaudiovisuales.ar\/?cat=1#listItem","position":2,"name":"Blog","item":"https:\/\/loboproduccionesaudiovisuales.ar\/?cat=1","nextItem":{"@type":"ListItem","@id":"https:\/\/loboproduccionesaudiovisuales.ar\/?p=22881#listItem","name":"Las ventas de junio en Entre R\u00edos marcan baja de precios del 3,77%"},"previousItem":{"@type":"ListItem","@id":"https:\/\/loboproduccionesaudiovisuales.ar#listItem","name":"Home"}},{"@type":"ListItem","@id":"https:\/\/loboproduccionesaudiovisuales.ar\/?p=22881#listItem","position":3,"name":"Las ventas de junio en Entre R\u00edos marcan baja de precios del 3,77%","previousItem":{"@type":"ListItem","@id":"https:\/\/loboproduccionesaudiovisuales.ar\/?cat=1#listItem","name":"Blog"}}]},{"@type":"Organization","@id":"https:\/\/loboproduccionesaudiovisuales.ar\/#organization","name":"loboproduccionesaudiovisuales.ar","description":"Sitio digital de noticias agroindustriales","url":"https:\/\/loboproduccionesaudiovisuales.ar\/","logo":{"@type":"ImageObject","url":"https:\/\/loboproduccionesaudiovisuales.ar\/wp-content\/uploads\/2023\/07\/LPA-web.jpg","@id":"https:\/\/loboproduccionesaudiovisuales.ar\/?p=22881\/#organizationLogo","width":500,"height":144},"image":{"@id":"https:\/\/loboproduccionesaudiovisuales.ar\/?p=22881\/#organizationLogo"}},{"@type":"Person","@id":"https:\/\/loboproduccionesaudiovisuales.ar\/?author=3#author","url":"https:\/\/loboproduccionesaudiovisuales.ar\/?author=3","name":"Gustavo Werner","image":{"@type":"ImageObject","@id":"https:\/\/loboproduccionesaudiovisuales.ar\/?p=22881#authorImage","url":"https:\/\/secure.gravatar.com\/avatar\/e04239ede7d02b80503013ac1fa61f308bbe3566e5a70df5bbef7c3725a0dcae?s=96&d=mm&r=g","width":96,"height":96,"caption":"Gustavo Werner"}},{"@type":"WebPage","@id":"https:\/\/loboproduccionesaudiovisuales.ar\/?p=22881#webpage","url":"https:\/\/loboproduccionesaudiovisuales.ar\/?p=22881","name":"Las ventas de junio en Entre R\u00edos marcan baja de precios del 3,77% - LOBO PRODUCCIONES AUDIOVISUALES","description":"El resultado de los remates de hacienda en pie de junio en la provincia reflejan una nueva tendencia descendente en los valores de las distintas categor\u00edas, consolidando un escenario de ajuste que, si bien contin\u00faa siendo moderado, ya se observa de manera sostenida. La sentencia surge del informe habitual de la Federaci\u00f3n de Asociaciones","inLanguage":"es-AR","isPartOf":{"@id":"https:\/\/loboproduccionesaudiovisuales.ar\/#website"},"breadcrumb":{"@id":"https:\/\/loboproduccionesaudiovisuales.ar\/?p=22881#breadcrumblist"},"author":{"@id":"https:\/\/loboproduccionesaudiovisuales.ar\/?author=3#author"},"creator":{"@id":"https:\/\/loboproduccionesaudiovisuales.ar\/?author=3#author"},"image":{"@type":"ImageObject","url":"https:\/\/loboproduccionesaudiovisuales.ar\/wp-content\/uploads\/2026\/07\/f_1783002889.jpg","@id":"https:\/\/loboproduccionesaudiovisuales.ar\/?p=22881\/#mainImage","width":1032,"height":688},"primaryImageOfPage":{"@id":"https:\/\/loboproduccionesaudiovisuales.ar\/?p=22881#mainImage"},"datePublished":"2026-07-03T09:37:09-03:00","dateModified":"2026-07-03T09:37:09-03:00"},{"@type":"WebSite","@id":"https:\/\/loboproduccionesaudiovisuales.ar\/#website","url":"https:\/\/loboproduccionesaudiovisuales.ar\/","name":"loboproduccionesaudiovisuales.ar","alternateName":"Lobo Producciones","description":"Sitio digital de noticias agroindustriales","inLanguage":"es-AR","publisher":{"@id":"https:\/\/loboproduccionesaudiovisuales.ar\/#organization"}}]},"og:locale":"es_ES","og:site_name":"LOBO PRODUCCIONES AUDIOVISUALES - Sitio digital de noticias agroindustriales","og:type":"article","og:title":"Las ventas de junio en Entre R\u00edos marcan baja de precios del 3,77% - LOBO PRODUCCIONES AUDIOVISUALES","og:description":"El resultado de los remates de hacienda en pie de junio en la provincia reflejan una nueva tendencia descendente en los valores de las distintas categor\u00edas, consolidando un escenario de ajuste que, si bien contin\u00faa siendo moderado, ya se observa de manera sostenida. La sentencia surge del informe habitual de la Federaci\u00f3n de Asociaciones","og:url":"https:\/\/loboproduccionesaudiovisuales.ar\/?p=22881","og:image":"https:\/\/loboproduccionesaudiovisuales.ar\/wp-content\/uploads\/2023\/07\/LPA-web.jpg","og:image:secure_url":"https:\/\/loboproduccionesaudiovisuales.ar\/wp-content\/uploads\/2023\/07\/LPA-web.jpg","article:published_time":"2026-07-03T12:37:09+00:00","article:modified_time":"2026-07-03T12:37:09+00:00","twitter:card":"summary_large_image","twitter:title":"Las ventas de junio en Entre R\u00edos marcan baja de precios del 3,77% - LOBO PRODUCCIONES AUDIOVISUALES","twitter:description":"El resultado de los remates de hacienda en pie de junio en la provincia reflejan una nueva tendencia descendente en los valores de las distintas categor\u00edas, consolidando un escenario de ajuste que, si bien contin\u00faa siendo moderado, ya se observa de manera sostenida. La sentencia surge del informe habitual de la Federaci\u00f3n de Asociaciones","twitter:image":"https:\/\/loboproduccionesaudiovisuales.ar\/wp-content\/uploads\/2023\/07\/LPA-web.jpg"},"aioseo_meta_data":{"post_id":"22881","title":null,"description":null,"keywords":null,"keyphrases":{"focus":{"keyphrase":"","score":0,"analysis":{"keyphraseInTitle":{"score":0,"maxScore":9,"error":1}}},"additional":[]},"primary_term":null,"canonical_url":null,"og_title":null,"og_description":null,"og_object_type":"default","og_image_type":"default","og_image_url":null,"og_image_width":null,"og_image_height":null,"og_image_custom_url":null,"og_image_custom_fields":null,"og_video":"","og_custom_url":null,"og_article_section":null,"og_article_tags":null,"twitter_use_og":false,"twitter_card":"default","twitter_image_type":"default","twitter_image_url":null,"twitter_image_custom_url":null,"twitter_image_custom_fields":null,"twitter_title":null,"twitter_description":null,"schema":{"blockGraphs":[],"customGraphs":[],"default":{"data":{"Article":[],"Course":[],"Dataset":[],"FAQPage":[],"Movie":[],"Person":[],"Product":[],"ProductReview":[],"Car":[],"Recipe":[],"Service":[],"SoftwareApplication":[],"WebPage":[]},"graphName":"BlogPosting","isEnabled":true},"graphs":[]},"schema_type":"default","schema_type_options":null,"pillar_content":false,"robots_default":true,"robots_noindex":false,"robots_noarchive":false,"robots_nosnippet":false,"robots_nofollow":false,"robots_noimageindex":false,"robots_noodp":false,"robots_notranslate":false,"robots_max_snippet":"-1","robots_max_videopreview":"-1","robots_max_imagepreview":"large","priority":null,"frequency":"default","local_seo":null,"breadcrumb_settings":null,"limit_modified_date":false,"ai":{"faqs":[],"keyPoints":[],"schemas":[],"titles":[],"descriptions":[],"socialPosts":{"email":{"subject":"","preview":"","content":""},"linkedin":[],"twitter":[],"facebook":[],"instagram":[]}},"created":"2026-07-03 12:37:09","updated":"2026-07-03 12:38:00","seo_analyzer_scan_date":null,"focus_keyword":null,"additional_keywords":null,"truseo_locale":null},"aioseo_breadcrumb":"<div class=\"aioseo-breadcrumbs\"><span class=\"aioseo-breadcrumb\">\n\t\t\t<a href=\"https:\/\/loboproduccionesaudiovisuales.ar\" title=\"Home\">Home<\/a>\n\t\t<\/span><span class=\"aioseo-breadcrumb-separator\">&raquo;<\/span><span class=\"aioseo-breadcrumb\">\n\t\t\t<a href=\"https:\/\/loboproduccionesaudiovisuales.ar\/?cat=1\" title=\"Blog\">Blog<\/a>\n\t\t<\/span><span class=\"aioseo-breadcrumb-separator\">&raquo;<\/span><span class=\"aioseo-breadcrumb\">\n\t\t\tLas ventas de junio en Entre R\u00edos marcan baja de precios del 3,77%\n\t\t<\/span><\/div>","aioseo_breadcrumb_json":[{"label":"Home","link":"https:\/\/loboproduccionesaudiovisuales.ar"},{"label":"Blog","link":"https:\/\/loboproduccionesaudiovisuales.ar\/?cat=1"},{"label":"Las ventas de junio en Entre R\u00edos marcan baja de precios del 3,77%","link":"https:\/\/loboproduccionesaudiovisuales.ar\/?p=22881"}],"_links":{"self":[{"href":"https:\/\/loboproduccionesaudiovisuales.ar\/index.php?rest_route=\/wp\/v2\/posts\/22881","targetHints":{"allow":["GET"]}}],"collection":[{"href":"https:\/\/loboproduccionesaudiovisuales.ar\/index.php?rest_route=\/wp\/v2\/posts"}],"about":[{"href":"https:\/\/loboproduccionesaudiovisuales.ar\/index.php?rest_route=\/wp\/v2\/types\/post"}],"author":[{"embeddable":true,"href":"https:\/\/loboproduccionesaudiovisuales.ar\/index.php?rest_route=\/wp\/v2\/users\/3"}],"replies":[{"embeddable":true,"href":"https:\/\/loboproduccionesaudiovisuales.ar\/index.php?rest_route=%2Fwp%2Fv2%2Fcomments&post=22881"}],"version-history":[{"count":1,"href":"https:\/\/loboproduccionesaudiovisuales.ar\/index.php?rest_route=\/wp\/v2\/posts\/22881\/revisions"}],"predecessor-version":[{"id":22883,"href":"https:\/\/loboproduccionesaudiovisuales.ar\/index.php?rest_route=\/wp\/v2\/posts\/22881\/revisions\/22883"}],"wp:featuredmedia":[{"embeddable":true,"href":"https:\/\/loboproduccionesaudiovisuales.ar\/index.php?rest_route=\/wp\/v2\/media\/22882"}],"wp:attachment":[{"href":"https:\/\/loboproduccionesaudiovisuales.ar\/index.php?rest_route=%2Fwp%2Fv2%2Fmedia&parent=22881"}],"wp:term":[{"taxonomy":"category","embeddable":true,"href":"https:\/\/loboproduccionesaudiovisuales.ar\/index.php?rest_route=%2Fwp%2Fv2%2Fcategories&post=22881"},{"taxonomy":"post_tag","embeddable":true,"href":"https:\/\/loboproduccionesaudiovisuales.ar\/index.php?rest_route=%2Fwp%2Fv2%2Ftags&post=22881"}],"curies":[{"name":"wp","href":"https:\/\/api.w.org\/{rel}","templated":true}]}}