{"id":22269,"date":"2026-04-29T10:00:30","date_gmt":"2026-04-29T13:00:30","guid":{"rendered":"https:\/\/loboproduccionesaudiovisuales.ar\/?p=22269"},"modified":"2026-04-29T10:00:30","modified_gmt":"2026-04-29T13:00:30","slug":"van-en-alza-los-rindes-de-faena-y-produccion-del-sector-porcino","status":"publish","type":"post","link":"https:\/\/loboproduccionesaudiovisuales.ar\/?p=22269","title":{"rendered":"Van en alza los rindes de faena y producci\u00f3n del sector porcino"},"content":{"rendered":"<p><strong>La producci\u00f3n porcina creci\u00f3 15,7% entre enero y marzo de este a\u00f1o; y 12,6% en la faena de cabezas respecto a igual per\u00edodo de 2025, seg\u00fan datos proporcionados por la Direcci\u00f3n Nacional de Producci\u00f3n Porcina.<\/strong><\/p>\n<p>&nbsp;<\/p>\n<p>Los n\u00fameros de los primeros meses del a\u00f1o apuntalan este crecimiento. En marzo se faenaron 807.258 cabezas, un 18,4% m\u00e1s que el mes anterior, mientras que para ese mismo mes la producci\u00f3n alcanz\u00f3 las 76.582 tn, un 20% superior a febrero. El consumo en tanto supera los 19 kg por habitante al a\u00f1o.<\/p>\n<p>Adem\u00e1s, desde el punto de vista gen\u00e9tico tambi\u00e9n se aprecia un potencial productivo que acompa\u00f1a estas expectativas superadoras, con granjas que alcanzan las 41 cr\u00edas por cerda por a\u00f1o, un dato que refleja y sit\u00faa al sector entre los est\u00e1ndares m\u00e1s elevados.<\/p>\n","protected":false},"excerpt":{"rendered":"<p>La producci\u00f3n porcina creci\u00f3 15,7% entre enero y marzo de este a\u00f1o; y 12,6% en la faena de cabezas respecto&hellip;<\/p>\n","protected":false},"author":3,"featured_media":22270,"comment_status":"open","ping_status":"open","sticky":false,"template":"","format":"standard","meta":{"footnotes":""},"categories":[5,2,1],"tags":[139],"class_list":["post-22269","post","type-post","status-publish","format-standard","has-post-thumbnail","hentry","category-actualidad","category-agro","category-blog","tag-porcinos"],"aioseo_notices":[],"_links":{"self":[{"href":"https:\/\/loboproduccionesaudiovisuales.ar\/index.php?rest_route=\/wp\/v2\/posts\/22269","targetHints":{"allow":["GET"]}}],"collection":[{"href":"https:\/\/loboproduccionesaudiovisuales.ar\/index.php?rest_route=\/wp\/v2\/posts"}],"about":[{"href":"https:\/\/loboproduccionesaudiovisuales.ar\/index.php?rest_route=\/wp\/v2\/types\/post"}],"author":[{"embeddable":true,"href":"https:\/\/loboproduccionesaudiovisuales.ar\/index.php?rest_route=\/wp\/v2\/users\/3"}],"replies":[{"embeddable":true,"href":"https:\/\/loboproduccionesaudiovisuales.ar\/index.php?rest_route=%2Fwp%2Fv2%2Fcomments&post=22269"}],"version-history":[{"count":1,"href":"https:\/\/loboproduccionesaudiovisuales.ar\/index.php?rest_route=\/wp\/v2\/posts\/22269\/revisions"}],"predecessor-version":[{"id":22271,"href":"https:\/\/loboproduccionesaudiovisuales.ar\/index.php?rest_route=\/wp\/v2\/posts\/22269\/revisions\/22271"}],"wp:featuredmedia":[{"embeddable":true,"href":"https:\/\/loboproduccionesaudiovisuales.ar\/index.php?rest_route=\/wp\/v2\/media\/22270"}],"wp:attachment":[{"href":"https:\/\/loboproduccionesaudiovisuales.ar\/index.php?rest_route=%2Fwp%2Fv2%2Fmedia&parent=22269"}],"wp:term":[{"taxonomy":"category","embeddable":true,"href":"https:\/\/loboproduccionesaudiovisuales.ar\/index.php?rest_route=%2Fwp%2Fv2%2Fcategories&post=22269"},{"taxonomy":"post_tag","embeddable":true,"href":"https:\/\/loboproduccionesaudiovisuales.ar\/index.php?rest_route=%2Fwp%2Fv2%2Ftags&post=22269"}],"curies":[{"name":"wp","href":"https:\/\/api.w.org\/{rel}","templated":true}]}}