{"id":22239,"date":"2026-04-27T16:34:46","date_gmt":"2026-04-27T19:34:46","guid":{"rendered":"https:\/\/loboproduccionesaudiovisuales.ar\/?p=22239"},"modified":"2026-04-27T16:34:46","modified_gmt":"2026-04-27T19:34:46","slug":"gualeguaychu-sera-sede-del-congreso-de-fundaciones-y-entes-sanitarios","status":"publish","type":"post","link":"https:\/\/loboproduccionesaudiovisuales.ar\/?p=22239","title":{"rendered":"Gualeguaych\u00fa ser\u00e1 sede del congreso de fundaciones y entes sanitarios"},"content":{"rendered":"<p><strong>Con una agenda centrada en los principales desaf\u00edos sanitarios de la producci\u00f3n animal, Gualeguaych\u00fa ser\u00e1 sede de un nuevo encuentro nacional que reunir\u00e1 a referentes de todo el pa\u00eds. Se trata del 15\u00b0 Congreso Nacional de Fundaciones y Entes Sanitarios, una cita que pondr\u00e1 el foco en la sanidad como eje estrat\u00e9gico para el desarrollo ganadero argentino.<\/strong><\/p>\n<p>&nbsp;<\/p>\n<p>Bajo el lema Sanidad en acci\u00f3n: el pasaporte de la ganader\u00eda argentina, se desarrollar\u00e1 los d\u00edas 3 y 4 de junio de 2026 en el Auditorio de la Sociedad Rural Gualeguaych\u00fa, ubicado en Urquiza al oeste y ruta nacional 14, en la provincia de Entre R\u00edos. La organizaci\u00f3n estar\u00e1 a cargo de Confederaciones Rurales Argentinas (CRA), la Federaci\u00f3n de Asociaciones Rurales de Entre R\u00edos (FARER) y la Sociedad Rural Gualeguaych\u00fa (SRG).<\/p>\n<p>El Congreso convocar\u00e1 a dirigentes rurales, t\u00e9cnicos, profesionales, funcionarios de distintos niveles del Estado, representantes del \u00e1mbito acad\u00e9mico, empresas y organismos vinculados al sistema sanitario. La propuesta apunta a generar un espacio de intercambio y actualizaci\u00f3n sobre las problem\u00e1ticas que impactan en la sanidad animal y, en consecuencia, en la competitividad del sector.<\/p>\n<p>Durante las jornadas se desarrollar\u00e1n exposiciones t\u00e9cnicas, mesas de debate, an\u00e1lisis de casos y presentaciones de experiencias territoriales. Entre los ejes previstos se destacan enfermedades como aftosa, la brucelosis y la garrapata, los procesos de certificaci\u00f3n vinculados a la sostenibilidad, las exigencias de los mercados internacionales, la incorporaci\u00f3n de inteligencia artificial en la gesti\u00f3n sanitaria, los protocolos vigentes y el rol de las nuevas generaciones en el sistema productivo.<\/p>\n<p>En este marco, y considerando el peso estrat\u00e9gico de Entre R\u00edos como una de las principales provincias av\u00edcolas del pa\u00eds, el programa incluir\u00e1 un panel espec\u00edfico dedicado a la sanidad av\u00edcola.<\/p>\n<p>Este espacio abordar\u00e1 los desaf\u00edos y oportunidades del sector, con foco en la prevenci\u00f3n, el control sanitario y la competitividad de una actividad clave para la econom\u00eda regional. Adem\u00e1s, el encuentro contar\u00e1 con la participaci\u00f3n de autoridades nacionales, provinciales y locales, reforzando su car\u00e1cter institucional y federal.<\/p>\n<p>En ese sentido, el Congreso busca consolidarse como un \u00e1mbito de construcci\u00f3n colectiva donde se delineen estrategias que fortalezcan el modelo sanitario argentino, entendiendo a la sanidad animal como un pilar clave para el crecimiento y la proyecci\u00f3n de la ganader\u00eda.<\/p>\n<p>La actividad requerir\u00e1 inscripci\u00f3n previa. Precisamente para participar hay que ingresar al siguiente link y completar el formulario:\u00a0<a href=\"https:\/\/forms.gle\/pkdBFU5dvEKcuaez9\" target=\"_blank\" rel=\"noopener\">https:\/\/forms.gle\/pkdBFU5dvEKcuaez9<\/a><\/p>\n","protected":false},"excerpt":{"rendered":"<p>Con una agenda centrada en los principales desaf\u00edos sanitarios de la producci\u00f3n animal, Gualeguaych\u00fa ser\u00e1 sede de un nuevo encuentro&hellip;<\/p>\n","protected":false},"author":3,"featured_media":22240,"comment_status":"open","ping_status":"open","sticky":false,"template":"","format":"standard","meta":{"footnotes":""},"categories":[5,1,128],"tags":[627],"class_list":["post-22239","post","type-post","status-publish","format-standard","has-post-thumbnail","hentry","category-actualidad","category-blog","category-entre-rios","tag-gualeguaychu"],"aioseo_notices":[],"_links":{"self":[{"href":"https:\/\/loboproduccionesaudiovisuales.ar\/index.php?rest_route=\/wp\/v2\/posts\/22239","targetHints":{"allow":["GET"]}}],"collection":[{"href":"https:\/\/loboproduccionesaudiovisuales.ar\/index.php?rest_route=\/wp\/v2\/posts"}],"about":[{"href":"https:\/\/loboproduccionesaudiovisuales.ar\/index.php?rest_route=\/wp\/v2\/types\/post"}],"author":[{"embeddable":true,"href":"https:\/\/loboproduccionesaudiovisuales.ar\/index.php?rest_route=\/wp\/v2\/users\/3"}],"replies":[{"embeddable":true,"href":"https:\/\/loboproduccionesaudiovisuales.ar\/index.php?rest_route=%2Fwp%2Fv2%2Fcomments&post=22239"}],"version-history":[{"count":1,"href":"https:\/\/loboproduccionesaudiovisuales.ar\/index.php?rest_route=\/wp\/v2\/posts\/22239\/revisions"}],"predecessor-version":[{"id":22241,"href":"https:\/\/loboproduccionesaudiovisuales.ar\/index.php?rest_route=\/wp\/v2\/posts\/22239\/revisions\/22241"}],"wp:featuredmedia":[{"embeddable":true,"href":"https:\/\/loboproduccionesaudiovisuales.ar\/index.php?rest_route=\/wp\/v2\/media\/22240"}],"wp:attachment":[{"href":"https:\/\/loboproduccionesaudiovisuales.ar\/index.php?rest_route=%2Fwp%2Fv2%2Fmedia&parent=22239"}],"wp:term":[{"taxonomy":"category","embeddable":true,"href":"https:\/\/loboproduccionesaudiovisuales.ar\/index.php?rest_route=%2Fwp%2Fv2%2Fcategories&post=22239"},{"taxonomy":"post_tag","embeddable":true,"href":"https:\/\/loboproduccionesaudiovisuales.ar\/index.php?rest_route=%2Fwp%2Fv2%2Ftags&post=22239"}],"curies":[{"name":"wp","href":"https:\/\/api.w.org\/{rel}","templated":true}]}}