{"id":22236,"date":"2026-04-27T11:23:48","date_gmt":"2026-04-27T14:23:48","guid":{"rendered":"https:\/\/loboproduccionesaudiovisuales.ar\/?p=22236"},"modified":"2026-04-27T11:23:48","modified_gmt":"2026-04-27T14:23:48","slug":"buscan-conservar-semillas-criollas-y-nativas-del-norte-de-la-argentina","status":"publish","type":"post","link":"https:\/\/loboproduccionesaudiovisuales.ar\/?p=22236","title":{"rendered":"Buscan conservar semillas criollas y nativas del norte de la Argentina"},"content":{"rendered":"<p><strong>En un mundo marcado por la homogeneizaci\u00f3n de los cultivos y la p\u00e9rdida de variabilidad gen\u00e9tica, el proyecto trinacional Ra\u00edces busca poner el foco en el rescate y fortalecimiento de semillas ancestrales como base de la soberan\u00eda alimentaria y la resiliencia productiva. <\/strong><\/p>\n<p>&nbsp;<\/p>\n<p>Lanzado en noviembre y diciembre de 2025 en la Argentina, el proyecto es financiado por el Fondo Internacional de Desarrollo Agr\u00edcola (FIDA) con aportes de la Uni\u00f3n Europea, ejecutado por el Instituto Interamericano de Cooperaci\u00f3n para la Agricultura (IICA) y cuenta con liderazgo t\u00e9cnico trinacional de la Empresa Brasile\u00f1a de Investigaci\u00f3n Agropecuaria (Embrapa).<\/p>\n<p>En la Argentina, el INTA coordina la implementaci\u00f3n t\u00e9cnica, a trav\u00e9s de su unidad de vinculaci\u00f3n tecnol\u00f3gica y de la Fundaci\u00f3n Argeninta, con el objetivo de alcanzar a 1.200 productores, priorizando la participaci\u00f3n de mujeres, j\u00f3venes y comunidades ind\u00edgenas. \u201cEl coraz\u00f3n del proyecto es la recuperaci\u00f3n y el fortalecimiento de semillas criollas y nativas que han sido seleccionadas y adaptadas durante generaciones a condiciones ambientales espec\u00edficas\u201d, destac\u00f3 Luz Lardone, directora nacional de Transferencia y Extensi\u00f3n del INTA, y agreg\u00f3: \u201cEstas variedades no solo representan diversidad gen\u00e9tica \u2014clave frente a la variabilidad clim\u00e1tica y nuevas presiones sanitarias\u2014, sino tambi\u00e9n identidad cultural y conocimiento tradicional\u201d.<\/p>\n<p>Mediante el Mejoramiento Gen\u00e9tico Participativo y el Fitomejoramiento Evolutivo, productores y t\u00e9cnicos trabajan en forma conjunta para seleccionar y multiplicar materiales adaptados a cada territorio. El enfoque descentralizado permite que la mejora ocurra en el propio campo, respetando las din\u00e1micas locales y fortaleciendo la autonom\u00eda de los agricultores.<\/p>\n<p>\u201cEl proyecto permite planificar y decidir junto a los agricultores qu\u00e9 es lo m\u00e1s adecuado para cada sistema productivo, buscando variedades resilientes y alimentos m\u00e1s saludables\u201d, se\u00f1al\u00f3 Doina Popusoi, oficial t\u00e9cnica del FIDA para Ra\u00edces y GP-SAEP para Am\u00e9rica Latina.<\/p>\n<p>En la etapa inicial, m\u00e1s de 150 productores participaron en Jujuy \u2014el 95 % perteneciente o descendiente de pueblos ind\u00edgenas, principalmente de la Gran Naci\u00f3n Colla\u2014 mientras que en Misiones se involucraron unas 125 familias, con una fuerte presencia de la comunidad Mbya Guaran\u00ed.<\/p>\n<p>Adem\u00e1s, se establecieron corredores de agrobiodiversidad para ampliar y conectar \u00e1reas de conservaci\u00f3n y multiplicaci\u00f3n de semillas, integrando cultivos como ma\u00edz, girasol, man\u00ed, poroto y arroz.<\/p>\n","protected":false},"excerpt":{"rendered":"<p>En un mundo marcado por la homogeneizaci\u00f3n de los cultivos y la p\u00e9rdida de variabilidad gen\u00e9tica, el proyecto trinacional Ra\u00edces&hellip;<\/p>\n","protected":false},"author":3,"featured_media":22237,"comment_status":"open","ping_status":"open","sticky":false,"template":"","format":"standard","meta":{"footnotes":""},"categories":[5,2,1],"tags":[265],"class_list":["post-22236","post","type-post","status-publish","format-standard","has-post-thumbnail","hentry","category-actualidad","category-agro","category-blog","tag-semillas"],"aioseo_notices":[],"_links":{"self":[{"href":"https:\/\/loboproduccionesaudiovisuales.ar\/index.php?rest_route=\/wp\/v2\/posts\/22236","targetHints":{"allow":["GET"]}}],"collection":[{"href":"https:\/\/loboproduccionesaudiovisuales.ar\/index.php?rest_route=\/wp\/v2\/posts"}],"about":[{"href":"https:\/\/loboproduccionesaudiovisuales.ar\/index.php?rest_route=\/wp\/v2\/types\/post"}],"author":[{"embeddable":true,"href":"https:\/\/loboproduccionesaudiovisuales.ar\/index.php?rest_route=\/wp\/v2\/users\/3"}],"replies":[{"embeddable":true,"href":"https:\/\/loboproduccionesaudiovisuales.ar\/index.php?rest_route=%2Fwp%2Fv2%2Fcomments&post=22236"}],"version-history":[{"count":1,"href":"https:\/\/loboproduccionesaudiovisuales.ar\/index.php?rest_route=\/wp\/v2\/posts\/22236\/revisions"}],"predecessor-version":[{"id":22238,"href":"https:\/\/loboproduccionesaudiovisuales.ar\/index.php?rest_route=\/wp\/v2\/posts\/22236\/revisions\/22238"}],"wp:featuredmedia":[{"embeddable":true,"href":"https:\/\/loboproduccionesaudiovisuales.ar\/index.php?rest_route=\/wp\/v2\/media\/22237"}],"wp:attachment":[{"href":"https:\/\/loboproduccionesaudiovisuales.ar\/index.php?rest_route=%2Fwp%2Fv2%2Fmedia&parent=22236"}],"wp:term":[{"taxonomy":"category","embeddable":true,"href":"https:\/\/loboproduccionesaudiovisuales.ar\/index.php?rest_route=%2Fwp%2Fv2%2Fcategories&post=22236"},{"taxonomy":"post_tag","embeddable":true,"href":"https:\/\/loboproduccionesaudiovisuales.ar\/index.php?rest_route=%2Fwp%2Fv2%2Ftags&post=22236"}],"curies":[{"name":"wp","href":"https:\/\/api.w.org\/{rel}","templated":true}]}}