{"id":22165,"date":"2026-04-20T16:51:55","date_gmt":"2026-04-20T19:51:55","guid":{"rendered":"https:\/\/loboproduccionesaudiovisuales.ar\/?p=22165"},"modified":"2026-04-20T16:51:55","modified_gmt":"2026-04-20T19:51:55","slug":"hay-mas-de-12-millones-de-soja-plantadas-y-se-complica-su-recoleccion-por-imperio-del-clima","status":"publish","type":"post","link":"https:\/\/loboproduccionesaudiovisuales.ar\/?p=22165","title":{"rendered":"Hay m\u00e1s de 1,2 millones de soja plantadas y se complica su recolecci\u00f3n por imperio del clima"},"content":{"rendered":"<article class=\"cont-cuerpo\">\n<section class=\"texto\"><strong>La Bolsa de Cereales de Entre R\u00edos finaliz\u00f3 el procesamiento de im\u00e1genes satelitales y determin\u00f3 que el \u00e1rea total implantada con soja en la provincia para el ciclo 2025\/26 alcanz\u00f3 las 1.219.500 hect\u00e1reas.<\/strong><\/p>\n<p>&nbsp;<\/p>\n<p>Del total, el 34% fue ocupado por la soja de primera con 416.000 hect\u00e1reas, mientras que el 66% restante perteneci\u00f3 a la soja de segunda, que con 803.500 hect\u00e1reas marc\u00f3 un m\u00e1ximo hist\u00f3rico.<\/p>\n<p>En cuanto a las labores de cosecha, durante la primera quincena de abril, la frecuencia e intensidad de las precipitaciones dejaron muy pocos d\u00edas aptos para la recolecci\u00f3n de la oleaginosa. En este contexto, se estima que a nivel provincial se ha cosechado aproximadamente el 1% del \u00e1rea.<\/p>\n<p>Cabe recordar que el a\u00f1o pasado, a igual fecha, el avance era similar, ubic\u00e1ndose en el 3%. En comparaci\u00f3n con el promedio de los \u00faltimos cinco a\u00f1os el valor se ubica en el 9% y, por lo tanto, se observa un retraso de 7 puntos porcentuales.<\/p>\n<p>Por otra parte, el acumulado de las lluvias registradas a partir del martes 14 de abril en gran parte del territorio superaron los 80 mm. En consecuencia, se proyecta que las labores de cosecha podr\u00edan reanudarse a comienzos de la pr\u00f3xima semana, siempre que las condiciones clim\u00e1ticas resulten favorables.<\/p>\n<\/section>\n<\/article>\n","protected":false},"excerpt":{"rendered":"<p>La Bolsa de Cereales de Entre R\u00edos finaliz\u00f3 el procesamiento de im\u00e1genes satelitales y determin\u00f3 que el \u00e1rea total implantada&hellip;<\/p>\n","protected":false},"author":3,"featured_media":22166,"comment_status":"open","ping_status":"open","sticky":false,"template":"","format":"standard","meta":{"footnotes":""},"categories":[5,2,1,168],"tags":[67],"class_list":["post-22165","post","type-post","status-publish","format-standard","has-post-thumbnail","hentry","category-actualidad","category-agro","category-blog","category-nacionales","tag-soja"],"aioseo_notices":[],"_links":{"self":[{"href":"https:\/\/loboproduccionesaudiovisuales.ar\/index.php?rest_route=\/wp\/v2\/posts\/22165","targetHints":{"allow":["GET"]}}],"collection":[{"href":"https:\/\/loboproduccionesaudiovisuales.ar\/index.php?rest_route=\/wp\/v2\/posts"}],"about":[{"href":"https:\/\/loboproduccionesaudiovisuales.ar\/index.php?rest_route=\/wp\/v2\/types\/post"}],"author":[{"embeddable":true,"href":"https:\/\/loboproduccionesaudiovisuales.ar\/index.php?rest_route=\/wp\/v2\/users\/3"}],"replies":[{"embeddable":true,"href":"https:\/\/loboproduccionesaudiovisuales.ar\/index.php?rest_route=%2Fwp%2Fv2%2Fcomments&post=22165"}],"version-history":[{"count":1,"href":"https:\/\/loboproduccionesaudiovisuales.ar\/index.php?rest_route=\/wp\/v2\/posts\/22165\/revisions"}],"predecessor-version":[{"id":22167,"href":"https:\/\/loboproduccionesaudiovisuales.ar\/index.php?rest_route=\/wp\/v2\/posts\/22165\/revisions\/22167"}],"wp:featuredmedia":[{"embeddable":true,"href":"https:\/\/loboproduccionesaudiovisuales.ar\/index.php?rest_route=\/wp\/v2\/media\/22166"}],"wp:attachment":[{"href":"https:\/\/loboproduccionesaudiovisuales.ar\/index.php?rest_route=%2Fwp%2Fv2%2Fmedia&parent=22165"}],"wp:term":[{"taxonomy":"category","embeddable":true,"href":"https:\/\/loboproduccionesaudiovisuales.ar\/index.php?rest_route=%2Fwp%2Fv2%2Fcategories&post=22165"},{"taxonomy":"post_tag","embeddable":true,"href":"https:\/\/loboproduccionesaudiovisuales.ar\/index.php?rest_route=%2Fwp%2Fv2%2Ftags&post=22165"}],"curies":[{"name":"wp","href":"https:\/\/api.w.org\/{rel}","templated":true}]}}