{"id":21894,"date":"2026-03-19T11:40:20","date_gmt":"2026-03-19T14:40:20","guid":{"rendered":"https:\/\/loboproduccionesaudiovisuales.ar\/?p=21894"},"modified":"2026-03-19T11:41:16","modified_gmt":"2026-03-19T14:41:16","slug":"el-auditorio-principal-de-todo-lactea-llevara-el-nombre-jorge-chemes","status":"publish","type":"post","link":"https:\/\/loboproduccionesaudiovisuales.ar\/?p=21894","title":{"rendered":"El auditorio principal de Todo L\u00e1ctea llevar\u00e1 el nombre \u201cJorge Chemes\u201d"},"content":{"rendered":"<p><strong>El Grupo Todo Agro, organizador de la expo, ha resuelto que el auditorio principal de la muestra, que se realizar\u00e1 del 12 al 14 de mayo en la Sociedad Rural de San Francisco, lleve durante la edici\u00f3n 2026 el nombre de Jorge Chemes, en conmemoraci\u00f3n a su trabajo y representaci\u00f3n no s\u00f3lo de gran parte del sector lechero entrerriano, sino de la producci\u00f3n agropecuaria nacional a trav\u00e9s su presidencia en CRA (2019-2023) y de su papel dentro de la Mesa de Enlace.<\/strong><\/p>\n<p>&nbsp;<\/p>\n<p>&nbsp;<\/p>\n<p>Chemes, quien era un productor lechero peque\u00f1o en un tambo familiar en el centro de Entre R\u00edos, falleci\u00f3 el domingo 22 de febrero. Estuvo al frente de la Sociedad Rural de Nogoy\u00e1, fue secretario de la C\u00e1mara de Productores L\u00e1cteos de dicha provincia, vocal regional del Litoral Sur de CREA y fundador y presidente de CREA Nogoy\u00e1. Adem\u00e1s, Chemes presidi\u00f3 durante dos mandatos la Federaci\u00f3n de Asociaciones Rurales de Entre R\u00edos.<\/p>\n<p>Tras su actuaci\u00f3n en la Mesa de Enlace entrerriana en el conflicto del campo de 2009, fue electo diputado nacional, donde impuls\u00f3 numerosos proyectos en defensa del sector e integr\u00f3 comisiones vinculadas al quehacer agropecuario.<\/p>\n<p>En CRA fue electo presidente por unanimidad, luego de haberse desempe\u00f1ado durante dos mandatos consecutivos como vicepresidente primero. Tambi\u00e9n coordin\u00f3 la Mesa de Lecher\u00eda que integraba a representantes de toda la cadena.<\/p>\n<p>\u201cQuer\u00edamos brindar este peque\u00f1o homenaje a la labor de este gran representante que tuvo el campo, un hombre que supo dedicar trabajo y compromiso a diversas causas que vinculaban a la producci\u00f3n y sus derechos. Su labor incansable dej\u00f3 una huella firme en la defensa de los intereses de sus pares. Fue un referente respetado y creemos que esta iniciativa de ponerle su nombre al auditorio principal es una forma de honrar su legado y mantener vivo su recuerdo\u201d, dijo Jos\u00e9 iachetta, director de Todo L\u00e1ctea.<\/p>\n","protected":false},"excerpt":{"rendered":"<p>El Grupo Todo Agro, organizador de la expo, ha resuelto que el auditorio principal de la muestra, que se realizar\u00e1&hellip;<\/p>\n","protected":false},"author":3,"featured_media":21895,"comment_status":"open","ping_status":"open","sticky":false,"template":"","format":"standard","meta":{"footnotes":""},"categories":[5,2,1,198,140],"tags":[269,233],"class_list":["post-21894","post","type-post","status-publish","format-standard","has-post-thumbnail","hentry","category-actualidad","category-agro","category-blog","category-exposiciones","category-festivales","tag-jorge-chemes","tag-todo-lactea"],"aioseo_notices":[],"aioseo_head":"\n\t\t<!-- All in One SEO 5.0.1.1 - aioseo.com -->\n\t<meta name=\"description\" content=\"El Grupo Todo Agro, organizador de la expo, ha resuelto que el auditorio principal de la muestra, que se realizar\u00e1 del 12 al 14 de mayo en la Sociedad Rural de San Francisco, lleve durante la edici\u00f3n 2026 el nombre de Jorge Chemes, en conmemoraci\u00f3n a su trabajo y representaci\u00f3n no s\u00f3lo de gran parte\" \/>\n\t<meta name=\"robots\" content=\"max-image-preview:large\" \/>\n\t<meta name=\"author\" content=\"Gustavo Werner\"\/>\n\t<link rel=\"canonical\" href=\"https:\/\/loboproduccionesaudiovisuales.ar\/?p=21894\" \/>\n\t<meta name=\"generator\" content=\"All in One SEO (AIOSEO) 5.0.1.1\" \/>\n\t\t<meta property=\"og:locale\" content=\"es_ES\" \/>\n\t\t<meta property=\"og:site_name\" content=\"LOBO PRODUCCIONES AUDIOVISUALES - Sitio digital de noticias agroindustriales\" \/>\n\t\t<meta property=\"og:type\" content=\"article\" \/>\n\t\t<meta property=\"og:title\" content=\"El auditorio principal de Todo L\u00e1ctea llevar\u00e1 el nombre \u201cJorge Chemes\u201d - LOBO PRODUCCIONES AUDIOVISUALES\" \/>\n\t\t<meta property=\"og:description\" content=\"El Grupo Todo Agro, organizador de la expo, ha resuelto que el auditorio principal de la muestra, que se realizar\u00e1 del 12 al 14 de mayo en la Sociedad Rural de San Francisco, lleve durante la edici\u00f3n 2026 el nombre de Jorge Chemes, en conmemoraci\u00f3n a su trabajo y representaci\u00f3n no s\u00f3lo de gran parte\" \/>\n\t\t<meta property=\"og:url\" content=\"https:\/\/loboproduccionesaudiovisuales.ar\/?p=21894\" \/>\n\t\t<meta property=\"og:image\" content=\"https:\/\/loboproduccionesaudiovisuales.ar\/wp-content\/uploads\/2023\/07\/LPA-web.jpg\" \/>\n\t\t<meta property=\"og:image:secure_url\" content=\"https:\/\/loboproduccionesaudiovisuales.ar\/wp-content\/uploads\/2023\/07\/LPA-web.jpg\" \/>\n\t\t<meta property=\"article:published_time\" content=\"2026-03-19T14:40:20+00:00\" \/>\n\t\t<meta property=\"article:modified_time\" content=\"2026-03-19T14:41:16+00:00\" \/>\n\t\t<meta name=\"twitter:card\" content=\"summary_large_image\" \/>\n\t\t<meta name=\"twitter:title\" content=\"El auditorio principal de Todo L\u00e1ctea llevar\u00e1 el nombre \u201cJorge Chemes\u201d - LOBO PRODUCCIONES AUDIOVISUALES\" \/>\n\t\t<meta name=\"twitter:description\" content=\"El Grupo Todo Agro, organizador de la expo, ha resuelto que el auditorio principal de la muestra, que se realizar\u00e1 del 12 al 14 de mayo en la Sociedad Rural de San Francisco, lleve durante la edici\u00f3n 2026 el nombre de Jorge Chemes, en conmemoraci\u00f3n a su trabajo y representaci\u00f3n no s\u00f3lo de gran parte\" \/>\n\t\t<meta name=\"twitter:image\" content=\"https:\/\/loboproduccionesaudiovisuales.ar\/wp-content\/uploads\/2023\/07\/LPA-web.jpg\" \/>\n\t\t<script type=\"application\/ld+json\" class=\"aioseo-schema\">\n\t\t\t{\"@context\":\"https:\\\/\\\/schema.org\",\"@graph\":[{\"@type\":\"BlogPosting\",\"@id\":\"https:\\\/\\\/loboproduccionesaudiovisuales.ar\\\/?p=21894#blogposting\",\"name\":\"El auditorio principal de Todo L\\u00e1ctea llevar\\u00e1 el nombre \\u201cJorge Chemes\\u201d - LOBO PRODUCCIONES AUDIOVISUALES\",\"headline\":\"El auditorio principal de Todo L\\u00e1ctea llevar\\u00e1 el nombre \\u201cJorge Chemes\\u201d\",\"author\":{\"@id\":\"https:\\\/\\\/loboproduccionesaudiovisuales.ar\\\/?author=3#author\"},\"publisher\":{\"@id\":\"https:\\\/\\\/loboproduccionesaudiovisuales.ar\\\/#organization\"},\"image\":{\"@type\":\"ImageObject\",\"url\":\"https:\\\/\\\/loboproduccionesaudiovisuales.ar\\\/wp-content\\\/uploads\\\/2026\\\/03\\\/f_1583440128.jpg\",\"width\":1032,\"height\":688},\"datePublished\":\"2026-03-19T11:40:20-03:00\",\"dateModified\":\"2026-03-19T11:41:16-03:00\",\"inLanguage\":\"es-AR\",\"mainEntityOfPage\":{\"@id\":\"https:\\\/\\\/loboproduccionesaudiovisuales.ar\\\/?p=21894#webpage\"},\"isPartOf\":{\"@id\":\"https:\\\/\\\/loboproduccionesaudiovisuales.ar\\\/?p=21894#webpage\"},\"articleSection\":\"ACTUALIDAD, AGRO, Blog, EXPOSICIONES, FESTIVALES, Jorge Chemes, Todo L\\u00e1ctea\"},{\"@type\":\"BreadcrumbList\",\"@id\":\"https:\\\/\\\/loboproduccionesaudiovisuales.ar\\\/?p=21894#breadcrumblist\",\"itemListElement\":[{\"@type\":\"ListItem\",\"@id\":\"https:\\\/\\\/loboproduccionesaudiovisuales.ar#listItem\",\"position\":1,\"name\":\"Home\",\"item\":\"https:\\\/\\\/loboproduccionesaudiovisuales.ar\",\"nextItem\":{\"@type\":\"ListItem\",\"@id\":\"https:\\\/\\\/loboproduccionesaudiovisuales.ar\\\/?cat=1#listItem\",\"name\":\"Blog\"}},{\"@type\":\"ListItem\",\"@id\":\"https:\\\/\\\/loboproduccionesaudiovisuales.ar\\\/?cat=1#listItem\",\"position\":2,\"name\":\"Blog\",\"item\":\"https:\\\/\\\/loboproduccionesaudiovisuales.ar\\\/?cat=1\",\"nextItem\":{\"@type\":\"ListItem\",\"@id\":\"https:\\\/\\\/loboproduccionesaudiovisuales.ar\\\/?p=21894#listItem\",\"name\":\"El auditorio principal de Todo L\\u00e1ctea llevar\\u00e1 el nombre \\u201cJorge Chemes\\u201d\"},\"previousItem\":{\"@type\":\"ListItem\",\"@id\":\"https:\\\/\\\/loboproduccionesaudiovisuales.ar#listItem\",\"name\":\"Home\"}},{\"@type\":\"ListItem\",\"@id\":\"https:\\\/\\\/loboproduccionesaudiovisuales.ar\\\/?p=21894#listItem\",\"position\":3,\"name\":\"El auditorio principal de Todo L\\u00e1ctea llevar\\u00e1 el nombre \\u201cJorge Chemes\\u201d\",\"previousItem\":{\"@type\":\"ListItem\",\"@id\":\"https:\\\/\\\/loboproduccionesaudiovisuales.ar\\\/?cat=1#listItem\",\"name\":\"Blog\"}}]},{\"@type\":\"Organization\",\"@id\":\"https:\\\/\\\/loboproduccionesaudiovisuales.ar\\\/#organization\",\"name\":\"loboproduccionesaudiovisuales.ar\",\"description\":\"Sitio digital de noticias agroindustriales\",\"url\":\"https:\\\/\\\/loboproduccionesaudiovisuales.ar\\\/\",\"logo\":{\"@type\":\"ImageObject\",\"url\":\"https:\\\/\\\/loboproduccionesaudiovisuales.ar\\\/wp-content\\\/uploads\\\/2023\\\/07\\\/LPA-web.jpg\",\"@id\":\"https:\\\/\\\/loboproduccionesaudiovisuales.ar\\\/?p=21894\\\/#organizationLogo\",\"width\":500,\"height\":144},\"image\":{\"@id\":\"https:\\\/\\\/loboproduccionesaudiovisuales.ar\\\/?p=21894\\\/#organizationLogo\"}},{\"@type\":\"Person\",\"@id\":\"https:\\\/\\\/loboproduccionesaudiovisuales.ar\\\/?author=3#author\",\"url\":\"https:\\\/\\\/loboproduccionesaudiovisuales.ar\\\/?author=3\",\"name\":\"Gustavo Werner\",\"image\":{\"@type\":\"ImageObject\",\"@id\":\"https:\\\/\\\/loboproduccionesaudiovisuales.ar\\\/?p=21894#authorImage\",\"url\":\"https:\\\/\\\/secure.gravatar.com\\\/avatar\\\/e04239ede7d02b80503013ac1fa61f308bbe3566e5a70df5bbef7c3725a0dcae?s=96&d=mm&r=g\",\"width\":96,\"height\":96,\"caption\":\"Gustavo Werner\"}},{\"@type\":\"WebPage\",\"@id\":\"https:\\\/\\\/loboproduccionesaudiovisuales.ar\\\/?p=21894#webpage\",\"url\":\"https:\\\/\\\/loboproduccionesaudiovisuales.ar\\\/?p=21894\",\"name\":\"El auditorio principal de Todo L\\u00e1ctea llevar\\u00e1 el nombre \\u201cJorge Chemes\\u201d - LOBO PRODUCCIONES AUDIOVISUALES\",\"description\":\"El Grupo Todo Agro, organizador de la expo, ha resuelto que el auditorio principal de la muestra, que se realizar\\u00e1 del 12 al 14 de mayo en la Sociedad Rural de San Francisco, lleve durante la edici\\u00f3n 2026 el nombre de Jorge Chemes, en conmemoraci\\u00f3n a su trabajo y representaci\\u00f3n no s\\u00f3lo de gran parte\",\"inLanguage\":\"es-AR\",\"isPartOf\":{\"@id\":\"https:\\\/\\\/loboproduccionesaudiovisuales.ar\\\/#website\"},\"breadcrumb\":{\"@id\":\"https:\\\/\\\/loboproduccionesaudiovisuales.ar\\\/?p=21894#breadcrumblist\"},\"author\":{\"@id\":\"https:\\\/\\\/loboproduccionesaudiovisuales.ar\\\/?author=3#author\"},\"creator\":{\"@id\":\"https:\\\/\\\/loboproduccionesaudiovisuales.ar\\\/?author=3#author\"},\"image\":{\"@type\":\"ImageObject\",\"url\":\"https:\\\/\\\/loboproduccionesaudiovisuales.ar\\\/wp-content\\\/uploads\\\/2026\\\/03\\\/f_1583440128.jpg\",\"@id\":\"https:\\\/\\\/loboproduccionesaudiovisuales.ar\\\/?p=21894\\\/#mainImage\",\"width\":1032,\"height\":688},\"primaryImageOfPage\":{\"@id\":\"https:\\\/\\\/loboproduccionesaudiovisuales.ar\\\/?p=21894#mainImage\"},\"datePublished\":\"2026-03-19T11:40:20-03:00\",\"dateModified\":\"2026-03-19T11:41:16-03:00\"},{\"@type\":\"WebSite\",\"@id\":\"https:\\\/\\\/loboproduccionesaudiovisuales.ar\\\/#website\",\"url\":\"https:\\\/\\\/loboproduccionesaudiovisuales.ar\\\/\",\"name\":\"loboproduccionesaudiovisuales.ar\",\"alternateName\":\"Lobo Producciones\",\"description\":\"Sitio digital de noticias agroindustriales\",\"inLanguage\":\"es-AR\",\"publisher\":{\"@id\":\"https:\\\/\\\/loboproduccionesaudiovisuales.ar\\\/#organization\"}}]}\n\t\t<\/script>\n\t\t<!-- All in One SEO -->\n\n","aioseo_head_json":{"title":"El auditorio principal de Todo L\u00e1ctea llevar\u00e1 el nombre \u201cJorge Chemes\u201d - LOBO PRODUCCIONES AUDIOVISUALES","description":"El Grupo Todo Agro, organizador de la expo, ha resuelto que el auditorio principal de la muestra, que se realizar\u00e1 del 12 al 14 de mayo en la Sociedad Rural de San Francisco, lleve durante la edici\u00f3n 2026 el nombre de Jorge Chemes, en conmemoraci\u00f3n a su trabajo y representaci\u00f3n no s\u00f3lo de gran parte","canonical_url":"https:\/\/loboproduccionesaudiovisuales.ar\/?p=21894","robots":"max-image-preview:large","keywords":"","webmasterTools":{"miscellaneous":""},"schema":{"@context":"https:\/\/schema.org","@graph":[{"@type":"BlogPosting","@id":"https:\/\/loboproduccionesaudiovisuales.ar\/?p=21894#blogposting","name":"El auditorio principal de Todo L\u00e1ctea llevar\u00e1 el nombre \u201cJorge Chemes\u201d - LOBO PRODUCCIONES AUDIOVISUALES","headline":"El auditorio principal de Todo L\u00e1ctea llevar\u00e1 el nombre \u201cJorge Chemes\u201d","author":{"@id":"https:\/\/loboproduccionesaudiovisuales.ar\/?author=3#author"},"publisher":{"@id":"https:\/\/loboproduccionesaudiovisuales.ar\/#organization"},"image":{"@type":"ImageObject","url":"https:\/\/loboproduccionesaudiovisuales.ar\/wp-content\/uploads\/2026\/03\/f_1583440128.jpg","width":1032,"height":688},"datePublished":"2026-03-19T11:40:20-03:00","dateModified":"2026-03-19T11:41:16-03:00","inLanguage":"es-AR","mainEntityOfPage":{"@id":"https:\/\/loboproduccionesaudiovisuales.ar\/?p=21894#webpage"},"isPartOf":{"@id":"https:\/\/loboproduccionesaudiovisuales.ar\/?p=21894#webpage"},"articleSection":"ACTUALIDAD, AGRO, Blog, EXPOSICIONES, FESTIVALES, Jorge Chemes, Todo L\u00e1ctea"},{"@type":"BreadcrumbList","@id":"https:\/\/loboproduccionesaudiovisuales.ar\/?p=21894#breadcrumblist","itemListElement":[{"@type":"ListItem","@id":"https:\/\/loboproduccionesaudiovisuales.ar#listItem","position":1,"name":"Home","item":"https:\/\/loboproduccionesaudiovisuales.ar","nextItem":{"@type":"ListItem","@id":"https:\/\/loboproduccionesaudiovisuales.ar\/?cat=1#listItem","name":"Blog"}},{"@type":"ListItem","@id":"https:\/\/loboproduccionesaudiovisuales.ar\/?cat=1#listItem","position":2,"name":"Blog","item":"https:\/\/loboproduccionesaudiovisuales.ar\/?cat=1","nextItem":{"@type":"ListItem","@id":"https:\/\/loboproduccionesaudiovisuales.ar\/?p=21894#listItem","name":"El auditorio principal de Todo L\u00e1ctea llevar\u00e1 el nombre \u201cJorge Chemes\u201d"},"previousItem":{"@type":"ListItem","@id":"https:\/\/loboproduccionesaudiovisuales.ar#listItem","name":"Home"}},{"@type":"ListItem","@id":"https:\/\/loboproduccionesaudiovisuales.ar\/?p=21894#listItem","position":3,"name":"El auditorio principal de Todo L\u00e1ctea llevar\u00e1 el nombre \u201cJorge Chemes\u201d","previousItem":{"@type":"ListItem","@id":"https:\/\/loboproduccionesaudiovisuales.ar\/?cat=1#listItem","name":"Blog"}}]},{"@type":"Organization","@id":"https:\/\/loboproduccionesaudiovisuales.ar\/#organization","name":"loboproduccionesaudiovisuales.ar","description":"Sitio digital de noticias agroindustriales","url":"https:\/\/loboproduccionesaudiovisuales.ar\/","logo":{"@type":"ImageObject","url":"https:\/\/loboproduccionesaudiovisuales.ar\/wp-content\/uploads\/2023\/07\/LPA-web.jpg","@id":"https:\/\/loboproduccionesaudiovisuales.ar\/?p=21894\/#organizationLogo","width":500,"height":144},"image":{"@id":"https:\/\/loboproduccionesaudiovisuales.ar\/?p=21894\/#organizationLogo"}},{"@type":"Person","@id":"https:\/\/loboproduccionesaudiovisuales.ar\/?author=3#author","url":"https:\/\/loboproduccionesaudiovisuales.ar\/?author=3","name":"Gustavo Werner","image":{"@type":"ImageObject","@id":"https:\/\/loboproduccionesaudiovisuales.ar\/?p=21894#authorImage","url":"https:\/\/secure.gravatar.com\/avatar\/e04239ede7d02b80503013ac1fa61f308bbe3566e5a70df5bbef7c3725a0dcae?s=96&d=mm&r=g","width":96,"height":96,"caption":"Gustavo Werner"}},{"@type":"WebPage","@id":"https:\/\/loboproduccionesaudiovisuales.ar\/?p=21894#webpage","url":"https:\/\/loboproduccionesaudiovisuales.ar\/?p=21894","name":"El auditorio principal de Todo L\u00e1ctea llevar\u00e1 el nombre \u201cJorge Chemes\u201d - LOBO PRODUCCIONES AUDIOVISUALES","description":"El Grupo Todo Agro, organizador de la expo, ha resuelto que el auditorio principal de la muestra, que se realizar\u00e1 del 12 al 14 de mayo en la Sociedad Rural de San Francisco, lleve durante la edici\u00f3n 2026 el nombre de Jorge Chemes, en conmemoraci\u00f3n a su trabajo y representaci\u00f3n no s\u00f3lo de gran parte","inLanguage":"es-AR","isPartOf":{"@id":"https:\/\/loboproduccionesaudiovisuales.ar\/#website"},"breadcrumb":{"@id":"https:\/\/loboproduccionesaudiovisuales.ar\/?p=21894#breadcrumblist"},"author":{"@id":"https:\/\/loboproduccionesaudiovisuales.ar\/?author=3#author"},"creator":{"@id":"https:\/\/loboproduccionesaudiovisuales.ar\/?author=3#author"},"image":{"@type":"ImageObject","url":"https:\/\/loboproduccionesaudiovisuales.ar\/wp-content\/uploads\/2026\/03\/f_1583440128.jpg","@id":"https:\/\/loboproduccionesaudiovisuales.ar\/?p=21894\/#mainImage","width":1032,"height":688},"primaryImageOfPage":{"@id":"https:\/\/loboproduccionesaudiovisuales.ar\/?p=21894#mainImage"},"datePublished":"2026-03-19T11:40:20-03:00","dateModified":"2026-03-19T11:41:16-03:00"},{"@type":"WebSite","@id":"https:\/\/loboproduccionesaudiovisuales.ar\/#website","url":"https:\/\/loboproduccionesaudiovisuales.ar\/","name":"loboproduccionesaudiovisuales.ar","alternateName":"Lobo Producciones","description":"Sitio digital de noticias agroindustriales","inLanguage":"es-AR","publisher":{"@id":"https:\/\/loboproduccionesaudiovisuales.ar\/#organization"}}]},"og:locale":"es_ES","og:site_name":"LOBO PRODUCCIONES AUDIOVISUALES - Sitio digital de noticias agroindustriales","og:type":"article","og:title":"El auditorio principal de Todo L\u00e1ctea llevar\u00e1 el nombre \u201cJorge Chemes\u201d - LOBO PRODUCCIONES AUDIOVISUALES","og:description":"El Grupo Todo Agro, organizador de la expo, ha resuelto que el auditorio principal de la muestra, que se realizar\u00e1 del 12 al 14 de mayo en la Sociedad Rural de San Francisco, lleve durante la edici\u00f3n 2026 el nombre de Jorge Chemes, en conmemoraci\u00f3n a su trabajo y representaci\u00f3n no s\u00f3lo de gran parte","og:url":"https:\/\/loboproduccionesaudiovisuales.ar\/?p=21894","og:image":"https:\/\/loboproduccionesaudiovisuales.ar\/wp-content\/uploads\/2023\/07\/LPA-web.jpg","og:image:secure_url":"https:\/\/loboproduccionesaudiovisuales.ar\/wp-content\/uploads\/2023\/07\/LPA-web.jpg","article:published_time":"2026-03-19T14:40:20+00:00","article:modified_time":"2026-03-19T14:41:16+00:00","twitter:card":"summary_large_image","twitter:title":"El auditorio principal de Todo L\u00e1ctea llevar\u00e1 el nombre \u201cJorge Chemes\u201d - LOBO PRODUCCIONES AUDIOVISUALES","twitter:description":"El Grupo Todo Agro, organizador de la expo, ha resuelto que el auditorio principal de la muestra, que se realizar\u00e1 del 12 al 14 de mayo en la Sociedad Rural de San Francisco, lleve durante la edici\u00f3n 2026 el nombre de Jorge Chemes, en conmemoraci\u00f3n a su trabajo y representaci\u00f3n no s\u00f3lo de gran parte","twitter:image":"https:\/\/loboproduccionesaudiovisuales.ar\/wp-content\/uploads\/2023\/07\/LPA-web.jpg"},"aioseo_meta_data":{"post_id":"21894","title":"#post_title #separator_sa #site_title","description":"#post_excerpt","keywords":null,"keyphrases":{"focus":{"keyphrase":"","score":0,"analysis":{"keyphraseInTitle":{"score":0,"maxScore":9,"error":1}}},"additional":[]},"primary_term":null,"canonical_url":null,"og_title":null,"og_description":null,"og_object_type":"default","og_image_type":"default","og_image_url":null,"og_image_width":null,"og_image_height":null,"og_image_custom_url":null,"og_image_custom_fields":null,"og_video":"","og_custom_url":null,"og_article_section":null,"og_article_tags":null,"twitter_use_og":false,"twitter_card":"default","twitter_image_type":"default","twitter_image_url":null,"twitter_image_custom_url":null,"twitter_image_custom_fields":null,"twitter_title":null,"twitter_description":null,"schema":{"blockGraphs":[],"customGraphs":[],"default":{"data":{"Article":[],"Course":[],"Dataset":[],"FAQPage":[],"Movie":[],"Person":[],"Product":[],"ProductReview":[],"Car":[],"Recipe":[],"Service":[],"SoftwareApplication":[],"WebPage":[]},"graphName":"BlogPosting","isEnabled":true},"graphs":[]},"schema_type":"default","schema_type_options":null,"pillar_content":false,"robots_default":true,"robots_noindex":false,"robots_noarchive":false,"robots_nosnippet":false,"robots_nofollow":false,"robots_noimageindex":false,"robots_noodp":false,"robots_notranslate":false,"robots_max_snippet":"-1","robots_max_videopreview":"-1","robots_max_imagepreview":"large","priority":null,"frequency":"default","local_seo":null,"breadcrumb_settings":null,"limit_modified_date":false,"ai":{"faqs":[],"keyPoints":[],"titles":[],"descriptions":[],"socialPosts":{"email":[],"linkedin":[],"twitter":[],"facebook":[],"instagram":[]}},"created":"2026-03-19 14:40:20","updated":"2026-03-19 14:42:09","seo_analyzer_scan_date":null,"focus_keyword":null,"additional_keywords":null,"truseo_locale":null},"aioseo_breadcrumb":"<div class=\"aioseo-breadcrumbs\"><span class=\"aioseo-breadcrumb\">\n\t\t\t<a href=\"https:\/\/loboproduccionesaudiovisuales.ar\" title=\"Home\">Home<\/a>\n\t\t<\/span><span class=\"aioseo-breadcrumb-separator\">&raquo;<\/span><span class=\"aioseo-breadcrumb\">\n\t\t\t<a href=\"https:\/\/loboproduccionesaudiovisuales.ar\/?cat=1\" title=\"Blog\">Blog<\/a>\n\t\t<\/span><span class=\"aioseo-breadcrumb-separator\">&raquo;<\/span><span class=\"aioseo-breadcrumb\">\n\t\t\tEl auditorio principal de Todo L\u00e1ctea llevar\u00e1 el nombre \u201cJorge Chemes\u201d\n\t\t<\/span><\/div>","aioseo_breadcrumb_json":[{"label":"Home","link":"https:\/\/loboproduccionesaudiovisuales.ar"},{"label":"Blog","link":"https:\/\/loboproduccionesaudiovisuales.ar\/?cat=1"},{"label":"El auditorio principal de Todo L\u00e1ctea llevar\u00e1 el nombre \u201cJorge Chemes\u201d","link":"https:\/\/loboproduccionesaudiovisuales.ar\/?p=21894"}],"_links":{"self":[{"href":"https:\/\/loboproduccionesaudiovisuales.ar\/index.php?rest_route=\/wp\/v2\/posts\/21894","targetHints":{"allow":["GET"]}}],"collection":[{"href":"https:\/\/loboproduccionesaudiovisuales.ar\/index.php?rest_route=\/wp\/v2\/posts"}],"about":[{"href":"https:\/\/loboproduccionesaudiovisuales.ar\/index.php?rest_route=\/wp\/v2\/types\/post"}],"author":[{"embeddable":true,"href":"https:\/\/loboproduccionesaudiovisuales.ar\/index.php?rest_route=\/wp\/v2\/users\/3"}],"replies":[{"embeddable":true,"href":"https:\/\/loboproduccionesaudiovisuales.ar\/index.php?rest_route=%2Fwp%2Fv2%2Fcomments&post=21894"}],"version-history":[{"count":1,"href":"https:\/\/loboproduccionesaudiovisuales.ar\/index.php?rest_route=\/wp\/v2\/posts\/21894\/revisions"}],"predecessor-version":[{"id":21896,"href":"https:\/\/loboproduccionesaudiovisuales.ar\/index.php?rest_route=\/wp\/v2\/posts\/21894\/revisions\/21896"}],"wp:featuredmedia":[{"embeddable":true,"href":"https:\/\/loboproduccionesaudiovisuales.ar\/index.php?rest_route=\/wp\/v2\/media\/21895"}],"wp:attachment":[{"href":"https:\/\/loboproduccionesaudiovisuales.ar\/index.php?rest_route=%2Fwp%2Fv2%2Fmedia&parent=21894"}],"wp:term":[{"taxonomy":"category","embeddable":true,"href":"https:\/\/loboproduccionesaudiovisuales.ar\/index.php?rest_route=%2Fwp%2Fv2%2Fcategories&post=21894"},{"taxonomy":"post_tag","embeddable":true,"href":"https:\/\/loboproduccionesaudiovisuales.ar\/index.php?rest_route=%2Fwp%2Fv2%2Ftags&post=21894"}],"curies":[{"name":"wp","href":"https:\/\/api.w.org\/{rel}","templated":true}]}}