{"id":21672,"date":"2026-02-23T09:58:36","date_gmt":"2026-02-23T12:58:36","guid":{"rendered":"https:\/\/loboproduccionesaudiovisuales.ar\/?p=21672"},"modified":"2026-02-23T09:58:36","modified_gmt":"2026-02-23T12:58:36","slug":"gran-pesar-por-el-fallecimiento-de-jorge-chemes-ex-dirigente-agropecuario-y-presidente-del-ente-region-centro","status":"publish","type":"post","link":"https:\/\/loboproduccionesaudiovisuales.ar\/?p=21672","title":{"rendered":"Gran pesar por el fallecimiento de Jorge Chemes, ex dirigente agropecuario y presidente del Ente Regi\u00f3n Centro"},"content":{"rendered":"<p><strong>Este domingo falleci\u00f3 el presidente del Ente Regi\u00f3n Centro e Integraci\u00f3n Regional de Entre R\u00edos, Jorge Chemes. <\/strong><\/p>\n<p>&nbsp;<\/p>\n<p>El funcionario, fue un reconocido dirigente agropecuario, ex diputado nacional y estuvo al frente de FARER (Federaci\u00f3n de Asociaciones Rurales de Entre R\u00edos); de Confederaciones Rurales Argentina (CRA) y de otras entidades del sector.<\/p>\n<p>El gobernador Rogelio Frigerio manifest\u00f3 sus condolecias: \u201cQu\u00e9 triste despedirte, querido Jorge. Me quedo con tu calidez, tu lealtad y las conversaciones compartidas, pensando siempre en c\u00f3mo hacer las cosas mejor para nuestra provincia. Fue un honor que formaras parte de este equipo y de este camino\u201d, expres\u00f3 el mandatario a trav\u00e9s de sus redes sociales. Tambi\u00e9n, hizo llegar a su familia y amigos su \u201cacompa\u00f1amiento en este momento tan dif\u00edcil\u201d.<\/p>\n<p>En tanto, el Gobierno de Entre R\u00edos, comunic\u00f3: \u201cHoy, con profundo dolor, despedimos a Jorge Chemes, presidente del Ente Regi\u00f3n Centro e Integraci\u00f3n Regional de Entre R\u00edos. Hombre de convicciones firmes, de di\u00e1logo franco y de compromiso real con nuestra provincia en cada desaf\u00edo que asumi\u00f3\u201d.<\/p>\n","protected":false},"excerpt":{"rendered":"<p>Este domingo falleci\u00f3 el presidente del Ente Regi\u00f3n Centro e Integraci\u00f3n Regional de Entre R\u00edos, Jorge Chemes. &nbsp; El funcionario,&hellip;<\/p>\n","protected":false},"author":3,"featured_media":21673,"comment_status":"open","ping_status":"open","sticky":false,"template":"","format":"standard","meta":{"footnotes":""},"categories":[5,2,1,128,119,113],"tags":[269],"class_list":["post-21672","post","type-post","status-publish","format-standard","has-post-thumbnail","hentry","category-actualidad","category-agro","category-blog","category-entre-rios","category-institucionales","category-region","tag-jorge-chemes"],"aioseo_notices":[],"aioseo_head":"\n\t\t<!-- All in One SEO 5.0.1.1 - aioseo.com -->\n\t<meta name=\"description\" content=\"Este domingo falleci\u00f3 el presidente del Ente Regi\u00f3n Centro e Integraci\u00f3n Regional de Entre R\u00edos, Jorge Chemes. El funcionario, fue un reconocido dirigente agropecuario, ex diputado nacional y estuvo al frente de FARER (Federaci\u00f3n de Asociaciones Rurales de Entre R\u00edos); de Confederaciones Rurales Argentina (CRA) y de otras entidades del sector. El gobernador Rogelio\" \/>\n\t<meta name=\"robots\" content=\"max-image-preview:large\" \/>\n\t<meta name=\"author\" content=\"Gustavo Werner\"\/>\n\t<link rel=\"canonical\" href=\"https:\/\/loboproduccionesaudiovisuales.ar\/?p=21672\" \/>\n\t<meta name=\"generator\" content=\"All in One SEO (AIOSEO) 5.0.1.1\" \/>\n\t\t<meta property=\"og:locale\" content=\"es_ES\" \/>\n\t\t<meta property=\"og:site_name\" content=\"LOBO PRODUCCIONES AUDIOVISUALES - Sitio digital de noticias agroindustriales\" \/>\n\t\t<meta property=\"og:type\" content=\"article\" \/>\n\t\t<meta property=\"og:title\" content=\"Gran pesar por el fallecimiento de Jorge Chemes, ex dirigente agropecuario y presidente del Ente Regi\u00f3n Centro - LOBO PRODUCCIONES AUDIOVISUALES\" \/>\n\t\t<meta property=\"og:description\" content=\"Este domingo falleci\u00f3 el presidente del Ente Regi\u00f3n Centro e Integraci\u00f3n Regional de Entre R\u00edos, Jorge Chemes. El funcionario, fue un reconocido dirigente agropecuario, ex diputado nacional y estuvo al frente de FARER (Federaci\u00f3n de Asociaciones Rurales de Entre R\u00edos); de Confederaciones Rurales Argentina (CRA) y de otras entidades del sector. El gobernador Rogelio\" \/>\n\t\t<meta property=\"og:url\" content=\"https:\/\/loboproduccionesaudiovisuales.ar\/?p=21672\" \/>\n\t\t<meta property=\"og:image\" content=\"https:\/\/loboproduccionesaudiovisuales.ar\/wp-content\/uploads\/2023\/07\/LPA-web.jpg\" \/>\n\t\t<meta property=\"og:image:secure_url\" content=\"https:\/\/loboproduccionesaudiovisuales.ar\/wp-content\/uploads\/2023\/07\/LPA-web.jpg\" \/>\n\t\t<meta property=\"article:published_time\" content=\"2026-02-23T12:58:36+00:00\" \/>\n\t\t<meta property=\"article:modified_time\" content=\"2026-02-23T12:58:36+00:00\" \/>\n\t\t<meta name=\"twitter:card\" content=\"summary_large_image\" \/>\n\t\t<meta name=\"twitter:title\" content=\"Gran pesar por el fallecimiento de Jorge Chemes, ex dirigente agropecuario y presidente del Ente Regi\u00f3n Centro - LOBO PRODUCCIONES AUDIOVISUALES\" \/>\n\t\t<meta name=\"twitter:description\" content=\"Este domingo falleci\u00f3 el presidente del Ente Regi\u00f3n Centro e Integraci\u00f3n Regional de Entre R\u00edos, Jorge Chemes. El funcionario, fue un reconocido dirigente agropecuario, ex diputado nacional y estuvo al frente de FARER (Federaci\u00f3n de Asociaciones Rurales de Entre R\u00edos); de Confederaciones Rurales Argentina (CRA) y de otras entidades del sector. El gobernador Rogelio\" \/>\n\t\t<meta name=\"twitter:image\" content=\"https:\/\/loboproduccionesaudiovisuales.ar\/wp-content\/uploads\/2023\/07\/LPA-web.jpg\" \/>\n\t\t<script type=\"application\/ld+json\" class=\"aioseo-schema\">\n\t\t\t{\"@context\":\"https:\\\/\\\/schema.org\",\"@graph\":[{\"@type\":\"BlogPosting\",\"@id\":\"https:\\\/\\\/loboproduccionesaudiovisuales.ar\\\/?p=21672#blogposting\",\"name\":\"Gran pesar por el fallecimiento de Jorge Chemes, ex dirigente agropecuario y presidente del Ente Regi\\u00f3n Centro - LOBO PRODUCCIONES AUDIOVISUALES\",\"headline\":\"Gran pesar por el fallecimiento de Jorge Chemes, ex dirigente agropecuario y presidente del Ente Regi\\u00f3n Centro\",\"author\":{\"@id\":\"https:\\\/\\\/loboproduccionesaudiovisuales.ar\\\/?author=3#author\"},\"publisher\":{\"@id\":\"https:\\\/\\\/loboproduccionesaudiovisuales.ar\\\/#organization\"},\"image\":{\"@type\":\"ImageObject\",\"url\":\"https:\\\/\\\/loboproduccionesaudiovisuales.ar\\\/wp-content\\\/uploads\\\/2026\\\/02\\\/84691862_1607070366097496_6165992682364600320_n.jpg\",\"width\":491,\"height\":480},\"datePublished\":\"2026-02-23T09:58:36-03:00\",\"dateModified\":\"2026-02-23T09:58:36-03:00\",\"inLanguage\":\"es-AR\",\"mainEntityOfPage\":{\"@id\":\"https:\\\/\\\/loboproduccionesaudiovisuales.ar\\\/?p=21672#webpage\"},\"isPartOf\":{\"@id\":\"https:\\\/\\\/loboproduccionesaudiovisuales.ar\\\/?p=21672#webpage\"},\"articleSection\":\"ACTUALIDAD, AGRO, Blog, ENTRE RIOS, INSTITUCIONALES, REGIONALES, Jorge Chemes\"},{\"@type\":\"BreadcrumbList\",\"@id\":\"https:\\\/\\\/loboproduccionesaudiovisuales.ar\\\/?p=21672#breadcrumblist\",\"itemListElement\":[{\"@type\":\"ListItem\",\"@id\":\"https:\\\/\\\/loboproduccionesaudiovisuales.ar#listItem\",\"position\":1,\"name\":\"Home\",\"item\":\"https:\\\/\\\/loboproduccionesaudiovisuales.ar\",\"nextItem\":{\"@type\":\"ListItem\",\"@id\":\"https:\\\/\\\/loboproduccionesaudiovisuales.ar\\\/?cat=1#listItem\",\"name\":\"Blog\"}},{\"@type\":\"ListItem\",\"@id\":\"https:\\\/\\\/loboproduccionesaudiovisuales.ar\\\/?cat=1#listItem\",\"position\":2,\"name\":\"Blog\",\"item\":\"https:\\\/\\\/loboproduccionesaudiovisuales.ar\\\/?cat=1\",\"nextItem\":{\"@type\":\"ListItem\",\"@id\":\"https:\\\/\\\/loboproduccionesaudiovisuales.ar\\\/?p=21672#listItem\",\"name\":\"Gran pesar por el fallecimiento de Jorge Chemes, ex dirigente agropecuario y presidente del Ente Regi\\u00f3n Centro\"},\"previousItem\":{\"@type\":\"ListItem\",\"@id\":\"https:\\\/\\\/loboproduccionesaudiovisuales.ar#listItem\",\"name\":\"Home\"}},{\"@type\":\"ListItem\",\"@id\":\"https:\\\/\\\/loboproduccionesaudiovisuales.ar\\\/?p=21672#listItem\",\"position\":3,\"name\":\"Gran pesar por el fallecimiento de Jorge Chemes, ex dirigente agropecuario y presidente del Ente Regi\\u00f3n Centro\",\"previousItem\":{\"@type\":\"ListItem\",\"@id\":\"https:\\\/\\\/loboproduccionesaudiovisuales.ar\\\/?cat=1#listItem\",\"name\":\"Blog\"}}]},{\"@type\":\"Organization\",\"@id\":\"https:\\\/\\\/loboproduccionesaudiovisuales.ar\\\/#organization\",\"name\":\"loboproduccionesaudiovisuales.ar\",\"description\":\"Sitio digital de noticias agroindustriales\",\"url\":\"https:\\\/\\\/loboproduccionesaudiovisuales.ar\\\/\",\"logo\":{\"@type\":\"ImageObject\",\"url\":\"https:\\\/\\\/loboproduccionesaudiovisuales.ar\\\/wp-content\\\/uploads\\\/2023\\\/07\\\/LPA-web.jpg\",\"@id\":\"https:\\\/\\\/loboproduccionesaudiovisuales.ar\\\/?p=21672\\\/#organizationLogo\",\"width\":500,\"height\":144},\"image\":{\"@id\":\"https:\\\/\\\/loboproduccionesaudiovisuales.ar\\\/?p=21672\\\/#organizationLogo\"}},{\"@type\":\"Person\",\"@id\":\"https:\\\/\\\/loboproduccionesaudiovisuales.ar\\\/?author=3#author\",\"url\":\"https:\\\/\\\/loboproduccionesaudiovisuales.ar\\\/?author=3\",\"name\":\"Gustavo Werner\",\"image\":{\"@type\":\"ImageObject\",\"@id\":\"https:\\\/\\\/loboproduccionesaudiovisuales.ar\\\/?p=21672#authorImage\",\"url\":\"https:\\\/\\\/secure.gravatar.com\\\/avatar\\\/e04239ede7d02b80503013ac1fa61f308bbe3566e5a70df5bbef7c3725a0dcae?s=96&d=mm&r=g\",\"width\":96,\"height\":96,\"caption\":\"Gustavo Werner\"}},{\"@type\":\"WebPage\",\"@id\":\"https:\\\/\\\/loboproduccionesaudiovisuales.ar\\\/?p=21672#webpage\",\"url\":\"https:\\\/\\\/loboproduccionesaudiovisuales.ar\\\/?p=21672\",\"name\":\"Gran pesar por el fallecimiento de Jorge Chemes, ex dirigente agropecuario y presidente del Ente Regi\\u00f3n Centro - LOBO PRODUCCIONES AUDIOVISUALES\",\"description\":\"Este domingo falleci\\u00f3 el presidente del Ente Regi\\u00f3n Centro e Integraci\\u00f3n Regional de Entre R\\u00edos, Jorge Chemes. El funcionario, fue un reconocido dirigente agropecuario, ex diputado nacional y estuvo al frente de FARER (Federaci\\u00f3n de Asociaciones Rurales de Entre R\\u00edos); de Confederaciones Rurales Argentina (CRA) y de otras entidades del sector. El gobernador Rogelio\",\"inLanguage\":\"es-AR\",\"isPartOf\":{\"@id\":\"https:\\\/\\\/loboproduccionesaudiovisuales.ar\\\/#website\"},\"breadcrumb\":{\"@id\":\"https:\\\/\\\/loboproduccionesaudiovisuales.ar\\\/?p=21672#breadcrumblist\"},\"author\":{\"@id\":\"https:\\\/\\\/loboproduccionesaudiovisuales.ar\\\/?author=3#author\"},\"creator\":{\"@id\":\"https:\\\/\\\/loboproduccionesaudiovisuales.ar\\\/?author=3#author\"},\"image\":{\"@type\":\"ImageObject\",\"url\":\"https:\\\/\\\/loboproduccionesaudiovisuales.ar\\\/wp-content\\\/uploads\\\/2026\\\/02\\\/84691862_1607070366097496_6165992682364600320_n.jpg\",\"@id\":\"https:\\\/\\\/loboproduccionesaudiovisuales.ar\\\/?p=21672\\\/#mainImage\",\"width\":491,\"height\":480},\"primaryImageOfPage\":{\"@id\":\"https:\\\/\\\/loboproduccionesaudiovisuales.ar\\\/?p=21672#mainImage\"},\"datePublished\":\"2026-02-23T09:58:36-03:00\",\"dateModified\":\"2026-02-23T09:58:36-03:00\"},{\"@type\":\"WebSite\",\"@id\":\"https:\\\/\\\/loboproduccionesaudiovisuales.ar\\\/#website\",\"url\":\"https:\\\/\\\/loboproduccionesaudiovisuales.ar\\\/\",\"name\":\"loboproduccionesaudiovisuales.ar\",\"alternateName\":\"Lobo Producciones\",\"description\":\"Sitio digital de noticias agroindustriales\",\"inLanguage\":\"es-AR\",\"publisher\":{\"@id\":\"https:\\\/\\\/loboproduccionesaudiovisuales.ar\\\/#organization\"}}]}\n\t\t<\/script>\n\t\t<!-- All in One SEO -->\n\n","aioseo_head_json":{"title":"Gran pesar por el fallecimiento de Jorge Chemes, ex dirigente agropecuario y presidente del Ente Regi\u00f3n Centro - LOBO PRODUCCIONES AUDIOVISUALES","description":"Este domingo falleci\u00f3 el presidente del Ente Regi\u00f3n Centro e Integraci\u00f3n Regional de Entre R\u00edos, Jorge Chemes. El funcionario, fue un reconocido dirigente agropecuario, ex diputado nacional y estuvo al frente de FARER (Federaci\u00f3n de Asociaciones Rurales de Entre R\u00edos); de Confederaciones Rurales Argentina (CRA) y de otras entidades del sector. El gobernador Rogelio","canonical_url":"https:\/\/loboproduccionesaudiovisuales.ar\/?p=21672","robots":"max-image-preview:large","keywords":"","webmasterTools":{"miscellaneous":""},"schema":{"@context":"https:\/\/schema.org","@graph":[{"@type":"BlogPosting","@id":"https:\/\/loboproduccionesaudiovisuales.ar\/?p=21672#blogposting","name":"Gran pesar por el fallecimiento de Jorge Chemes, ex dirigente agropecuario y presidente del Ente Regi\u00f3n Centro - LOBO PRODUCCIONES AUDIOVISUALES","headline":"Gran pesar por el fallecimiento de Jorge Chemes, ex dirigente agropecuario y presidente del Ente Regi\u00f3n Centro","author":{"@id":"https:\/\/loboproduccionesaudiovisuales.ar\/?author=3#author"},"publisher":{"@id":"https:\/\/loboproduccionesaudiovisuales.ar\/#organization"},"image":{"@type":"ImageObject","url":"https:\/\/loboproduccionesaudiovisuales.ar\/wp-content\/uploads\/2026\/02\/84691862_1607070366097496_6165992682364600320_n.jpg","width":491,"height":480},"datePublished":"2026-02-23T09:58:36-03:00","dateModified":"2026-02-23T09:58:36-03:00","inLanguage":"es-AR","mainEntityOfPage":{"@id":"https:\/\/loboproduccionesaudiovisuales.ar\/?p=21672#webpage"},"isPartOf":{"@id":"https:\/\/loboproduccionesaudiovisuales.ar\/?p=21672#webpage"},"articleSection":"ACTUALIDAD, AGRO, Blog, ENTRE RIOS, INSTITUCIONALES, REGIONALES, Jorge Chemes"},{"@type":"BreadcrumbList","@id":"https:\/\/loboproduccionesaudiovisuales.ar\/?p=21672#breadcrumblist","itemListElement":[{"@type":"ListItem","@id":"https:\/\/loboproduccionesaudiovisuales.ar#listItem","position":1,"name":"Home","item":"https:\/\/loboproduccionesaudiovisuales.ar","nextItem":{"@type":"ListItem","@id":"https:\/\/loboproduccionesaudiovisuales.ar\/?cat=1#listItem","name":"Blog"}},{"@type":"ListItem","@id":"https:\/\/loboproduccionesaudiovisuales.ar\/?cat=1#listItem","position":2,"name":"Blog","item":"https:\/\/loboproduccionesaudiovisuales.ar\/?cat=1","nextItem":{"@type":"ListItem","@id":"https:\/\/loboproduccionesaudiovisuales.ar\/?p=21672#listItem","name":"Gran pesar por el fallecimiento de Jorge Chemes, ex dirigente agropecuario y presidente del Ente Regi\u00f3n Centro"},"previousItem":{"@type":"ListItem","@id":"https:\/\/loboproduccionesaudiovisuales.ar#listItem","name":"Home"}},{"@type":"ListItem","@id":"https:\/\/loboproduccionesaudiovisuales.ar\/?p=21672#listItem","position":3,"name":"Gran pesar por el fallecimiento de Jorge Chemes, ex dirigente agropecuario y presidente del Ente Regi\u00f3n Centro","previousItem":{"@type":"ListItem","@id":"https:\/\/loboproduccionesaudiovisuales.ar\/?cat=1#listItem","name":"Blog"}}]},{"@type":"Organization","@id":"https:\/\/loboproduccionesaudiovisuales.ar\/#organization","name":"loboproduccionesaudiovisuales.ar","description":"Sitio digital de noticias agroindustriales","url":"https:\/\/loboproduccionesaudiovisuales.ar\/","logo":{"@type":"ImageObject","url":"https:\/\/loboproduccionesaudiovisuales.ar\/wp-content\/uploads\/2023\/07\/LPA-web.jpg","@id":"https:\/\/loboproduccionesaudiovisuales.ar\/?p=21672\/#organizationLogo","width":500,"height":144},"image":{"@id":"https:\/\/loboproduccionesaudiovisuales.ar\/?p=21672\/#organizationLogo"}},{"@type":"Person","@id":"https:\/\/loboproduccionesaudiovisuales.ar\/?author=3#author","url":"https:\/\/loboproduccionesaudiovisuales.ar\/?author=3","name":"Gustavo Werner","image":{"@type":"ImageObject","@id":"https:\/\/loboproduccionesaudiovisuales.ar\/?p=21672#authorImage","url":"https:\/\/secure.gravatar.com\/avatar\/e04239ede7d02b80503013ac1fa61f308bbe3566e5a70df5bbef7c3725a0dcae?s=96&d=mm&r=g","width":96,"height":96,"caption":"Gustavo Werner"}},{"@type":"WebPage","@id":"https:\/\/loboproduccionesaudiovisuales.ar\/?p=21672#webpage","url":"https:\/\/loboproduccionesaudiovisuales.ar\/?p=21672","name":"Gran pesar por el fallecimiento de Jorge Chemes, ex dirigente agropecuario y presidente del Ente Regi\u00f3n Centro - LOBO PRODUCCIONES AUDIOVISUALES","description":"Este domingo falleci\u00f3 el presidente del Ente Regi\u00f3n Centro e Integraci\u00f3n Regional de Entre R\u00edos, Jorge Chemes. El funcionario, fue un reconocido dirigente agropecuario, ex diputado nacional y estuvo al frente de FARER (Federaci\u00f3n de Asociaciones Rurales de Entre R\u00edos); de Confederaciones Rurales Argentina (CRA) y de otras entidades del sector. El gobernador Rogelio","inLanguage":"es-AR","isPartOf":{"@id":"https:\/\/loboproduccionesaudiovisuales.ar\/#website"},"breadcrumb":{"@id":"https:\/\/loboproduccionesaudiovisuales.ar\/?p=21672#breadcrumblist"},"author":{"@id":"https:\/\/loboproduccionesaudiovisuales.ar\/?author=3#author"},"creator":{"@id":"https:\/\/loboproduccionesaudiovisuales.ar\/?author=3#author"},"image":{"@type":"ImageObject","url":"https:\/\/loboproduccionesaudiovisuales.ar\/wp-content\/uploads\/2026\/02\/84691862_1607070366097496_6165992682364600320_n.jpg","@id":"https:\/\/loboproduccionesaudiovisuales.ar\/?p=21672\/#mainImage","width":491,"height":480},"primaryImageOfPage":{"@id":"https:\/\/loboproduccionesaudiovisuales.ar\/?p=21672#mainImage"},"datePublished":"2026-02-23T09:58:36-03:00","dateModified":"2026-02-23T09:58:36-03:00"},{"@type":"WebSite","@id":"https:\/\/loboproduccionesaudiovisuales.ar\/#website","url":"https:\/\/loboproduccionesaudiovisuales.ar\/","name":"loboproduccionesaudiovisuales.ar","alternateName":"Lobo Producciones","description":"Sitio digital de noticias agroindustriales","inLanguage":"es-AR","publisher":{"@id":"https:\/\/loboproduccionesaudiovisuales.ar\/#organization"}}]},"og:locale":"es_ES","og:site_name":"LOBO PRODUCCIONES AUDIOVISUALES - Sitio digital de noticias agroindustriales","og:type":"article","og:title":"Gran pesar por el fallecimiento de Jorge Chemes, ex dirigente agropecuario y presidente del Ente Regi\u00f3n Centro - LOBO PRODUCCIONES AUDIOVISUALES","og:description":"Este domingo falleci\u00f3 el presidente del Ente Regi\u00f3n Centro e Integraci\u00f3n Regional de Entre R\u00edos, Jorge Chemes. El funcionario, fue un reconocido dirigente agropecuario, ex diputado nacional y estuvo al frente de FARER (Federaci\u00f3n de Asociaciones Rurales de Entre R\u00edos); de Confederaciones Rurales Argentina (CRA) y de otras entidades del sector. El gobernador Rogelio","og:url":"https:\/\/loboproduccionesaudiovisuales.ar\/?p=21672","og:image":"https:\/\/loboproduccionesaudiovisuales.ar\/wp-content\/uploads\/2023\/07\/LPA-web.jpg","og:image:secure_url":"https:\/\/loboproduccionesaudiovisuales.ar\/wp-content\/uploads\/2023\/07\/LPA-web.jpg","article:published_time":"2026-02-23T12:58:36+00:00","article:modified_time":"2026-02-23T12:58:36+00:00","twitter:card":"summary_large_image","twitter:title":"Gran pesar por el fallecimiento de Jorge Chemes, ex dirigente agropecuario y presidente del Ente Regi\u00f3n Centro - LOBO PRODUCCIONES AUDIOVISUALES","twitter:description":"Este domingo falleci\u00f3 el presidente del Ente Regi\u00f3n Centro e Integraci\u00f3n Regional de Entre R\u00edos, Jorge Chemes. El funcionario, fue un reconocido dirigente agropecuario, ex diputado nacional y estuvo al frente de FARER (Federaci\u00f3n de Asociaciones Rurales de Entre R\u00edos); de Confederaciones Rurales Argentina (CRA) y de otras entidades del sector. El gobernador Rogelio","twitter:image":"https:\/\/loboproduccionesaudiovisuales.ar\/wp-content\/uploads\/2023\/07\/LPA-web.jpg"},"aioseo_meta_data":{"post_id":"21672","title":null,"description":null,"keywords":null,"keyphrases":{"focus":{"keyphrase":"","score":0,"analysis":{"keyphraseInTitle":{"score":0,"maxScore":9,"error":1}}},"additional":[]},"primary_term":null,"canonical_url":null,"og_title":null,"og_description":null,"og_object_type":"default","og_image_type":"default","og_image_url":null,"og_image_width":null,"og_image_height":null,"og_image_custom_url":null,"og_image_custom_fields":null,"og_video":"","og_custom_url":null,"og_article_section":null,"og_article_tags":null,"twitter_use_og":false,"twitter_card":"default","twitter_image_type":"default","twitter_image_url":null,"twitter_image_custom_url":null,"twitter_image_custom_fields":null,"twitter_title":null,"twitter_description":null,"schema":{"blockGraphs":[],"customGraphs":[],"default":{"data":{"Article":[],"Course":[],"Dataset":[],"FAQPage":[],"Movie":[],"Person":[],"Product":[],"ProductReview":[],"Car":[],"Recipe":[],"Service":[],"SoftwareApplication":[],"WebPage":[]},"graphName":"BlogPosting","isEnabled":true},"graphs":[]},"schema_type":"default","schema_type_options":null,"pillar_content":false,"robots_default":true,"robots_noindex":false,"robots_noarchive":false,"robots_nosnippet":false,"robots_nofollow":false,"robots_noimageindex":false,"robots_noodp":false,"robots_notranslate":false,"robots_max_snippet":"-1","robots_max_videopreview":"-1","robots_max_imagepreview":"large","priority":null,"frequency":"default","local_seo":null,"breadcrumb_settings":null,"limit_modified_date":false,"ai":{"faqs":[],"keyPoints":[],"titles":[],"descriptions":[],"socialPosts":{"email":[],"linkedin":[],"twitter":[],"facebook":[],"instagram":[]}},"created":"2026-02-23 12:58:36","updated":"2026-02-23 12:58:38","seo_analyzer_scan_date":null,"focus_keyword":null,"additional_keywords":null,"truseo_locale":null},"aioseo_breadcrumb":"<div class=\"aioseo-breadcrumbs\"><span class=\"aioseo-breadcrumb\">\n\t\t\t<a href=\"https:\/\/loboproduccionesaudiovisuales.ar\" title=\"Home\">Home<\/a>\n\t\t<\/span><span class=\"aioseo-breadcrumb-separator\">&raquo;<\/span><span class=\"aioseo-breadcrumb\">\n\t\t\t<a href=\"https:\/\/loboproduccionesaudiovisuales.ar\/?cat=1\" title=\"Blog\">Blog<\/a>\n\t\t<\/span><span class=\"aioseo-breadcrumb-separator\">&raquo;<\/span><span class=\"aioseo-breadcrumb\">\n\t\t\tGran pesar por el fallecimiento de Jorge Chemes, ex dirigente agropecuario y presidente del Ente Regi\u00f3n Centro\n\t\t<\/span><\/div>","aioseo_breadcrumb_json":[{"label":"Home","link":"https:\/\/loboproduccionesaudiovisuales.ar"},{"label":"Blog","link":"https:\/\/loboproduccionesaudiovisuales.ar\/?cat=1"},{"label":"Gran pesar por el fallecimiento de Jorge Chemes, ex dirigente agropecuario y presidente del Ente Regi\u00f3n Centro","link":"https:\/\/loboproduccionesaudiovisuales.ar\/?p=21672"}],"_links":{"self":[{"href":"https:\/\/loboproduccionesaudiovisuales.ar\/index.php?rest_route=\/wp\/v2\/posts\/21672","targetHints":{"allow":["GET"]}}],"collection":[{"href":"https:\/\/loboproduccionesaudiovisuales.ar\/index.php?rest_route=\/wp\/v2\/posts"}],"about":[{"href":"https:\/\/loboproduccionesaudiovisuales.ar\/index.php?rest_route=\/wp\/v2\/types\/post"}],"author":[{"embeddable":true,"href":"https:\/\/loboproduccionesaudiovisuales.ar\/index.php?rest_route=\/wp\/v2\/users\/3"}],"replies":[{"embeddable":true,"href":"https:\/\/loboproduccionesaudiovisuales.ar\/index.php?rest_route=%2Fwp%2Fv2%2Fcomments&post=21672"}],"version-history":[{"count":1,"href":"https:\/\/loboproduccionesaudiovisuales.ar\/index.php?rest_route=\/wp\/v2\/posts\/21672\/revisions"}],"predecessor-version":[{"id":21674,"href":"https:\/\/loboproduccionesaudiovisuales.ar\/index.php?rest_route=\/wp\/v2\/posts\/21672\/revisions\/21674"}],"wp:featuredmedia":[{"embeddable":true,"href":"https:\/\/loboproduccionesaudiovisuales.ar\/index.php?rest_route=\/wp\/v2\/media\/21673"}],"wp:attachment":[{"href":"https:\/\/loboproduccionesaudiovisuales.ar\/index.php?rest_route=%2Fwp%2Fv2%2Fmedia&parent=21672"}],"wp:term":[{"taxonomy":"category","embeddable":true,"href":"https:\/\/loboproduccionesaudiovisuales.ar\/index.php?rest_route=%2Fwp%2Fv2%2Fcategories&post=21672"},{"taxonomy":"post_tag","embeddable":true,"href":"https:\/\/loboproduccionesaudiovisuales.ar\/index.php?rest_route=%2Fwp%2Fv2%2Ftags&post=21672"}],"curies":[{"name":"wp","href":"https:\/\/api.w.org\/{rel}","templated":true}]}}