{"id":21176,"date":"2025-12-01T08:18:18","date_gmt":"2025-12-01T11:18:18","guid":{"rendered":"https:\/\/loboproduccionesaudiovisuales.ar\/?p=21176"},"modified":"2025-12-01T11:17:58","modified_gmt":"2025-12-01T14:17:58","slug":"avanza-la-siembra-de-soja-de-primera-y-de-segunda-en-entre-rios","status":"publish","type":"post","link":"https:\/\/loboproduccionesaudiovisuales.ar\/?p=21176","title":{"rendered":"Avanza la siembra de soja de primera y de segunda en Entre R\u00edos"},"content":{"rendered":"<p><strong>Para el ciclo agr\u00edcola 2025\/26, la provincia de Entre R\u00edos presenta una intenci\u00f3n de siembra de soja de primera de 430.000 hect\u00e1reas, seg\u00fan los \u00faltimos datos publicados por el SIBER.<\/strong><\/p>\n<p>&nbsp;<\/p>\n<p>A partir de la informaci\u00f3n recopilada mediante la Red de Colaboradores se estima que, al cierre de noviembre, se ha implantado el 83% del \u00e1rea prevista. Este valor constituye el mayor porcentaje de avance para esta fecha en los \u00faltimos cinco a\u00f1os, situaci\u00f3n atribuible principalmente a la reducci\u00f3n del \u00e1rea proyectada respecto de campa\u00f1as anteriores.<\/p>\n<div id=\"attachment_10850\" class=\"wp-caption aligncenter\"><img loading=\"lazy\" decoding=\"async\" class=\"size-full wp-image-10850 entered lazyloaded\" src=\"https:\/\/bolsacer.org.ar\/site\/%77%70%2d%63%6f%6e%74%65%6e%74\/uploads\/2025\/11\/avance-y-superficie-soja-primera.jpg\" sizes=\"auto, (max-width: 718px) 100vw, 718px\" srcset=\"https:\/\/www.bolsacer.org.ar\/site\/%77%70%2d%63%6f%6e%74%65%6e%74\/uploads\/2025\/11\/avance-y-superficie-soja-primera.jpg 718w, https:\/\/www.bolsacer.org.ar\/site\/%77%70%2d%63%6f%6e%74%65%6e%74\/uploads\/2025\/11\/avance-y-superficie-soja-primera-300x179.jpg 300w\" alt=\"\" width=\"718\" height=\"429\" aria-describedby=\"caption-attachment-10850\" data-lazy-srcset=\"https:\/\/www.bolsacer.org.ar\/site\/%77%70%2d%63%6f%6e%74%65%6e%74\/uploads\/2025\/11\/avance-y-superficie-soja-primera.jpg 718w, https:\/\/www.bolsacer.org.ar\/site\/%77%70%2d%63%6f%6e%74%65%6e%74\/uploads\/2025\/11\/avance-y-superficie-soja-primera-300x179.jpg 300w\" data-lazy-sizes=\"(max-width: 718px) 100vw, 718px\" data-lazy-src=\"https:\/\/bolsacer.org.ar\/site\/%77%70%2d%63%6f%6e%74%65%6e%74\/uploads\/2025\/11\/avance-y-superficie-soja-primera.jpg\" data-ll-status=\"loaded\" \/><\/p>\n<p id=\"caption-attachment-10850\" class=\"wp-caption-text\">El an\u00e1lisis espacial del progreso de siembra evidencia una marcada heterogeneidad regional. En el centro-norte provincial, el avance se sit\u00faa en torno al 60%, condicionado por precipitaciones acumuladas significativas durante las semanas previas, que limitaron la oportunidad de labores. Por el contrario, en el centro-sur se registra un avance superior al 90%, reflejando mejores condiciones operativas para la implantaci\u00f3n.<\/p>\n<\/div>\n<div id=\"attachment_10857\" class=\"wp-caption aligncenter\"><img loading=\"lazy\" decoding=\"async\" class=\"size-full wp-image-10857 entered lazyloaded\" src=\"https:\/\/bolsacer.org.ar\/site\/%77%70%2d%63%6f%6e%74%65%6e%74\/uploads\/2025\/11\/soja1-1.jpg\" sizes=\"auto, (max-width: 502px) 100vw, 502px\" srcset=\"https:\/\/www.bolsacer.org.ar\/site\/%77%70%2d%63%6f%6e%74%65%6e%74\/uploads\/2025\/11\/soja1-1.jpg 502w, https:\/\/www.bolsacer.org.ar\/site\/%77%70%2d%63%6f%6e%74%65%6e%74\/uploads\/2025\/11\/soja1-1-243x300.jpg 243w\" alt=\"\" width=\"502\" height=\"619\" aria-describedby=\"caption-attachment-10857\" data-lazy-srcset=\"https:\/\/www.bolsacer.org.ar\/site\/%77%70%2d%63%6f%6e%74%65%6e%74\/uploads\/2025\/11\/soja1-1.jpg 502w, https:\/\/www.bolsacer.org.ar\/site\/%77%70%2d%63%6f%6e%74%65%6e%74\/uploads\/2025\/11\/soja1-1-243x300.jpg 243w\" data-lazy-sizes=\"(max-width: 502px) 100vw, 502px\" data-lazy-src=\"https:\/\/bolsacer.org.ar\/site\/%77%70%2d%63%6f%6e%74%65%6e%74\/uploads\/2025\/11\/soja1-1.jpg\" data-ll-status=\"loaded\" \/><\/p>\n<p id=\"caption-attachment-10857\" class=\"wp-caption-text\">Figura 2: Avance de la siembra de soja de primera por zonas en Entre R\u00edos.<\/p>\n<\/div>\n<h2><b>Soja de segunda<\/b><\/h2>\n<p>La proyecci\u00f3n de siembra de soja de segunda para el ciclo agr\u00edcola 2025\/26 en la provincia de Entre R\u00edos se estima en 730.000 hect\u00e1reas.<\/p>\n<p>A nivel provincial, el grado de avance alcanza el 11%, sin registrarse variaciones significativas respecto del progreso observado en los \u00faltimos cinco a\u00f1os para fines de noviembre.<\/p>\n<p>De acuerdo con el Sistema de Informaci\u00f3n de la BolsaCER, se tratar\u00eda de la mayor superficie destinada a la siembra de segunda fecha. Si las condiciones clim\u00e1ticas no resultan favorables, es l\u00f3gico suponer implantaciones en fechas m\u00e1s tard\u00edas que las habituales.<\/p>\n<div id=\"attachment_10852\" class=\"wp-caption aligncenter\"><img loading=\"lazy\" decoding=\"async\" class=\"size-full wp-image-10852 entered lazyloaded\" src=\"https:\/\/bolsacer.org.ar\/site\/%77%70%2d%63%6f%6e%74%65%6e%74\/uploads\/2025\/11\/avance-soja-de-segunda.jpg\" sizes=\"auto, (max-width: 712px) 100vw, 712px\" srcset=\"https:\/\/www.bolsacer.org.ar\/site\/%77%70%2d%63%6f%6e%74%65%6e%74\/uploads\/2025\/11\/avance-soja-de-segunda.jpg 712w, https:\/\/www.bolsacer.org.ar\/site\/%77%70%2d%63%6f%6e%74%65%6e%74\/uploads\/2025\/11\/avance-soja-de-segunda-300x178.jpg 300w\" alt=\"\" width=\"712\" height=\"422\" aria-describedby=\"caption-attachment-10852\" data-lazy-srcset=\"https:\/\/www.bolsacer.org.ar\/site\/%77%70%2d%63%6f%6e%74%65%6e%74\/uploads\/2025\/11\/avance-soja-de-segunda.jpg 712w, https:\/\/www.bolsacer.org.ar\/site\/%77%70%2d%63%6f%6e%74%65%6e%74\/uploads\/2025\/11\/avance-soja-de-segunda-300x178.jpg 300w\" data-lazy-sizes=\"(max-width: 712px) 100vw, 712px\" data-lazy-src=\"https:\/\/bolsacer.org.ar\/site\/%77%70%2d%63%6f%6e%74%65%6e%74\/uploads\/2025\/11\/avance-soja-de-segunda.jpg\" data-ll-status=\"loaded\" \/><\/div>\n<div id=\"attachment_10858\" class=\"wp-caption aligncenter\"><img loading=\"lazy\" decoding=\"async\" class=\"size-full wp-image-10858 entered lazyloaded\" src=\"https:\/\/bolsacer.org.ar\/site\/%77%70%2d%63%6f%6e%74%65%6e%74\/uploads\/2025\/11\/soja2.jpg\" sizes=\"auto, (max-width: 503px) 100vw, 503px\" srcset=\"https:\/\/www.bolsacer.org.ar\/site\/%77%70%2d%63%6f%6e%74%65%6e%74\/uploads\/2025\/11\/soja2.jpg 503w, https:\/\/www.bolsacer.org.ar\/site\/%77%70%2d%63%6f%6e%74%65%6e%74\/uploads\/2025\/11\/soja2-244x300.jpg 244w\" alt=\"\" width=\"503\" height=\"619\" aria-describedby=\"caption-attachment-10858\" data-lazy-srcset=\"https:\/\/www.bolsacer.org.ar\/site\/%77%70%2d%63%6f%6e%74%65%6e%74\/uploads\/2025\/11\/soja2.jpg 503w, https:\/\/www.bolsacer.org.ar\/site\/%77%70%2d%63%6f%6e%74%65%6e%74\/uploads\/2025\/11\/soja2-244x300.jpg 244w\" data-lazy-sizes=\"(max-width: 503px) 100vw, 503px\" data-lazy-src=\"https:\/\/bolsacer.org.ar\/site\/%77%70%2d%63%6f%6e%74%65%6e%74\/uploads\/2025\/11\/soja2.jpg\" data-ll-status=\"loaded\" \/><\/div>\n","protected":false},"excerpt":{"rendered":"<p>Para el ciclo agr\u00edcola 2025\/26, la provincia de Entre R\u00edos presenta una intenci\u00f3n de siembra de soja de primera de&hellip;<\/p>\n","protected":false},"author":3,"featured_media":21177,"comment_status":"open","ping_status":"open","sticky":false,"template":"","format":"standard","meta":{"footnotes":""},"categories":[5,2,1,128],"tags":[67],"class_list":["post-21176","post","type-post","status-publish","format-standard","has-post-thumbnail","hentry","category-actualidad","category-agro","category-blog","category-entre-rios","tag-soja"],"aioseo_notices":[],"_links":{"self":[{"href":"https:\/\/loboproduccionesaudiovisuales.ar\/index.php?rest_route=\/wp\/v2\/posts\/21176","targetHints":{"allow":["GET"]}}],"collection":[{"href":"https:\/\/loboproduccionesaudiovisuales.ar\/index.php?rest_route=\/wp\/v2\/posts"}],"about":[{"href":"https:\/\/loboproduccionesaudiovisuales.ar\/index.php?rest_route=\/wp\/v2\/types\/post"}],"author":[{"embeddable":true,"href":"https:\/\/loboproduccionesaudiovisuales.ar\/index.php?rest_route=\/wp\/v2\/users\/3"}],"replies":[{"embeddable":true,"href":"https:\/\/loboproduccionesaudiovisuales.ar\/index.php?rest_route=%2Fwp%2Fv2%2Fcomments&post=21176"}],"version-history":[{"count":1,"href":"https:\/\/loboproduccionesaudiovisuales.ar\/index.php?rest_route=\/wp\/v2\/posts\/21176\/revisions"}],"predecessor-version":[{"id":21178,"href":"https:\/\/loboproduccionesaudiovisuales.ar\/index.php?rest_route=\/wp\/v2\/posts\/21176\/revisions\/21178"}],"wp:featuredmedia":[{"embeddable":true,"href":"https:\/\/loboproduccionesaudiovisuales.ar\/index.php?rest_route=\/wp\/v2\/media\/21177"}],"wp:attachment":[{"href":"https:\/\/loboproduccionesaudiovisuales.ar\/index.php?rest_route=%2Fwp%2Fv2%2Fmedia&parent=21176"}],"wp:term":[{"taxonomy":"category","embeddable":true,"href":"https:\/\/loboproduccionesaudiovisuales.ar\/index.php?rest_route=%2Fwp%2Fv2%2Fcategories&post=21176"},{"taxonomy":"post_tag","embeddable":true,"href":"https:\/\/loboproduccionesaudiovisuales.ar\/index.php?rest_route=%2Fwp%2Fv2%2Ftags&post=21176"}],"curies":[{"name":"wp","href":"https:\/\/api.w.org\/{rel}","templated":true}]}}