{"id":21173,"date":"2025-12-01T09:15:03","date_gmt":"2025-12-01T12:15:03","guid":{"rendered":"https:\/\/loboproduccionesaudiovisuales.ar\/?p=21173"},"modified":"2025-12-01T11:17:32","modified_gmt":"2025-12-01T14:17:32","slug":"jose-miguel-laurencena-es-el-nuevo-presidente-de-fedeco","status":"publish","type":"post","link":"https:\/\/loboproduccionesaudiovisuales.ar\/?p=21173","title":{"rendered":"Jos\u00e9 Miguel Laurencena es el nuevo presidente de FEDECO"},"content":{"rendered":"<p><strong>En una asamblea realizada en Paran\u00e1, la Federaci\u00f3n Entrerriana de Cooperativas renov\u00f3 sus autoridades. Laurencena, representante de La Agr\u00edcola Regional, asumi\u00f3 la presidencia junto a Fabi\u00e1n Leichner como vicepresidente. Jorge Pioli fue elegido como s\u00edndico titular. Hubo participaci\u00f3n de referentes nacionales y un homenaje a dirigentes hist\u00f3ricos del cooperativismo.<\/strong><\/p>\n<p>&nbsp;<\/p>\n<p>En la asamblea celebrada este jueves en la ciudad de\u00a0<strong>Paran\u00e1<\/strong>, la Federaci\u00f3n Entrerriana de Cooperativas renov\u00f3 su conducci\u00f3n y defini\u00f3 los lineamientos para una nueva etapa institucional.<\/p>\n<p><strong>Jos\u00e9 Miguel Laurencena<\/strong>, representante de La Agr\u00edcola Regional (LAR), fue electo como presidente, mientras que Fabi\u00e1n Leichner, de La Ganadera, ocupar\u00e1 la vicepresidencia.<\/p>\n<p><strong>\u201cNuestra idea es participar en todos los \u00e1mbitos que podamos para generar cambios que beneficien al sector\u201d<\/strong>, expres\u00f3 Laurencena en di\u00e1logo con\u00a0<em>AIM<\/em>\u00a0tras resultar electo.<\/p>\n<p>La jornada reuni\u00f3 a referentes de todas las cooperativas que integran FEDECO entre ellos de la cooperativa ganadera, El Pronunciamiento de Basavilbaso los dirigentes\u00a0<strong>Daniel Peiretti, Noem\u00ed Sittner<\/strong>\u00a0y\u00a0<strong>Jorge Pioli,<\/strong>\u00a0dirigentes hist\u00f3ricos, integrantes de entidades del agro entrerriano y autoridades nacionales del cooperativismo.<\/p>\n<p>Entre ellos estuvieron presentes el presidente de la Confederaci\u00f3n Intercooperativa Agropecuaria Limitada (Coninagro),<strong>\u00a0Lucas Magnano,<\/strong>\u00a0y el s\u00edndico de la Asociaci\u00f3n de Cooperativas Argentinas (ACA),<strong>Iv\u00e1n Franco.<\/strong><\/p>\n<p><strong><a href=\"https:\/\/drive.google.com\/thumbnail?id=14dGfJhGdlOZToWn1CndDJeqbivksR5P3&amp;sz=w2048\"><img loading=\"lazy\" decoding=\"async\" class=\"aligncenter wp-image-241801 size-full\" src=\"https:\/\/drive.google.com\/thumbnail?id=14dGfJhGdlOZToWn1CndDJeqbivksR5P3&amp;sz=w2048\" alt=\"\" width=\"1600\" height=\"1200\" \/><\/a><\/strong><\/p>\n<h2><strong>Un nuevo Consejo y desaf\u00edos por delante<\/strong><\/h2>\n<p>El flamante presidente destac\u00f3 que todas las cooperativas integrantes tienen representaci\u00f3n en el nuevo Consejo Directivo, lo que habilita una gesti\u00f3n \u201crenovada y con muchas expectativas\u201d.<\/p>\n<p>En esa l\u00ednea, Laurencena adelant\u00f3 que el objetivo ser\u00e1 trabajar en soluciones para los problemas del sector, generar propuestas junto a otros actores econ\u00f3micos y sociales, y participar activamente \u201cen todo lo que se pueda, apoyando los cambios necesarios\u201d.<\/p>\n<p>Por su parte, el presidente saliente,\u00a0<strong>Ronald Garnier,<\/strong>\u00a0calific\u00f3 la asamblea como \u201cuna reuni\u00f3n amena\u201d, con la presencia de representantes de otras organizaciones, incluida Coninagro. Afirm\u00f3 que el proceso de elecci\u00f3n se desarroll\u00f3 con normalidad y valor\u00f3 el esp\u00edritu de unidad del encuentro.<\/p>\n<h2><strong>Reconocimiento a la historia cooperativista<\/strong><\/h2>\n<p>Durante la asamblea, se rindi\u00f3 un homenaje a dirigentes hist\u00f3ricos, entre ellos<strong>\u00a0Gonzalo \u00c1lvarez Maldonado,<\/strong>\u00a0como reconocimiento a quienes contribuyeron al camino del cooperativismo entrerriano.<\/p>\n<p>Garnier subray\u00f3 la importancia de mantener viva la memoria institucional:\u00a0<strong>\u201cEs esencial valorar el trabajo realizado en el pasado para avanzar hacia el futuro\u201d<\/strong>.<\/p>\n<p>En la galar\u00eda de los presidentes de la instituci\u00f3n figura\u00a0<strong>Rogelio G\u00f3mez<\/strong>, en tiempos donde el protagonismo y empuje de las cooperativas Lucienville de Basavilbaso y CAUR de Ram\u00edrez resultar\u00eda cruciales en los tiempos iniciales de la FEDECO.<\/p>\n<h2><strong>Presencia nacional y respaldo institucional<\/strong><\/h2>\n<p>El presidente de Coninagro,\u00a0<strong>Lucas Magnano<\/strong>, celebr\u00f3 la renovaci\u00f3n en FEDECO y destac\u00f3 su rol simb\u00f3lico:\u00a0<strong>\u201cPara nosotros es un honor estar acompa\u00f1ando esta asamblea. El primer presidente de Coninagro provino de esta Fedeco, lo que refleja su protagonismo en la historia del cooperativismo argentino\u201d<\/strong>.<\/p>\n<p>Magnano tambi\u00e9n valor\u00f3 el esfuerzo de los pioneros del sector, que construyeron los cimientos del cooperativismo \u201cen tiempos sin comunicaciones modernas, viajando en tren y con enormes desaf\u00edos por delante\u201d.<\/p>\n<p>Asimismo,\u00a0<strong>Iv\u00e1n Franco<\/strong>, s\u00edndico de ACA, remarc\u00f3 la importancia de la colaboraci\u00f3n entre entidades:\u00a0<strong>\u201cMuchas cooperativas est\u00e1n asociadas a ambas organizaciones. Trabajar juntos nos da un valor distinto y nos posiciona para enfrentar la alta demanda del futuro\u201d<\/strong>.<\/p>\n<p>Con esta renovaci\u00f3n de autoridades, FEDECO comienza una nueva etapa, reafirmando su compromiso con el fortalecimiento del cooperativismo en\u00a0<strong>Entre R\u00edos<\/strong>, la representaci\u00f3n de sus asociados y el trabajo articulado para enfrentar los desaf\u00edos del sector agropecuario.\u00a0<em>(Fuente: AIM)<\/em><\/p>\n","protected":false},"excerpt":{"rendered":"<p>En una asamblea realizada en Paran\u00e1, la Federaci\u00f3n Entrerriana de Cooperativas renov\u00f3 sus autoridades. Laurencena, representante de La Agr\u00edcola Regional,&hellip;<\/p>\n","protected":false},"author":3,"featured_media":21174,"comment_status":"open","ping_status":"open","sticky":false,"template":"","format":"standard","meta":{"footnotes":""},"categories":[5,2,1,119],"tags":[424],"class_list":["post-21173","post","type-post","status-publish","format-standard","has-post-thumbnail","hentry","category-actualidad","category-agro","category-blog","category-institucionales","tag-fedeco"],"aioseo_notices":[],"_links":{"self":[{"href":"https:\/\/loboproduccionesaudiovisuales.ar\/index.php?rest_route=\/wp\/v2\/posts\/21173","targetHints":{"allow":["GET"]}}],"collection":[{"href":"https:\/\/loboproduccionesaudiovisuales.ar\/index.php?rest_route=\/wp\/v2\/posts"}],"about":[{"href":"https:\/\/loboproduccionesaudiovisuales.ar\/index.php?rest_route=\/wp\/v2\/types\/post"}],"author":[{"embeddable":true,"href":"https:\/\/loboproduccionesaudiovisuales.ar\/index.php?rest_route=\/wp\/v2\/users\/3"}],"replies":[{"embeddable":true,"href":"https:\/\/loboproduccionesaudiovisuales.ar\/index.php?rest_route=%2Fwp%2Fv2%2Fcomments&post=21173"}],"version-history":[{"count":1,"href":"https:\/\/loboproduccionesaudiovisuales.ar\/index.php?rest_route=\/wp\/v2\/posts\/21173\/revisions"}],"predecessor-version":[{"id":21175,"href":"https:\/\/loboproduccionesaudiovisuales.ar\/index.php?rest_route=\/wp\/v2\/posts\/21173\/revisions\/21175"}],"wp:featuredmedia":[{"embeddable":true,"href":"https:\/\/loboproduccionesaudiovisuales.ar\/index.php?rest_route=\/wp\/v2\/media\/21174"}],"wp:attachment":[{"href":"https:\/\/loboproduccionesaudiovisuales.ar\/index.php?rest_route=%2Fwp%2Fv2%2Fmedia&parent=21173"}],"wp:term":[{"taxonomy":"category","embeddable":true,"href":"https:\/\/loboproduccionesaudiovisuales.ar\/index.php?rest_route=%2Fwp%2Fv2%2Fcategories&post=21173"},{"taxonomy":"post_tag","embeddable":true,"href":"https:\/\/loboproduccionesaudiovisuales.ar\/index.php?rest_route=%2Fwp%2Fv2%2Ftags&post=21173"}],"curies":[{"name":"wp","href":"https:\/\/api.w.org\/{rel}","templated":true}]}}