{"id":21150,"date":"2025-11-25T10:53:41","date_gmt":"2025-11-25T13:53:41","guid":{"rendered":"https:\/\/loboproduccionesaudiovisuales.ar\/?p=21150"},"modified":"2025-11-25T10:54:38","modified_gmt":"2025-11-25T13:54:38","slug":"ganaderos-se-capacitan-para-ingresar-al-mercado-internacional-de-carnes","status":"publish","type":"post","link":"https:\/\/loboproduccionesaudiovisuales.ar\/?p=21150","title":{"rendered":"Ganaderos se capacitan para ingresar al mercado internacional de carnes"},"content":{"rendered":"<p><strong>Bajo el t\u00edtulo &#8220;El futuro de la ganader\u00eda con visi\u00f3n exportadora&#8221;, el director de Producci\u00f3n Animal de la provincia, Mart\u00edn Sieber, brind\u00f3 una conferencia a productores de Paran\u00e1 Campa\u00f1a. Convocados desde la Sociedad Rural de Mar\u00eda Grande, los participantes se interesaron en sumar informaci\u00f3n para ingresar al mercado internacional de carnes.<\/strong><\/p>\n<p>&nbsp;<\/p>\n<p>El funcionario de la Secretar\u00eda de Agricultura, Ganader\u00eda y Pesca especific\u00f3 que \u00abhablamos sobre las oportunidades que se abren para el ganadero de invernada que produce en un establecimiento inscripto como exportador. Lo hicimos con la participaci\u00f3n de expertos del Servicio Nacional de Sanidad y Calidad Agroalimentaria (Senasa), el Instituto Nacional de Tecnolog\u00eda Agropecuaria (INTA) y el Instituto de Promoci\u00f3n de la Carne Vacuna.<\/p>\n<p>Sieber describi\u00f3 que \u00abtenemos un producto muy apreciado en el mundo y la idea es que todos los que se lo propongan puedan acceder a ese beneficio. Desde el Ministerio de Desarrollo Econ\u00f3mico; nuestra tarea pasa por asesorar, acompa\u00f1ar, y mostrar que no es tan dif\u00edcil cumplir con los requerimientos para ingresar al mercado internacional de carnes\u00bb.<\/p>\n","protected":false},"excerpt":{"rendered":"<p>Bajo el t\u00edtulo &#8220;El futuro de la ganader\u00eda con visi\u00f3n exportadora&#8221;, el director de Producci\u00f3n Animal de la provincia, Mart\u00edn&hellip;<\/p>\n","protected":false},"author":3,"featured_media":21151,"comment_status":"open","ping_status":"open","sticky":false,"template":"","format":"standard","meta":{"footnotes":""},"categories":[5,2,1,128,116,119,113],"tags":[117],"class_list":["post-21150","post","type-post","status-publish","format-standard","has-post-thumbnail","hentry","category-actualidad","category-agro","category-blog","category-entre-rios","category-ganaderia","category-institucionales","category-region","tag-ganaderia"],"aioseo_notices":[],"aioseo_head":"\n\t\t<!-- All in One SEO 5.0.1.1 - aioseo.com -->\n\t<meta name=\"description\" content=\"Bajo el t\u00edtulo &quot;El futuro de la ganader\u00eda con visi\u00f3n exportadora&quot;, el director de Producci\u00f3n Animal de la provincia, Mart\u00edn Sieber, brind\u00f3 una conferencia a productores de Paran\u00e1 Campa\u00f1a. Convocados desde la Sociedad Rural de Mar\u00eda Grande, los participantes se interesaron en sumar informaci\u00f3n para ingresar al mercado internacional de carnes. El funcionario de\" \/>\n\t<meta name=\"robots\" content=\"max-image-preview:large\" \/>\n\t<meta name=\"author\" content=\"Gustavo Werner\"\/>\n\t<link rel=\"canonical\" href=\"https:\/\/loboproduccionesaudiovisuales.ar\/?p=21150\" \/>\n\t<meta name=\"generator\" content=\"All in One SEO (AIOSEO) 5.0.1.1\" \/>\n\t\t<meta property=\"og:locale\" content=\"es_ES\" \/>\n\t\t<meta property=\"og:site_name\" content=\"LOBO PRODUCCIONES AUDIOVISUALES - Sitio digital de noticias agroindustriales\" \/>\n\t\t<meta property=\"og:type\" content=\"article\" \/>\n\t\t<meta property=\"og:title\" content=\"Ganaderos se capacitan para ingresar al mercado internacional de carnes - LOBO PRODUCCIONES AUDIOVISUALES\" \/>\n\t\t<meta property=\"og:description\" content=\"Bajo el t\u00edtulo &quot;El futuro de la ganader\u00eda con visi\u00f3n exportadora&quot;, el director de Producci\u00f3n Animal de la provincia, Mart\u00edn Sieber, brind\u00f3 una conferencia a productores de Paran\u00e1 Campa\u00f1a. Convocados desde la Sociedad Rural de Mar\u00eda Grande, los participantes se interesaron en sumar informaci\u00f3n para ingresar al mercado internacional de carnes. El funcionario de\" \/>\n\t\t<meta property=\"og:url\" content=\"https:\/\/loboproduccionesaudiovisuales.ar\/?p=21150\" \/>\n\t\t<meta property=\"og:image\" content=\"https:\/\/loboproduccionesaudiovisuales.ar\/wp-content\/uploads\/2023\/07\/LPA-web.jpg\" \/>\n\t\t<meta property=\"og:image:secure_url\" content=\"https:\/\/loboproduccionesaudiovisuales.ar\/wp-content\/uploads\/2023\/07\/LPA-web.jpg\" \/>\n\t\t<meta property=\"article:published_time\" content=\"2025-11-25T13:53:41+00:00\" \/>\n\t\t<meta property=\"article:modified_time\" content=\"2025-11-25T13:54:38+00:00\" \/>\n\t\t<meta name=\"twitter:card\" content=\"summary_large_image\" \/>\n\t\t<meta name=\"twitter:title\" content=\"Ganaderos se capacitan para ingresar al mercado internacional de carnes - LOBO PRODUCCIONES AUDIOVISUALES\" \/>\n\t\t<meta name=\"twitter:description\" content=\"Bajo el t\u00edtulo &quot;El futuro de la ganader\u00eda con visi\u00f3n exportadora&quot;, el director de Producci\u00f3n Animal de la provincia, Mart\u00edn Sieber, brind\u00f3 una conferencia a productores de Paran\u00e1 Campa\u00f1a. Convocados desde la Sociedad Rural de Mar\u00eda Grande, los participantes se interesaron en sumar informaci\u00f3n para ingresar al mercado internacional de carnes. El funcionario de\" \/>\n\t\t<meta name=\"twitter:image\" content=\"https:\/\/loboproduccionesaudiovisuales.ar\/wp-content\/uploads\/2023\/07\/LPA-web.jpg\" \/>\n\t\t<script type=\"application\/ld+json\" class=\"aioseo-schema\">\n\t\t\t{\"@context\":\"https:\\\/\\\/schema.org\",\"@graph\":[{\"@type\":\"BlogPosting\",\"@id\":\"https:\\\/\\\/loboproduccionesaudiovisuales.ar\\\/?p=21150#blogposting\",\"name\":\"Ganaderos se capacitan para ingresar al mercado internacional de carnes - LOBO PRODUCCIONES AUDIOVISUALES\",\"headline\":\"Ganaderos se capacitan para ingresar al mercado internacional de carnes\",\"author\":{\"@id\":\"https:\\\/\\\/loboproduccionesaudiovisuales.ar\\\/?author=3#author\"},\"publisher\":{\"@id\":\"https:\\\/\\\/loboproduccionesaudiovisuales.ar\\\/#organization\"},\"image\":{\"@type\":\"ImageObject\",\"url\":\"https:\\\/\\\/loboproduccionesaudiovisuales.ar\\\/wp-content\\\/uploads\\\/2025\\\/11\\\/Foto-I-Maria-Grande-1024x683-1.jpg\",\"width\":1024,\"height\":683},\"datePublished\":\"2025-11-25T10:53:41-03:00\",\"dateModified\":\"2025-11-25T10:54:38-03:00\",\"inLanguage\":\"es-AR\",\"mainEntityOfPage\":{\"@id\":\"https:\\\/\\\/loboproduccionesaudiovisuales.ar\\\/?p=21150#webpage\"},\"isPartOf\":{\"@id\":\"https:\\\/\\\/loboproduccionesaudiovisuales.ar\\\/?p=21150#webpage\"},\"articleSection\":\"ACTUALIDAD, AGRO, Blog, ENTRE RIOS, GANADERIA, INSTITUCIONALES, REGIONALES, Ganader\\u00eda\"},{\"@type\":\"BreadcrumbList\",\"@id\":\"https:\\\/\\\/loboproduccionesaudiovisuales.ar\\\/?p=21150#breadcrumblist\",\"itemListElement\":[{\"@type\":\"ListItem\",\"@id\":\"https:\\\/\\\/loboproduccionesaudiovisuales.ar#listItem\",\"position\":1,\"name\":\"Home\",\"item\":\"https:\\\/\\\/loboproduccionesaudiovisuales.ar\",\"nextItem\":{\"@type\":\"ListItem\",\"@id\":\"https:\\\/\\\/loboproduccionesaudiovisuales.ar\\\/?cat=1#listItem\",\"name\":\"Blog\"}},{\"@type\":\"ListItem\",\"@id\":\"https:\\\/\\\/loboproduccionesaudiovisuales.ar\\\/?cat=1#listItem\",\"position\":2,\"name\":\"Blog\",\"item\":\"https:\\\/\\\/loboproduccionesaudiovisuales.ar\\\/?cat=1\",\"nextItem\":{\"@type\":\"ListItem\",\"@id\":\"https:\\\/\\\/loboproduccionesaudiovisuales.ar\\\/?p=21150#listItem\",\"name\":\"Ganaderos se capacitan para ingresar al mercado internacional de carnes\"},\"previousItem\":{\"@type\":\"ListItem\",\"@id\":\"https:\\\/\\\/loboproduccionesaudiovisuales.ar#listItem\",\"name\":\"Home\"}},{\"@type\":\"ListItem\",\"@id\":\"https:\\\/\\\/loboproduccionesaudiovisuales.ar\\\/?p=21150#listItem\",\"position\":3,\"name\":\"Ganaderos se capacitan para ingresar al mercado internacional de carnes\",\"previousItem\":{\"@type\":\"ListItem\",\"@id\":\"https:\\\/\\\/loboproduccionesaudiovisuales.ar\\\/?cat=1#listItem\",\"name\":\"Blog\"}}]},{\"@type\":\"Organization\",\"@id\":\"https:\\\/\\\/loboproduccionesaudiovisuales.ar\\\/#organization\",\"name\":\"loboproduccionesaudiovisuales.ar\",\"description\":\"Sitio digital de noticias agroindustriales\",\"url\":\"https:\\\/\\\/loboproduccionesaudiovisuales.ar\\\/\",\"logo\":{\"@type\":\"ImageObject\",\"url\":\"https:\\\/\\\/loboproduccionesaudiovisuales.ar\\\/wp-content\\\/uploads\\\/2023\\\/07\\\/LPA-web.jpg\",\"@id\":\"https:\\\/\\\/loboproduccionesaudiovisuales.ar\\\/?p=21150\\\/#organizationLogo\",\"width\":500,\"height\":144},\"image\":{\"@id\":\"https:\\\/\\\/loboproduccionesaudiovisuales.ar\\\/?p=21150\\\/#organizationLogo\"}},{\"@type\":\"Person\",\"@id\":\"https:\\\/\\\/loboproduccionesaudiovisuales.ar\\\/?author=3#author\",\"url\":\"https:\\\/\\\/loboproduccionesaudiovisuales.ar\\\/?author=3\",\"name\":\"Gustavo Werner\",\"image\":{\"@type\":\"ImageObject\",\"@id\":\"https:\\\/\\\/loboproduccionesaudiovisuales.ar\\\/?p=21150#authorImage\",\"url\":\"https:\\\/\\\/loboproduccionesaudiovisuales.ar\\\/wp-content\\\/litespeed\\\/avatar\\\/de09dfb254ecca8d89a27b1f284fdb4d.jpg?ver=1788575391\",\"width\":96,\"height\":96,\"caption\":\"Gustavo Werner\"}},{\"@type\":\"WebPage\",\"@id\":\"https:\\\/\\\/loboproduccionesaudiovisuales.ar\\\/?p=21150#webpage\",\"url\":\"https:\\\/\\\/loboproduccionesaudiovisuales.ar\\\/?p=21150\",\"name\":\"Ganaderos se capacitan para ingresar al mercado internacional de carnes - LOBO PRODUCCIONES AUDIOVISUALES\",\"description\":\"Bajo el t\\u00edtulo \\\"El futuro de la ganader\\u00eda con visi\\u00f3n exportadora\\\", el director de Producci\\u00f3n Animal de la provincia, Mart\\u00edn Sieber, brind\\u00f3 una conferencia a productores de Paran\\u00e1 Campa\\u00f1a. Convocados desde la Sociedad Rural de Mar\\u00eda Grande, los participantes se interesaron en sumar informaci\\u00f3n para ingresar al mercado internacional de carnes. El funcionario de\",\"inLanguage\":\"es-AR\",\"isPartOf\":{\"@id\":\"https:\\\/\\\/loboproduccionesaudiovisuales.ar\\\/#website\"},\"breadcrumb\":{\"@id\":\"https:\\\/\\\/loboproduccionesaudiovisuales.ar\\\/?p=21150#breadcrumblist\"},\"author\":{\"@id\":\"https:\\\/\\\/loboproduccionesaudiovisuales.ar\\\/?author=3#author\"},\"creator\":{\"@id\":\"https:\\\/\\\/loboproduccionesaudiovisuales.ar\\\/?author=3#author\"},\"image\":{\"@type\":\"ImageObject\",\"url\":\"https:\\\/\\\/loboproduccionesaudiovisuales.ar\\\/wp-content\\\/uploads\\\/2025\\\/11\\\/Foto-I-Maria-Grande-1024x683-1.jpg\",\"@id\":\"https:\\\/\\\/loboproduccionesaudiovisuales.ar\\\/?p=21150\\\/#mainImage\",\"width\":1024,\"height\":683},\"primaryImageOfPage\":{\"@id\":\"https:\\\/\\\/loboproduccionesaudiovisuales.ar\\\/?p=21150#mainImage\"},\"datePublished\":\"2025-11-25T10:53:41-03:00\",\"dateModified\":\"2025-11-25T10:54:38-03:00\"},{\"@type\":\"WebSite\",\"@id\":\"https:\\\/\\\/loboproduccionesaudiovisuales.ar\\\/#website\",\"url\":\"https:\\\/\\\/loboproduccionesaudiovisuales.ar\\\/\",\"name\":\"loboproduccionesaudiovisuales.ar\",\"alternateName\":\"Lobo Producciones\",\"description\":\"Sitio digital de noticias agroindustriales\",\"inLanguage\":\"es-AR\",\"publisher\":{\"@id\":\"https:\\\/\\\/loboproduccionesaudiovisuales.ar\\\/#organization\"}}]}\n\t\t<\/script>\n\t\t<!-- All in One SEO -->\n\n","aioseo_head_json":{"title":"Ganaderos se capacitan para ingresar al mercado internacional de carnes - LOBO PRODUCCIONES AUDIOVISUALES","description":"Bajo el t\u00edtulo \"El futuro de la ganader\u00eda con visi\u00f3n exportadora\", el director de Producci\u00f3n Animal de la provincia, Mart\u00edn Sieber, brind\u00f3 una conferencia a productores de Paran\u00e1 Campa\u00f1a. Convocados desde la Sociedad Rural de Mar\u00eda Grande, los participantes se interesaron en sumar informaci\u00f3n para ingresar al mercado internacional de carnes. El funcionario de","canonical_url":"https:\/\/loboproduccionesaudiovisuales.ar\/?p=21150","robots":"max-image-preview:large","keywords":"","webmasterTools":{"miscellaneous":""},"schema":{"@context":"https:\/\/schema.org","@graph":[{"@type":"BlogPosting","@id":"https:\/\/loboproduccionesaudiovisuales.ar\/?p=21150#blogposting","name":"Ganaderos se capacitan para ingresar al mercado internacional de carnes - LOBO PRODUCCIONES AUDIOVISUALES","headline":"Ganaderos se capacitan para ingresar al mercado internacional de carnes","author":{"@id":"https:\/\/loboproduccionesaudiovisuales.ar\/?author=3#author"},"publisher":{"@id":"https:\/\/loboproduccionesaudiovisuales.ar\/#organization"},"image":{"@type":"ImageObject","url":"https:\/\/loboproduccionesaudiovisuales.ar\/wp-content\/uploads\/2025\/11\/Foto-I-Maria-Grande-1024x683-1.jpg","width":1024,"height":683},"datePublished":"2025-11-25T10:53:41-03:00","dateModified":"2025-11-25T10:54:38-03:00","inLanguage":"es-AR","mainEntityOfPage":{"@id":"https:\/\/loboproduccionesaudiovisuales.ar\/?p=21150#webpage"},"isPartOf":{"@id":"https:\/\/loboproduccionesaudiovisuales.ar\/?p=21150#webpage"},"articleSection":"ACTUALIDAD, AGRO, Blog, ENTRE RIOS, GANADERIA, INSTITUCIONALES, REGIONALES, Ganader\u00eda"},{"@type":"BreadcrumbList","@id":"https:\/\/loboproduccionesaudiovisuales.ar\/?p=21150#breadcrumblist","itemListElement":[{"@type":"ListItem","@id":"https:\/\/loboproduccionesaudiovisuales.ar#listItem","position":1,"name":"Home","item":"https:\/\/loboproduccionesaudiovisuales.ar","nextItem":{"@type":"ListItem","@id":"https:\/\/loboproduccionesaudiovisuales.ar\/?cat=1#listItem","name":"Blog"}},{"@type":"ListItem","@id":"https:\/\/loboproduccionesaudiovisuales.ar\/?cat=1#listItem","position":2,"name":"Blog","item":"https:\/\/loboproduccionesaudiovisuales.ar\/?cat=1","nextItem":{"@type":"ListItem","@id":"https:\/\/loboproduccionesaudiovisuales.ar\/?p=21150#listItem","name":"Ganaderos se capacitan para ingresar al mercado internacional de carnes"},"previousItem":{"@type":"ListItem","@id":"https:\/\/loboproduccionesaudiovisuales.ar#listItem","name":"Home"}},{"@type":"ListItem","@id":"https:\/\/loboproduccionesaudiovisuales.ar\/?p=21150#listItem","position":3,"name":"Ganaderos se capacitan para ingresar al mercado internacional de carnes","previousItem":{"@type":"ListItem","@id":"https:\/\/loboproduccionesaudiovisuales.ar\/?cat=1#listItem","name":"Blog"}}]},{"@type":"Organization","@id":"https:\/\/loboproduccionesaudiovisuales.ar\/#organization","name":"loboproduccionesaudiovisuales.ar","description":"Sitio digital de noticias agroindustriales","url":"https:\/\/loboproduccionesaudiovisuales.ar\/","logo":{"@type":"ImageObject","url":"https:\/\/loboproduccionesaudiovisuales.ar\/wp-content\/uploads\/2023\/07\/LPA-web.jpg","@id":"https:\/\/loboproduccionesaudiovisuales.ar\/?p=21150\/#organizationLogo","width":500,"height":144},"image":{"@id":"https:\/\/loboproduccionesaudiovisuales.ar\/?p=21150\/#organizationLogo"}},{"@type":"Person","@id":"https:\/\/loboproduccionesaudiovisuales.ar\/?author=3#author","url":"https:\/\/loboproduccionesaudiovisuales.ar\/?author=3","name":"Gustavo Werner","image":{"@type":"ImageObject","@id":"https:\/\/loboproduccionesaudiovisuales.ar\/?p=21150#authorImage","url":"https:\/\/loboproduccionesaudiovisuales.ar\/wp-content\/litespeed\/avatar\/de09dfb254ecca8d89a27b1f284fdb4d.jpg?ver=1788575391","width":96,"height":96,"caption":"Gustavo Werner"}},{"@type":"WebPage","@id":"https:\/\/loboproduccionesaudiovisuales.ar\/?p=21150#webpage","url":"https:\/\/loboproduccionesaudiovisuales.ar\/?p=21150","name":"Ganaderos se capacitan para ingresar al mercado internacional de carnes - LOBO PRODUCCIONES AUDIOVISUALES","description":"Bajo el t\u00edtulo \"El futuro de la ganader\u00eda con visi\u00f3n exportadora\", el director de Producci\u00f3n Animal de la provincia, Mart\u00edn Sieber, brind\u00f3 una conferencia a productores de Paran\u00e1 Campa\u00f1a. Convocados desde la Sociedad Rural de Mar\u00eda Grande, los participantes se interesaron en sumar informaci\u00f3n para ingresar al mercado internacional de carnes. El funcionario de","inLanguage":"es-AR","isPartOf":{"@id":"https:\/\/loboproduccionesaudiovisuales.ar\/#website"},"breadcrumb":{"@id":"https:\/\/loboproduccionesaudiovisuales.ar\/?p=21150#breadcrumblist"},"author":{"@id":"https:\/\/loboproduccionesaudiovisuales.ar\/?author=3#author"},"creator":{"@id":"https:\/\/loboproduccionesaudiovisuales.ar\/?author=3#author"},"image":{"@type":"ImageObject","url":"https:\/\/loboproduccionesaudiovisuales.ar\/wp-content\/uploads\/2025\/11\/Foto-I-Maria-Grande-1024x683-1.jpg","@id":"https:\/\/loboproduccionesaudiovisuales.ar\/?p=21150\/#mainImage","width":1024,"height":683},"primaryImageOfPage":{"@id":"https:\/\/loboproduccionesaudiovisuales.ar\/?p=21150#mainImage"},"datePublished":"2025-11-25T10:53:41-03:00","dateModified":"2025-11-25T10:54:38-03:00"},{"@type":"WebSite","@id":"https:\/\/loboproduccionesaudiovisuales.ar\/#website","url":"https:\/\/loboproduccionesaudiovisuales.ar\/","name":"loboproduccionesaudiovisuales.ar","alternateName":"Lobo Producciones","description":"Sitio digital de noticias agroindustriales","inLanguage":"es-AR","publisher":{"@id":"https:\/\/loboproduccionesaudiovisuales.ar\/#organization"}}]},"og:locale":"es_ES","og:site_name":"LOBO PRODUCCIONES AUDIOVISUALES - Sitio digital de noticias agroindustriales","og:type":"article","og:title":"Ganaderos se capacitan para ingresar al mercado internacional de carnes - LOBO PRODUCCIONES AUDIOVISUALES","og:description":"Bajo el t\u00edtulo &quot;El futuro de la ganader\u00eda con visi\u00f3n exportadora&quot;, el director de Producci\u00f3n Animal de la provincia, Mart\u00edn Sieber, brind\u00f3 una conferencia a productores de Paran\u00e1 Campa\u00f1a. Convocados desde la Sociedad Rural de Mar\u00eda Grande, los participantes se interesaron en sumar informaci\u00f3n para ingresar al mercado internacional de carnes. El funcionario de","og:url":"https:\/\/loboproduccionesaudiovisuales.ar\/?p=21150","og:image":"https:\/\/loboproduccionesaudiovisuales.ar\/wp-content\/uploads\/2023\/07\/LPA-web.jpg","og:image:secure_url":"https:\/\/loboproduccionesaudiovisuales.ar\/wp-content\/uploads\/2023\/07\/LPA-web.jpg","article:published_time":"2025-11-25T13:53:41+00:00","article:modified_time":"2025-11-25T13:54:38+00:00","twitter:card":"summary_large_image","twitter:title":"Ganaderos se capacitan para ingresar al mercado internacional de carnes - LOBO PRODUCCIONES AUDIOVISUALES","twitter:description":"Bajo el t\u00edtulo &quot;El futuro de la ganader\u00eda con visi\u00f3n exportadora&quot;, el director de Producci\u00f3n Animal de la provincia, Mart\u00edn Sieber, brind\u00f3 una conferencia a productores de Paran\u00e1 Campa\u00f1a. Convocados desde la Sociedad Rural de Mar\u00eda Grande, los participantes se interesaron en sumar informaci\u00f3n para ingresar al mercado internacional de carnes. El funcionario de","twitter:image":"https:\/\/loboproduccionesaudiovisuales.ar\/wp-content\/uploads\/2023\/07\/LPA-web.jpg"},"aioseo_meta_data":{"post_id":"21150","title":null,"description":null,"keywords":null,"keyphrases":{"focus":{"keyphrase":"","score":0,"analysis":{"keyphraseInTitle":{"score":0,"maxScore":9,"error":1}}},"additional":[]},"primary_term":null,"canonical_url":null,"og_title":null,"og_description":null,"og_object_type":"default","og_image_type":"default","og_image_url":null,"og_image_width":null,"og_image_height":null,"og_image_custom_url":null,"og_image_custom_fields":null,"og_video":"","og_custom_url":null,"og_article_section":null,"og_article_tags":null,"twitter_use_og":false,"twitter_card":"default","twitter_image_type":"default","twitter_image_url":null,"twitter_image_custom_url":null,"twitter_image_custom_fields":null,"twitter_title":null,"twitter_description":null,"schema":{"blockGraphs":[],"customGraphs":[],"default":{"data":{"Article":[],"Course":[],"Dataset":[],"FAQPage":[],"Movie":[],"Person":[],"Product":[],"ProductReview":[],"Car":[],"Recipe":[],"Service":[],"SoftwareApplication":[],"WebPage":[]},"graphName":"BlogPosting","isEnabled":true},"graphs":[]},"schema_type":"default","schema_type_options":null,"pillar_content":false,"robots_default":true,"robots_noindex":false,"robots_noarchive":false,"robots_nosnippet":false,"robots_nofollow":false,"robots_noimageindex":false,"robots_noodp":false,"robots_notranslate":false,"robots_max_snippet":"-1","robots_max_videopreview":"-1","robots_max_imagepreview":"large","priority":null,"frequency":"default","local_seo":null,"breadcrumb_settings":null,"limit_modified_date":false,"ai":{"faqs":[],"keyPoints":[],"titles":[],"descriptions":[],"socialPosts":{"email":[],"linkedin":[],"twitter":[],"facebook":[],"instagram":[]}},"created":"2025-11-25 13:53:41","updated":"2025-11-25 14:14:15","seo_analyzer_scan_date":null,"focus_keyword":null,"additional_keywords":null,"truseo_locale":null},"aioseo_breadcrumb":"<div class=\"aioseo-breadcrumbs\"><span class=\"aioseo-breadcrumb\">\n\t\t\t<a href=\"https:\/\/loboproduccionesaudiovisuales.ar\" title=\"Home\">Home<\/a>\n\t\t<\/span><span class=\"aioseo-breadcrumb-separator\">&raquo;<\/span><span class=\"aioseo-breadcrumb\">\n\t\t\t<a href=\"https:\/\/loboproduccionesaudiovisuales.ar\/?cat=1\" title=\"Blog\">Blog<\/a>\n\t\t<\/span><span class=\"aioseo-breadcrumb-separator\">&raquo;<\/span><span class=\"aioseo-breadcrumb\">\n\t\t\tGanaderos se capacitan para ingresar al mercado internacional de carnes\n\t\t<\/span><\/div>","aioseo_breadcrumb_json":[{"label":"Home","link":"https:\/\/loboproduccionesaudiovisuales.ar"},{"label":"Blog","link":"https:\/\/loboproduccionesaudiovisuales.ar\/?cat=1"},{"label":"Ganaderos se capacitan para ingresar al mercado internacional de carnes","link":"https:\/\/loboproduccionesaudiovisuales.ar\/?p=21150"}],"_links":{"self":[{"href":"https:\/\/loboproduccionesaudiovisuales.ar\/index.php?rest_route=\/wp\/v2\/posts\/21150","targetHints":{"allow":["GET"]}}],"collection":[{"href":"https:\/\/loboproduccionesaudiovisuales.ar\/index.php?rest_route=\/wp\/v2\/posts"}],"about":[{"href":"https:\/\/loboproduccionesaudiovisuales.ar\/index.php?rest_route=\/wp\/v2\/types\/post"}],"author":[{"embeddable":true,"href":"https:\/\/loboproduccionesaudiovisuales.ar\/index.php?rest_route=\/wp\/v2\/users\/3"}],"replies":[{"embeddable":true,"href":"https:\/\/loboproduccionesaudiovisuales.ar\/index.php?rest_route=%2Fwp%2Fv2%2Fcomments&post=21150"}],"version-history":[{"count":1,"href":"https:\/\/loboproduccionesaudiovisuales.ar\/index.php?rest_route=\/wp\/v2\/posts\/21150\/revisions"}],"predecessor-version":[{"id":21152,"href":"https:\/\/loboproduccionesaudiovisuales.ar\/index.php?rest_route=\/wp\/v2\/posts\/21150\/revisions\/21152"}],"wp:featuredmedia":[{"embeddable":true,"href":"https:\/\/loboproduccionesaudiovisuales.ar\/index.php?rest_route=\/wp\/v2\/media\/21151"}],"wp:attachment":[{"href":"https:\/\/loboproduccionesaudiovisuales.ar\/index.php?rest_route=%2Fwp%2Fv2%2Fmedia&parent=21150"}],"wp:term":[{"taxonomy":"category","embeddable":true,"href":"https:\/\/loboproduccionesaudiovisuales.ar\/index.php?rest_route=%2Fwp%2Fv2%2Fcategories&post=21150"},{"taxonomy":"post_tag","embeddable":true,"href":"https:\/\/loboproduccionesaudiovisuales.ar\/index.php?rest_route=%2Fwp%2Fv2%2Ftags&post=21150"}],"curies":[{"name":"wp","href":"https:\/\/api.w.org\/{rel}","templated":true}]}}