{"id":21074,"date":"2025-11-12T09:44:54","date_gmt":"2025-11-12T12:44:54","guid":{"rendered":"https:\/\/loboproduccionesaudiovisuales.ar\/?p=21074"},"modified":"2025-11-12T09:44:54","modified_gmt":"2025-11-12T12:44:54","slug":"ahora-aceleraron-con-la-desregulacion-para-importar-mas-alimentos","status":"publish","type":"post","link":"https:\/\/loboproduccionesaudiovisuales.ar\/?p=21074","title":{"rendered":"Ahora aceleraron con la desregulaci\u00f3n para importar mas alimentos"},"content":{"rendered":"<p><strong>El Poder Ejecutivo public\u00f3 este martes un decreto a trav\u00e9s del cual introdujo una nueva desregulaci\u00f3n en la industria de los alimentos, que apunta principalmente a los que son importados.<\/strong><\/p>\n<p>&nbsp;<\/p>\n<p>Se trata del decreto N\u00b0 790\/2025 que introduce cambios en una decena de art\u00edculos que formaban parte del decreto N\u00b0 1812 del 29 de septiembre de 1992 y que establec\u00edan diversas pautas de control que deb\u00edan llevar adelante el Servicio Nacional de Sanidad y Calidad Agroalimentaria (Senasa) y otros organismos, para permitir el ingreso de alimentos desde el exterior.<\/p>\n<p>Seg\u00fan resalt\u00f3 el ministro de Desregulaci\u00f3n y Transformaci\u00f3n del Estado, Federico Sturzenegger, esta decisi\u00f3n se inscribe dentro de la estrategia de \u201ctransformar de ra\u00edz la industria de alimentos argentina\u201d, con el fin \u00faltimo de \u201cllevarle alimentos de mejor calidad y m\u00e1s baratos a los argentinos\u201d.<\/p>\n<p>Seg\u00fan repas\u00f3 Sturzenegger, el primer paso que se dio en el plan para agilizar el ingreso de alimentos e incrementar la oferta fue la firma del Decreto 35\/2025, que liber\u00f3 el comercio para productos procesados, permitiendo que alimentos con certificaciones de venta en pa\u00edses de alta vigilancia sanitaria puedan ingresar al pa\u00eds sin trabas.<\/p>\n<p>Es decir, que, para exportar, \u201cel Estado dej\u00f3 de pedir nada y solo pas\u00f3 a emitir solo los certificados que exige el pa\u00eds destino\u201d, resumi\u00f3.<\/p>\n<p>Luego vino el decreto 538\/2025 que elimin\u00f3 la Comisi\u00f3n Nacional de Alimentos (CONAL), \u201cun organismo que demoraba a\u00f1os la incorporaci\u00f3n de productos al C\u00f3digo Alimentario Argentino, devolviendo esa funci\u00f3n a las autoridades naturales: la Administraci\u00f3n Nacional de Medicamentos, Alimentos y Tecnolog\u00eda M\u00e9dica (ANMAT) y el Senasa\u201d, continu\u00f3 el ministro.<\/p>\n<p>As\u00ed, la firma ahora del decreto 790\/2025 actualiza la norma mencionada de 1992 que regulaba los controles sanitarios de importaci\u00f3n desde hace m\u00e1s de tres d\u00e9cadas, lo que permite ya cerrar el c\u00edrculo cubriendo todo el espectro de alimentos y compatibiliz\u00e1ndolo con el 35\/2025.<\/p>\n<p>\u201cEl nuevo esquema simplifica los procesos para los controles, fijando plazos concretos y breves, y concentra los controles posteriores al ingreso a plaza \u00fanicamente en lo que importa: inocuidad y salubridad (elimina todos los controles de calidad que son atributos que debe evaluar el mercado)\u201d, remarc\u00f3 Sturzenegger.<\/p>\n<p>Y record\u00f3 que, a\u00fan en estos temas, los alimentos con certificaciones emitidas por pa\u00edses del Anexo III del Decreto 2126\/71 (alta vigilancia) quedar\u00e1n exceptuados de controles duplicados, y los esfuerzos del Estado se enfocar\u00e1n en un criterio basado en riesgo, priorizando inspecciones donde realmente se justifican.<\/p>\n<p>\u201cDe este modo, logramos un sistema m\u00e1s \u00e1gil, previsible y eficiente, que reduce costos y elimina superposiciones entre organismos. Menos burocracia son m\u00e1s alimentos y m\u00e1s baratos y m\u00e1s exportaciones\u201d, finaliz\u00f3.<\/p>\n","protected":false},"excerpt":{"rendered":"<p>El Poder Ejecutivo public\u00f3 este martes un decreto a trav\u00e9s del cual introdujo una nueva desregulaci\u00f3n en la industria de&hellip;<\/p>\n","protected":false},"author":3,"featured_media":21075,"comment_status":"open","ping_status":"open","sticky":false,"template":"","format":"standard","meta":{"footnotes":""},"categories":[5,2,1,141,168],"tags":[],"class_list":["post-21074","post","type-post","status-publish","format-standard","has-post-thumbnail","hentry","category-actualidad","category-agro","category-blog","category-economia","category-nacionales"],"aioseo_notices":[],"aioseo_head":"\n\t\t<!-- All in One SEO 5.0.1.1 - aioseo.com -->\n\t<meta name=\"description\" content=\"El Poder Ejecutivo public\u00f3 este martes un decreto a trav\u00e9s del cual introdujo una nueva desregulaci\u00f3n en la industria de los alimentos, que apunta principalmente a los que son importados. Se trata del decreto N\u00b0 790\/2025 que introduce cambios en una decena de art\u00edculos que formaban parte del decreto N\u00b0 1812 del 29 de\" \/>\n\t<meta name=\"robots\" content=\"max-image-preview:large\" \/>\n\t<meta name=\"author\" content=\"Gustavo Werner\"\/>\n\t<link rel=\"canonical\" href=\"https:\/\/loboproduccionesaudiovisuales.ar\/?p=21074\" \/>\n\t<meta name=\"generator\" content=\"All in One SEO (AIOSEO) 5.0.1.1\" \/>\n\t\t<meta property=\"og:locale\" content=\"es_ES\" \/>\n\t\t<meta property=\"og:site_name\" content=\"LOBO PRODUCCIONES AUDIOVISUALES - Sitio digital de noticias agroindustriales\" \/>\n\t\t<meta property=\"og:type\" content=\"article\" \/>\n\t\t<meta property=\"og:title\" content=\"Ahora aceleraron con la desregulaci\u00f3n para importar mas alimentos - LOBO PRODUCCIONES AUDIOVISUALES\" \/>\n\t\t<meta property=\"og:description\" content=\"El Poder Ejecutivo public\u00f3 este martes un decreto a trav\u00e9s del cual introdujo una nueva desregulaci\u00f3n en la industria de los alimentos, que apunta principalmente a los que son importados. Se trata del decreto N\u00b0 790\/2025 que introduce cambios en una decena de art\u00edculos que formaban parte del decreto N\u00b0 1812 del 29 de\" \/>\n\t\t<meta property=\"og:url\" content=\"https:\/\/loboproduccionesaudiovisuales.ar\/?p=21074\" \/>\n\t\t<meta property=\"og:image\" content=\"https:\/\/loboproduccionesaudiovisuales.ar\/wp-content\/uploads\/2023\/07\/LPA-web.jpg\" \/>\n\t\t<meta property=\"og:image:secure_url\" content=\"https:\/\/loboproduccionesaudiovisuales.ar\/wp-content\/uploads\/2023\/07\/LPA-web.jpg\" \/>\n\t\t<meta property=\"article:published_time\" content=\"2025-11-12T12:44:54+00:00\" \/>\n\t\t<meta property=\"article:modified_time\" content=\"2025-11-12T12:44:54+00:00\" \/>\n\t\t<meta name=\"twitter:card\" content=\"summary_large_image\" \/>\n\t\t<meta name=\"twitter:title\" content=\"Ahora aceleraron con la desregulaci\u00f3n para importar mas alimentos - LOBO PRODUCCIONES AUDIOVISUALES\" \/>\n\t\t<meta name=\"twitter:description\" content=\"El Poder Ejecutivo public\u00f3 este martes un decreto a trav\u00e9s del cual introdujo una nueva desregulaci\u00f3n en la industria de los alimentos, que apunta principalmente a los que son importados. Se trata del decreto N\u00b0 790\/2025 que introduce cambios en una decena de art\u00edculos que formaban parte del decreto N\u00b0 1812 del 29 de\" \/>\n\t\t<meta name=\"twitter:image\" content=\"https:\/\/loboproduccionesaudiovisuales.ar\/wp-content\/uploads\/2023\/07\/LPA-web.jpg\" \/>\n\t\t<script type=\"application\/ld+json\" class=\"aioseo-schema\">\n\t\t\t{\"@context\":\"https:\\\/\\\/schema.org\",\"@graph\":[{\"@type\":\"BlogPosting\",\"@id\":\"https:\\\/\\\/loboproduccionesaudiovisuales.ar\\\/?p=21074#blogposting\",\"name\":\"Ahora aceleraron con la desregulaci\\u00f3n para importar mas alimentos - LOBO PRODUCCIONES AUDIOVISUALES\",\"headline\":\"Ahora aceleraron con la desregulaci\\u00f3n para importar mas alimentos\",\"author\":{\"@id\":\"https:\\\/\\\/loboproduccionesaudiovisuales.ar\\\/?author=3#author\"},\"publisher\":{\"@id\":\"https:\\\/\\\/loboproduccionesaudiovisuales.ar\\\/#organization\"},\"image\":{\"@type\":\"ImageObject\",\"url\":\"https:\\\/\\\/loboproduccionesaudiovisuales.ar\\\/wp-content\\\/uploads\\\/2025\\\/11\\\/alimentos-1951613.jpg\",\"width\":987,\"height\":555},\"datePublished\":\"2025-11-12T09:44:54-03:00\",\"dateModified\":\"2025-11-12T09:44:54-03:00\",\"inLanguage\":\"es-AR\",\"mainEntityOfPage\":{\"@id\":\"https:\\\/\\\/loboproduccionesaudiovisuales.ar\\\/?p=21074#webpage\"},\"isPartOf\":{\"@id\":\"https:\\\/\\\/loboproduccionesaudiovisuales.ar\\\/?p=21074#webpage\"},\"articleSection\":\"ACTUALIDAD, AGRO, Blog, ECONOMIA, NACIONALES\"},{\"@type\":\"BreadcrumbList\",\"@id\":\"https:\\\/\\\/loboproduccionesaudiovisuales.ar\\\/?p=21074#breadcrumblist\",\"itemListElement\":[{\"@type\":\"ListItem\",\"@id\":\"https:\\\/\\\/loboproduccionesaudiovisuales.ar#listItem\",\"position\":1,\"name\":\"Home\",\"item\":\"https:\\\/\\\/loboproduccionesaudiovisuales.ar\",\"nextItem\":{\"@type\":\"ListItem\",\"@id\":\"https:\\\/\\\/loboproduccionesaudiovisuales.ar\\\/?cat=1#listItem\",\"name\":\"Blog\"}},{\"@type\":\"ListItem\",\"@id\":\"https:\\\/\\\/loboproduccionesaudiovisuales.ar\\\/?cat=1#listItem\",\"position\":2,\"name\":\"Blog\",\"item\":\"https:\\\/\\\/loboproduccionesaudiovisuales.ar\\\/?cat=1\",\"nextItem\":{\"@type\":\"ListItem\",\"@id\":\"https:\\\/\\\/loboproduccionesaudiovisuales.ar\\\/?p=21074#listItem\",\"name\":\"Ahora aceleraron con la desregulaci\\u00f3n para importar mas alimentos\"},\"previousItem\":{\"@type\":\"ListItem\",\"@id\":\"https:\\\/\\\/loboproduccionesaudiovisuales.ar#listItem\",\"name\":\"Home\"}},{\"@type\":\"ListItem\",\"@id\":\"https:\\\/\\\/loboproduccionesaudiovisuales.ar\\\/?p=21074#listItem\",\"position\":3,\"name\":\"Ahora aceleraron con la desregulaci\\u00f3n para importar mas alimentos\",\"previousItem\":{\"@type\":\"ListItem\",\"@id\":\"https:\\\/\\\/loboproduccionesaudiovisuales.ar\\\/?cat=1#listItem\",\"name\":\"Blog\"}}]},{\"@type\":\"Organization\",\"@id\":\"https:\\\/\\\/loboproduccionesaudiovisuales.ar\\\/#organization\",\"name\":\"loboproduccionesaudiovisuales.ar\",\"description\":\"Sitio digital de noticias agroindustriales\",\"url\":\"https:\\\/\\\/loboproduccionesaudiovisuales.ar\\\/\",\"logo\":{\"@type\":\"ImageObject\",\"url\":\"https:\\\/\\\/loboproduccionesaudiovisuales.ar\\\/wp-content\\\/uploads\\\/2023\\\/07\\\/LPA-web.jpg\",\"@id\":\"https:\\\/\\\/loboproduccionesaudiovisuales.ar\\\/?p=21074\\\/#organizationLogo\",\"width\":500,\"height\":144},\"image\":{\"@id\":\"https:\\\/\\\/loboproduccionesaudiovisuales.ar\\\/?p=21074\\\/#organizationLogo\"}},{\"@type\":\"Person\",\"@id\":\"https:\\\/\\\/loboproduccionesaudiovisuales.ar\\\/?author=3#author\",\"url\":\"https:\\\/\\\/loboproduccionesaudiovisuales.ar\\\/?author=3\",\"name\":\"Gustavo Werner\",\"image\":{\"@type\":\"ImageObject\",\"@id\":\"https:\\\/\\\/loboproduccionesaudiovisuales.ar\\\/?p=21074#authorImage\",\"url\":\"https:\\\/\\\/loboproduccionesaudiovisuales.ar\\\/wp-content\\\/litespeed\\\/avatar\\\/de09dfb254ecca8d89a27b1f284fdb4d.jpg?ver=1788575391\",\"width\":96,\"height\":96,\"caption\":\"Gustavo Werner\"}},{\"@type\":\"WebPage\",\"@id\":\"https:\\\/\\\/loboproduccionesaudiovisuales.ar\\\/?p=21074#webpage\",\"url\":\"https:\\\/\\\/loboproduccionesaudiovisuales.ar\\\/?p=21074\",\"name\":\"Ahora aceleraron con la desregulaci\\u00f3n para importar mas alimentos - LOBO PRODUCCIONES AUDIOVISUALES\",\"description\":\"El Poder Ejecutivo public\\u00f3 este martes un decreto a trav\\u00e9s del cual introdujo una nueva desregulaci\\u00f3n en la industria de los alimentos, que apunta principalmente a los que son importados. Se trata del decreto N\\u00b0 790\\\/2025 que introduce cambios en una decena de art\\u00edculos que formaban parte del decreto N\\u00b0 1812 del 29 de\",\"inLanguage\":\"es-AR\",\"isPartOf\":{\"@id\":\"https:\\\/\\\/loboproduccionesaudiovisuales.ar\\\/#website\"},\"breadcrumb\":{\"@id\":\"https:\\\/\\\/loboproduccionesaudiovisuales.ar\\\/?p=21074#breadcrumblist\"},\"author\":{\"@id\":\"https:\\\/\\\/loboproduccionesaudiovisuales.ar\\\/?author=3#author\"},\"creator\":{\"@id\":\"https:\\\/\\\/loboproduccionesaudiovisuales.ar\\\/?author=3#author\"},\"image\":{\"@type\":\"ImageObject\",\"url\":\"https:\\\/\\\/loboproduccionesaudiovisuales.ar\\\/wp-content\\\/uploads\\\/2025\\\/11\\\/alimentos-1951613.jpg\",\"@id\":\"https:\\\/\\\/loboproduccionesaudiovisuales.ar\\\/?p=21074\\\/#mainImage\",\"width\":987,\"height\":555},\"primaryImageOfPage\":{\"@id\":\"https:\\\/\\\/loboproduccionesaudiovisuales.ar\\\/?p=21074#mainImage\"},\"datePublished\":\"2025-11-12T09:44:54-03:00\",\"dateModified\":\"2025-11-12T09:44:54-03:00\"},{\"@type\":\"WebSite\",\"@id\":\"https:\\\/\\\/loboproduccionesaudiovisuales.ar\\\/#website\",\"url\":\"https:\\\/\\\/loboproduccionesaudiovisuales.ar\\\/\",\"name\":\"loboproduccionesaudiovisuales.ar\",\"alternateName\":\"Lobo Producciones\",\"description\":\"Sitio digital de noticias agroindustriales\",\"inLanguage\":\"es-AR\",\"publisher\":{\"@id\":\"https:\\\/\\\/loboproduccionesaudiovisuales.ar\\\/#organization\"}}]}\n\t\t<\/script>\n\t\t<!-- All in One SEO -->\n\n","aioseo_head_json":{"title":"Ahora aceleraron con la desregulaci\u00f3n para importar mas alimentos - LOBO PRODUCCIONES AUDIOVISUALES","description":"El Poder Ejecutivo public\u00f3 este martes un decreto a trav\u00e9s del cual introdujo una nueva desregulaci\u00f3n en la industria de los alimentos, que apunta principalmente a los que son importados. Se trata del decreto N\u00b0 790\/2025 que introduce cambios en una decena de art\u00edculos que formaban parte del decreto N\u00b0 1812 del 29 de","canonical_url":"https:\/\/loboproduccionesaudiovisuales.ar\/?p=21074","robots":"max-image-preview:large","keywords":"","webmasterTools":{"miscellaneous":""},"schema":{"@context":"https:\/\/schema.org","@graph":[{"@type":"BlogPosting","@id":"https:\/\/loboproduccionesaudiovisuales.ar\/?p=21074#blogposting","name":"Ahora aceleraron con la desregulaci\u00f3n para importar mas alimentos - LOBO PRODUCCIONES AUDIOVISUALES","headline":"Ahora aceleraron con la desregulaci\u00f3n para importar mas alimentos","author":{"@id":"https:\/\/loboproduccionesaudiovisuales.ar\/?author=3#author"},"publisher":{"@id":"https:\/\/loboproduccionesaudiovisuales.ar\/#organization"},"image":{"@type":"ImageObject","url":"https:\/\/loboproduccionesaudiovisuales.ar\/wp-content\/uploads\/2025\/11\/alimentos-1951613.jpg","width":987,"height":555},"datePublished":"2025-11-12T09:44:54-03:00","dateModified":"2025-11-12T09:44:54-03:00","inLanguage":"es-AR","mainEntityOfPage":{"@id":"https:\/\/loboproduccionesaudiovisuales.ar\/?p=21074#webpage"},"isPartOf":{"@id":"https:\/\/loboproduccionesaudiovisuales.ar\/?p=21074#webpage"},"articleSection":"ACTUALIDAD, AGRO, Blog, ECONOMIA, NACIONALES"},{"@type":"BreadcrumbList","@id":"https:\/\/loboproduccionesaudiovisuales.ar\/?p=21074#breadcrumblist","itemListElement":[{"@type":"ListItem","@id":"https:\/\/loboproduccionesaudiovisuales.ar#listItem","position":1,"name":"Home","item":"https:\/\/loboproduccionesaudiovisuales.ar","nextItem":{"@type":"ListItem","@id":"https:\/\/loboproduccionesaudiovisuales.ar\/?cat=1#listItem","name":"Blog"}},{"@type":"ListItem","@id":"https:\/\/loboproduccionesaudiovisuales.ar\/?cat=1#listItem","position":2,"name":"Blog","item":"https:\/\/loboproduccionesaudiovisuales.ar\/?cat=1","nextItem":{"@type":"ListItem","@id":"https:\/\/loboproduccionesaudiovisuales.ar\/?p=21074#listItem","name":"Ahora aceleraron con la desregulaci\u00f3n para importar mas alimentos"},"previousItem":{"@type":"ListItem","@id":"https:\/\/loboproduccionesaudiovisuales.ar#listItem","name":"Home"}},{"@type":"ListItem","@id":"https:\/\/loboproduccionesaudiovisuales.ar\/?p=21074#listItem","position":3,"name":"Ahora aceleraron con la desregulaci\u00f3n para importar mas alimentos","previousItem":{"@type":"ListItem","@id":"https:\/\/loboproduccionesaudiovisuales.ar\/?cat=1#listItem","name":"Blog"}}]},{"@type":"Organization","@id":"https:\/\/loboproduccionesaudiovisuales.ar\/#organization","name":"loboproduccionesaudiovisuales.ar","description":"Sitio digital de noticias agroindustriales","url":"https:\/\/loboproduccionesaudiovisuales.ar\/","logo":{"@type":"ImageObject","url":"https:\/\/loboproduccionesaudiovisuales.ar\/wp-content\/uploads\/2023\/07\/LPA-web.jpg","@id":"https:\/\/loboproduccionesaudiovisuales.ar\/?p=21074\/#organizationLogo","width":500,"height":144},"image":{"@id":"https:\/\/loboproduccionesaudiovisuales.ar\/?p=21074\/#organizationLogo"}},{"@type":"Person","@id":"https:\/\/loboproduccionesaudiovisuales.ar\/?author=3#author","url":"https:\/\/loboproduccionesaudiovisuales.ar\/?author=3","name":"Gustavo Werner","image":{"@type":"ImageObject","@id":"https:\/\/loboproduccionesaudiovisuales.ar\/?p=21074#authorImage","url":"https:\/\/loboproduccionesaudiovisuales.ar\/wp-content\/litespeed\/avatar\/de09dfb254ecca8d89a27b1f284fdb4d.jpg?ver=1788575391","width":96,"height":96,"caption":"Gustavo Werner"}},{"@type":"WebPage","@id":"https:\/\/loboproduccionesaudiovisuales.ar\/?p=21074#webpage","url":"https:\/\/loboproduccionesaudiovisuales.ar\/?p=21074","name":"Ahora aceleraron con la desregulaci\u00f3n para importar mas alimentos - LOBO PRODUCCIONES AUDIOVISUALES","description":"El Poder Ejecutivo public\u00f3 este martes un decreto a trav\u00e9s del cual introdujo una nueva desregulaci\u00f3n en la industria de los alimentos, que apunta principalmente a los que son importados. Se trata del decreto N\u00b0 790\/2025 que introduce cambios en una decena de art\u00edculos que formaban parte del decreto N\u00b0 1812 del 29 de","inLanguage":"es-AR","isPartOf":{"@id":"https:\/\/loboproduccionesaudiovisuales.ar\/#website"},"breadcrumb":{"@id":"https:\/\/loboproduccionesaudiovisuales.ar\/?p=21074#breadcrumblist"},"author":{"@id":"https:\/\/loboproduccionesaudiovisuales.ar\/?author=3#author"},"creator":{"@id":"https:\/\/loboproduccionesaudiovisuales.ar\/?author=3#author"},"image":{"@type":"ImageObject","url":"https:\/\/loboproduccionesaudiovisuales.ar\/wp-content\/uploads\/2025\/11\/alimentos-1951613.jpg","@id":"https:\/\/loboproduccionesaudiovisuales.ar\/?p=21074\/#mainImage","width":987,"height":555},"primaryImageOfPage":{"@id":"https:\/\/loboproduccionesaudiovisuales.ar\/?p=21074#mainImage"},"datePublished":"2025-11-12T09:44:54-03:00","dateModified":"2025-11-12T09:44:54-03:00"},{"@type":"WebSite","@id":"https:\/\/loboproduccionesaudiovisuales.ar\/#website","url":"https:\/\/loboproduccionesaudiovisuales.ar\/","name":"loboproduccionesaudiovisuales.ar","alternateName":"Lobo Producciones","description":"Sitio digital de noticias agroindustriales","inLanguage":"es-AR","publisher":{"@id":"https:\/\/loboproduccionesaudiovisuales.ar\/#organization"}}]},"og:locale":"es_ES","og:site_name":"LOBO PRODUCCIONES AUDIOVISUALES - Sitio digital de noticias agroindustriales","og:type":"article","og:title":"Ahora aceleraron con la desregulaci\u00f3n para importar mas alimentos - LOBO PRODUCCIONES AUDIOVISUALES","og:description":"El Poder Ejecutivo public\u00f3 este martes un decreto a trav\u00e9s del cual introdujo una nueva desregulaci\u00f3n en la industria de los alimentos, que apunta principalmente a los que son importados. Se trata del decreto N\u00b0 790\/2025 que introduce cambios en una decena de art\u00edculos que formaban parte del decreto N\u00b0 1812 del 29 de","og:url":"https:\/\/loboproduccionesaudiovisuales.ar\/?p=21074","og:image":"https:\/\/loboproduccionesaudiovisuales.ar\/wp-content\/uploads\/2023\/07\/LPA-web.jpg","og:image:secure_url":"https:\/\/loboproduccionesaudiovisuales.ar\/wp-content\/uploads\/2023\/07\/LPA-web.jpg","article:published_time":"2025-11-12T12:44:54+00:00","article:modified_time":"2025-11-12T12:44:54+00:00","twitter:card":"summary_large_image","twitter:title":"Ahora aceleraron con la desregulaci\u00f3n para importar mas alimentos - LOBO PRODUCCIONES AUDIOVISUALES","twitter:description":"El Poder Ejecutivo public\u00f3 este martes un decreto a trav\u00e9s del cual introdujo una nueva desregulaci\u00f3n en la industria de los alimentos, que apunta principalmente a los que son importados. Se trata del decreto N\u00b0 790\/2025 que introduce cambios en una decena de art\u00edculos que formaban parte del decreto N\u00b0 1812 del 29 de","twitter:image":"https:\/\/loboproduccionesaudiovisuales.ar\/wp-content\/uploads\/2023\/07\/LPA-web.jpg"},"aioseo_meta_data":{"post_id":"21074","title":null,"description":null,"keywords":null,"keyphrases":{"focus":{"keyphrase":"","score":0,"analysis":{"keyphraseInTitle":{"score":0,"maxScore":9,"error":1}}},"additional":[]},"primary_term":null,"canonical_url":null,"og_title":null,"og_description":null,"og_object_type":"default","og_image_type":"default","og_image_url":null,"og_image_width":null,"og_image_height":null,"og_image_custom_url":null,"og_image_custom_fields":null,"og_video":"","og_custom_url":null,"og_article_section":null,"og_article_tags":null,"twitter_use_og":false,"twitter_card":"default","twitter_image_type":"default","twitter_image_url":null,"twitter_image_custom_url":null,"twitter_image_custom_fields":null,"twitter_title":null,"twitter_description":null,"schema":{"blockGraphs":[],"customGraphs":[],"default":{"data":{"Article":[],"Course":[],"Dataset":[],"FAQPage":[],"Movie":[],"Person":[],"Product":[],"ProductReview":[],"Car":[],"Recipe":[],"Service":[],"SoftwareApplication":[],"WebPage":[]},"graphName":"BlogPosting","isEnabled":true},"graphs":[]},"schema_type":"default","schema_type_options":null,"pillar_content":false,"robots_default":true,"robots_noindex":false,"robots_noarchive":false,"robots_nosnippet":false,"robots_nofollow":false,"robots_noimageindex":false,"robots_noodp":false,"robots_notranslate":false,"robots_max_snippet":"-1","robots_max_videopreview":"-1","robots_max_imagepreview":"large","priority":null,"frequency":"default","local_seo":null,"breadcrumb_settings":null,"limit_modified_date":false,"ai":{"faqs":[],"keyPoints":[],"titles":[],"descriptions":[],"socialPosts":{"email":[],"linkedin":[],"twitter":[],"facebook":[],"instagram":[]}},"created":"2025-11-12 12:44:54","updated":"2025-11-12 12:55:10","seo_analyzer_scan_date":null,"focus_keyword":null,"additional_keywords":null,"truseo_locale":null},"aioseo_breadcrumb":"<div class=\"aioseo-breadcrumbs\"><span class=\"aioseo-breadcrumb\">\n\t\t\t<a href=\"https:\/\/loboproduccionesaudiovisuales.ar\" title=\"Home\">Home<\/a>\n\t\t<\/span><span class=\"aioseo-breadcrumb-separator\">&raquo;<\/span><span class=\"aioseo-breadcrumb\">\n\t\t\t<a href=\"https:\/\/loboproduccionesaudiovisuales.ar\/?cat=1\" title=\"Blog\">Blog<\/a>\n\t\t<\/span><span class=\"aioseo-breadcrumb-separator\">&raquo;<\/span><span class=\"aioseo-breadcrumb\">\n\t\t\tAhora aceleraron con la desregulaci\u00f3n para importar mas alimentos\n\t\t<\/span><\/div>","aioseo_breadcrumb_json":[{"label":"Home","link":"https:\/\/loboproduccionesaudiovisuales.ar"},{"label":"Blog","link":"https:\/\/loboproduccionesaudiovisuales.ar\/?cat=1"},{"label":"Ahora aceleraron con la desregulaci\u00f3n para importar mas alimentos","link":"https:\/\/loboproduccionesaudiovisuales.ar\/?p=21074"}],"_links":{"self":[{"href":"https:\/\/loboproduccionesaudiovisuales.ar\/index.php?rest_route=\/wp\/v2\/posts\/21074","targetHints":{"allow":["GET"]}}],"collection":[{"href":"https:\/\/loboproduccionesaudiovisuales.ar\/index.php?rest_route=\/wp\/v2\/posts"}],"about":[{"href":"https:\/\/loboproduccionesaudiovisuales.ar\/index.php?rest_route=\/wp\/v2\/types\/post"}],"author":[{"embeddable":true,"href":"https:\/\/loboproduccionesaudiovisuales.ar\/index.php?rest_route=\/wp\/v2\/users\/3"}],"replies":[{"embeddable":true,"href":"https:\/\/loboproduccionesaudiovisuales.ar\/index.php?rest_route=%2Fwp%2Fv2%2Fcomments&post=21074"}],"version-history":[{"count":1,"href":"https:\/\/loboproduccionesaudiovisuales.ar\/index.php?rest_route=\/wp\/v2\/posts\/21074\/revisions"}],"predecessor-version":[{"id":21076,"href":"https:\/\/loboproduccionesaudiovisuales.ar\/index.php?rest_route=\/wp\/v2\/posts\/21074\/revisions\/21076"}],"wp:featuredmedia":[{"embeddable":true,"href":"https:\/\/loboproduccionesaudiovisuales.ar\/index.php?rest_route=\/wp\/v2\/media\/21075"}],"wp:attachment":[{"href":"https:\/\/loboproduccionesaudiovisuales.ar\/index.php?rest_route=%2Fwp%2Fv2%2Fmedia&parent=21074"}],"wp:term":[{"taxonomy":"category","embeddable":true,"href":"https:\/\/loboproduccionesaudiovisuales.ar\/index.php?rest_route=%2Fwp%2Fv2%2Fcategories&post=21074"},{"taxonomy":"post_tag","embeddable":true,"href":"https:\/\/loboproduccionesaudiovisuales.ar\/index.php?rest_route=%2Fwp%2Fv2%2Ftags&post=21074"}],"curies":[{"name":"wp","href":"https:\/\/api.w.org\/{rel}","templated":true}]}}