{"id":21007,"date":"2025-11-05T17:21:11","date_gmt":"2025-11-05T20:21:11","guid":{"rendered":"https:\/\/loboproduccionesaudiovisuales.ar\/?p=21007"},"modified":"2025-11-05T18:24:44","modified_gmt":"2025-11-05T21:24:44","slug":"a-sala-repleta-se-celebro-la-asamblea-de-coopar","status":"publish","type":"post","link":"https:\/\/loboproduccionesaudiovisuales.ar\/?p=21007","title":{"rendered":"A sala repleta se celebr\u00f3 la asamblea de COOPAR"},"content":{"rendered":"<p><strong>Tal como estaba previsto, el pasado viernes 31 de octubre se realiz\u00f3 la Asamblea General Ordinaria de la Cooperativa Agr\u00edcola Ganadera y de Servicios P\u00fablicos Aranguren Ltda. (COOPAR), correspondiente al 72\u00ba Ejercicio Econ\u00f3mico, comprendido entre el 1\u00b0 de julio de 2024 y el 30 de junio de 2025.<\/strong><\/p>\n<p><strong>\u00a0<\/strong><\/p>\n<p>El encuentro se desarroll\u00f3 a sala llena en el sal\u00f3n auditorio de la entidad, en cumplimiento de las disposiciones legales y estatutarias vigentes.<\/p>\n<p>&nbsp;<\/p>\n<p>Durante la jornada se abordaron los puntos del orden del d\u00eda, incluyendo la lectura y consideraci\u00f3n de la Memoria y Balance, los informes del S\u00edndico y la Auditor\u00eda Externa, el proyecto de distribuci\u00f3n de excedentes y el ajuste al capital social. Adem\u00e1s, se procedi\u00f3 a la renovaci\u00f3n parcial del Consejo de Administraci\u00f3n y del \u00f3rgano de fiscalizaci\u00f3n, mediante la elecci\u00f3n de tres consejeros titulares, tres suplentes y los s\u00edndicos titular y suplente, conforme a lo establecido en el Estatuto Social.<\/p>\n<p>&nbsp;<\/p>\n<p>Adem\u00e1s se realiz\u00f3 un minuto de silencio por los socios fallecidos.<\/p>\n<p>&nbsp;<\/p>\n<p><strong>Palabras del presidente Gonzalo Salgado<\/strong><\/p>\n<p>El presidente de COOPAR, Gonzalo Eduardo Salgado, encabez\u00f3 la asamblea y expres\u00f3 su satisfacci\u00f3n por los resultados obtenidos: \u201cEstoy sumamente contento con el acopio de este ejercicio, con 348.751 toneladas. Esto significa que la masa de asociados responde cuando hay buena cosecha; se ven los resultados y estamos muy agradecidos con nuestros asociados\u201d.<\/p>\n<p>Salgado destac\u00f3 el compromiso del personal en todas las \u00e1reas \u2014administraci\u00f3n, campo, ingenier\u00eda, granja Reynaf\u00e9 y sucursales\u2014 y valor\u00f3 el acompa\u00f1amiento del Consejo de Administraci\u00f3n y los equipos t\u00e9cnicos. \u201cNecesitamos una buena administraci\u00f3n en facturaci\u00f3n y liquidaciones; la parte tecnol\u00f3gica avanza r\u00e1pido y tenemos una nueva generaci\u00f3n de empleados que nos tienen paciencia a los mayores, ya que hoy todo pasa por internet y la electr\u00f3nica\u201d, se\u00f1al\u00f3.<\/p>\n<p>&nbsp;<\/p>\n<p>Tambi\u00e9n subray\u00f3 el trabajo institucional y la participaci\u00f3n activa de COOPAR en FEDECO y CAFER, as\u00ed como el impulso de los grupos juvenil \u201cUnidos por el Agro\u201d coordinados por el Ing. Sergio Fettolini y Natalia Herman y \u201cSembrando Valores\u201d, guiado por Zulma Mayer.<\/p>\n<p>&nbsp;<\/p>\n<p>\u201cCOOPAR sigue invirtiendo y apoyando al productor. Inauguramos oficinas nuevas en Victoria, adquirimos maquinaria, y la extrusora de soja abastece en un 80% a la f\u00e1brica de alimentos balanceados, permitiendo elaborar productos de mejor calidad con materia prima propia\u201d, destac\u00f3.<\/p>\n<p>&nbsp;<\/p>\n<p>En materia de infraestructura, mencion\u00f3 la construcci\u00f3n de nuevos silos de 5.000 toneladas en Victoria y Don Crist\u00f3bal Segunda, y otros dos que se est\u00e1n ejecutando en Aranguren, gracias a cr\u00e9ditos gestionados a tasas favorables.<\/p>\n<p>&nbsp;<\/p>\n<p>Tambi\u00e9n hizo referencia a la situaci\u00f3n generada por la ca\u00edda de Vicentin, y al reciente convenio firmado con la Municipalidad de Victoria, que permitir\u00e1 el acopio solo de colza hasta febrero de 2027. \u201cSeguimos tomando nuevo personal y renovando nuestro staff. A todos, much\u00edsimas gracias por la aprobaci\u00f3n del balance y por acompa\u00f1ar una asamblea tan convocante\u201d, concluy\u00f3.<\/p>\n<p>&nbsp;<\/p>\n<p><strong>El valor del recambio generacional<\/strong><\/p>\n<p>Juan Adolfo Balbi, vicepresidente de COOPAR, hizo hincapi\u00e9 en la importancia de formar nuevas generaciones de dirigentes dentro del movimiento cooperativo: \u201cEs fundamental ense\u00f1arle a la juventud lo que es el cooperativismo, para que este semillero siga avanzando. Nosotros estamos cumpliendo una etapa y debe venir gente nueva. Tenemos que sembrar esa semilla dentro del cooperativismo, porque necesitamos formar dirigentes\u201d, dijo.<\/p>\n<p>&nbsp;<\/p>\n<p>Balbi dio la bienvenida al consejero Javier Bravo, quien se incorpor\u00f3 hace un a\u00f1o al Directorio de COOPAR y recientemente a CAFER, y valor\u00f3 la combinaci\u00f3n de experiencia y juventud como un equilibrio que fortalece la gesti\u00f3n.<\/p>\n<p>&nbsp;<\/p>\n<p><strong>Participaci\u00f3n y acompa\u00f1amiento<\/strong><\/p>\n<p>De la asamblea participaron Ronal Garnier (presidente de FEDECO), Roberto Frigo (presidente de CAFER) y Diego Camu\u00f1a (gerente de CAFER y tesorero de la Bolsa de Cereales de Entre R\u00edos).<\/p>\n<p>&nbsp;<\/p>\n<p>Tambi\u00e9n estuvieron presentes Alfredo Bel, en representaci\u00f3n de Federaci\u00f3n Agraria Argentina, y Sebasti\u00e1n Bouzada, gerente de PONDESUR S.A.<\/p>\n<p>&nbsp;<\/p>\n<p>El encuentro reflej\u00f3 una vez m\u00e1s el esp\u00edritu cooperativo, la transparencia y el compromiso institucional que caracterizan el accionar de COOPAR.<\/p>\n","protected":false},"excerpt":{"rendered":"<p>Tal como estaba previsto, el pasado viernes 31 de octubre se realiz\u00f3 la Asamblea General Ordinaria de la Cooperativa Agr\u00edcola&hellip;<\/p>\n","protected":false},"author":3,"featured_media":21008,"comment_status":"open","ping_status":"open","sticky":false,"template":"","format":"standard","meta":{"footnotes":""},"categories":[5,2,1,248,128,113],"tags":[212,214],"class_list":["post-21007","post","type-post","status-publish","format-standard","has-post-thumbnail","hentry","category-actualidad","category-agro","category-blog","category-cooperativismo","category-entre-rios","category-region","tag-aranguren","tag-coopar"],"aioseo_notices":[],"aioseo_head":"\n\t\t<!-- All in One SEO 5.0.1.1 - aioseo.com -->\n\t<meta name=\"description\" content=\"Tal como estaba previsto, el pasado viernes 31 de octubre se realiz\u00f3 la Asamblea General Ordinaria de la Cooperativa Agr\u00edcola Ganadera y de Servicios P\u00fablicos Aranguren Ltda. (COOPAR), correspondiente al 72\u00ba Ejercicio Econ\u00f3mico, comprendido entre el 1\u00b0 de julio de 2024 y el 30 de junio de 2025. El encuentro se desarroll\u00f3 a sala\" \/>\n\t<meta name=\"robots\" content=\"max-image-preview:large\" \/>\n\t<meta name=\"author\" content=\"Gustavo Werner\"\/>\n\t<link rel=\"canonical\" href=\"https:\/\/loboproduccionesaudiovisuales.ar\/?p=21007\" \/>\n\t<meta name=\"generator\" content=\"All in One SEO (AIOSEO) 5.0.1.1\" \/>\n\t\t<meta property=\"og:locale\" content=\"es_ES\" \/>\n\t\t<meta property=\"og:site_name\" content=\"LOBO PRODUCCIONES AUDIOVISUALES - Sitio digital de noticias agroindustriales\" \/>\n\t\t<meta property=\"og:type\" content=\"article\" \/>\n\t\t<meta property=\"og:title\" content=\"A sala repleta se celebr\u00f3 la asamblea de COOPAR - LOBO PRODUCCIONES AUDIOVISUALES\" \/>\n\t\t<meta property=\"og:description\" content=\"Tal como estaba previsto, el pasado viernes 31 de octubre se realiz\u00f3 la Asamblea General Ordinaria de la Cooperativa Agr\u00edcola Ganadera y de Servicios P\u00fablicos Aranguren Ltda. (COOPAR), correspondiente al 72\u00ba Ejercicio Econ\u00f3mico, comprendido entre el 1\u00b0 de julio de 2024 y el 30 de junio de 2025. El encuentro se desarroll\u00f3 a sala\" \/>\n\t\t<meta property=\"og:url\" content=\"https:\/\/loboproduccionesaudiovisuales.ar\/?p=21007\" \/>\n\t\t<meta property=\"og:image\" content=\"https:\/\/loboproduccionesaudiovisuales.ar\/wp-content\/uploads\/2023\/07\/LPA-web.jpg\" \/>\n\t\t<meta property=\"og:image:secure_url\" content=\"https:\/\/loboproduccionesaudiovisuales.ar\/wp-content\/uploads\/2023\/07\/LPA-web.jpg\" \/>\n\t\t<meta property=\"article:published_time\" content=\"2025-11-05T20:21:11+00:00\" \/>\n\t\t<meta property=\"article:modified_time\" content=\"2025-11-05T21:24:44+00:00\" \/>\n\t\t<meta name=\"twitter:card\" content=\"summary_large_image\" \/>\n\t\t<meta name=\"twitter:title\" content=\"A sala repleta se celebr\u00f3 la asamblea de COOPAR - LOBO PRODUCCIONES AUDIOVISUALES\" \/>\n\t\t<meta name=\"twitter:description\" content=\"Tal como estaba previsto, el pasado viernes 31 de octubre se realiz\u00f3 la Asamblea General Ordinaria de la Cooperativa Agr\u00edcola Ganadera y de Servicios P\u00fablicos Aranguren Ltda. (COOPAR), correspondiente al 72\u00ba Ejercicio Econ\u00f3mico, comprendido entre el 1\u00b0 de julio de 2024 y el 30 de junio de 2025. El encuentro se desarroll\u00f3 a sala\" \/>\n\t\t<meta name=\"twitter:image\" content=\"https:\/\/loboproduccionesaudiovisuales.ar\/wp-content\/uploads\/2023\/07\/LPA-web.jpg\" \/>\n\t\t<script type=\"application\/ld+json\" class=\"aioseo-schema\">\n\t\t\t{\"@context\":\"https:\\\/\\\/schema.org\",\"@graph\":[{\"@type\":\"BlogPosting\",\"@id\":\"https:\\\/\\\/loboproduccionesaudiovisuales.ar\\\/?p=21007#blogposting\",\"name\":\"A sala repleta se celebr\\u00f3 la asamblea de COOPAR - LOBO PRODUCCIONES AUDIOVISUALES\",\"headline\":\"A sala repleta se celebr\\u00f3 la asamblea de COOPAR\",\"author\":{\"@id\":\"https:\\\/\\\/loboproduccionesaudiovisuales.ar\\\/?author=3#author\"},\"publisher\":{\"@id\":\"https:\\\/\\\/loboproduccionesaudiovisuales.ar\\\/#organization\"},\"image\":{\"@type\":\"ImageObject\",\"url\":\"https:\\\/\\\/loboproduccionesaudiovisuales.ar\\\/wp-content\\\/uploads\\\/2025\\\/11\\\/IMG_2435-scaled.jpg\",\"width\":2560,\"height\":1707},\"datePublished\":\"2025-11-05T17:21:11-03:00\",\"dateModified\":\"2025-11-05T18:24:44-03:00\",\"inLanguage\":\"es-AR\",\"mainEntityOfPage\":{\"@id\":\"https:\\\/\\\/loboproduccionesaudiovisuales.ar\\\/?p=21007#webpage\"},\"isPartOf\":{\"@id\":\"https:\\\/\\\/loboproduccionesaudiovisuales.ar\\\/?p=21007#webpage\"},\"articleSection\":\"ACTUALIDAD, AGRO, Blog, COOPERATIVISMO, ENTRE RIOS, REGIONALES, Aranguren, Coopar\"},{\"@type\":\"BreadcrumbList\",\"@id\":\"https:\\\/\\\/loboproduccionesaudiovisuales.ar\\\/?p=21007#breadcrumblist\",\"itemListElement\":[{\"@type\":\"ListItem\",\"@id\":\"https:\\\/\\\/loboproduccionesaudiovisuales.ar#listItem\",\"position\":1,\"name\":\"Home\",\"item\":\"https:\\\/\\\/loboproduccionesaudiovisuales.ar\",\"nextItem\":{\"@type\":\"ListItem\",\"@id\":\"https:\\\/\\\/loboproduccionesaudiovisuales.ar\\\/?cat=1#listItem\",\"name\":\"Blog\"}},{\"@type\":\"ListItem\",\"@id\":\"https:\\\/\\\/loboproduccionesaudiovisuales.ar\\\/?cat=1#listItem\",\"position\":2,\"name\":\"Blog\",\"item\":\"https:\\\/\\\/loboproduccionesaudiovisuales.ar\\\/?cat=1\",\"nextItem\":{\"@type\":\"ListItem\",\"@id\":\"https:\\\/\\\/loboproduccionesaudiovisuales.ar\\\/?p=21007#listItem\",\"name\":\"A sala repleta se celebr\\u00f3 la asamblea de COOPAR\"},\"previousItem\":{\"@type\":\"ListItem\",\"@id\":\"https:\\\/\\\/loboproduccionesaudiovisuales.ar#listItem\",\"name\":\"Home\"}},{\"@type\":\"ListItem\",\"@id\":\"https:\\\/\\\/loboproduccionesaudiovisuales.ar\\\/?p=21007#listItem\",\"position\":3,\"name\":\"A sala repleta se celebr\\u00f3 la asamblea de COOPAR\",\"previousItem\":{\"@type\":\"ListItem\",\"@id\":\"https:\\\/\\\/loboproduccionesaudiovisuales.ar\\\/?cat=1#listItem\",\"name\":\"Blog\"}}]},{\"@type\":\"Organization\",\"@id\":\"https:\\\/\\\/loboproduccionesaudiovisuales.ar\\\/#organization\",\"name\":\"loboproduccionesaudiovisuales.ar\",\"description\":\"Sitio digital de noticias agroindustriales\",\"url\":\"https:\\\/\\\/loboproduccionesaudiovisuales.ar\\\/\",\"logo\":{\"@type\":\"ImageObject\",\"url\":\"https:\\\/\\\/loboproduccionesaudiovisuales.ar\\\/wp-content\\\/uploads\\\/2023\\\/07\\\/LPA-web.jpg\",\"@id\":\"https:\\\/\\\/loboproduccionesaudiovisuales.ar\\\/?p=21007\\\/#organizationLogo\",\"width\":500,\"height\":144},\"image\":{\"@id\":\"https:\\\/\\\/loboproduccionesaudiovisuales.ar\\\/?p=21007\\\/#organizationLogo\"}},{\"@type\":\"Person\",\"@id\":\"https:\\\/\\\/loboproduccionesaudiovisuales.ar\\\/?author=3#author\",\"url\":\"https:\\\/\\\/loboproduccionesaudiovisuales.ar\\\/?author=3\",\"name\":\"Gustavo Werner\",\"image\":{\"@type\":\"ImageObject\",\"@id\":\"https:\\\/\\\/loboproduccionesaudiovisuales.ar\\\/?p=21007#authorImage\",\"url\":\"https:\\\/\\\/loboproduccionesaudiovisuales.ar\\\/wp-content\\\/litespeed\\\/avatar\\\/de09dfb254ecca8d89a27b1f284fdb4d.jpg?ver=1788575391\",\"width\":96,\"height\":96,\"caption\":\"Gustavo Werner\"}},{\"@type\":\"WebPage\",\"@id\":\"https:\\\/\\\/loboproduccionesaudiovisuales.ar\\\/?p=21007#webpage\",\"url\":\"https:\\\/\\\/loboproduccionesaudiovisuales.ar\\\/?p=21007\",\"name\":\"A sala repleta se celebr\\u00f3 la asamblea de COOPAR - LOBO PRODUCCIONES AUDIOVISUALES\",\"description\":\"Tal como estaba previsto, el pasado viernes 31 de octubre se realiz\\u00f3 la Asamblea General Ordinaria de la Cooperativa Agr\\u00edcola Ganadera y de Servicios P\\u00fablicos Aranguren Ltda. (COOPAR), correspondiente al 72\\u00ba Ejercicio Econ\\u00f3mico, comprendido entre el 1\\u00b0 de julio de 2024 y el 30 de junio de 2025. El encuentro se desarroll\\u00f3 a sala\",\"inLanguage\":\"es-AR\",\"isPartOf\":{\"@id\":\"https:\\\/\\\/loboproduccionesaudiovisuales.ar\\\/#website\"},\"breadcrumb\":{\"@id\":\"https:\\\/\\\/loboproduccionesaudiovisuales.ar\\\/?p=21007#breadcrumblist\"},\"author\":{\"@id\":\"https:\\\/\\\/loboproduccionesaudiovisuales.ar\\\/?author=3#author\"},\"creator\":{\"@id\":\"https:\\\/\\\/loboproduccionesaudiovisuales.ar\\\/?author=3#author\"},\"image\":{\"@type\":\"ImageObject\",\"url\":\"https:\\\/\\\/loboproduccionesaudiovisuales.ar\\\/wp-content\\\/uploads\\\/2025\\\/11\\\/IMG_2435-scaled.jpg\",\"@id\":\"https:\\\/\\\/loboproduccionesaudiovisuales.ar\\\/?p=21007\\\/#mainImage\",\"width\":2560,\"height\":1707},\"primaryImageOfPage\":{\"@id\":\"https:\\\/\\\/loboproduccionesaudiovisuales.ar\\\/?p=21007#mainImage\"},\"datePublished\":\"2025-11-05T17:21:11-03:00\",\"dateModified\":\"2025-11-05T18:24:44-03:00\"},{\"@type\":\"WebSite\",\"@id\":\"https:\\\/\\\/loboproduccionesaudiovisuales.ar\\\/#website\",\"url\":\"https:\\\/\\\/loboproduccionesaudiovisuales.ar\\\/\",\"name\":\"loboproduccionesaudiovisuales.ar\",\"alternateName\":\"Lobo Producciones\",\"description\":\"Sitio digital de noticias agroindustriales\",\"inLanguage\":\"es-AR\",\"publisher\":{\"@id\":\"https:\\\/\\\/loboproduccionesaudiovisuales.ar\\\/#organization\"}}]}\n\t\t<\/script>\n\t\t<!-- All in One SEO -->\n\n","aioseo_head_json":{"title":"A sala repleta se celebr\u00f3 la asamblea de COOPAR - LOBO PRODUCCIONES AUDIOVISUALES","description":"Tal como estaba previsto, el pasado viernes 31 de octubre se realiz\u00f3 la Asamblea General Ordinaria de la Cooperativa Agr\u00edcola Ganadera y de Servicios P\u00fablicos Aranguren Ltda. (COOPAR), correspondiente al 72\u00ba Ejercicio Econ\u00f3mico, comprendido entre el 1\u00b0 de julio de 2024 y el 30 de junio de 2025. El encuentro se desarroll\u00f3 a sala","canonical_url":"https:\/\/loboproduccionesaudiovisuales.ar\/?p=21007","robots":"max-image-preview:large","keywords":"","webmasterTools":{"miscellaneous":""},"schema":{"@context":"https:\/\/schema.org","@graph":[{"@type":"BlogPosting","@id":"https:\/\/loboproduccionesaudiovisuales.ar\/?p=21007#blogposting","name":"A sala repleta se celebr\u00f3 la asamblea de COOPAR - LOBO PRODUCCIONES AUDIOVISUALES","headline":"A sala repleta se celebr\u00f3 la asamblea de COOPAR","author":{"@id":"https:\/\/loboproduccionesaudiovisuales.ar\/?author=3#author"},"publisher":{"@id":"https:\/\/loboproduccionesaudiovisuales.ar\/#organization"},"image":{"@type":"ImageObject","url":"https:\/\/loboproduccionesaudiovisuales.ar\/wp-content\/uploads\/2025\/11\/IMG_2435-scaled.jpg","width":2560,"height":1707},"datePublished":"2025-11-05T17:21:11-03:00","dateModified":"2025-11-05T18:24:44-03:00","inLanguage":"es-AR","mainEntityOfPage":{"@id":"https:\/\/loboproduccionesaudiovisuales.ar\/?p=21007#webpage"},"isPartOf":{"@id":"https:\/\/loboproduccionesaudiovisuales.ar\/?p=21007#webpage"},"articleSection":"ACTUALIDAD, AGRO, Blog, COOPERATIVISMO, ENTRE RIOS, REGIONALES, Aranguren, Coopar"},{"@type":"BreadcrumbList","@id":"https:\/\/loboproduccionesaudiovisuales.ar\/?p=21007#breadcrumblist","itemListElement":[{"@type":"ListItem","@id":"https:\/\/loboproduccionesaudiovisuales.ar#listItem","position":1,"name":"Home","item":"https:\/\/loboproduccionesaudiovisuales.ar","nextItem":{"@type":"ListItem","@id":"https:\/\/loboproduccionesaudiovisuales.ar\/?cat=1#listItem","name":"Blog"}},{"@type":"ListItem","@id":"https:\/\/loboproduccionesaudiovisuales.ar\/?cat=1#listItem","position":2,"name":"Blog","item":"https:\/\/loboproduccionesaudiovisuales.ar\/?cat=1","nextItem":{"@type":"ListItem","@id":"https:\/\/loboproduccionesaudiovisuales.ar\/?p=21007#listItem","name":"A sala repleta se celebr\u00f3 la asamblea de COOPAR"},"previousItem":{"@type":"ListItem","@id":"https:\/\/loboproduccionesaudiovisuales.ar#listItem","name":"Home"}},{"@type":"ListItem","@id":"https:\/\/loboproduccionesaudiovisuales.ar\/?p=21007#listItem","position":3,"name":"A sala repleta se celebr\u00f3 la asamblea de COOPAR","previousItem":{"@type":"ListItem","@id":"https:\/\/loboproduccionesaudiovisuales.ar\/?cat=1#listItem","name":"Blog"}}]},{"@type":"Organization","@id":"https:\/\/loboproduccionesaudiovisuales.ar\/#organization","name":"loboproduccionesaudiovisuales.ar","description":"Sitio digital de noticias agroindustriales","url":"https:\/\/loboproduccionesaudiovisuales.ar\/","logo":{"@type":"ImageObject","url":"https:\/\/loboproduccionesaudiovisuales.ar\/wp-content\/uploads\/2023\/07\/LPA-web.jpg","@id":"https:\/\/loboproduccionesaudiovisuales.ar\/?p=21007\/#organizationLogo","width":500,"height":144},"image":{"@id":"https:\/\/loboproduccionesaudiovisuales.ar\/?p=21007\/#organizationLogo"}},{"@type":"Person","@id":"https:\/\/loboproduccionesaudiovisuales.ar\/?author=3#author","url":"https:\/\/loboproduccionesaudiovisuales.ar\/?author=3","name":"Gustavo Werner","image":{"@type":"ImageObject","@id":"https:\/\/loboproduccionesaudiovisuales.ar\/?p=21007#authorImage","url":"https:\/\/loboproduccionesaudiovisuales.ar\/wp-content\/litespeed\/avatar\/de09dfb254ecca8d89a27b1f284fdb4d.jpg?ver=1788575391","width":96,"height":96,"caption":"Gustavo Werner"}},{"@type":"WebPage","@id":"https:\/\/loboproduccionesaudiovisuales.ar\/?p=21007#webpage","url":"https:\/\/loboproduccionesaudiovisuales.ar\/?p=21007","name":"A sala repleta se celebr\u00f3 la asamblea de COOPAR - LOBO PRODUCCIONES AUDIOVISUALES","description":"Tal como estaba previsto, el pasado viernes 31 de octubre se realiz\u00f3 la Asamblea General Ordinaria de la Cooperativa Agr\u00edcola Ganadera y de Servicios P\u00fablicos Aranguren Ltda. (COOPAR), correspondiente al 72\u00ba Ejercicio Econ\u00f3mico, comprendido entre el 1\u00b0 de julio de 2024 y el 30 de junio de 2025. El encuentro se desarroll\u00f3 a sala","inLanguage":"es-AR","isPartOf":{"@id":"https:\/\/loboproduccionesaudiovisuales.ar\/#website"},"breadcrumb":{"@id":"https:\/\/loboproduccionesaudiovisuales.ar\/?p=21007#breadcrumblist"},"author":{"@id":"https:\/\/loboproduccionesaudiovisuales.ar\/?author=3#author"},"creator":{"@id":"https:\/\/loboproduccionesaudiovisuales.ar\/?author=3#author"},"image":{"@type":"ImageObject","url":"https:\/\/loboproduccionesaudiovisuales.ar\/wp-content\/uploads\/2025\/11\/IMG_2435-scaled.jpg","@id":"https:\/\/loboproduccionesaudiovisuales.ar\/?p=21007\/#mainImage","width":2560,"height":1707},"primaryImageOfPage":{"@id":"https:\/\/loboproduccionesaudiovisuales.ar\/?p=21007#mainImage"},"datePublished":"2025-11-05T17:21:11-03:00","dateModified":"2025-11-05T18:24:44-03:00"},{"@type":"WebSite","@id":"https:\/\/loboproduccionesaudiovisuales.ar\/#website","url":"https:\/\/loboproduccionesaudiovisuales.ar\/","name":"loboproduccionesaudiovisuales.ar","alternateName":"Lobo Producciones","description":"Sitio digital de noticias agroindustriales","inLanguage":"es-AR","publisher":{"@id":"https:\/\/loboproduccionesaudiovisuales.ar\/#organization"}}]},"og:locale":"es_ES","og:site_name":"LOBO PRODUCCIONES AUDIOVISUALES - Sitio digital de noticias agroindustriales","og:type":"article","og:title":"A sala repleta se celebr\u00f3 la asamblea de COOPAR - LOBO PRODUCCIONES AUDIOVISUALES","og:description":"Tal como estaba previsto, el pasado viernes 31 de octubre se realiz\u00f3 la Asamblea General Ordinaria de la Cooperativa Agr\u00edcola Ganadera y de Servicios P\u00fablicos Aranguren Ltda. (COOPAR), correspondiente al 72\u00ba Ejercicio Econ\u00f3mico, comprendido entre el 1\u00b0 de julio de 2024 y el 30 de junio de 2025. El encuentro se desarroll\u00f3 a sala","og:url":"https:\/\/loboproduccionesaudiovisuales.ar\/?p=21007","og:image":"https:\/\/loboproduccionesaudiovisuales.ar\/wp-content\/uploads\/2023\/07\/LPA-web.jpg","og:image:secure_url":"https:\/\/loboproduccionesaudiovisuales.ar\/wp-content\/uploads\/2023\/07\/LPA-web.jpg","article:published_time":"2025-11-05T20:21:11+00:00","article:modified_time":"2025-11-05T21:24:44+00:00","twitter:card":"summary_large_image","twitter:title":"A sala repleta se celebr\u00f3 la asamblea de COOPAR - LOBO PRODUCCIONES AUDIOVISUALES","twitter:description":"Tal como estaba previsto, el pasado viernes 31 de octubre se realiz\u00f3 la Asamblea General Ordinaria de la Cooperativa Agr\u00edcola Ganadera y de Servicios P\u00fablicos Aranguren Ltda. (COOPAR), correspondiente al 72\u00ba Ejercicio Econ\u00f3mico, comprendido entre el 1\u00b0 de julio de 2024 y el 30 de junio de 2025. El encuentro se desarroll\u00f3 a sala","twitter:image":"https:\/\/loboproduccionesaudiovisuales.ar\/wp-content\/uploads\/2023\/07\/LPA-web.jpg"},"aioseo_meta_data":{"post_id":"21007","title":"#post_title #separator_sa #site_title","description":"#post_excerpt","keywords":null,"keyphrases":{"focus":{"keyphrase":"","score":0,"analysis":{"keyphraseInTitle":{"score":0,"maxScore":9,"error":1}}},"additional":[]},"primary_term":null,"canonical_url":null,"og_title":null,"og_description":null,"og_object_type":"default","og_image_type":"default","og_image_url":null,"og_image_width":null,"og_image_height":null,"og_image_custom_url":null,"og_image_custom_fields":null,"og_video":"","og_custom_url":null,"og_article_section":null,"og_article_tags":null,"twitter_use_og":false,"twitter_card":"default","twitter_image_type":"default","twitter_image_url":null,"twitter_image_custom_url":null,"twitter_image_custom_fields":null,"twitter_title":null,"twitter_description":null,"schema":{"blockGraphs":[],"customGraphs":[],"default":{"data":{"Article":[],"Course":[],"Dataset":[],"FAQPage":[],"Movie":[],"Person":[],"Product":[],"ProductReview":[],"Car":[],"Recipe":[],"Service":[],"SoftwareApplication":[],"WebPage":[]},"graphName":"BlogPosting","isEnabled":true},"graphs":[]},"schema_type":"default","schema_type_options":null,"pillar_content":false,"robots_default":true,"robots_noindex":false,"robots_noarchive":false,"robots_nosnippet":false,"robots_nofollow":false,"robots_noimageindex":false,"robots_noodp":false,"robots_notranslate":false,"robots_max_snippet":"-1","robots_max_videopreview":"-1","robots_max_imagepreview":"large","priority":null,"frequency":"default","local_seo":null,"breadcrumb_settings":null,"limit_modified_date":false,"ai":{"faqs":[],"keyPoints":[],"titles":[],"descriptions":[],"socialPosts":{"email":[],"linkedin":[],"twitter":[],"facebook":[],"instagram":[]}},"created":"2025-11-05 21:23:35","updated":"2025-11-05 23:49:59","seo_analyzer_scan_date":null,"focus_keyword":null,"additional_keywords":null,"truseo_locale":null},"aioseo_breadcrumb":"<div class=\"aioseo-breadcrumbs\"><span class=\"aioseo-breadcrumb\">\n\t\t\t<a href=\"https:\/\/loboproduccionesaudiovisuales.ar\" title=\"Home\">Home<\/a>\n\t\t<\/span><span class=\"aioseo-breadcrumb-separator\">&raquo;<\/span><span class=\"aioseo-breadcrumb\">\n\t\t\t<a href=\"https:\/\/loboproduccionesaudiovisuales.ar\/?cat=1\" title=\"Blog\">Blog<\/a>\n\t\t<\/span><span class=\"aioseo-breadcrumb-separator\">&raquo;<\/span><span class=\"aioseo-breadcrumb\">\n\t\t\tA sala repleta se celebr\u00f3 la asamblea de COOPAR\n\t\t<\/span><\/div>","aioseo_breadcrumb_json":[{"label":"Home","link":"https:\/\/loboproduccionesaudiovisuales.ar"},{"label":"Blog","link":"https:\/\/loboproduccionesaudiovisuales.ar\/?cat=1"},{"label":"A sala repleta se celebr\u00f3 la asamblea de COOPAR","link":"https:\/\/loboproduccionesaudiovisuales.ar\/?p=21007"}],"_links":{"self":[{"href":"https:\/\/loboproduccionesaudiovisuales.ar\/index.php?rest_route=\/wp\/v2\/posts\/21007","targetHints":{"allow":["GET"]}}],"collection":[{"href":"https:\/\/loboproduccionesaudiovisuales.ar\/index.php?rest_route=\/wp\/v2\/posts"}],"about":[{"href":"https:\/\/loboproduccionesaudiovisuales.ar\/index.php?rest_route=\/wp\/v2\/types\/post"}],"author":[{"embeddable":true,"href":"https:\/\/loboproduccionesaudiovisuales.ar\/index.php?rest_route=\/wp\/v2\/users\/3"}],"replies":[{"embeddable":true,"href":"https:\/\/loboproduccionesaudiovisuales.ar\/index.php?rest_route=%2Fwp%2Fv2%2Fcomments&post=21007"}],"version-history":[{"count":1,"href":"https:\/\/loboproduccionesaudiovisuales.ar\/index.php?rest_route=\/wp\/v2\/posts\/21007\/revisions"}],"predecessor-version":[{"id":21009,"href":"https:\/\/loboproduccionesaudiovisuales.ar\/index.php?rest_route=\/wp\/v2\/posts\/21007\/revisions\/21009"}],"wp:featuredmedia":[{"embeddable":true,"href":"https:\/\/loboproduccionesaudiovisuales.ar\/index.php?rest_route=\/wp\/v2\/media\/21008"}],"wp:attachment":[{"href":"https:\/\/loboproduccionesaudiovisuales.ar\/index.php?rest_route=%2Fwp%2Fv2%2Fmedia&parent=21007"}],"wp:term":[{"taxonomy":"category","embeddable":true,"href":"https:\/\/loboproduccionesaudiovisuales.ar\/index.php?rest_route=%2Fwp%2Fv2%2Fcategories&post=21007"},{"taxonomy":"post_tag","embeddable":true,"href":"https:\/\/loboproduccionesaudiovisuales.ar\/index.php?rest_route=%2Fwp%2Fv2%2Ftags&post=21007"}],"curies":[{"name":"wp","href":"https:\/\/api.w.org\/{rel}","templated":true}]}}