{"id":20859,"date":"2025-10-22T09:40:18","date_gmt":"2025-10-22T12:40:18","guid":{"rendered":"https:\/\/loboproduccionesaudiovisuales.ar\/?p=20859"},"modified":"2025-10-22T09:40:18","modified_gmt":"2025-10-22T12:40:18","slug":"avance-record-en-la-siembra-de-arroz-en-entre-rios","status":"publish","type":"post","link":"https:\/\/loboproduccionesaudiovisuales.ar\/?p=20859","title":{"rendered":"Avance r\u00e9cord en la siembra de arroz en Entre R\u00edos"},"content":{"rendered":"<p><strong>La provincia sembr\u00f3 el 44% de las 59.000 hect\u00e1reas estimadas para la campa\u00f1a 2025\/26, con un salto de 31 puntos porcentuales. Las intensas precipitaciones de septiembre demoraron la actividad inicial, pero la posterior sequ\u00eda obliga a planificar riegos.<\/strong><\/p>\n<p>&nbsp;<\/p>\n<p>Durante la presente campa\u00f1a 2025\/26, la superficie destinada al cultivo de arroz en la provincia de Entre R\u00edos se estima en 59.000 hect\u00e1reas, seg\u00fan lo publicado en el \u00faltimo informe del SIBER.<\/p>\n<p>A la fecha, el avance de siembra alcanza el 44%, lo que representa un progreso significativo de 31 puntos porcentuales con respecto a la \u00faltima evaluaci\u00f3n, que indicaba un avance del 13%.<\/p>\n<p>Si bien en los \u00faltimos d\u00edas se logr\u00f3 un avance significativo, el corte en las lluvias no solo comienza a frenar el progreso de nuevas siembras, sino que tambi\u00e9n complica el establecimiento de los cultivos. Por este motivo se plantea la realizaci\u00f3n de riegos con el objetivo de uniformar las emergencias y favorecer un desarrollo parejo.<\/p>\n<div id=\"attachment_10579\" class=\"wp-caption aligncenter\"><img loading=\"lazy\" decoding=\"async\" class=\"size-full wp-image-10579 entered lazyloaded\" src=\"https:\/\/bolsacer.org.ar\/site\/%77%70%2d%63%6f%6e%74%65%6e%74\/uploads\/2025\/10\/arroz.jpg\" sizes=\"auto, (max-width: 513px) 100vw, 513px\" srcset=\"https:\/\/www.bolsacer.org.ar\/site\/%77%70%2d%63%6f%6e%74%65%6e%74\/uploads\/2025\/10\/arroz.jpg 513w, https:\/\/www.bolsacer.org.ar\/site\/%77%70%2d%63%6f%6e%74%65%6e%74\/uploads\/2025\/10\/arroz-300x295.jpg 300w\" alt=\"\" width=\"513\" height=\"505\" aria-describedby=\"caption-attachment-10579\" data-lazy-srcset=\"https:\/\/www.bolsacer.org.ar\/site\/%77%70%2d%63%6f%6e%74%65%6e%74\/uploads\/2025\/10\/arroz.jpg 513w, https:\/\/www.bolsacer.org.ar\/site\/%77%70%2d%63%6f%6e%74%65%6e%74\/uploads\/2025\/10\/arroz-300x295.jpg 300w\" data-lazy-sizes=\"(max-width: 513px) 100vw, 513px\" data-lazy-src=\"https:\/\/bolsacer.org.ar\/site\/%77%70%2d%63%6f%6e%74%65%6e%74\/uploads\/2025\/10\/arroz.jpg\" data-ll-status=\"loaded\" \/><\/div>\n","protected":false},"excerpt":{"rendered":"<p>La provincia sembr\u00f3 el 44% de las 59.000 hect\u00e1reas estimadas para la campa\u00f1a 2025\/26, con un salto de 31 puntos&hellip;<\/p>\n","protected":false},"author":3,"featured_media":18701,"comment_status":"open","ping_status":"open","sticky":false,"template":"","format":"standard","meta":{"footnotes":""},"categories":[5,2,1,128],"tags":[61],"class_list":["post-20859","post","type-post","status-publish","format-standard","has-post-thumbnail","hentry","category-actualidad","category-agro","category-blog","category-entre-rios","tag-arroz"],"aioseo_notices":[],"aioseo_head":"\n\t\t<!-- All in One SEO 5.0.1.1 - aioseo.com -->\n\t<meta name=\"description\" content=\"La provincia sembr\u00f3 el 44% de las 59.000 hect\u00e1reas estimadas para la campa\u00f1a 2025\/26, con un salto de 31 puntos porcentuales. Las intensas precipitaciones de septiembre demoraron la actividad inicial, pero la posterior sequ\u00eda obliga a planificar riegos. Durante la presente campa\u00f1a 2025\/26, la superficie destinada al cultivo de arroz en la provincia de\" \/>\n\t<meta name=\"robots\" content=\"max-image-preview:large\" \/>\n\t<meta name=\"author\" content=\"Gustavo Werner\"\/>\n\t<link rel=\"canonical\" href=\"https:\/\/loboproduccionesaudiovisuales.ar\/?p=20859\" \/>\n\t<meta name=\"generator\" content=\"All in One SEO (AIOSEO) 5.0.1.1\" \/>\n\t\t<meta property=\"og:locale\" content=\"es_ES\" \/>\n\t\t<meta property=\"og:site_name\" content=\"LOBO PRODUCCIONES AUDIOVISUALES - Sitio digital de noticias agroindustriales\" \/>\n\t\t<meta property=\"og:type\" content=\"article\" \/>\n\t\t<meta property=\"og:title\" content=\"Avance r\u00e9cord en la siembra de arroz en Entre R\u00edos - LOBO PRODUCCIONES AUDIOVISUALES\" \/>\n\t\t<meta property=\"og:description\" content=\"La provincia sembr\u00f3 el 44% de las 59.000 hect\u00e1reas estimadas para la campa\u00f1a 2025\/26, con un salto de 31 puntos porcentuales. Las intensas precipitaciones de septiembre demoraron la actividad inicial, pero la posterior sequ\u00eda obliga a planificar riegos. Durante la presente campa\u00f1a 2025\/26, la superficie destinada al cultivo de arroz en la provincia de\" \/>\n\t\t<meta property=\"og:url\" content=\"https:\/\/loboproduccionesaudiovisuales.ar\/?p=20859\" \/>\n\t\t<meta property=\"og:image\" content=\"https:\/\/loboproduccionesaudiovisuales.ar\/wp-content\/uploads\/2023\/07\/LPA-web.jpg\" \/>\n\t\t<meta property=\"og:image:secure_url\" content=\"https:\/\/loboproduccionesaudiovisuales.ar\/wp-content\/uploads\/2023\/07\/LPA-web.jpg\" \/>\n\t\t<meta property=\"article:published_time\" content=\"2025-10-22T12:40:18+00:00\" \/>\n\t\t<meta property=\"article:modified_time\" content=\"2025-10-22T12:40:18+00:00\" \/>\n\t\t<meta name=\"twitter:card\" content=\"summary_large_image\" \/>\n\t\t<meta name=\"twitter:title\" content=\"Avance r\u00e9cord en la siembra de arroz en Entre R\u00edos - LOBO PRODUCCIONES AUDIOVISUALES\" \/>\n\t\t<meta name=\"twitter:description\" content=\"La provincia sembr\u00f3 el 44% de las 59.000 hect\u00e1reas estimadas para la campa\u00f1a 2025\/26, con un salto de 31 puntos porcentuales. Las intensas precipitaciones de septiembre demoraron la actividad inicial, pero la posterior sequ\u00eda obliga a planificar riegos. Durante la presente campa\u00f1a 2025\/26, la superficie destinada al cultivo de arroz en la provincia de\" \/>\n\t\t<meta name=\"twitter:image\" content=\"https:\/\/loboproduccionesaudiovisuales.ar\/wp-content\/uploads\/2023\/07\/LPA-web.jpg\" \/>\n\t\t<script type=\"application\/ld+json\" class=\"aioseo-schema\">\n\t\t\t{\"@context\":\"https:\\\/\\\/schema.org\",\"@graph\":[{\"@type\":\"BlogPosting\",\"@id\":\"https:\\\/\\\/loboproduccionesaudiovisuales.ar\\\/?p=20859#blogposting\",\"name\":\"Avance r\\u00e9cord en la siembra de arroz en Entre R\\u00edos - LOBO PRODUCCIONES AUDIOVISUALES\",\"headline\":\"Avance r\\u00e9cord en la siembra de arroz en Entre R\\u00edos\",\"author\":{\"@id\":\"https:\\\/\\\/loboproduccionesaudiovisuales.ar\\\/?author=3#author\"},\"publisher\":{\"@id\":\"https:\\\/\\\/loboproduccionesaudiovisuales.ar\\\/#organization\"},\"image\":{\"@type\":\"ImageObject\",\"url\":\"https:\\\/\\\/loboproduccionesaudiovisuales.ar\\\/wp-content\\\/uploads\\\/2025\\\/02\\\/arroz-696x447-1.jpg\",\"width\":696,\"height\":447},\"datePublished\":\"2025-10-22T09:40:18-03:00\",\"dateModified\":\"2025-10-22T09:40:18-03:00\",\"inLanguage\":\"es-AR\",\"mainEntityOfPage\":{\"@id\":\"https:\\\/\\\/loboproduccionesaudiovisuales.ar\\\/?p=20859#webpage\"},\"isPartOf\":{\"@id\":\"https:\\\/\\\/loboproduccionesaudiovisuales.ar\\\/?p=20859#webpage\"},\"articleSection\":\"ACTUALIDAD, AGRO, Blog, ENTRE RIOS, arroz\"},{\"@type\":\"BreadcrumbList\",\"@id\":\"https:\\\/\\\/loboproduccionesaudiovisuales.ar\\\/?p=20859#breadcrumblist\",\"itemListElement\":[{\"@type\":\"ListItem\",\"@id\":\"https:\\\/\\\/loboproduccionesaudiovisuales.ar#listItem\",\"position\":1,\"name\":\"Home\",\"item\":\"https:\\\/\\\/loboproduccionesaudiovisuales.ar\",\"nextItem\":{\"@type\":\"ListItem\",\"@id\":\"https:\\\/\\\/loboproduccionesaudiovisuales.ar\\\/?cat=1#listItem\",\"name\":\"Blog\"}},{\"@type\":\"ListItem\",\"@id\":\"https:\\\/\\\/loboproduccionesaudiovisuales.ar\\\/?cat=1#listItem\",\"position\":2,\"name\":\"Blog\",\"item\":\"https:\\\/\\\/loboproduccionesaudiovisuales.ar\\\/?cat=1\",\"nextItem\":{\"@type\":\"ListItem\",\"@id\":\"https:\\\/\\\/loboproduccionesaudiovisuales.ar\\\/?p=20859#listItem\",\"name\":\"Avance r\\u00e9cord en la siembra de arroz en Entre R\\u00edos\"},\"previousItem\":{\"@type\":\"ListItem\",\"@id\":\"https:\\\/\\\/loboproduccionesaudiovisuales.ar#listItem\",\"name\":\"Home\"}},{\"@type\":\"ListItem\",\"@id\":\"https:\\\/\\\/loboproduccionesaudiovisuales.ar\\\/?p=20859#listItem\",\"position\":3,\"name\":\"Avance r\\u00e9cord en la siembra de arroz en Entre R\\u00edos\",\"previousItem\":{\"@type\":\"ListItem\",\"@id\":\"https:\\\/\\\/loboproduccionesaudiovisuales.ar\\\/?cat=1#listItem\",\"name\":\"Blog\"}}]},{\"@type\":\"Organization\",\"@id\":\"https:\\\/\\\/loboproduccionesaudiovisuales.ar\\\/#organization\",\"name\":\"loboproduccionesaudiovisuales.ar\",\"description\":\"Sitio digital de noticias agroindustriales\",\"url\":\"https:\\\/\\\/loboproduccionesaudiovisuales.ar\\\/\",\"logo\":{\"@type\":\"ImageObject\",\"url\":\"https:\\\/\\\/loboproduccionesaudiovisuales.ar\\\/wp-content\\\/uploads\\\/2023\\\/07\\\/LPA-web.jpg\",\"@id\":\"https:\\\/\\\/loboproduccionesaudiovisuales.ar\\\/?p=20859\\\/#organizationLogo\",\"width\":500,\"height\":144},\"image\":{\"@id\":\"https:\\\/\\\/loboproduccionesaudiovisuales.ar\\\/?p=20859\\\/#organizationLogo\"}},{\"@type\":\"Person\",\"@id\":\"https:\\\/\\\/loboproduccionesaudiovisuales.ar\\\/?author=3#author\",\"url\":\"https:\\\/\\\/loboproduccionesaudiovisuales.ar\\\/?author=3\",\"name\":\"Gustavo Werner\",\"image\":{\"@type\":\"ImageObject\",\"@id\":\"https:\\\/\\\/loboproduccionesaudiovisuales.ar\\\/?p=20859#authorImage\",\"url\":\"https:\\\/\\\/secure.gravatar.com\\\/avatar\\\/e04239ede7d02b80503013ac1fa61f308bbe3566e5a70df5bbef7c3725a0dcae?s=96&d=mm&r=g\",\"width\":96,\"height\":96,\"caption\":\"Gustavo Werner\"}},{\"@type\":\"WebPage\",\"@id\":\"https:\\\/\\\/loboproduccionesaudiovisuales.ar\\\/?p=20859#webpage\",\"url\":\"https:\\\/\\\/loboproduccionesaudiovisuales.ar\\\/?p=20859\",\"name\":\"Avance r\\u00e9cord en la siembra de arroz en Entre R\\u00edos - LOBO PRODUCCIONES AUDIOVISUALES\",\"description\":\"La provincia sembr\\u00f3 el 44% de las 59.000 hect\\u00e1reas estimadas para la campa\\u00f1a 2025\\\/26, con un salto de 31 puntos porcentuales. Las intensas precipitaciones de septiembre demoraron la actividad inicial, pero la posterior sequ\\u00eda obliga a planificar riegos. Durante la presente campa\\u00f1a 2025\\\/26, la superficie destinada al cultivo de arroz en la provincia de\",\"inLanguage\":\"es-AR\",\"isPartOf\":{\"@id\":\"https:\\\/\\\/loboproduccionesaudiovisuales.ar\\\/#website\"},\"breadcrumb\":{\"@id\":\"https:\\\/\\\/loboproduccionesaudiovisuales.ar\\\/?p=20859#breadcrumblist\"},\"author\":{\"@id\":\"https:\\\/\\\/loboproduccionesaudiovisuales.ar\\\/?author=3#author\"},\"creator\":{\"@id\":\"https:\\\/\\\/loboproduccionesaudiovisuales.ar\\\/?author=3#author\"},\"image\":{\"@type\":\"ImageObject\",\"url\":\"https:\\\/\\\/loboproduccionesaudiovisuales.ar\\\/wp-content\\\/uploads\\\/2025\\\/02\\\/arroz-696x447-1.jpg\",\"@id\":\"https:\\\/\\\/loboproduccionesaudiovisuales.ar\\\/?p=20859\\\/#mainImage\",\"width\":696,\"height\":447},\"primaryImageOfPage\":{\"@id\":\"https:\\\/\\\/loboproduccionesaudiovisuales.ar\\\/?p=20859#mainImage\"},\"datePublished\":\"2025-10-22T09:40:18-03:00\",\"dateModified\":\"2025-10-22T09:40:18-03:00\"},{\"@type\":\"WebSite\",\"@id\":\"https:\\\/\\\/loboproduccionesaudiovisuales.ar\\\/#website\",\"url\":\"https:\\\/\\\/loboproduccionesaudiovisuales.ar\\\/\",\"name\":\"loboproduccionesaudiovisuales.ar\",\"alternateName\":\"Lobo Producciones\",\"description\":\"Sitio digital de noticias agroindustriales\",\"inLanguage\":\"es-AR\",\"publisher\":{\"@id\":\"https:\\\/\\\/loboproduccionesaudiovisuales.ar\\\/#organization\"}}]}\n\t\t<\/script>\n\t\t<!-- All in One SEO -->\n\n","aioseo_head_json":{"title":"Avance r\u00e9cord en la siembra de arroz en Entre R\u00edos - LOBO PRODUCCIONES AUDIOVISUALES","description":"La provincia sembr\u00f3 el 44% de las 59.000 hect\u00e1reas estimadas para la campa\u00f1a 2025\/26, con un salto de 31 puntos porcentuales. Las intensas precipitaciones de septiembre demoraron la actividad inicial, pero la posterior sequ\u00eda obliga a planificar riegos. Durante la presente campa\u00f1a 2025\/26, la superficie destinada al cultivo de arroz en la provincia de","canonical_url":"https:\/\/loboproduccionesaudiovisuales.ar\/?p=20859","robots":"max-image-preview:large","keywords":"","webmasterTools":{"miscellaneous":""},"schema":{"@context":"https:\/\/schema.org","@graph":[{"@type":"BlogPosting","@id":"https:\/\/loboproduccionesaudiovisuales.ar\/?p=20859#blogposting","name":"Avance r\u00e9cord en la siembra de arroz en Entre R\u00edos - LOBO PRODUCCIONES AUDIOVISUALES","headline":"Avance r\u00e9cord en la siembra de arroz en Entre R\u00edos","author":{"@id":"https:\/\/loboproduccionesaudiovisuales.ar\/?author=3#author"},"publisher":{"@id":"https:\/\/loboproduccionesaudiovisuales.ar\/#organization"},"image":{"@type":"ImageObject","url":"https:\/\/loboproduccionesaudiovisuales.ar\/wp-content\/uploads\/2025\/02\/arroz-696x447-1.jpg","width":696,"height":447},"datePublished":"2025-10-22T09:40:18-03:00","dateModified":"2025-10-22T09:40:18-03:00","inLanguage":"es-AR","mainEntityOfPage":{"@id":"https:\/\/loboproduccionesaudiovisuales.ar\/?p=20859#webpage"},"isPartOf":{"@id":"https:\/\/loboproduccionesaudiovisuales.ar\/?p=20859#webpage"},"articleSection":"ACTUALIDAD, AGRO, Blog, ENTRE RIOS, arroz"},{"@type":"BreadcrumbList","@id":"https:\/\/loboproduccionesaudiovisuales.ar\/?p=20859#breadcrumblist","itemListElement":[{"@type":"ListItem","@id":"https:\/\/loboproduccionesaudiovisuales.ar#listItem","position":1,"name":"Home","item":"https:\/\/loboproduccionesaudiovisuales.ar","nextItem":{"@type":"ListItem","@id":"https:\/\/loboproduccionesaudiovisuales.ar\/?cat=1#listItem","name":"Blog"}},{"@type":"ListItem","@id":"https:\/\/loboproduccionesaudiovisuales.ar\/?cat=1#listItem","position":2,"name":"Blog","item":"https:\/\/loboproduccionesaudiovisuales.ar\/?cat=1","nextItem":{"@type":"ListItem","@id":"https:\/\/loboproduccionesaudiovisuales.ar\/?p=20859#listItem","name":"Avance r\u00e9cord en la siembra de arroz en Entre R\u00edos"},"previousItem":{"@type":"ListItem","@id":"https:\/\/loboproduccionesaudiovisuales.ar#listItem","name":"Home"}},{"@type":"ListItem","@id":"https:\/\/loboproduccionesaudiovisuales.ar\/?p=20859#listItem","position":3,"name":"Avance r\u00e9cord en la siembra de arroz en Entre R\u00edos","previousItem":{"@type":"ListItem","@id":"https:\/\/loboproduccionesaudiovisuales.ar\/?cat=1#listItem","name":"Blog"}}]},{"@type":"Organization","@id":"https:\/\/loboproduccionesaudiovisuales.ar\/#organization","name":"loboproduccionesaudiovisuales.ar","description":"Sitio digital de noticias agroindustriales","url":"https:\/\/loboproduccionesaudiovisuales.ar\/","logo":{"@type":"ImageObject","url":"https:\/\/loboproduccionesaudiovisuales.ar\/wp-content\/uploads\/2023\/07\/LPA-web.jpg","@id":"https:\/\/loboproduccionesaudiovisuales.ar\/?p=20859\/#organizationLogo","width":500,"height":144},"image":{"@id":"https:\/\/loboproduccionesaudiovisuales.ar\/?p=20859\/#organizationLogo"}},{"@type":"Person","@id":"https:\/\/loboproduccionesaudiovisuales.ar\/?author=3#author","url":"https:\/\/loboproduccionesaudiovisuales.ar\/?author=3","name":"Gustavo Werner","image":{"@type":"ImageObject","@id":"https:\/\/loboproduccionesaudiovisuales.ar\/?p=20859#authorImage","url":"https:\/\/secure.gravatar.com\/avatar\/e04239ede7d02b80503013ac1fa61f308bbe3566e5a70df5bbef7c3725a0dcae?s=96&d=mm&r=g","width":96,"height":96,"caption":"Gustavo Werner"}},{"@type":"WebPage","@id":"https:\/\/loboproduccionesaudiovisuales.ar\/?p=20859#webpage","url":"https:\/\/loboproduccionesaudiovisuales.ar\/?p=20859","name":"Avance r\u00e9cord en la siembra de arroz en Entre R\u00edos - LOBO PRODUCCIONES AUDIOVISUALES","description":"La provincia sembr\u00f3 el 44% de las 59.000 hect\u00e1reas estimadas para la campa\u00f1a 2025\/26, con un salto de 31 puntos porcentuales. Las intensas precipitaciones de septiembre demoraron la actividad inicial, pero la posterior sequ\u00eda obliga a planificar riegos. Durante la presente campa\u00f1a 2025\/26, la superficie destinada al cultivo de arroz en la provincia de","inLanguage":"es-AR","isPartOf":{"@id":"https:\/\/loboproduccionesaudiovisuales.ar\/#website"},"breadcrumb":{"@id":"https:\/\/loboproduccionesaudiovisuales.ar\/?p=20859#breadcrumblist"},"author":{"@id":"https:\/\/loboproduccionesaudiovisuales.ar\/?author=3#author"},"creator":{"@id":"https:\/\/loboproduccionesaudiovisuales.ar\/?author=3#author"},"image":{"@type":"ImageObject","url":"https:\/\/loboproduccionesaudiovisuales.ar\/wp-content\/uploads\/2025\/02\/arroz-696x447-1.jpg","@id":"https:\/\/loboproduccionesaudiovisuales.ar\/?p=20859\/#mainImage","width":696,"height":447},"primaryImageOfPage":{"@id":"https:\/\/loboproduccionesaudiovisuales.ar\/?p=20859#mainImage"},"datePublished":"2025-10-22T09:40:18-03:00","dateModified":"2025-10-22T09:40:18-03:00"},{"@type":"WebSite","@id":"https:\/\/loboproduccionesaudiovisuales.ar\/#website","url":"https:\/\/loboproduccionesaudiovisuales.ar\/","name":"loboproduccionesaudiovisuales.ar","alternateName":"Lobo Producciones","description":"Sitio digital de noticias agroindustriales","inLanguage":"es-AR","publisher":{"@id":"https:\/\/loboproduccionesaudiovisuales.ar\/#organization"}}]},"og:locale":"es_ES","og:site_name":"LOBO PRODUCCIONES AUDIOVISUALES - Sitio digital de noticias agroindustriales","og:type":"article","og:title":"Avance r\u00e9cord en la siembra de arroz en Entre R\u00edos - LOBO PRODUCCIONES AUDIOVISUALES","og:description":"La provincia sembr\u00f3 el 44% de las 59.000 hect\u00e1reas estimadas para la campa\u00f1a 2025\/26, con un salto de 31 puntos porcentuales. Las intensas precipitaciones de septiembre demoraron la actividad inicial, pero la posterior sequ\u00eda obliga a planificar riegos. Durante la presente campa\u00f1a 2025\/26, la superficie destinada al cultivo de arroz en la provincia de","og:url":"https:\/\/loboproduccionesaudiovisuales.ar\/?p=20859","og:image":"https:\/\/loboproduccionesaudiovisuales.ar\/wp-content\/uploads\/2023\/07\/LPA-web.jpg","og:image:secure_url":"https:\/\/loboproduccionesaudiovisuales.ar\/wp-content\/uploads\/2023\/07\/LPA-web.jpg","article:published_time":"2025-10-22T12:40:18+00:00","article:modified_time":"2025-10-22T12:40:18+00:00","twitter:card":"summary_large_image","twitter:title":"Avance r\u00e9cord en la siembra de arroz en Entre R\u00edos - LOBO PRODUCCIONES AUDIOVISUALES","twitter:description":"La provincia sembr\u00f3 el 44% de las 59.000 hect\u00e1reas estimadas para la campa\u00f1a 2025\/26, con un salto de 31 puntos porcentuales. Las intensas precipitaciones de septiembre demoraron la actividad inicial, pero la posterior sequ\u00eda obliga a planificar riegos. Durante la presente campa\u00f1a 2025\/26, la superficie destinada al cultivo de arroz en la provincia de","twitter:image":"https:\/\/loboproduccionesaudiovisuales.ar\/wp-content\/uploads\/2023\/07\/LPA-web.jpg"},"aioseo_meta_data":{"post_id":"20859","title":null,"description":null,"keywords":null,"keyphrases":{"focus":{"keyphrase":"","score":0,"analysis":{"keyphraseInTitle":{"score":0,"maxScore":9,"error":1}}},"additional":[]},"primary_term":null,"canonical_url":null,"og_title":null,"og_description":null,"og_object_type":"default","og_image_type":"default","og_image_url":null,"og_image_width":null,"og_image_height":null,"og_image_custom_url":null,"og_image_custom_fields":null,"og_video":"","og_custom_url":null,"og_article_section":null,"og_article_tags":null,"twitter_use_og":false,"twitter_card":"default","twitter_image_type":"default","twitter_image_url":null,"twitter_image_custom_url":null,"twitter_image_custom_fields":null,"twitter_title":null,"twitter_description":null,"schema":{"blockGraphs":[],"customGraphs":[],"default":{"data":{"Article":[],"Course":[],"Dataset":[],"FAQPage":[],"Movie":[],"Person":[],"Product":[],"ProductReview":[],"Car":[],"Recipe":[],"Service":[],"SoftwareApplication":[],"WebPage":[]},"graphName":"BlogPosting","isEnabled":true},"graphs":[]},"schema_type":"default","schema_type_options":null,"pillar_content":false,"robots_default":true,"robots_noindex":false,"robots_noarchive":false,"robots_nosnippet":false,"robots_nofollow":false,"robots_noimageindex":false,"robots_noodp":false,"robots_notranslate":false,"robots_max_snippet":"-1","robots_max_videopreview":"-1","robots_max_imagepreview":"large","priority":null,"frequency":"default","local_seo":null,"breadcrumb_settings":null,"limit_modified_date":false,"ai":{"faqs":[],"keyPoints":[],"titles":[],"descriptions":[],"socialPosts":{"email":[],"linkedin":[],"twitter":[],"facebook":[],"instagram":[]}},"created":"2025-10-22 12:40:18","updated":"2025-10-22 12:40:47","seo_analyzer_scan_date":null,"focus_keyword":null,"additional_keywords":null,"truseo_locale":null},"aioseo_breadcrumb":"<div class=\"aioseo-breadcrumbs\"><span class=\"aioseo-breadcrumb\">\n\t\t\t<a href=\"https:\/\/loboproduccionesaudiovisuales.ar\" title=\"Home\">Home<\/a>\n\t\t<\/span><span class=\"aioseo-breadcrumb-separator\">&raquo;<\/span><span class=\"aioseo-breadcrumb\">\n\t\t\t<a href=\"https:\/\/loboproduccionesaudiovisuales.ar\/?cat=1\" title=\"Blog\">Blog<\/a>\n\t\t<\/span><span class=\"aioseo-breadcrumb-separator\">&raquo;<\/span><span class=\"aioseo-breadcrumb\">\n\t\t\tAvance r\u00e9cord en la siembra de arroz en Entre R\u00edos\n\t\t<\/span><\/div>","aioseo_breadcrumb_json":[{"label":"Home","link":"https:\/\/loboproduccionesaudiovisuales.ar"},{"label":"Blog","link":"https:\/\/loboproduccionesaudiovisuales.ar\/?cat=1"},{"label":"Avance r\u00e9cord en la siembra de arroz en Entre R\u00edos","link":"https:\/\/loboproduccionesaudiovisuales.ar\/?p=20859"}],"_links":{"self":[{"href":"https:\/\/loboproduccionesaudiovisuales.ar\/index.php?rest_route=\/wp\/v2\/posts\/20859","targetHints":{"allow":["GET"]}}],"collection":[{"href":"https:\/\/loboproduccionesaudiovisuales.ar\/index.php?rest_route=\/wp\/v2\/posts"}],"about":[{"href":"https:\/\/loboproduccionesaudiovisuales.ar\/index.php?rest_route=\/wp\/v2\/types\/post"}],"author":[{"embeddable":true,"href":"https:\/\/loboproduccionesaudiovisuales.ar\/index.php?rest_route=\/wp\/v2\/users\/3"}],"replies":[{"embeddable":true,"href":"https:\/\/loboproduccionesaudiovisuales.ar\/index.php?rest_route=%2Fwp%2Fv2%2Fcomments&post=20859"}],"version-history":[{"count":1,"href":"https:\/\/loboproduccionesaudiovisuales.ar\/index.php?rest_route=\/wp\/v2\/posts\/20859\/revisions"}],"predecessor-version":[{"id":20860,"href":"https:\/\/loboproduccionesaudiovisuales.ar\/index.php?rest_route=\/wp\/v2\/posts\/20859\/revisions\/20860"}],"wp:featuredmedia":[{"embeddable":true,"href":"https:\/\/loboproduccionesaudiovisuales.ar\/index.php?rest_route=\/wp\/v2\/media\/18701"}],"wp:attachment":[{"href":"https:\/\/loboproduccionesaudiovisuales.ar\/index.php?rest_route=%2Fwp%2Fv2%2Fmedia&parent=20859"}],"wp:term":[{"taxonomy":"category","embeddable":true,"href":"https:\/\/loboproduccionesaudiovisuales.ar\/index.php?rest_route=%2Fwp%2Fv2%2Fcategories&post=20859"},{"taxonomy":"post_tag","embeddable":true,"href":"https:\/\/loboproduccionesaudiovisuales.ar\/index.php?rest_route=%2Fwp%2Fv2%2Ftags&post=20859"}],"curies":[{"name":"wp","href":"https:\/\/api.w.org\/{rel}","templated":true}]}}