{"id":20799,"date":"2025-10-14T16:33:04","date_gmt":"2025-10-14T19:33:04","guid":{"rendered":"https:\/\/loboproduccionesaudiovisuales.ar\/?p=20799"},"modified":"2025-10-14T16:33:04","modified_gmt":"2025-10-14T19:33:04","slug":"finalizo-la-siembra-de-maiz-y-girasol-en-entre-rios","status":"publish","type":"post","link":"https:\/\/loboproduccionesaudiovisuales.ar\/?p=20799","title":{"rendered":"Finaliz\u00f3 la siembra de ma\u00edz y girasol en Entre R\u00edos"},"content":{"rendered":"<p><strong>El ma\u00edz de primera registra un crecimiento interanual del 50% en \u00e1rea sembrada, mientras que el girasol reporta p\u00e9rdidas parciales por excesos h\u00eddricos y bajas temperaturas.<\/strong><\/p>\n<p>&nbsp;<\/p>\n<p>La provincia de Entre R\u00edos dio por finalizada la siembra de los cultivos de\u00a0<b>ma\u00edz de primera<\/b>\u00a0y\u00a0<b>girasol<\/b>, correspondientes a la campa\u00f1a 2025\/26, seg\u00fan el \u00faltimo informe del Sistema de Informaci\u00f3n de la Bolsa de Cereales de Entre R\u00edos (SIBER). Los resultados y las proyecciones iniciales para ambos cereales muestran realidades bien diferenciadas.<\/p>\n<p>El\u00a0<b>ma\u00edz de primera<\/b>\u00a0culmin\u00f3 su siembra con una proyecci\u00f3n de \u00e1rea de\u00a0<b>430.000 hect\u00e1reas<\/b>. Esta cifra representa un significativo\u00a0<b>incremento interanual del 50%<\/b>\u00a0(142.800 hect\u00e1reas m\u00e1s) respecto al ciclo anterior.<\/p>\n<h2><strong>El fuerte crecimiento del cereal est\u00e1 impulsado por una combinaci\u00f3n de factores favorables:<\/strong><\/h2>\n<ol start=\"1\">\n<li><b>Elevada demanda<\/b>\u00a0como insumo clave para la producci\u00f3n de carnes (aviar, bovina, porcina) y huevos.<\/li>\n<li><b>Baja presencia<\/b>\u00a0de la plaga de la chicharrita del ma\u00edz.<\/li>\n<li><b>Resultado econ\u00f3mico favorable<\/b>\u00a0obtenido por los agricultores en la campa\u00f1a previa.<\/li>\n<\/ol>\n<p>Actualmente, el cultivo se encuentra en los estadios fenol\u00f3gicos que van desde V2 hasta V5 (de 2 a 5 hojas totalmente expandidas). Sin embargo, el SIBER report\u00f3 que, si bien se realizaron las fertilizaciones nitrogenadas, la\u00a0<b>escasez de precipitaciones<\/b>\u00a0en algunos sectores ha impedido una adecuada incorporaci\u00f3n del nitr\u00f3geno en la cama de siembra.<\/p>\n","protected":false},"excerpt":{"rendered":"<p>El ma\u00edz de primera registra un crecimiento interanual del 50% en \u00e1rea sembrada, mientras que el girasol reporta p\u00e9rdidas parciales&hellip;<\/p>\n","protected":false},"author":3,"featured_media":20800,"comment_status":"open","ping_status":"open","sticky":false,"template":"","format":"standard","meta":{"footnotes":""},"categories":[5,2,1],"tags":[240,66],"class_list":["post-20799","post","type-post","status-publish","format-standard","has-post-thumbnail","hentry","category-actualidad","category-agro","category-blog","tag-girasol","tag-maiz"],"aioseo_notices":[],"aioseo_head":"\n\t\t<!-- All in One SEO 5.0.1.1 - aioseo.com -->\n\t<meta name=\"description\" content=\"El ma\u00edz de primera registra un crecimiento interanual del 50% en \u00e1rea sembrada, mientras que el girasol reporta p\u00e9rdidas parciales por excesos h\u00eddricos y bajas temperaturas. La provincia de Entre R\u00edos dio por finalizada la siembra de los cultivos de ma\u00edz de primera y girasol, correspondientes a la campa\u00f1a 2025\/26, seg\u00fan el \u00faltimo informe del Sistema de\" \/>\n\t<meta name=\"robots\" content=\"max-image-preview:large\" \/>\n\t<meta name=\"author\" content=\"Gustavo Werner\"\/>\n\t<link rel=\"canonical\" href=\"https:\/\/loboproduccionesaudiovisuales.ar\/?p=20799\" \/>\n\t<meta name=\"generator\" content=\"All in One SEO (AIOSEO) 5.0.1.1\" \/>\n\t\t<meta property=\"og:locale\" content=\"es_ES\" \/>\n\t\t<meta property=\"og:site_name\" content=\"LOBO PRODUCCIONES AUDIOVISUALES - Sitio digital de noticias agroindustriales\" \/>\n\t\t<meta property=\"og:type\" content=\"article\" \/>\n\t\t<meta property=\"og:title\" content=\"Finaliz\u00f3 la siembra de ma\u00edz y girasol en Entre R\u00edos - LOBO PRODUCCIONES AUDIOVISUALES\" \/>\n\t\t<meta property=\"og:description\" content=\"El ma\u00edz de primera registra un crecimiento interanual del 50% en \u00e1rea sembrada, mientras que el girasol reporta p\u00e9rdidas parciales por excesos h\u00eddricos y bajas temperaturas. La provincia de Entre R\u00edos dio por finalizada la siembra de los cultivos de ma\u00edz de primera y girasol, correspondientes a la campa\u00f1a 2025\/26, seg\u00fan el \u00faltimo informe del Sistema de\" \/>\n\t\t<meta property=\"og:url\" content=\"https:\/\/loboproduccionesaudiovisuales.ar\/?p=20799\" \/>\n\t\t<meta property=\"og:image\" content=\"https:\/\/loboproduccionesaudiovisuales.ar\/wp-content\/uploads\/2023\/07\/LPA-web.jpg\" \/>\n\t\t<meta property=\"og:image:secure_url\" content=\"https:\/\/loboproduccionesaudiovisuales.ar\/wp-content\/uploads\/2023\/07\/LPA-web.jpg\" \/>\n\t\t<meta property=\"article:published_time\" content=\"2025-10-14T19:33:04+00:00\" \/>\n\t\t<meta property=\"article:modified_time\" content=\"2025-10-14T19:33:04+00:00\" \/>\n\t\t<meta name=\"twitter:card\" content=\"summary_large_image\" \/>\n\t\t<meta name=\"twitter:title\" content=\"Finaliz\u00f3 la siembra de ma\u00edz y girasol en Entre R\u00edos - LOBO PRODUCCIONES AUDIOVISUALES\" \/>\n\t\t<meta name=\"twitter:description\" content=\"El ma\u00edz de primera registra un crecimiento interanual del 50% en \u00e1rea sembrada, mientras que el girasol reporta p\u00e9rdidas parciales por excesos h\u00eddricos y bajas temperaturas. La provincia de Entre R\u00edos dio por finalizada la siembra de los cultivos de ma\u00edz de primera y girasol, correspondientes a la campa\u00f1a 2025\/26, seg\u00fan el \u00faltimo informe del Sistema de\" \/>\n\t\t<meta name=\"twitter:image\" content=\"https:\/\/loboproduccionesaudiovisuales.ar\/wp-content\/uploads\/2023\/07\/LPA-web.jpg\" \/>\n\t\t<script type=\"application\/ld+json\" class=\"aioseo-schema\">\n\t\t\t{\"@context\":\"https:\\\/\\\/schema.org\",\"@graph\":[{\"@type\":\"BlogPosting\",\"@id\":\"https:\\\/\\\/loboproduccionesaudiovisuales.ar\\\/?p=20799#blogposting\",\"name\":\"Finaliz\\u00f3 la siembra de ma\\u00edz y girasol en Entre R\\u00edos - LOBO PRODUCCIONES AUDIOVISUALES\",\"headline\":\"Finaliz\\u00f3 la siembra de ma\\u00edz y girasol en Entre R\\u00edos\",\"author\":{\"@id\":\"https:\\\/\\\/loboproduccionesaudiovisuales.ar\\\/?author=3#author\"},\"publisher\":{\"@id\":\"https:\\\/\\\/loboproduccionesaudiovisuales.ar\\\/#organization\"},\"image\":{\"@type\":\"ImageObject\",\"url\":\"https:\\\/\\\/loboproduccionesaudiovisuales.ar\\\/wp-content\\\/uploads\\\/2025\\\/10\\\/en-huesca-se-cultiva-la-mayor-parte-del-maiz-aragones-en-torno-al-78-de-la-superficie-696x522-1.jpeg\",\"width\":696,\"height\":522},\"datePublished\":\"2025-10-14T16:33:04-03:00\",\"dateModified\":\"2025-10-14T16:33:04-03:00\",\"inLanguage\":\"es-AR\",\"mainEntityOfPage\":{\"@id\":\"https:\\\/\\\/loboproduccionesaudiovisuales.ar\\\/?p=20799#webpage\"},\"isPartOf\":{\"@id\":\"https:\\\/\\\/loboproduccionesaudiovisuales.ar\\\/?p=20799#webpage\"},\"articleSection\":\"ACTUALIDAD, AGRO, Blog, girasol, ma\\u00edz\"},{\"@type\":\"BreadcrumbList\",\"@id\":\"https:\\\/\\\/loboproduccionesaudiovisuales.ar\\\/?p=20799#breadcrumblist\",\"itemListElement\":[{\"@type\":\"ListItem\",\"@id\":\"https:\\\/\\\/loboproduccionesaudiovisuales.ar#listItem\",\"position\":1,\"name\":\"Home\",\"item\":\"https:\\\/\\\/loboproduccionesaudiovisuales.ar\",\"nextItem\":{\"@type\":\"ListItem\",\"@id\":\"https:\\\/\\\/loboproduccionesaudiovisuales.ar\\\/?cat=1#listItem\",\"name\":\"Blog\"}},{\"@type\":\"ListItem\",\"@id\":\"https:\\\/\\\/loboproduccionesaudiovisuales.ar\\\/?cat=1#listItem\",\"position\":2,\"name\":\"Blog\",\"item\":\"https:\\\/\\\/loboproduccionesaudiovisuales.ar\\\/?cat=1\",\"nextItem\":{\"@type\":\"ListItem\",\"@id\":\"https:\\\/\\\/loboproduccionesaudiovisuales.ar\\\/?p=20799#listItem\",\"name\":\"Finaliz\\u00f3 la siembra de ma\\u00edz y girasol en Entre R\\u00edos\"},\"previousItem\":{\"@type\":\"ListItem\",\"@id\":\"https:\\\/\\\/loboproduccionesaudiovisuales.ar#listItem\",\"name\":\"Home\"}},{\"@type\":\"ListItem\",\"@id\":\"https:\\\/\\\/loboproduccionesaudiovisuales.ar\\\/?p=20799#listItem\",\"position\":3,\"name\":\"Finaliz\\u00f3 la siembra de ma\\u00edz y girasol en Entre R\\u00edos\",\"previousItem\":{\"@type\":\"ListItem\",\"@id\":\"https:\\\/\\\/loboproduccionesaudiovisuales.ar\\\/?cat=1#listItem\",\"name\":\"Blog\"}}]},{\"@type\":\"Organization\",\"@id\":\"https:\\\/\\\/loboproduccionesaudiovisuales.ar\\\/#organization\",\"name\":\"loboproduccionesaudiovisuales.ar\",\"description\":\"Sitio digital de noticias agroindustriales\",\"url\":\"https:\\\/\\\/loboproduccionesaudiovisuales.ar\\\/\",\"logo\":{\"@type\":\"ImageObject\",\"url\":\"https:\\\/\\\/loboproduccionesaudiovisuales.ar\\\/wp-content\\\/uploads\\\/2023\\\/07\\\/LPA-web.jpg\",\"@id\":\"https:\\\/\\\/loboproduccionesaudiovisuales.ar\\\/?p=20799\\\/#organizationLogo\",\"width\":500,\"height\":144},\"image\":{\"@id\":\"https:\\\/\\\/loboproduccionesaudiovisuales.ar\\\/?p=20799\\\/#organizationLogo\"}},{\"@type\":\"Person\",\"@id\":\"https:\\\/\\\/loboproduccionesaudiovisuales.ar\\\/?author=3#author\",\"url\":\"https:\\\/\\\/loboproduccionesaudiovisuales.ar\\\/?author=3\",\"name\":\"Gustavo Werner\",\"image\":{\"@type\":\"ImageObject\",\"@id\":\"https:\\\/\\\/loboproduccionesaudiovisuales.ar\\\/?p=20799#authorImage\",\"url\":\"https:\\\/\\\/loboproduccionesaudiovisuales.ar\\\/wp-content\\\/litespeed\\\/avatar\\\/de09dfb254ecca8d89a27b1f284fdb4d.jpg?ver=1788575391\",\"width\":96,\"height\":96,\"caption\":\"Gustavo Werner\"}},{\"@type\":\"WebPage\",\"@id\":\"https:\\\/\\\/loboproduccionesaudiovisuales.ar\\\/?p=20799#webpage\",\"url\":\"https:\\\/\\\/loboproduccionesaudiovisuales.ar\\\/?p=20799\",\"name\":\"Finaliz\\u00f3 la siembra de ma\\u00edz y girasol en Entre R\\u00edos - LOBO PRODUCCIONES AUDIOVISUALES\",\"description\":\"El ma\\u00edz de primera registra un crecimiento interanual del 50% en \\u00e1rea sembrada, mientras que el girasol reporta p\\u00e9rdidas parciales por excesos h\\u00eddricos y bajas temperaturas. La provincia de Entre R\\u00edos dio por finalizada la siembra de los cultivos de ma\\u00edz de primera y girasol, correspondientes a la campa\\u00f1a 2025\\\/26, seg\\u00fan el \\u00faltimo informe del Sistema de\",\"inLanguage\":\"es-AR\",\"isPartOf\":{\"@id\":\"https:\\\/\\\/loboproduccionesaudiovisuales.ar\\\/#website\"},\"breadcrumb\":{\"@id\":\"https:\\\/\\\/loboproduccionesaudiovisuales.ar\\\/?p=20799#breadcrumblist\"},\"author\":{\"@id\":\"https:\\\/\\\/loboproduccionesaudiovisuales.ar\\\/?author=3#author\"},\"creator\":{\"@id\":\"https:\\\/\\\/loboproduccionesaudiovisuales.ar\\\/?author=3#author\"},\"image\":{\"@type\":\"ImageObject\",\"url\":\"https:\\\/\\\/loboproduccionesaudiovisuales.ar\\\/wp-content\\\/uploads\\\/2025\\\/10\\\/en-huesca-se-cultiva-la-mayor-parte-del-maiz-aragones-en-torno-al-78-de-la-superficie-696x522-1.jpeg\",\"@id\":\"https:\\\/\\\/loboproduccionesaudiovisuales.ar\\\/?p=20799\\\/#mainImage\",\"width\":696,\"height\":522},\"primaryImageOfPage\":{\"@id\":\"https:\\\/\\\/loboproduccionesaudiovisuales.ar\\\/?p=20799#mainImage\"},\"datePublished\":\"2025-10-14T16:33:04-03:00\",\"dateModified\":\"2025-10-14T16:33:04-03:00\"},{\"@type\":\"WebSite\",\"@id\":\"https:\\\/\\\/loboproduccionesaudiovisuales.ar\\\/#website\",\"url\":\"https:\\\/\\\/loboproduccionesaudiovisuales.ar\\\/\",\"name\":\"loboproduccionesaudiovisuales.ar\",\"alternateName\":\"Lobo Producciones\",\"description\":\"Sitio digital de noticias agroindustriales\",\"inLanguage\":\"es-AR\",\"publisher\":{\"@id\":\"https:\\\/\\\/loboproduccionesaudiovisuales.ar\\\/#organization\"}}]}\n\t\t<\/script>\n\t\t<!-- All in One SEO -->\n\n","aioseo_head_json":{"title":"Finaliz\u00f3 la siembra de ma\u00edz y girasol en Entre R\u00edos - LOBO PRODUCCIONES AUDIOVISUALES","description":"El ma\u00edz de primera registra un crecimiento interanual del 50% en \u00e1rea sembrada, mientras que el girasol reporta p\u00e9rdidas parciales por excesos h\u00eddricos y bajas temperaturas. La provincia de Entre R\u00edos dio por finalizada la siembra de los cultivos de ma\u00edz de primera y girasol, correspondientes a la campa\u00f1a 2025\/26, seg\u00fan el \u00faltimo informe del Sistema de","canonical_url":"https:\/\/loboproduccionesaudiovisuales.ar\/?p=20799","robots":"max-image-preview:large","keywords":"","webmasterTools":{"miscellaneous":""},"schema":{"@context":"https:\/\/schema.org","@graph":[{"@type":"BlogPosting","@id":"https:\/\/loboproduccionesaudiovisuales.ar\/?p=20799#blogposting","name":"Finaliz\u00f3 la siembra de ma\u00edz y girasol en Entre R\u00edos - LOBO PRODUCCIONES AUDIOVISUALES","headline":"Finaliz\u00f3 la siembra de ma\u00edz y girasol en Entre R\u00edos","author":{"@id":"https:\/\/loboproduccionesaudiovisuales.ar\/?author=3#author"},"publisher":{"@id":"https:\/\/loboproduccionesaudiovisuales.ar\/#organization"},"image":{"@type":"ImageObject","url":"https:\/\/loboproduccionesaudiovisuales.ar\/wp-content\/uploads\/2025\/10\/en-huesca-se-cultiva-la-mayor-parte-del-maiz-aragones-en-torno-al-78-de-la-superficie-696x522-1.jpeg","width":696,"height":522},"datePublished":"2025-10-14T16:33:04-03:00","dateModified":"2025-10-14T16:33:04-03:00","inLanguage":"es-AR","mainEntityOfPage":{"@id":"https:\/\/loboproduccionesaudiovisuales.ar\/?p=20799#webpage"},"isPartOf":{"@id":"https:\/\/loboproduccionesaudiovisuales.ar\/?p=20799#webpage"},"articleSection":"ACTUALIDAD, AGRO, Blog, girasol, ma\u00edz"},{"@type":"BreadcrumbList","@id":"https:\/\/loboproduccionesaudiovisuales.ar\/?p=20799#breadcrumblist","itemListElement":[{"@type":"ListItem","@id":"https:\/\/loboproduccionesaudiovisuales.ar#listItem","position":1,"name":"Home","item":"https:\/\/loboproduccionesaudiovisuales.ar","nextItem":{"@type":"ListItem","@id":"https:\/\/loboproduccionesaudiovisuales.ar\/?cat=1#listItem","name":"Blog"}},{"@type":"ListItem","@id":"https:\/\/loboproduccionesaudiovisuales.ar\/?cat=1#listItem","position":2,"name":"Blog","item":"https:\/\/loboproduccionesaudiovisuales.ar\/?cat=1","nextItem":{"@type":"ListItem","@id":"https:\/\/loboproduccionesaudiovisuales.ar\/?p=20799#listItem","name":"Finaliz\u00f3 la siembra de ma\u00edz y girasol en Entre R\u00edos"},"previousItem":{"@type":"ListItem","@id":"https:\/\/loboproduccionesaudiovisuales.ar#listItem","name":"Home"}},{"@type":"ListItem","@id":"https:\/\/loboproduccionesaudiovisuales.ar\/?p=20799#listItem","position":3,"name":"Finaliz\u00f3 la siembra de ma\u00edz y girasol en Entre R\u00edos","previousItem":{"@type":"ListItem","@id":"https:\/\/loboproduccionesaudiovisuales.ar\/?cat=1#listItem","name":"Blog"}}]},{"@type":"Organization","@id":"https:\/\/loboproduccionesaudiovisuales.ar\/#organization","name":"loboproduccionesaudiovisuales.ar","description":"Sitio digital de noticias agroindustriales","url":"https:\/\/loboproduccionesaudiovisuales.ar\/","logo":{"@type":"ImageObject","url":"https:\/\/loboproduccionesaudiovisuales.ar\/wp-content\/uploads\/2023\/07\/LPA-web.jpg","@id":"https:\/\/loboproduccionesaudiovisuales.ar\/?p=20799\/#organizationLogo","width":500,"height":144},"image":{"@id":"https:\/\/loboproduccionesaudiovisuales.ar\/?p=20799\/#organizationLogo"}},{"@type":"Person","@id":"https:\/\/loboproduccionesaudiovisuales.ar\/?author=3#author","url":"https:\/\/loboproduccionesaudiovisuales.ar\/?author=3","name":"Gustavo Werner","image":{"@type":"ImageObject","@id":"https:\/\/loboproduccionesaudiovisuales.ar\/?p=20799#authorImage","url":"https:\/\/loboproduccionesaudiovisuales.ar\/wp-content\/litespeed\/avatar\/de09dfb254ecca8d89a27b1f284fdb4d.jpg?ver=1788575391","width":96,"height":96,"caption":"Gustavo Werner"}},{"@type":"WebPage","@id":"https:\/\/loboproduccionesaudiovisuales.ar\/?p=20799#webpage","url":"https:\/\/loboproduccionesaudiovisuales.ar\/?p=20799","name":"Finaliz\u00f3 la siembra de ma\u00edz y girasol en Entre R\u00edos - LOBO PRODUCCIONES AUDIOVISUALES","description":"El ma\u00edz de primera registra un crecimiento interanual del 50% en \u00e1rea sembrada, mientras que el girasol reporta p\u00e9rdidas parciales por excesos h\u00eddricos y bajas temperaturas. La provincia de Entre R\u00edos dio por finalizada la siembra de los cultivos de ma\u00edz de primera y girasol, correspondientes a la campa\u00f1a 2025\/26, seg\u00fan el \u00faltimo informe del Sistema de","inLanguage":"es-AR","isPartOf":{"@id":"https:\/\/loboproduccionesaudiovisuales.ar\/#website"},"breadcrumb":{"@id":"https:\/\/loboproduccionesaudiovisuales.ar\/?p=20799#breadcrumblist"},"author":{"@id":"https:\/\/loboproduccionesaudiovisuales.ar\/?author=3#author"},"creator":{"@id":"https:\/\/loboproduccionesaudiovisuales.ar\/?author=3#author"},"image":{"@type":"ImageObject","url":"https:\/\/loboproduccionesaudiovisuales.ar\/wp-content\/uploads\/2025\/10\/en-huesca-se-cultiva-la-mayor-parte-del-maiz-aragones-en-torno-al-78-de-la-superficie-696x522-1.jpeg","@id":"https:\/\/loboproduccionesaudiovisuales.ar\/?p=20799\/#mainImage","width":696,"height":522},"primaryImageOfPage":{"@id":"https:\/\/loboproduccionesaudiovisuales.ar\/?p=20799#mainImage"},"datePublished":"2025-10-14T16:33:04-03:00","dateModified":"2025-10-14T16:33:04-03:00"},{"@type":"WebSite","@id":"https:\/\/loboproduccionesaudiovisuales.ar\/#website","url":"https:\/\/loboproduccionesaudiovisuales.ar\/","name":"loboproduccionesaudiovisuales.ar","alternateName":"Lobo Producciones","description":"Sitio digital de noticias agroindustriales","inLanguage":"es-AR","publisher":{"@id":"https:\/\/loboproduccionesaudiovisuales.ar\/#organization"}}]},"og:locale":"es_ES","og:site_name":"LOBO PRODUCCIONES AUDIOVISUALES - Sitio digital de noticias agroindustriales","og:type":"article","og:title":"Finaliz\u00f3 la siembra de ma\u00edz y girasol en Entre R\u00edos - LOBO PRODUCCIONES AUDIOVISUALES","og:description":"El ma\u00edz de primera registra un crecimiento interanual del 50% en \u00e1rea sembrada, mientras que el girasol reporta p\u00e9rdidas parciales por excesos h\u00eddricos y bajas temperaturas. La provincia de Entre R\u00edos dio por finalizada la siembra de los cultivos de ma\u00edz de primera y girasol, correspondientes a la campa\u00f1a 2025\/26, seg\u00fan el \u00faltimo informe del Sistema de","og:url":"https:\/\/loboproduccionesaudiovisuales.ar\/?p=20799","og:image":"https:\/\/loboproduccionesaudiovisuales.ar\/wp-content\/uploads\/2023\/07\/LPA-web.jpg","og:image:secure_url":"https:\/\/loboproduccionesaudiovisuales.ar\/wp-content\/uploads\/2023\/07\/LPA-web.jpg","article:published_time":"2025-10-14T19:33:04+00:00","article:modified_time":"2025-10-14T19:33:04+00:00","twitter:card":"summary_large_image","twitter:title":"Finaliz\u00f3 la siembra de ma\u00edz y girasol en Entre R\u00edos - LOBO PRODUCCIONES AUDIOVISUALES","twitter:description":"El ma\u00edz de primera registra un crecimiento interanual del 50% en \u00e1rea sembrada, mientras que el girasol reporta p\u00e9rdidas parciales por excesos h\u00eddricos y bajas temperaturas. La provincia de Entre R\u00edos dio por finalizada la siembra de los cultivos de ma\u00edz de primera y girasol, correspondientes a la campa\u00f1a 2025\/26, seg\u00fan el \u00faltimo informe del Sistema de","twitter:image":"https:\/\/loboproduccionesaudiovisuales.ar\/wp-content\/uploads\/2023\/07\/LPA-web.jpg"},"aioseo_meta_data":{"post_id":"20799","title":null,"description":null,"keywords":null,"keyphrases":{"focus":{"keyphrase":"","score":0,"analysis":{"keyphraseInTitle":{"score":0,"maxScore":9,"error":1}}},"additional":[]},"primary_term":null,"canonical_url":null,"og_title":null,"og_description":null,"og_object_type":"default","og_image_type":"default","og_image_url":null,"og_image_width":null,"og_image_height":null,"og_image_custom_url":null,"og_image_custom_fields":null,"og_video":"","og_custom_url":null,"og_article_section":null,"og_article_tags":null,"twitter_use_og":false,"twitter_card":"default","twitter_image_type":"default","twitter_image_url":null,"twitter_image_custom_url":null,"twitter_image_custom_fields":null,"twitter_title":null,"twitter_description":null,"schema":{"blockGraphs":[],"customGraphs":[],"default":{"data":{"Article":[],"Course":[],"Dataset":[],"FAQPage":[],"Movie":[],"Person":[],"Product":[],"ProductReview":[],"Car":[],"Recipe":[],"Service":[],"SoftwareApplication":[],"WebPage":[]},"graphName":"BlogPosting","isEnabled":true},"graphs":[]},"schema_type":"default","schema_type_options":null,"pillar_content":false,"robots_default":true,"robots_noindex":false,"robots_noarchive":false,"robots_nosnippet":false,"robots_nofollow":false,"robots_noimageindex":false,"robots_noodp":false,"robots_notranslate":false,"robots_max_snippet":"-1","robots_max_videopreview":"-1","robots_max_imagepreview":"large","priority":null,"frequency":"default","local_seo":null,"breadcrumb_settings":null,"limit_modified_date":false,"ai":{"faqs":[],"keyPoints":[],"titles":[],"descriptions":[],"socialPosts":{"email":[],"linkedin":[],"twitter":[],"facebook":[],"instagram":[]}},"created":"2025-10-14 19:33:04","updated":"2025-10-14 19:33:38","seo_analyzer_scan_date":null,"focus_keyword":null,"additional_keywords":null,"truseo_locale":null},"aioseo_breadcrumb":"<div class=\"aioseo-breadcrumbs\"><span class=\"aioseo-breadcrumb\">\n\t\t\t<a href=\"https:\/\/loboproduccionesaudiovisuales.ar\" title=\"Home\">Home<\/a>\n\t\t<\/span><span class=\"aioseo-breadcrumb-separator\">&raquo;<\/span><span class=\"aioseo-breadcrumb\">\n\t\t\t<a href=\"https:\/\/loboproduccionesaudiovisuales.ar\/?cat=1\" title=\"Blog\">Blog<\/a>\n\t\t<\/span><span class=\"aioseo-breadcrumb-separator\">&raquo;<\/span><span class=\"aioseo-breadcrumb\">\n\t\t\tFinaliz\u00f3 la siembra de ma\u00edz y girasol en Entre R\u00edos\n\t\t<\/span><\/div>","aioseo_breadcrumb_json":[{"label":"Home","link":"https:\/\/loboproduccionesaudiovisuales.ar"},{"label":"Blog","link":"https:\/\/loboproduccionesaudiovisuales.ar\/?cat=1"},{"label":"Finaliz\u00f3 la siembra de ma\u00edz y girasol en Entre R\u00edos","link":"https:\/\/loboproduccionesaudiovisuales.ar\/?p=20799"}],"_links":{"self":[{"href":"https:\/\/loboproduccionesaudiovisuales.ar\/index.php?rest_route=\/wp\/v2\/posts\/20799","targetHints":{"allow":["GET"]}}],"collection":[{"href":"https:\/\/loboproduccionesaudiovisuales.ar\/index.php?rest_route=\/wp\/v2\/posts"}],"about":[{"href":"https:\/\/loboproduccionesaudiovisuales.ar\/index.php?rest_route=\/wp\/v2\/types\/post"}],"author":[{"embeddable":true,"href":"https:\/\/loboproduccionesaudiovisuales.ar\/index.php?rest_route=\/wp\/v2\/users\/3"}],"replies":[{"embeddable":true,"href":"https:\/\/loboproduccionesaudiovisuales.ar\/index.php?rest_route=%2Fwp%2Fv2%2Fcomments&post=20799"}],"version-history":[{"count":1,"href":"https:\/\/loboproduccionesaudiovisuales.ar\/index.php?rest_route=\/wp\/v2\/posts\/20799\/revisions"}],"predecessor-version":[{"id":20801,"href":"https:\/\/loboproduccionesaudiovisuales.ar\/index.php?rest_route=\/wp\/v2\/posts\/20799\/revisions\/20801"}],"wp:featuredmedia":[{"embeddable":true,"href":"https:\/\/loboproduccionesaudiovisuales.ar\/index.php?rest_route=\/wp\/v2\/media\/20800"}],"wp:attachment":[{"href":"https:\/\/loboproduccionesaudiovisuales.ar\/index.php?rest_route=%2Fwp%2Fv2%2Fmedia&parent=20799"}],"wp:term":[{"taxonomy":"category","embeddable":true,"href":"https:\/\/loboproduccionesaudiovisuales.ar\/index.php?rest_route=%2Fwp%2Fv2%2Fcategories&post=20799"},{"taxonomy":"post_tag","embeddable":true,"href":"https:\/\/loboproduccionesaudiovisuales.ar\/index.php?rest_route=%2Fwp%2Fv2%2Ftags&post=20799"}],"curies":[{"name":"wp","href":"https:\/\/api.w.org\/{rel}","templated":true}]}}