{"id":20581,"date":"2025-09-17T18:03:54","date_gmt":"2025-09-17T21:03:54","guid":{"rendered":"https:\/\/loboproduccionesaudiovisuales.ar\/?p=20581"},"modified":"2025-09-17T18:03:54","modified_gmt":"2025-09-17T21:03:54","slug":"juan-balbi-se-reunio-con-el-grupo-unidos-por-el-agro","status":"publish","type":"post","link":"https:\/\/loboproduccionesaudiovisuales.ar\/?p=20581","title":{"rendered":"Juan Balbi se reuni\u00f3 con el grupo \u201cUnidos por el agro\u201d"},"content":{"rendered":"<p><strong>El pasado 4 de septiembre, en Don Crist\u00f3bal Segunda, el grupo juvenil de COOPAR \u201cUnidos por el Agro\u201d, coordinado por el Ing. Agr\u00f3nomo Sergio Fettolini y Natalia Herman, mantuvo un encuentro con el vicepresidente del Consejo de Administraci\u00f3n de la cooperativa, Sr. Juan Adolfo Balbi.<\/strong><\/p>\n<p>&nbsp;<\/p>\n<p>Balbi, quien adem\u00e1s preside la Confederaci\u00f3n de Cooperativas Agropecuarias de Entre R\u00edos (CAFER) y fue anteriormente presidente de COOPAR, comparti\u00f3 con los j\u00f3venes su experiencia en la conducci\u00f3n cooperativa. Durante la reuni\u00f3n, respondi\u00f3 inquietudes vinculadas a la representaci\u00f3n institucional y destac\u00f3 la importancia de la participaci\u00f3n activa en distintas entidades del sector.<\/p>\n<p>&nbsp;<\/p>\n<p>Asimismo, realiz\u00f3 un repaso hist\u00f3rico de la vida institucional de COOPAR, explic\u00f3 los distintos tipos de cooperativas existentes y aport\u00f3 su visi\u00f3n sobre los desaf\u00edos actuales del cooperativismo. El dirigente, productor mixto de reconocida trayectoria, transmiti\u00f3 a los integrantes del grupo la relevancia de formarse y comprometerse con la vida cooperativa.<\/p>\n<p>&nbsp;<\/p>\n","protected":false},"excerpt":{"rendered":"<p>El pasado 4 de septiembre, en Don Crist\u00f3bal Segunda, el grupo juvenil de COOPAR \u201cUnidos por el Agro\u201d, coordinado por&hellip;<\/p>\n","protected":false},"author":3,"featured_media":20582,"comment_status":"open","ping_status":"open","sticky":false,"template":"","format":"standard","meta":{"footnotes":""},"categories":[5,2,1,248,128,119,113],"tags":[214],"class_list":["post-20581","post","type-post","status-publish","format-standard","has-post-thumbnail","hentry","category-actualidad","category-agro","category-blog","category-cooperativismo","category-entre-rios","category-institucionales","category-region","tag-coopar"],"aioseo_notices":[],"aioseo_head":"\n\t\t<!-- All in One SEO 5.0.1.1 - aioseo.com -->\n\t<meta name=\"description\" content=\"El pasado 4 de septiembre, en Don Crist\u00f3bal Segunda, el grupo juvenil de COOPAR \u201cUnidos por el Agro\u201d, coordinado por el Ing. Agr\u00f3nomo Sergio Fettolini y Natalia Herman, mantuvo un encuentro con el vicepresidente del Consejo de Administraci\u00f3n de la cooperativa, Sr. Juan Adolfo Balbi. Balbi, quien adem\u00e1s preside la Confederaci\u00f3n de Cooperativas Agropecuarias\" \/>\n\t<meta name=\"robots\" content=\"max-image-preview:large\" \/>\n\t<meta name=\"author\" content=\"Gustavo Werner\"\/>\n\t<link rel=\"canonical\" href=\"https:\/\/loboproduccionesaudiovisuales.ar\/?p=20581\" \/>\n\t<meta name=\"generator\" content=\"All in One SEO (AIOSEO) 5.0.1.1\" \/>\n\t\t<meta property=\"og:locale\" content=\"es_ES\" \/>\n\t\t<meta property=\"og:site_name\" content=\"LOBO PRODUCCIONES AUDIOVISUALES - Sitio digital de noticias agroindustriales\" \/>\n\t\t<meta property=\"og:type\" content=\"article\" \/>\n\t\t<meta property=\"og:title\" content=\"Juan Balbi se reuni\u00f3 con el grupo \u201cUnidos por el agro\u201d - LOBO PRODUCCIONES AUDIOVISUALES\" \/>\n\t\t<meta property=\"og:description\" content=\"El pasado 4 de septiembre, en Don Crist\u00f3bal Segunda, el grupo juvenil de COOPAR \u201cUnidos por el Agro\u201d, coordinado por el Ing. Agr\u00f3nomo Sergio Fettolini y Natalia Herman, mantuvo un encuentro con el vicepresidente del Consejo de Administraci\u00f3n de la cooperativa, Sr. Juan Adolfo Balbi. Balbi, quien adem\u00e1s preside la Confederaci\u00f3n de Cooperativas Agropecuarias\" \/>\n\t\t<meta property=\"og:url\" content=\"https:\/\/loboproduccionesaudiovisuales.ar\/?p=20581\" \/>\n\t\t<meta property=\"og:image\" content=\"https:\/\/loboproduccionesaudiovisuales.ar\/wp-content\/uploads\/2023\/07\/LPA-web.jpg\" \/>\n\t\t<meta property=\"og:image:secure_url\" content=\"https:\/\/loboproduccionesaudiovisuales.ar\/wp-content\/uploads\/2023\/07\/LPA-web.jpg\" \/>\n\t\t<meta property=\"article:published_time\" content=\"2025-09-17T21:03:54+00:00\" \/>\n\t\t<meta property=\"article:modified_time\" content=\"2025-09-17T21:03:54+00:00\" \/>\n\t\t<meta name=\"twitter:card\" content=\"summary_large_image\" \/>\n\t\t<meta name=\"twitter:title\" content=\"Juan Balbi se reuni\u00f3 con el grupo \u201cUnidos por el agro\u201d - LOBO PRODUCCIONES AUDIOVISUALES\" \/>\n\t\t<meta name=\"twitter:description\" content=\"El pasado 4 de septiembre, en Don Crist\u00f3bal Segunda, el grupo juvenil de COOPAR \u201cUnidos por el Agro\u201d, coordinado por el Ing. Agr\u00f3nomo Sergio Fettolini y Natalia Herman, mantuvo un encuentro con el vicepresidente del Consejo de Administraci\u00f3n de la cooperativa, Sr. Juan Adolfo Balbi. Balbi, quien adem\u00e1s preside la Confederaci\u00f3n de Cooperativas Agropecuarias\" \/>\n\t\t<meta name=\"twitter:image\" content=\"https:\/\/loboproduccionesaudiovisuales.ar\/wp-content\/uploads\/2023\/07\/LPA-web.jpg\" \/>\n\t\t<script type=\"application\/ld+json\" class=\"aioseo-schema\">\n\t\t\t{\"@context\":\"https:\\\/\\\/schema.org\",\"@graph\":[{\"@type\":\"BlogPosting\",\"@id\":\"https:\\\/\\\/loboproduccionesaudiovisuales.ar\\\/?p=20581#blogposting\",\"name\":\"Juan Balbi se reuni\\u00f3 con el grupo \\u201cUnidos por el agro\\u201d - LOBO PRODUCCIONES AUDIOVISUALES\",\"headline\":\"Juan Balbi se reuni\\u00f3 con el grupo \\u201cUnidos por el agro\\u201d\",\"author\":{\"@id\":\"https:\\\/\\\/loboproduccionesaudiovisuales.ar\\\/?author=3#author\"},\"publisher\":{\"@id\":\"https:\\\/\\\/loboproduccionesaudiovisuales.ar\\\/#organization\"},\"image\":{\"@type\":\"ImageObject\",\"url\":\"https:\\\/\\\/loboproduccionesaudiovisuales.ar\\\/wp-content\\\/uploads\\\/2025\\\/09\\\/1.jpg\",\"width\":1280,\"height\":960},\"datePublished\":\"2025-09-17T18:03:54-03:00\",\"dateModified\":\"2025-09-17T18:03:54-03:00\",\"inLanguage\":\"es-AR\",\"mainEntityOfPage\":{\"@id\":\"https:\\\/\\\/loboproduccionesaudiovisuales.ar\\\/?p=20581#webpage\"},\"isPartOf\":{\"@id\":\"https:\\\/\\\/loboproduccionesaudiovisuales.ar\\\/?p=20581#webpage\"},\"articleSection\":\"ACTUALIDAD, AGRO, Blog, COOPERATIVISMO, ENTRE RIOS, INSTITUCIONALES, REGIONALES, Coopar\"},{\"@type\":\"BreadcrumbList\",\"@id\":\"https:\\\/\\\/loboproduccionesaudiovisuales.ar\\\/?p=20581#breadcrumblist\",\"itemListElement\":[{\"@type\":\"ListItem\",\"@id\":\"https:\\\/\\\/loboproduccionesaudiovisuales.ar#listItem\",\"position\":1,\"name\":\"Home\",\"item\":\"https:\\\/\\\/loboproduccionesaudiovisuales.ar\",\"nextItem\":{\"@type\":\"ListItem\",\"@id\":\"https:\\\/\\\/loboproduccionesaudiovisuales.ar\\\/?cat=1#listItem\",\"name\":\"Blog\"}},{\"@type\":\"ListItem\",\"@id\":\"https:\\\/\\\/loboproduccionesaudiovisuales.ar\\\/?cat=1#listItem\",\"position\":2,\"name\":\"Blog\",\"item\":\"https:\\\/\\\/loboproduccionesaudiovisuales.ar\\\/?cat=1\",\"nextItem\":{\"@type\":\"ListItem\",\"@id\":\"https:\\\/\\\/loboproduccionesaudiovisuales.ar\\\/?p=20581#listItem\",\"name\":\"Juan Balbi se reuni\\u00f3 con el grupo \\u201cUnidos por el agro\\u201d\"},\"previousItem\":{\"@type\":\"ListItem\",\"@id\":\"https:\\\/\\\/loboproduccionesaudiovisuales.ar#listItem\",\"name\":\"Home\"}},{\"@type\":\"ListItem\",\"@id\":\"https:\\\/\\\/loboproduccionesaudiovisuales.ar\\\/?p=20581#listItem\",\"position\":3,\"name\":\"Juan Balbi se reuni\\u00f3 con el grupo \\u201cUnidos por el agro\\u201d\",\"previousItem\":{\"@type\":\"ListItem\",\"@id\":\"https:\\\/\\\/loboproduccionesaudiovisuales.ar\\\/?cat=1#listItem\",\"name\":\"Blog\"}}]},{\"@type\":\"Organization\",\"@id\":\"https:\\\/\\\/loboproduccionesaudiovisuales.ar\\\/#organization\",\"name\":\"loboproduccionesaudiovisuales.ar\",\"description\":\"Sitio digital de noticias agroindustriales\",\"url\":\"https:\\\/\\\/loboproduccionesaudiovisuales.ar\\\/\",\"logo\":{\"@type\":\"ImageObject\",\"url\":\"https:\\\/\\\/loboproduccionesaudiovisuales.ar\\\/wp-content\\\/uploads\\\/2023\\\/07\\\/LPA-web.jpg\",\"@id\":\"https:\\\/\\\/loboproduccionesaudiovisuales.ar\\\/?p=20581\\\/#organizationLogo\",\"width\":500,\"height\":144},\"image\":{\"@id\":\"https:\\\/\\\/loboproduccionesaudiovisuales.ar\\\/?p=20581\\\/#organizationLogo\"}},{\"@type\":\"Person\",\"@id\":\"https:\\\/\\\/loboproduccionesaudiovisuales.ar\\\/?author=3#author\",\"url\":\"https:\\\/\\\/loboproduccionesaudiovisuales.ar\\\/?author=3\",\"name\":\"Gustavo Werner\",\"image\":{\"@type\":\"ImageObject\",\"@id\":\"https:\\\/\\\/loboproduccionesaudiovisuales.ar\\\/?p=20581#authorImage\",\"url\":\"https:\\\/\\\/loboproduccionesaudiovisuales.ar\\\/wp-content\\\/litespeed\\\/avatar\\\/de09dfb254ecca8d89a27b1f284fdb4d.jpg?ver=1788575391\",\"width\":96,\"height\":96,\"caption\":\"Gustavo Werner\"}},{\"@type\":\"WebPage\",\"@id\":\"https:\\\/\\\/loboproduccionesaudiovisuales.ar\\\/?p=20581#webpage\",\"url\":\"https:\\\/\\\/loboproduccionesaudiovisuales.ar\\\/?p=20581\",\"name\":\"Juan Balbi se reuni\\u00f3 con el grupo \\u201cUnidos por el agro\\u201d - LOBO PRODUCCIONES AUDIOVISUALES\",\"description\":\"El pasado 4 de septiembre, en Don Crist\\u00f3bal Segunda, el grupo juvenil de COOPAR \\u201cUnidos por el Agro\\u201d, coordinado por el Ing. Agr\\u00f3nomo Sergio Fettolini y Natalia Herman, mantuvo un encuentro con el vicepresidente del Consejo de Administraci\\u00f3n de la cooperativa, Sr. Juan Adolfo Balbi. Balbi, quien adem\\u00e1s preside la Confederaci\\u00f3n de Cooperativas Agropecuarias\",\"inLanguage\":\"es-AR\",\"isPartOf\":{\"@id\":\"https:\\\/\\\/loboproduccionesaudiovisuales.ar\\\/#website\"},\"breadcrumb\":{\"@id\":\"https:\\\/\\\/loboproduccionesaudiovisuales.ar\\\/?p=20581#breadcrumblist\"},\"author\":{\"@id\":\"https:\\\/\\\/loboproduccionesaudiovisuales.ar\\\/?author=3#author\"},\"creator\":{\"@id\":\"https:\\\/\\\/loboproduccionesaudiovisuales.ar\\\/?author=3#author\"},\"image\":{\"@type\":\"ImageObject\",\"url\":\"https:\\\/\\\/loboproduccionesaudiovisuales.ar\\\/wp-content\\\/uploads\\\/2025\\\/09\\\/1.jpg\",\"@id\":\"https:\\\/\\\/loboproduccionesaudiovisuales.ar\\\/?p=20581\\\/#mainImage\",\"width\":1280,\"height\":960},\"primaryImageOfPage\":{\"@id\":\"https:\\\/\\\/loboproduccionesaudiovisuales.ar\\\/?p=20581#mainImage\"},\"datePublished\":\"2025-09-17T18:03:54-03:00\",\"dateModified\":\"2025-09-17T18:03:54-03:00\"},{\"@type\":\"WebSite\",\"@id\":\"https:\\\/\\\/loboproduccionesaudiovisuales.ar\\\/#website\",\"url\":\"https:\\\/\\\/loboproduccionesaudiovisuales.ar\\\/\",\"name\":\"loboproduccionesaudiovisuales.ar\",\"alternateName\":\"Lobo Producciones\",\"description\":\"Sitio digital de noticias agroindustriales\",\"inLanguage\":\"es-AR\",\"publisher\":{\"@id\":\"https:\\\/\\\/loboproduccionesaudiovisuales.ar\\\/#organization\"}}]}\n\t\t<\/script>\n\t\t<!-- All in One SEO -->\n\n","aioseo_head_json":{"title":"Juan Balbi se reuni\u00f3 con el grupo \u201cUnidos por el agro\u201d - LOBO PRODUCCIONES AUDIOVISUALES","description":"El pasado 4 de septiembre, en Don Crist\u00f3bal Segunda, el grupo juvenil de COOPAR \u201cUnidos por el Agro\u201d, coordinado por el Ing. Agr\u00f3nomo Sergio Fettolini y Natalia Herman, mantuvo un encuentro con el vicepresidente del Consejo de Administraci\u00f3n de la cooperativa, Sr. Juan Adolfo Balbi. Balbi, quien adem\u00e1s preside la Confederaci\u00f3n de Cooperativas Agropecuarias","canonical_url":"https:\/\/loboproduccionesaudiovisuales.ar\/?p=20581","robots":"max-image-preview:large","keywords":"","webmasterTools":{"miscellaneous":""},"schema":{"@context":"https:\/\/schema.org","@graph":[{"@type":"BlogPosting","@id":"https:\/\/loboproduccionesaudiovisuales.ar\/?p=20581#blogposting","name":"Juan Balbi se reuni\u00f3 con el grupo \u201cUnidos por el agro\u201d - LOBO PRODUCCIONES AUDIOVISUALES","headline":"Juan Balbi se reuni\u00f3 con el grupo \u201cUnidos por el agro\u201d","author":{"@id":"https:\/\/loboproduccionesaudiovisuales.ar\/?author=3#author"},"publisher":{"@id":"https:\/\/loboproduccionesaudiovisuales.ar\/#organization"},"image":{"@type":"ImageObject","url":"https:\/\/loboproduccionesaudiovisuales.ar\/wp-content\/uploads\/2025\/09\/1.jpg","width":1280,"height":960},"datePublished":"2025-09-17T18:03:54-03:00","dateModified":"2025-09-17T18:03:54-03:00","inLanguage":"es-AR","mainEntityOfPage":{"@id":"https:\/\/loboproduccionesaudiovisuales.ar\/?p=20581#webpage"},"isPartOf":{"@id":"https:\/\/loboproduccionesaudiovisuales.ar\/?p=20581#webpage"},"articleSection":"ACTUALIDAD, AGRO, Blog, COOPERATIVISMO, ENTRE RIOS, INSTITUCIONALES, REGIONALES, Coopar"},{"@type":"BreadcrumbList","@id":"https:\/\/loboproduccionesaudiovisuales.ar\/?p=20581#breadcrumblist","itemListElement":[{"@type":"ListItem","@id":"https:\/\/loboproduccionesaudiovisuales.ar#listItem","position":1,"name":"Home","item":"https:\/\/loboproduccionesaudiovisuales.ar","nextItem":{"@type":"ListItem","@id":"https:\/\/loboproduccionesaudiovisuales.ar\/?cat=1#listItem","name":"Blog"}},{"@type":"ListItem","@id":"https:\/\/loboproduccionesaudiovisuales.ar\/?cat=1#listItem","position":2,"name":"Blog","item":"https:\/\/loboproduccionesaudiovisuales.ar\/?cat=1","nextItem":{"@type":"ListItem","@id":"https:\/\/loboproduccionesaudiovisuales.ar\/?p=20581#listItem","name":"Juan Balbi se reuni\u00f3 con el grupo \u201cUnidos por el agro\u201d"},"previousItem":{"@type":"ListItem","@id":"https:\/\/loboproduccionesaudiovisuales.ar#listItem","name":"Home"}},{"@type":"ListItem","@id":"https:\/\/loboproduccionesaudiovisuales.ar\/?p=20581#listItem","position":3,"name":"Juan Balbi se reuni\u00f3 con el grupo \u201cUnidos por el agro\u201d","previousItem":{"@type":"ListItem","@id":"https:\/\/loboproduccionesaudiovisuales.ar\/?cat=1#listItem","name":"Blog"}}]},{"@type":"Organization","@id":"https:\/\/loboproduccionesaudiovisuales.ar\/#organization","name":"loboproduccionesaudiovisuales.ar","description":"Sitio digital de noticias agroindustriales","url":"https:\/\/loboproduccionesaudiovisuales.ar\/","logo":{"@type":"ImageObject","url":"https:\/\/loboproduccionesaudiovisuales.ar\/wp-content\/uploads\/2023\/07\/LPA-web.jpg","@id":"https:\/\/loboproduccionesaudiovisuales.ar\/?p=20581\/#organizationLogo","width":500,"height":144},"image":{"@id":"https:\/\/loboproduccionesaudiovisuales.ar\/?p=20581\/#organizationLogo"}},{"@type":"Person","@id":"https:\/\/loboproduccionesaudiovisuales.ar\/?author=3#author","url":"https:\/\/loboproduccionesaudiovisuales.ar\/?author=3","name":"Gustavo Werner","image":{"@type":"ImageObject","@id":"https:\/\/loboproduccionesaudiovisuales.ar\/?p=20581#authorImage","url":"https:\/\/loboproduccionesaudiovisuales.ar\/wp-content\/litespeed\/avatar\/de09dfb254ecca8d89a27b1f284fdb4d.jpg?ver=1788575391","width":96,"height":96,"caption":"Gustavo Werner"}},{"@type":"WebPage","@id":"https:\/\/loboproduccionesaudiovisuales.ar\/?p=20581#webpage","url":"https:\/\/loboproduccionesaudiovisuales.ar\/?p=20581","name":"Juan Balbi se reuni\u00f3 con el grupo \u201cUnidos por el agro\u201d - LOBO PRODUCCIONES AUDIOVISUALES","description":"El pasado 4 de septiembre, en Don Crist\u00f3bal Segunda, el grupo juvenil de COOPAR \u201cUnidos por el Agro\u201d, coordinado por el Ing. Agr\u00f3nomo Sergio Fettolini y Natalia Herman, mantuvo un encuentro con el vicepresidente del Consejo de Administraci\u00f3n de la cooperativa, Sr. Juan Adolfo Balbi. Balbi, quien adem\u00e1s preside la Confederaci\u00f3n de Cooperativas Agropecuarias","inLanguage":"es-AR","isPartOf":{"@id":"https:\/\/loboproduccionesaudiovisuales.ar\/#website"},"breadcrumb":{"@id":"https:\/\/loboproduccionesaudiovisuales.ar\/?p=20581#breadcrumblist"},"author":{"@id":"https:\/\/loboproduccionesaudiovisuales.ar\/?author=3#author"},"creator":{"@id":"https:\/\/loboproduccionesaudiovisuales.ar\/?author=3#author"},"image":{"@type":"ImageObject","url":"https:\/\/loboproduccionesaudiovisuales.ar\/wp-content\/uploads\/2025\/09\/1.jpg","@id":"https:\/\/loboproduccionesaudiovisuales.ar\/?p=20581\/#mainImage","width":1280,"height":960},"primaryImageOfPage":{"@id":"https:\/\/loboproduccionesaudiovisuales.ar\/?p=20581#mainImage"},"datePublished":"2025-09-17T18:03:54-03:00","dateModified":"2025-09-17T18:03:54-03:00"},{"@type":"WebSite","@id":"https:\/\/loboproduccionesaudiovisuales.ar\/#website","url":"https:\/\/loboproduccionesaudiovisuales.ar\/","name":"loboproduccionesaudiovisuales.ar","alternateName":"Lobo Producciones","description":"Sitio digital de noticias agroindustriales","inLanguage":"es-AR","publisher":{"@id":"https:\/\/loboproduccionesaudiovisuales.ar\/#organization"}}]},"og:locale":"es_ES","og:site_name":"LOBO PRODUCCIONES AUDIOVISUALES - Sitio digital de noticias agroindustriales","og:type":"article","og:title":"Juan Balbi se reuni\u00f3 con el grupo \u201cUnidos por el agro\u201d - LOBO PRODUCCIONES AUDIOVISUALES","og:description":"El pasado 4 de septiembre, en Don Crist\u00f3bal Segunda, el grupo juvenil de COOPAR \u201cUnidos por el Agro\u201d, coordinado por el Ing. Agr\u00f3nomo Sergio Fettolini y Natalia Herman, mantuvo un encuentro con el vicepresidente del Consejo de Administraci\u00f3n de la cooperativa, Sr. Juan Adolfo Balbi. Balbi, quien adem\u00e1s preside la Confederaci\u00f3n de Cooperativas Agropecuarias","og:url":"https:\/\/loboproduccionesaudiovisuales.ar\/?p=20581","og:image":"https:\/\/loboproduccionesaudiovisuales.ar\/wp-content\/uploads\/2023\/07\/LPA-web.jpg","og:image:secure_url":"https:\/\/loboproduccionesaudiovisuales.ar\/wp-content\/uploads\/2023\/07\/LPA-web.jpg","article:published_time":"2025-09-17T21:03:54+00:00","article:modified_time":"2025-09-17T21:03:54+00:00","twitter:card":"summary_large_image","twitter:title":"Juan Balbi se reuni\u00f3 con el grupo \u201cUnidos por el agro\u201d - LOBO PRODUCCIONES AUDIOVISUALES","twitter:description":"El pasado 4 de septiembre, en Don Crist\u00f3bal Segunda, el grupo juvenil de COOPAR \u201cUnidos por el Agro\u201d, coordinado por el Ing. Agr\u00f3nomo Sergio Fettolini y Natalia Herman, mantuvo un encuentro con el vicepresidente del Consejo de Administraci\u00f3n de la cooperativa, Sr. Juan Adolfo Balbi. Balbi, quien adem\u00e1s preside la Confederaci\u00f3n de Cooperativas Agropecuarias","twitter:image":"https:\/\/loboproduccionesaudiovisuales.ar\/wp-content\/uploads\/2023\/07\/LPA-web.jpg"},"aioseo_meta_data":{"post_id":"20581","title":null,"description":null,"keywords":null,"keyphrases":{"focus":{"keyphrase":"","score":0,"analysis":{"keyphraseInTitle":{"score":0,"maxScore":9,"error":1}}},"additional":[]},"primary_term":null,"canonical_url":null,"og_title":null,"og_description":null,"og_object_type":"default","og_image_type":"default","og_image_url":null,"og_image_width":null,"og_image_height":null,"og_image_custom_url":null,"og_image_custom_fields":null,"og_video":"","og_custom_url":null,"og_article_section":null,"og_article_tags":null,"twitter_use_og":false,"twitter_card":"default","twitter_image_type":"default","twitter_image_url":null,"twitter_image_custom_url":null,"twitter_image_custom_fields":null,"twitter_title":null,"twitter_description":null,"schema":{"blockGraphs":[],"customGraphs":[],"default":{"data":{"Article":[],"Course":[],"Dataset":[],"FAQPage":[],"Movie":[],"Person":[],"Product":[],"ProductReview":[],"Car":[],"Recipe":[],"Service":[],"SoftwareApplication":[],"WebPage":[]},"graphName":"BlogPosting","isEnabled":true},"graphs":[]},"schema_type":"default","schema_type_options":null,"pillar_content":false,"robots_default":true,"robots_noindex":false,"robots_noarchive":false,"robots_nosnippet":false,"robots_nofollow":false,"robots_noimageindex":false,"robots_noodp":false,"robots_notranslate":false,"robots_max_snippet":"-1","robots_max_videopreview":"-1","robots_max_imagepreview":"large","priority":null,"frequency":"default","local_seo":null,"breadcrumb_settings":null,"limit_modified_date":false,"ai":{"faqs":[],"keyPoints":[],"titles":[],"descriptions":[],"socialPosts":{"email":[],"linkedin":[],"twitter":[],"facebook":[],"instagram":[]}},"created":"2025-09-17 21:03:54","updated":"2025-09-17 21:05:42","seo_analyzer_scan_date":null,"focus_keyword":null,"additional_keywords":null,"truseo_locale":null},"aioseo_breadcrumb":"<div class=\"aioseo-breadcrumbs\"><span class=\"aioseo-breadcrumb\">\n\t\t\t<a href=\"https:\/\/loboproduccionesaudiovisuales.ar\" title=\"Home\">Home<\/a>\n\t\t<\/span><span class=\"aioseo-breadcrumb-separator\">&raquo;<\/span><span class=\"aioseo-breadcrumb\">\n\t\t\t<a href=\"https:\/\/loboproduccionesaudiovisuales.ar\/?cat=1\" title=\"Blog\">Blog<\/a>\n\t\t<\/span><span class=\"aioseo-breadcrumb-separator\">&raquo;<\/span><span class=\"aioseo-breadcrumb\">\n\t\t\tJuan Balbi se reuni\u00f3 con el grupo \u201cUnidos por el agro\u201d\n\t\t<\/span><\/div>","aioseo_breadcrumb_json":[{"label":"Home","link":"https:\/\/loboproduccionesaudiovisuales.ar"},{"label":"Blog","link":"https:\/\/loboproduccionesaudiovisuales.ar\/?cat=1"},{"label":"Juan Balbi se reuni\u00f3 con el grupo \u201cUnidos por el agro\u201d","link":"https:\/\/loboproduccionesaudiovisuales.ar\/?p=20581"}],"_links":{"self":[{"href":"https:\/\/loboproduccionesaudiovisuales.ar\/index.php?rest_route=\/wp\/v2\/posts\/20581","targetHints":{"allow":["GET"]}}],"collection":[{"href":"https:\/\/loboproduccionesaudiovisuales.ar\/index.php?rest_route=\/wp\/v2\/posts"}],"about":[{"href":"https:\/\/loboproduccionesaudiovisuales.ar\/index.php?rest_route=\/wp\/v2\/types\/post"}],"author":[{"embeddable":true,"href":"https:\/\/loboproduccionesaudiovisuales.ar\/index.php?rest_route=\/wp\/v2\/users\/3"}],"replies":[{"embeddable":true,"href":"https:\/\/loboproduccionesaudiovisuales.ar\/index.php?rest_route=%2Fwp%2Fv2%2Fcomments&post=20581"}],"version-history":[{"count":1,"href":"https:\/\/loboproduccionesaudiovisuales.ar\/index.php?rest_route=\/wp\/v2\/posts\/20581\/revisions"}],"predecessor-version":[{"id":20583,"href":"https:\/\/loboproduccionesaudiovisuales.ar\/index.php?rest_route=\/wp\/v2\/posts\/20581\/revisions\/20583"}],"wp:featuredmedia":[{"embeddable":true,"href":"https:\/\/loboproduccionesaudiovisuales.ar\/index.php?rest_route=\/wp\/v2\/media\/20582"}],"wp:attachment":[{"href":"https:\/\/loboproduccionesaudiovisuales.ar\/index.php?rest_route=%2Fwp%2Fv2%2Fmedia&parent=20581"}],"wp:term":[{"taxonomy":"category","embeddable":true,"href":"https:\/\/loboproduccionesaudiovisuales.ar\/index.php?rest_route=%2Fwp%2Fv2%2Fcategories&post=20581"},{"taxonomy":"post_tag","embeddable":true,"href":"https:\/\/loboproduccionesaudiovisuales.ar\/index.php?rest_route=%2Fwp%2Fv2%2Ftags&post=20581"}],"curies":[{"name":"wp","href":"https:\/\/api.w.org\/{rel}","templated":true}]}}