{"id":20299,"date":"2025-08-19T11:21:39","date_gmt":"2025-08-19T14:21:39","guid":{"rendered":"https:\/\/loboproduccionesaudiovisuales.ar\/?p=20299"},"modified":"2025-08-19T11:21:39","modified_gmt":"2025-08-19T14:21:39","slug":"una-jornada-para-saber-mas-sobre-los-cultivos-entrerrianos-de-verano","status":"publish","type":"post","link":"https:\/\/loboproduccionesaudiovisuales.ar\/?p=20299","title":{"rendered":"Una jornada para saber m\u00e1s sobre los cultivos entrerrianos de verano"},"content":{"rendered":"<p><strong>El potencial de la campa\u00f1a de granos gruesos entrerrianos ser\u00e1 tema de an\u00e1lisis durante la jornada denominada &#8220;sostenibilidad y rentabilidad, un equilibrio necesario&#8221;, que organizan desde la Estaci\u00f3n Experimental INTA Paran\u00e1, el Colegio de Profesionales de la Agronom\u00eda, la Facultad de Ciencias Agropecuarias con sede en Oro Verde y el Ministerio de Desarrollo Econ\u00f3mico de Entre R\u00edos.<\/strong><\/p>\n<p>&nbsp;<\/p>\n<p>&nbsp;<\/p>\n<p>Tendr\u00e1 lugar el pr\u00f3ximo 22 de agosto en el Centro Provincial de Convenciones, de Paran\u00e1.<\/p>\n<p>La actividad es presencial, gratuita y est\u00e1 destinada a productores, estudiantes avanzados y profesionales del \u00e1mbito de la agronom\u00eda. A lo largo de la jornada, se busca difundir conocimientos cient\u00edficos del manejo de los cultivos de maiz y soja.<\/p>\n<p>La cita contar\u00e1 con exposiciones de profesionales con trayectoria nacional que abordar\u00e1n las tem\u00e1ticas claves de fertilizaci\u00f3n, control de malezas, nuevas tecnolog\u00edas y enfermedades de los cultivos. Adem\u00e1s, investigadores locales presentar\u00e1n trabajos cient\u00edficos desarrollados en nuestra zona, aportando una mirada aplicada y regional.<\/p>\n<p>Por consultas, escribir a\u00a0<a href=\"mailto:tecnica.fca@uner.edu.ar\">tecnica.fca@uner.edu.ar<\/a><\/p>\n<p>&nbsp;<\/p>\n<p>&nbsp;<\/p>\n<figure class=\"embed\">\n<div class=\"cl-cl-14 margin-0\"><img decoding=\"async\" class=\"lazy-lotta\" src=\"https:\/\/www.campoenaccion.com\/galeria\/fotos\/2025\/08\/19\/o_1755603877.jpeg\" alt=\"\" width=\"100%\" \/><\/div>\n<\/figure>\n","protected":false},"excerpt":{"rendered":"<p>El potencial de la campa\u00f1a de granos gruesos entrerrianos ser\u00e1 tema de an\u00e1lisis durante la jornada denominada &#8220;sostenibilidad y rentabilidad,&hellip;<\/p>\n","protected":false},"author":3,"featured_media":20300,"comment_status":"open","ping_status":"open","sticky":false,"template":"","format":"standard","meta":{"footnotes":""},"categories":[5,2,1,128,119],"tags":[],"class_list":["post-20299","post","type-post","status-publish","format-standard","has-post-thumbnail","hentry","category-actualidad","category-agro","category-blog","category-entre-rios","category-institucionales"],"aioseo_notices":[],"aioseo_head":"\n\t\t<!-- All in One SEO 5.0.1.1 - aioseo.com -->\n\t<meta name=\"description\" content=\"El potencial de la campa\u00f1a de granos gruesos entrerrianos ser\u00e1 tema de an\u00e1lisis durante la jornada denominada &quot;sostenibilidad y rentabilidad, un equilibrio necesario&quot;, que organizan desde la Estaci\u00f3n Experimental INTA Paran\u00e1, el Colegio de Profesionales de la Agronom\u00eda, la Facultad de Ciencias Agropecuarias con sede en Oro Verde y el Ministerio de Desarrollo Econ\u00f3mico de\" \/>\n\t<meta name=\"robots\" content=\"max-image-preview:large\" \/>\n\t<meta name=\"author\" content=\"Gustavo Werner\"\/>\n\t<link rel=\"canonical\" href=\"https:\/\/loboproduccionesaudiovisuales.ar\/?p=20299\" \/>\n\t<meta name=\"generator\" content=\"All in One SEO (AIOSEO) 5.0.1.1\" \/>\n\t\t<meta property=\"og:locale\" content=\"es_ES\" \/>\n\t\t<meta property=\"og:site_name\" content=\"LOBO PRODUCCIONES AUDIOVISUALES - Sitio digital de noticias agroindustriales\" \/>\n\t\t<meta property=\"og:type\" content=\"article\" \/>\n\t\t<meta property=\"og:title\" content=\"Una jornada para saber m\u00e1s sobre los cultivos entrerrianos de verano - LOBO PRODUCCIONES AUDIOVISUALES\" \/>\n\t\t<meta property=\"og:description\" content=\"El potencial de la campa\u00f1a de granos gruesos entrerrianos ser\u00e1 tema de an\u00e1lisis durante la jornada denominada &quot;sostenibilidad y rentabilidad, un equilibrio necesario&quot;, que organizan desde la Estaci\u00f3n Experimental INTA Paran\u00e1, el Colegio de Profesionales de la Agronom\u00eda, la Facultad de Ciencias Agropecuarias con sede en Oro Verde y el Ministerio de Desarrollo Econ\u00f3mico de\" \/>\n\t\t<meta property=\"og:url\" content=\"https:\/\/loboproduccionesaudiovisuales.ar\/?p=20299\" \/>\n\t\t<meta property=\"og:image\" content=\"https:\/\/loboproduccionesaudiovisuales.ar\/wp-content\/uploads\/2023\/07\/LPA-web.jpg\" \/>\n\t\t<meta property=\"og:image:secure_url\" content=\"https:\/\/loboproduccionesaudiovisuales.ar\/wp-content\/uploads\/2023\/07\/LPA-web.jpg\" \/>\n\t\t<meta property=\"article:published_time\" content=\"2025-08-19T14:21:39+00:00\" \/>\n\t\t<meta property=\"article:modified_time\" content=\"2025-08-19T14:21:39+00:00\" \/>\n\t\t<meta name=\"twitter:card\" content=\"summary_large_image\" \/>\n\t\t<meta name=\"twitter:title\" content=\"Una jornada para saber m\u00e1s sobre los cultivos entrerrianos de verano - LOBO PRODUCCIONES AUDIOVISUALES\" \/>\n\t\t<meta name=\"twitter:description\" content=\"El potencial de la campa\u00f1a de granos gruesos entrerrianos ser\u00e1 tema de an\u00e1lisis durante la jornada denominada &quot;sostenibilidad y rentabilidad, un equilibrio necesario&quot;, que organizan desde la Estaci\u00f3n Experimental INTA Paran\u00e1, el Colegio de Profesionales de la Agronom\u00eda, la Facultad de Ciencias Agropecuarias con sede en Oro Verde y el Ministerio de Desarrollo Econ\u00f3mico de\" \/>\n\t\t<meta name=\"twitter:image\" content=\"https:\/\/loboproduccionesaudiovisuales.ar\/wp-content\/uploads\/2023\/07\/LPA-web.jpg\" \/>\n\t\t<script type=\"application\/ld+json\" class=\"aioseo-schema\">\n\t\t\t{\"@context\":\"https:\\\/\\\/schema.org\",\"@graph\":[{\"@type\":\"BlogPosting\",\"@id\":\"https:\\\/\\\/loboproduccionesaudiovisuales.ar\\\/?p=20299#blogposting\",\"name\":\"Una jornada para saber m\\u00e1s sobre los cultivos entrerrianos de verano - LOBO PRODUCCIONES AUDIOVISUALES\",\"headline\":\"Una jornada para saber m\\u00e1s sobre los cultivos entrerrianos de verano\",\"author\":{\"@id\":\"https:\\\/\\\/loboproduccionesaudiovisuales.ar\\\/?author=3#author\"},\"publisher\":{\"@id\":\"https:\\\/\\\/loboproduccionesaudiovisuales.ar\\\/#organization\"},\"image\":{\"@type\":\"ImageObject\",\"url\":\"https:\\\/\\\/loboproduccionesaudiovisuales.ar\\\/wp-content\\\/uploads\\\/2025\\\/08\\\/f_1755603877.jpeg\",\"width\":1032,\"height\":688},\"datePublished\":\"2025-08-19T11:21:39-03:00\",\"dateModified\":\"2025-08-19T11:21:39-03:00\",\"inLanguage\":\"es-AR\",\"mainEntityOfPage\":{\"@id\":\"https:\\\/\\\/loboproduccionesaudiovisuales.ar\\\/?p=20299#webpage\"},\"isPartOf\":{\"@id\":\"https:\\\/\\\/loboproduccionesaudiovisuales.ar\\\/?p=20299#webpage\"},\"articleSection\":\"ACTUALIDAD, AGRO, Blog, ENTRE RIOS, INSTITUCIONALES\"},{\"@type\":\"BreadcrumbList\",\"@id\":\"https:\\\/\\\/loboproduccionesaudiovisuales.ar\\\/?p=20299#breadcrumblist\",\"itemListElement\":[{\"@type\":\"ListItem\",\"@id\":\"https:\\\/\\\/loboproduccionesaudiovisuales.ar#listItem\",\"position\":1,\"name\":\"Home\",\"item\":\"https:\\\/\\\/loboproduccionesaudiovisuales.ar\",\"nextItem\":{\"@type\":\"ListItem\",\"@id\":\"https:\\\/\\\/loboproduccionesaudiovisuales.ar\\\/?cat=1#listItem\",\"name\":\"Blog\"}},{\"@type\":\"ListItem\",\"@id\":\"https:\\\/\\\/loboproduccionesaudiovisuales.ar\\\/?cat=1#listItem\",\"position\":2,\"name\":\"Blog\",\"item\":\"https:\\\/\\\/loboproduccionesaudiovisuales.ar\\\/?cat=1\",\"nextItem\":{\"@type\":\"ListItem\",\"@id\":\"https:\\\/\\\/loboproduccionesaudiovisuales.ar\\\/?p=20299#listItem\",\"name\":\"Una jornada para saber m\\u00e1s sobre los cultivos entrerrianos de verano\"},\"previousItem\":{\"@type\":\"ListItem\",\"@id\":\"https:\\\/\\\/loboproduccionesaudiovisuales.ar#listItem\",\"name\":\"Home\"}},{\"@type\":\"ListItem\",\"@id\":\"https:\\\/\\\/loboproduccionesaudiovisuales.ar\\\/?p=20299#listItem\",\"position\":3,\"name\":\"Una jornada para saber m\\u00e1s sobre los cultivos entrerrianos de verano\",\"previousItem\":{\"@type\":\"ListItem\",\"@id\":\"https:\\\/\\\/loboproduccionesaudiovisuales.ar\\\/?cat=1#listItem\",\"name\":\"Blog\"}}]},{\"@type\":\"Organization\",\"@id\":\"https:\\\/\\\/loboproduccionesaudiovisuales.ar\\\/#organization\",\"name\":\"loboproduccionesaudiovisuales.ar\",\"description\":\"Sitio digital de noticias agroindustriales\",\"url\":\"https:\\\/\\\/loboproduccionesaudiovisuales.ar\\\/\",\"logo\":{\"@type\":\"ImageObject\",\"url\":\"https:\\\/\\\/loboproduccionesaudiovisuales.ar\\\/wp-content\\\/uploads\\\/2023\\\/07\\\/LPA-web.jpg\",\"@id\":\"https:\\\/\\\/loboproduccionesaudiovisuales.ar\\\/?p=20299\\\/#organizationLogo\",\"width\":500,\"height\":144},\"image\":{\"@id\":\"https:\\\/\\\/loboproduccionesaudiovisuales.ar\\\/?p=20299\\\/#organizationLogo\"}},{\"@type\":\"Person\",\"@id\":\"https:\\\/\\\/loboproduccionesaudiovisuales.ar\\\/?author=3#author\",\"url\":\"https:\\\/\\\/loboproduccionesaudiovisuales.ar\\\/?author=3\",\"name\":\"Gustavo Werner\",\"image\":{\"@type\":\"ImageObject\",\"@id\":\"https:\\\/\\\/loboproduccionesaudiovisuales.ar\\\/?p=20299#authorImage\",\"url\":\"https:\\\/\\\/loboproduccionesaudiovisuales.ar\\\/wp-content\\\/litespeed\\\/avatar\\\/de09dfb254ecca8d89a27b1f284fdb4d.jpg?ver=1788575391\",\"width\":96,\"height\":96,\"caption\":\"Gustavo Werner\"}},{\"@type\":\"WebPage\",\"@id\":\"https:\\\/\\\/loboproduccionesaudiovisuales.ar\\\/?p=20299#webpage\",\"url\":\"https:\\\/\\\/loboproduccionesaudiovisuales.ar\\\/?p=20299\",\"name\":\"Una jornada para saber m\\u00e1s sobre los cultivos entrerrianos de verano - LOBO PRODUCCIONES AUDIOVISUALES\",\"description\":\"El potencial de la campa\\u00f1a de granos gruesos entrerrianos ser\\u00e1 tema de an\\u00e1lisis durante la jornada denominada \\\"sostenibilidad y rentabilidad, un equilibrio necesario\\\", que organizan desde la Estaci\\u00f3n Experimental INTA Paran\\u00e1, el Colegio de Profesionales de la Agronom\\u00eda, la Facultad de Ciencias Agropecuarias con sede en Oro Verde y el Ministerio de Desarrollo Econ\\u00f3mico de\",\"inLanguage\":\"es-AR\",\"isPartOf\":{\"@id\":\"https:\\\/\\\/loboproduccionesaudiovisuales.ar\\\/#website\"},\"breadcrumb\":{\"@id\":\"https:\\\/\\\/loboproduccionesaudiovisuales.ar\\\/?p=20299#breadcrumblist\"},\"author\":{\"@id\":\"https:\\\/\\\/loboproduccionesaudiovisuales.ar\\\/?author=3#author\"},\"creator\":{\"@id\":\"https:\\\/\\\/loboproduccionesaudiovisuales.ar\\\/?author=3#author\"},\"image\":{\"@type\":\"ImageObject\",\"url\":\"https:\\\/\\\/loboproduccionesaudiovisuales.ar\\\/wp-content\\\/uploads\\\/2025\\\/08\\\/f_1755603877.jpeg\",\"@id\":\"https:\\\/\\\/loboproduccionesaudiovisuales.ar\\\/?p=20299\\\/#mainImage\",\"width\":1032,\"height\":688},\"primaryImageOfPage\":{\"@id\":\"https:\\\/\\\/loboproduccionesaudiovisuales.ar\\\/?p=20299#mainImage\"},\"datePublished\":\"2025-08-19T11:21:39-03:00\",\"dateModified\":\"2025-08-19T11:21:39-03:00\"},{\"@type\":\"WebSite\",\"@id\":\"https:\\\/\\\/loboproduccionesaudiovisuales.ar\\\/#website\",\"url\":\"https:\\\/\\\/loboproduccionesaudiovisuales.ar\\\/\",\"name\":\"loboproduccionesaudiovisuales.ar\",\"alternateName\":\"Lobo Producciones\",\"description\":\"Sitio digital de noticias agroindustriales\",\"inLanguage\":\"es-AR\",\"publisher\":{\"@id\":\"https:\\\/\\\/loboproduccionesaudiovisuales.ar\\\/#organization\"}}]}\n\t\t<\/script>\n\t\t<!-- All in One SEO -->\n\n","aioseo_head_json":{"title":"Una jornada para saber m\u00e1s sobre los cultivos entrerrianos de verano - LOBO PRODUCCIONES AUDIOVISUALES","description":"El potencial de la campa\u00f1a de granos gruesos entrerrianos ser\u00e1 tema de an\u00e1lisis durante la jornada denominada \"sostenibilidad y rentabilidad, un equilibrio necesario\", que organizan desde la Estaci\u00f3n Experimental INTA Paran\u00e1, el Colegio de Profesionales de la Agronom\u00eda, la Facultad de Ciencias Agropecuarias con sede en Oro Verde y el Ministerio de Desarrollo Econ\u00f3mico de","canonical_url":"https:\/\/loboproduccionesaudiovisuales.ar\/?p=20299","robots":"max-image-preview:large","keywords":"","webmasterTools":{"miscellaneous":""},"schema":{"@context":"https:\/\/schema.org","@graph":[{"@type":"BlogPosting","@id":"https:\/\/loboproduccionesaudiovisuales.ar\/?p=20299#blogposting","name":"Una jornada para saber m\u00e1s sobre los cultivos entrerrianos de verano - LOBO PRODUCCIONES AUDIOVISUALES","headline":"Una jornada para saber m\u00e1s sobre los cultivos entrerrianos de verano","author":{"@id":"https:\/\/loboproduccionesaudiovisuales.ar\/?author=3#author"},"publisher":{"@id":"https:\/\/loboproduccionesaudiovisuales.ar\/#organization"},"image":{"@type":"ImageObject","url":"https:\/\/loboproduccionesaudiovisuales.ar\/wp-content\/uploads\/2025\/08\/f_1755603877.jpeg","width":1032,"height":688},"datePublished":"2025-08-19T11:21:39-03:00","dateModified":"2025-08-19T11:21:39-03:00","inLanguage":"es-AR","mainEntityOfPage":{"@id":"https:\/\/loboproduccionesaudiovisuales.ar\/?p=20299#webpage"},"isPartOf":{"@id":"https:\/\/loboproduccionesaudiovisuales.ar\/?p=20299#webpage"},"articleSection":"ACTUALIDAD, AGRO, Blog, ENTRE RIOS, INSTITUCIONALES"},{"@type":"BreadcrumbList","@id":"https:\/\/loboproduccionesaudiovisuales.ar\/?p=20299#breadcrumblist","itemListElement":[{"@type":"ListItem","@id":"https:\/\/loboproduccionesaudiovisuales.ar#listItem","position":1,"name":"Home","item":"https:\/\/loboproduccionesaudiovisuales.ar","nextItem":{"@type":"ListItem","@id":"https:\/\/loboproduccionesaudiovisuales.ar\/?cat=1#listItem","name":"Blog"}},{"@type":"ListItem","@id":"https:\/\/loboproduccionesaudiovisuales.ar\/?cat=1#listItem","position":2,"name":"Blog","item":"https:\/\/loboproduccionesaudiovisuales.ar\/?cat=1","nextItem":{"@type":"ListItem","@id":"https:\/\/loboproduccionesaudiovisuales.ar\/?p=20299#listItem","name":"Una jornada para saber m\u00e1s sobre los cultivos entrerrianos de verano"},"previousItem":{"@type":"ListItem","@id":"https:\/\/loboproduccionesaudiovisuales.ar#listItem","name":"Home"}},{"@type":"ListItem","@id":"https:\/\/loboproduccionesaudiovisuales.ar\/?p=20299#listItem","position":3,"name":"Una jornada para saber m\u00e1s sobre los cultivos entrerrianos de verano","previousItem":{"@type":"ListItem","@id":"https:\/\/loboproduccionesaudiovisuales.ar\/?cat=1#listItem","name":"Blog"}}]},{"@type":"Organization","@id":"https:\/\/loboproduccionesaudiovisuales.ar\/#organization","name":"loboproduccionesaudiovisuales.ar","description":"Sitio digital de noticias agroindustriales","url":"https:\/\/loboproduccionesaudiovisuales.ar\/","logo":{"@type":"ImageObject","url":"https:\/\/loboproduccionesaudiovisuales.ar\/wp-content\/uploads\/2023\/07\/LPA-web.jpg","@id":"https:\/\/loboproduccionesaudiovisuales.ar\/?p=20299\/#organizationLogo","width":500,"height":144},"image":{"@id":"https:\/\/loboproduccionesaudiovisuales.ar\/?p=20299\/#organizationLogo"}},{"@type":"Person","@id":"https:\/\/loboproduccionesaudiovisuales.ar\/?author=3#author","url":"https:\/\/loboproduccionesaudiovisuales.ar\/?author=3","name":"Gustavo Werner","image":{"@type":"ImageObject","@id":"https:\/\/loboproduccionesaudiovisuales.ar\/?p=20299#authorImage","url":"https:\/\/loboproduccionesaudiovisuales.ar\/wp-content\/litespeed\/avatar\/de09dfb254ecca8d89a27b1f284fdb4d.jpg?ver=1788575391","width":96,"height":96,"caption":"Gustavo Werner"}},{"@type":"WebPage","@id":"https:\/\/loboproduccionesaudiovisuales.ar\/?p=20299#webpage","url":"https:\/\/loboproduccionesaudiovisuales.ar\/?p=20299","name":"Una jornada para saber m\u00e1s sobre los cultivos entrerrianos de verano - LOBO PRODUCCIONES AUDIOVISUALES","description":"El potencial de la campa\u00f1a de granos gruesos entrerrianos ser\u00e1 tema de an\u00e1lisis durante la jornada denominada \"sostenibilidad y rentabilidad, un equilibrio necesario\", que organizan desde la Estaci\u00f3n Experimental INTA Paran\u00e1, el Colegio de Profesionales de la Agronom\u00eda, la Facultad de Ciencias Agropecuarias con sede en Oro Verde y el Ministerio de Desarrollo Econ\u00f3mico de","inLanguage":"es-AR","isPartOf":{"@id":"https:\/\/loboproduccionesaudiovisuales.ar\/#website"},"breadcrumb":{"@id":"https:\/\/loboproduccionesaudiovisuales.ar\/?p=20299#breadcrumblist"},"author":{"@id":"https:\/\/loboproduccionesaudiovisuales.ar\/?author=3#author"},"creator":{"@id":"https:\/\/loboproduccionesaudiovisuales.ar\/?author=3#author"},"image":{"@type":"ImageObject","url":"https:\/\/loboproduccionesaudiovisuales.ar\/wp-content\/uploads\/2025\/08\/f_1755603877.jpeg","@id":"https:\/\/loboproduccionesaudiovisuales.ar\/?p=20299\/#mainImage","width":1032,"height":688},"primaryImageOfPage":{"@id":"https:\/\/loboproduccionesaudiovisuales.ar\/?p=20299#mainImage"},"datePublished":"2025-08-19T11:21:39-03:00","dateModified":"2025-08-19T11:21:39-03:00"},{"@type":"WebSite","@id":"https:\/\/loboproduccionesaudiovisuales.ar\/#website","url":"https:\/\/loboproduccionesaudiovisuales.ar\/","name":"loboproduccionesaudiovisuales.ar","alternateName":"Lobo Producciones","description":"Sitio digital de noticias agroindustriales","inLanguage":"es-AR","publisher":{"@id":"https:\/\/loboproduccionesaudiovisuales.ar\/#organization"}}]},"og:locale":"es_ES","og:site_name":"LOBO PRODUCCIONES AUDIOVISUALES - Sitio digital de noticias agroindustriales","og:type":"article","og:title":"Una jornada para saber m\u00e1s sobre los cultivos entrerrianos de verano - LOBO PRODUCCIONES AUDIOVISUALES","og:description":"El potencial de la campa\u00f1a de granos gruesos entrerrianos ser\u00e1 tema de an\u00e1lisis durante la jornada denominada &quot;sostenibilidad y rentabilidad, un equilibrio necesario&quot;, que organizan desde la Estaci\u00f3n Experimental INTA Paran\u00e1, el Colegio de Profesionales de la Agronom\u00eda, la Facultad de Ciencias Agropecuarias con sede en Oro Verde y el Ministerio de Desarrollo Econ\u00f3mico de","og:url":"https:\/\/loboproduccionesaudiovisuales.ar\/?p=20299","og:image":"https:\/\/loboproduccionesaudiovisuales.ar\/wp-content\/uploads\/2023\/07\/LPA-web.jpg","og:image:secure_url":"https:\/\/loboproduccionesaudiovisuales.ar\/wp-content\/uploads\/2023\/07\/LPA-web.jpg","article:published_time":"2025-08-19T14:21:39+00:00","article:modified_time":"2025-08-19T14:21:39+00:00","twitter:card":"summary_large_image","twitter:title":"Una jornada para saber m\u00e1s sobre los cultivos entrerrianos de verano - LOBO PRODUCCIONES AUDIOVISUALES","twitter:description":"El potencial de la campa\u00f1a de granos gruesos entrerrianos ser\u00e1 tema de an\u00e1lisis durante la jornada denominada &quot;sostenibilidad y rentabilidad, un equilibrio necesario&quot;, que organizan desde la Estaci\u00f3n Experimental INTA Paran\u00e1, el Colegio de Profesionales de la Agronom\u00eda, la Facultad de Ciencias Agropecuarias con sede en Oro Verde y el Ministerio de Desarrollo Econ\u00f3mico de","twitter:image":"https:\/\/loboproduccionesaudiovisuales.ar\/wp-content\/uploads\/2023\/07\/LPA-web.jpg"},"aioseo_meta_data":{"post_id":"20299","title":null,"description":null,"keywords":null,"keyphrases":{"focus":{"keyphrase":"","score":0,"analysis":{"keyphraseInTitle":{"score":0,"maxScore":9,"error":1}}},"additional":[]},"primary_term":null,"canonical_url":null,"og_title":null,"og_description":null,"og_object_type":"default","og_image_type":"default","og_image_url":null,"og_image_width":null,"og_image_height":null,"og_image_custom_url":null,"og_image_custom_fields":null,"og_video":"","og_custom_url":null,"og_article_section":null,"og_article_tags":null,"twitter_use_og":false,"twitter_card":"default","twitter_image_type":"default","twitter_image_url":null,"twitter_image_custom_url":null,"twitter_image_custom_fields":null,"twitter_title":null,"twitter_description":null,"schema":{"blockGraphs":[],"customGraphs":[],"default":{"data":{"Article":[],"Course":[],"Dataset":[],"FAQPage":[],"Movie":[],"Person":[],"Product":[],"ProductReview":[],"Car":[],"Recipe":[],"Service":[],"SoftwareApplication":[],"WebPage":[]},"graphName":"BlogPosting","isEnabled":true},"graphs":[]},"schema_type":"default","schema_type_options":null,"pillar_content":false,"robots_default":true,"robots_noindex":false,"robots_noarchive":false,"robots_nosnippet":false,"robots_nofollow":false,"robots_noimageindex":false,"robots_noodp":false,"robots_notranslate":false,"robots_max_snippet":"-1","robots_max_videopreview":"-1","robots_max_imagepreview":"large","priority":null,"frequency":"default","local_seo":null,"breadcrumb_settings":null,"limit_modified_date":false,"ai":{"faqs":[],"keyPoints":[],"titles":[],"descriptions":[],"socialPosts":{"email":[],"linkedin":[],"twitter":[],"facebook":[],"instagram":[]}},"created":"2025-08-19 14:21:39","updated":"2025-08-19 14:22:51","seo_analyzer_scan_date":null,"focus_keyword":null,"additional_keywords":null,"truseo_locale":null},"aioseo_breadcrumb":"<div class=\"aioseo-breadcrumbs\"><span class=\"aioseo-breadcrumb\">\n\t\t\t<a href=\"https:\/\/loboproduccionesaudiovisuales.ar\" title=\"Home\">Home<\/a>\n\t\t<\/span><span class=\"aioseo-breadcrumb-separator\">&raquo;<\/span><span class=\"aioseo-breadcrumb\">\n\t\t\t<a href=\"https:\/\/loboproduccionesaudiovisuales.ar\/?cat=1\" title=\"Blog\">Blog<\/a>\n\t\t<\/span><span class=\"aioseo-breadcrumb-separator\">&raquo;<\/span><span class=\"aioseo-breadcrumb\">\n\t\t\tUna jornada para saber m\u00e1s sobre los cultivos entrerrianos de verano\n\t\t<\/span><\/div>","aioseo_breadcrumb_json":[{"label":"Home","link":"https:\/\/loboproduccionesaudiovisuales.ar"},{"label":"Blog","link":"https:\/\/loboproduccionesaudiovisuales.ar\/?cat=1"},{"label":"Una jornada para saber m\u00e1s sobre los cultivos entrerrianos de verano","link":"https:\/\/loboproduccionesaudiovisuales.ar\/?p=20299"}],"_links":{"self":[{"href":"https:\/\/loboproduccionesaudiovisuales.ar\/index.php?rest_route=\/wp\/v2\/posts\/20299","targetHints":{"allow":["GET"]}}],"collection":[{"href":"https:\/\/loboproduccionesaudiovisuales.ar\/index.php?rest_route=\/wp\/v2\/posts"}],"about":[{"href":"https:\/\/loboproduccionesaudiovisuales.ar\/index.php?rest_route=\/wp\/v2\/types\/post"}],"author":[{"embeddable":true,"href":"https:\/\/loboproduccionesaudiovisuales.ar\/index.php?rest_route=\/wp\/v2\/users\/3"}],"replies":[{"embeddable":true,"href":"https:\/\/loboproduccionesaudiovisuales.ar\/index.php?rest_route=%2Fwp%2Fv2%2Fcomments&post=20299"}],"version-history":[{"count":2,"href":"https:\/\/loboproduccionesaudiovisuales.ar\/index.php?rest_route=\/wp\/v2\/posts\/20299\/revisions"}],"predecessor-version":[{"id":20302,"href":"https:\/\/loboproduccionesaudiovisuales.ar\/index.php?rest_route=\/wp\/v2\/posts\/20299\/revisions\/20302"}],"wp:featuredmedia":[{"embeddable":true,"href":"https:\/\/loboproduccionesaudiovisuales.ar\/index.php?rest_route=\/wp\/v2\/media\/20300"}],"wp:attachment":[{"href":"https:\/\/loboproduccionesaudiovisuales.ar\/index.php?rest_route=%2Fwp%2Fv2%2Fmedia&parent=20299"}],"wp:term":[{"taxonomy":"category","embeddable":true,"href":"https:\/\/loboproduccionesaudiovisuales.ar\/index.php?rest_route=%2Fwp%2Fv2%2Fcategories&post=20299"},{"taxonomy":"post_tag","embeddable":true,"href":"https:\/\/loboproduccionesaudiovisuales.ar\/index.php?rest_route=%2Fwp%2Fv2%2Ftags&post=20299"}],"curies":[{"name":"wp","href":"https:\/\/api.w.org\/{rel}","templated":true}]}}