{"id":20260,"date":"2025-08-15T09:23:27","date_gmt":"2025-08-15T12:23:27","guid":{"rendered":"https:\/\/loboproduccionesaudiovisuales.ar\/?p=20260"},"modified":"2025-08-15T09:23:27","modified_gmt":"2025-08-15T12:23:27","slug":"medicos-veterinarios-constituyeron-la-seccional-departamental-la-paz-y-avanzan-en-temas-clave","status":"publish","type":"post","link":"https:\/\/loboproduccionesaudiovisuales.ar\/?p=20260","title":{"rendered":"M\u00e9dicos Veterinarios constituyeron la Seccional Departamental La Paz y avanzan en temas clave"},"content":{"rendered":"<p><strong>Se trat\u00f3 de una jornada hist\u00f3rica para el Colegio de M\u00e9dicos Veterinarios de Entre R\u00edos. &#8220;Es fundamental para estar m\u00e1s cerca de los colegas de esa zona&#8221;, destac\u00f3 la presidente, Carolina Lell.<\/strong><\/p>\n<p>&nbsp;<\/p>\n<p>&nbsp;<\/p>\n<p>El 31 de julio, en una jornada hist\u00f3rica para la entidad, el Colegio de M\u00e9dicos Veterinarios de Entre R\u00edos concret\u00f3 la conformaci\u00f3n de la Seccional Departamental La Paz, luego de a\u00f1os en los que no hab\u00eda podido materializarse. La presidente, m\u00e9dica veterinaria,\u00a0<strong>Carolina Lell,<\/strong>\u00a0destac\u00f3 que \u201ceste paso es fundamental para fortalecer la representaci\u00f3n profesional en la zona, garantizar un mayor control del ejercicio legal de la profesi\u00f3n y estar m\u00e1s cerca de los colegas ante cualquier situaci\u00f3n que requiera intervenci\u00f3n inmediata\u201d.<\/p>\n<p>La reuni\u00f3n se llev\u00f3 a cabo en La Paz con una amplia participaci\u00f3n de profesionales de distintas localidades del departamento, como Colonia Guido, Bovril, Santa Elena y La Paz ciudad, quienes expresaron sus inquietudes y propuestas. \u201cRecibimos un c\u00e1lido apoyo y respeto por parte de todos. Esta seccional permitir\u00e1 trabajar unidos, con mayor presencia y cercan\u00eda\u201d, remarc\u00f3 Lell.<\/p>\n<p>Durante el encuentro, adem\u00e1s de la constituci\u00f3n de la nueva seccional, se desarroll\u00f3 un orden del d\u00eda con temas de relevancia institucional, entre ellos:<\/p>\n<ul>\n<li>Seguimiento de denuncias y actuaciones vinculadas al ejercicio ilegal de la profesi\u00f3n.<\/li>\n<li>Apoyo a normativas que regulan la cr\u00eda y comercializaci\u00f3n de animales de compa\u00f1\u00eda.<\/li>\n<li>Avances en la organizaci\u00f3n de las Olimp\u00edadas Nacionales Veterinarias y de las Jornadas Entrerrianas.<\/li>\n<li>Acciones de control y regularizaci\u00f3n de establecimientos veterinarios y laboratorios.<\/li>\n<li>Participaci\u00f3n en el Segundo Plenario de la Federaci\u00f3n Veterinaria Argentina (FeVA) a realizarse en Tucum\u00e1n.<\/li>\n<li>Asimismo, se trat\u00f3 la aprobaci\u00f3n y baja de matr\u00edculas, suspensiones y cambios de regencia en establecimientos veterinarios, medidas que forman parte de la gesti\u00f3n peri\u00f3dica de la instituci\u00f3n.<\/li>\n<\/ul>\n<h2><strong>Nuevos matriculados<\/strong><\/h2>\n<p>En esta oportunidad, el Colegio incorpor\u00f3 al padr\u00f3n provincial a los siguientes profesionales:<\/p>\n<p>CMVER N\u00ba 1879: M\u00e9d. Vet.\u00a0<strong>Antonella Caniglia<\/strong>\u00a0\u2013 Gualeguay.<\/p>\n<p>CMVER N\u00ba 1880: M\u00e9d. Vet.\u00a0<strong>Mar\u00eda Eugenia Patrignani<\/strong>\u00a0\u2013 Diamante.<\/p>\n<p>CMVER N\u00ba 1881: M\u00e9d. Vet.\u00a0<strong>Ignacio Agust\u00edn Sponton<\/strong>\u00a0\u2013 Villa Alcaraz.<\/p>\n<p>\u201cEs un orgullo sumar colegas comprometidos con la \u00e9tica y el ejercicio responsable de la profesi\u00f3n\u201d, se\u00f1al\u00f3 Lell.<\/p>\n<p>La presidente tambi\u00e9n invit\u00f3 a todos los matriculados a participar activamente en las pr\u00f3ximas actividades y capacitaciones, reafirmando el compromiso del Colegio con el desarrollo profesional, la formaci\u00f3n continua y la defensa del ejercicio legal de la medicina veterinaria en la provincia.<\/p>\n<p>&nbsp;<\/p>\n","protected":false},"excerpt":{"rendered":"<p>Se trat\u00f3 de una jornada hist\u00f3rica para el Colegio de M\u00e9dicos Veterinarios de Entre R\u00edos. &#8220;Es fundamental para estar m\u00e1s&hellip;<\/p>\n","protected":false},"author":3,"featured_media":20261,"comment_status":"open","ping_status":"open","sticky":false,"template":"","format":"standard","meta":{"footnotes":""},"categories":[5,2,1,128,119],"tags":[],"class_list":["post-20260","post","type-post","status-publish","format-standard","has-post-thumbnail","hentry","category-actualidad","category-agro","category-blog","category-entre-rios","category-institucionales"],"aioseo_notices":[],"aioseo_head":"\n\t\t<!-- All in One SEO 5.0.1.1 - aioseo.com -->\n\t<meta name=\"description\" content=\"Se trat\u00f3 de una jornada hist\u00f3rica para el Colegio de M\u00e9dicos Veterinarios de Entre R\u00edos. &quot;Es fundamental para estar m\u00e1s cerca de los colegas de esa zona&quot;, destac\u00f3 la presidente, Carolina Lell. El 31 de julio, en una jornada hist\u00f3rica para la entidad, el Colegio de M\u00e9dicos Veterinarios de Entre R\u00edos concret\u00f3 la\" \/>\n\t<meta name=\"robots\" content=\"max-image-preview:large\" \/>\n\t<meta name=\"author\" content=\"Gustavo Werner\"\/>\n\t<link rel=\"canonical\" href=\"https:\/\/loboproduccionesaudiovisuales.ar\/?p=20260\" \/>\n\t<meta name=\"generator\" content=\"All in One SEO (AIOSEO) 5.0.1.1\" \/>\n\t\t<meta property=\"og:locale\" content=\"es_ES\" \/>\n\t\t<meta property=\"og:site_name\" content=\"LOBO PRODUCCIONES AUDIOVISUALES - Sitio digital de noticias agroindustriales\" \/>\n\t\t<meta property=\"og:type\" content=\"article\" \/>\n\t\t<meta property=\"og:title\" content=\"M\u00e9dicos Veterinarios constituyeron la Seccional Departamental La Paz y avanzan en temas clave - LOBO PRODUCCIONES AUDIOVISUALES\" \/>\n\t\t<meta property=\"og:description\" content=\"Se trat\u00f3 de una jornada hist\u00f3rica para el Colegio de M\u00e9dicos Veterinarios de Entre R\u00edos. &quot;Es fundamental para estar m\u00e1s cerca de los colegas de esa zona&quot;, destac\u00f3 la presidente, Carolina Lell. El 31 de julio, en una jornada hist\u00f3rica para la entidad, el Colegio de M\u00e9dicos Veterinarios de Entre R\u00edos concret\u00f3 la\" \/>\n\t\t<meta property=\"og:url\" content=\"https:\/\/loboproduccionesaudiovisuales.ar\/?p=20260\" \/>\n\t\t<meta property=\"og:image\" content=\"https:\/\/loboproduccionesaudiovisuales.ar\/wp-content\/uploads\/2023\/07\/LPA-web.jpg\" \/>\n\t\t<meta property=\"og:image:secure_url\" content=\"https:\/\/loboproduccionesaudiovisuales.ar\/wp-content\/uploads\/2023\/07\/LPA-web.jpg\" \/>\n\t\t<meta property=\"article:published_time\" content=\"2025-08-15T12:23:27+00:00\" \/>\n\t\t<meta property=\"article:modified_time\" content=\"2025-08-15T12:23:27+00:00\" \/>\n\t\t<meta name=\"twitter:card\" content=\"summary_large_image\" \/>\n\t\t<meta name=\"twitter:title\" content=\"M\u00e9dicos Veterinarios constituyeron la Seccional Departamental La Paz y avanzan en temas clave - LOBO PRODUCCIONES AUDIOVISUALES\" \/>\n\t\t<meta name=\"twitter:description\" content=\"Se trat\u00f3 de una jornada hist\u00f3rica para el Colegio de M\u00e9dicos Veterinarios de Entre R\u00edos. &quot;Es fundamental para estar m\u00e1s cerca de los colegas de esa zona&quot;, destac\u00f3 la presidente, Carolina Lell. El 31 de julio, en una jornada hist\u00f3rica para la entidad, el Colegio de M\u00e9dicos Veterinarios de Entre R\u00edos concret\u00f3 la\" \/>\n\t\t<meta name=\"twitter:image\" content=\"https:\/\/loboproduccionesaudiovisuales.ar\/wp-content\/uploads\/2023\/07\/LPA-web.jpg\" \/>\n\t\t<script type=\"application\/ld+json\" class=\"aioseo-schema\">\n\t\t\t{\"@context\":\"https:\\\/\\\/schema.org\",\"@graph\":[{\"@type\":\"BlogPosting\",\"@id\":\"https:\\\/\\\/loboproduccionesaudiovisuales.ar\\\/?p=20260#blogposting\",\"name\":\"M\\u00e9dicos Veterinarios constituyeron la Seccional Departamental La Paz y avanzan en temas clave - LOBO PRODUCCIONES AUDIOVISUALES\",\"headline\":\"M\\u00e9dicos Veterinarios constituyeron la Seccional Departamental La Paz y avanzan en temas clave\",\"author\":{\"@id\":\"https:\\\/\\\/loboproduccionesaudiovisuales.ar\\\/?author=3#author\"},\"publisher\":{\"@id\":\"https:\\\/\\\/loboproduccionesaudiovisuales.ar\\\/#organization\"},\"image\":{\"@type\":\"ImageObject\",\"url\":\"https:\\\/\\\/loboproduccionesaudiovisuales.ar\\\/wp-content\\\/uploads\\\/2025\\\/08\\\/https___lh3.googleusercontent-1.jpg\",\"width\":696,\"height\":387},\"datePublished\":\"2025-08-15T09:23:27-03:00\",\"dateModified\":\"2025-08-15T09:23:27-03:00\",\"inLanguage\":\"es-AR\",\"mainEntityOfPage\":{\"@id\":\"https:\\\/\\\/loboproduccionesaudiovisuales.ar\\\/?p=20260#webpage\"},\"isPartOf\":{\"@id\":\"https:\\\/\\\/loboproduccionesaudiovisuales.ar\\\/?p=20260#webpage\"},\"articleSection\":\"ACTUALIDAD, AGRO, Blog, ENTRE RIOS, INSTITUCIONALES\"},{\"@type\":\"BreadcrumbList\",\"@id\":\"https:\\\/\\\/loboproduccionesaudiovisuales.ar\\\/?p=20260#breadcrumblist\",\"itemListElement\":[{\"@type\":\"ListItem\",\"@id\":\"https:\\\/\\\/loboproduccionesaudiovisuales.ar#listItem\",\"position\":1,\"name\":\"Home\",\"item\":\"https:\\\/\\\/loboproduccionesaudiovisuales.ar\",\"nextItem\":{\"@type\":\"ListItem\",\"@id\":\"https:\\\/\\\/loboproduccionesaudiovisuales.ar\\\/?cat=1#listItem\",\"name\":\"Blog\"}},{\"@type\":\"ListItem\",\"@id\":\"https:\\\/\\\/loboproduccionesaudiovisuales.ar\\\/?cat=1#listItem\",\"position\":2,\"name\":\"Blog\",\"item\":\"https:\\\/\\\/loboproduccionesaudiovisuales.ar\\\/?cat=1\",\"nextItem\":{\"@type\":\"ListItem\",\"@id\":\"https:\\\/\\\/loboproduccionesaudiovisuales.ar\\\/?p=20260#listItem\",\"name\":\"M\\u00e9dicos Veterinarios constituyeron la Seccional Departamental La Paz y avanzan en temas clave\"},\"previousItem\":{\"@type\":\"ListItem\",\"@id\":\"https:\\\/\\\/loboproduccionesaudiovisuales.ar#listItem\",\"name\":\"Home\"}},{\"@type\":\"ListItem\",\"@id\":\"https:\\\/\\\/loboproduccionesaudiovisuales.ar\\\/?p=20260#listItem\",\"position\":3,\"name\":\"M\\u00e9dicos Veterinarios constituyeron la Seccional Departamental La Paz y avanzan en temas clave\",\"previousItem\":{\"@type\":\"ListItem\",\"@id\":\"https:\\\/\\\/loboproduccionesaudiovisuales.ar\\\/?cat=1#listItem\",\"name\":\"Blog\"}}]},{\"@type\":\"Organization\",\"@id\":\"https:\\\/\\\/loboproduccionesaudiovisuales.ar\\\/#organization\",\"name\":\"loboproduccionesaudiovisuales.ar\",\"description\":\"Sitio digital de noticias agroindustriales\",\"url\":\"https:\\\/\\\/loboproduccionesaudiovisuales.ar\\\/\",\"logo\":{\"@type\":\"ImageObject\",\"url\":\"https:\\\/\\\/loboproduccionesaudiovisuales.ar\\\/wp-content\\\/uploads\\\/2023\\\/07\\\/LPA-web.jpg\",\"@id\":\"https:\\\/\\\/loboproduccionesaudiovisuales.ar\\\/?p=20260\\\/#organizationLogo\",\"width\":500,\"height\":144},\"image\":{\"@id\":\"https:\\\/\\\/loboproduccionesaudiovisuales.ar\\\/?p=20260\\\/#organizationLogo\"}},{\"@type\":\"Person\",\"@id\":\"https:\\\/\\\/loboproduccionesaudiovisuales.ar\\\/?author=3#author\",\"url\":\"https:\\\/\\\/loboproduccionesaudiovisuales.ar\\\/?author=3\",\"name\":\"Gustavo Werner\",\"image\":{\"@type\":\"ImageObject\",\"@id\":\"https:\\\/\\\/loboproduccionesaudiovisuales.ar\\\/?p=20260#authorImage\",\"url\":\"https:\\\/\\\/secure.gravatar.com\\\/avatar\\\/e04239ede7d02b80503013ac1fa61f308bbe3566e5a70df5bbef7c3725a0dcae?s=96&d=mm&r=g\",\"width\":96,\"height\":96,\"caption\":\"Gustavo Werner\"}},{\"@type\":\"WebPage\",\"@id\":\"https:\\\/\\\/loboproduccionesaudiovisuales.ar\\\/?p=20260#webpage\",\"url\":\"https:\\\/\\\/loboproduccionesaudiovisuales.ar\\\/?p=20260\",\"name\":\"M\\u00e9dicos Veterinarios constituyeron la Seccional Departamental La Paz y avanzan en temas clave - LOBO PRODUCCIONES AUDIOVISUALES\",\"description\":\"Se trat\\u00f3 de una jornada hist\\u00f3rica para el Colegio de M\\u00e9dicos Veterinarios de Entre R\\u00edos. \\\"Es fundamental para estar m\\u00e1s cerca de los colegas de esa zona\\\", destac\\u00f3 la presidente, Carolina Lell. El 31 de julio, en una jornada hist\\u00f3rica para la entidad, el Colegio de M\\u00e9dicos Veterinarios de Entre R\\u00edos concret\\u00f3 la\",\"inLanguage\":\"es-AR\",\"isPartOf\":{\"@id\":\"https:\\\/\\\/loboproduccionesaudiovisuales.ar\\\/#website\"},\"breadcrumb\":{\"@id\":\"https:\\\/\\\/loboproduccionesaudiovisuales.ar\\\/?p=20260#breadcrumblist\"},\"author\":{\"@id\":\"https:\\\/\\\/loboproduccionesaudiovisuales.ar\\\/?author=3#author\"},\"creator\":{\"@id\":\"https:\\\/\\\/loboproduccionesaudiovisuales.ar\\\/?author=3#author\"},\"image\":{\"@type\":\"ImageObject\",\"url\":\"https:\\\/\\\/loboproduccionesaudiovisuales.ar\\\/wp-content\\\/uploads\\\/2025\\\/08\\\/https___lh3.googleusercontent-1.jpg\",\"@id\":\"https:\\\/\\\/loboproduccionesaudiovisuales.ar\\\/?p=20260\\\/#mainImage\",\"width\":696,\"height\":387},\"primaryImageOfPage\":{\"@id\":\"https:\\\/\\\/loboproduccionesaudiovisuales.ar\\\/?p=20260#mainImage\"},\"datePublished\":\"2025-08-15T09:23:27-03:00\",\"dateModified\":\"2025-08-15T09:23:27-03:00\"},{\"@type\":\"WebSite\",\"@id\":\"https:\\\/\\\/loboproduccionesaudiovisuales.ar\\\/#website\",\"url\":\"https:\\\/\\\/loboproduccionesaudiovisuales.ar\\\/\",\"name\":\"loboproduccionesaudiovisuales.ar\",\"alternateName\":\"Lobo Producciones\",\"description\":\"Sitio digital de noticias agroindustriales\",\"inLanguage\":\"es-AR\",\"publisher\":{\"@id\":\"https:\\\/\\\/loboproduccionesaudiovisuales.ar\\\/#organization\"}}]}\n\t\t<\/script>\n\t\t<!-- All in One SEO -->\n\n","aioseo_head_json":{"title":"M\u00e9dicos Veterinarios constituyeron la Seccional Departamental La Paz y avanzan en temas clave - LOBO PRODUCCIONES AUDIOVISUALES","description":"Se trat\u00f3 de una jornada hist\u00f3rica para el Colegio de M\u00e9dicos Veterinarios de Entre R\u00edos. \"Es fundamental para estar m\u00e1s cerca de los colegas de esa zona\", destac\u00f3 la presidente, Carolina Lell. El 31 de julio, en una jornada hist\u00f3rica para la entidad, el Colegio de M\u00e9dicos Veterinarios de Entre R\u00edos concret\u00f3 la","canonical_url":"https:\/\/loboproduccionesaudiovisuales.ar\/?p=20260","robots":"max-image-preview:large","keywords":"","webmasterTools":{"miscellaneous":""},"schema":{"@context":"https:\/\/schema.org","@graph":[{"@type":"BlogPosting","@id":"https:\/\/loboproduccionesaudiovisuales.ar\/?p=20260#blogposting","name":"M\u00e9dicos Veterinarios constituyeron la Seccional Departamental La Paz y avanzan en temas clave - LOBO PRODUCCIONES AUDIOVISUALES","headline":"M\u00e9dicos Veterinarios constituyeron la Seccional Departamental La Paz y avanzan en temas clave","author":{"@id":"https:\/\/loboproduccionesaudiovisuales.ar\/?author=3#author"},"publisher":{"@id":"https:\/\/loboproduccionesaudiovisuales.ar\/#organization"},"image":{"@type":"ImageObject","url":"https:\/\/loboproduccionesaudiovisuales.ar\/wp-content\/uploads\/2025\/08\/https___lh3.googleusercontent-1.jpg","width":696,"height":387},"datePublished":"2025-08-15T09:23:27-03:00","dateModified":"2025-08-15T09:23:27-03:00","inLanguage":"es-AR","mainEntityOfPage":{"@id":"https:\/\/loboproduccionesaudiovisuales.ar\/?p=20260#webpage"},"isPartOf":{"@id":"https:\/\/loboproduccionesaudiovisuales.ar\/?p=20260#webpage"},"articleSection":"ACTUALIDAD, AGRO, Blog, ENTRE RIOS, INSTITUCIONALES"},{"@type":"BreadcrumbList","@id":"https:\/\/loboproduccionesaudiovisuales.ar\/?p=20260#breadcrumblist","itemListElement":[{"@type":"ListItem","@id":"https:\/\/loboproduccionesaudiovisuales.ar#listItem","position":1,"name":"Home","item":"https:\/\/loboproduccionesaudiovisuales.ar","nextItem":{"@type":"ListItem","@id":"https:\/\/loboproduccionesaudiovisuales.ar\/?cat=1#listItem","name":"Blog"}},{"@type":"ListItem","@id":"https:\/\/loboproduccionesaudiovisuales.ar\/?cat=1#listItem","position":2,"name":"Blog","item":"https:\/\/loboproduccionesaudiovisuales.ar\/?cat=1","nextItem":{"@type":"ListItem","@id":"https:\/\/loboproduccionesaudiovisuales.ar\/?p=20260#listItem","name":"M\u00e9dicos Veterinarios constituyeron la Seccional Departamental La Paz y avanzan en temas clave"},"previousItem":{"@type":"ListItem","@id":"https:\/\/loboproduccionesaudiovisuales.ar#listItem","name":"Home"}},{"@type":"ListItem","@id":"https:\/\/loboproduccionesaudiovisuales.ar\/?p=20260#listItem","position":3,"name":"M\u00e9dicos Veterinarios constituyeron la Seccional Departamental La Paz y avanzan en temas clave","previousItem":{"@type":"ListItem","@id":"https:\/\/loboproduccionesaudiovisuales.ar\/?cat=1#listItem","name":"Blog"}}]},{"@type":"Organization","@id":"https:\/\/loboproduccionesaudiovisuales.ar\/#organization","name":"loboproduccionesaudiovisuales.ar","description":"Sitio digital de noticias agroindustriales","url":"https:\/\/loboproduccionesaudiovisuales.ar\/","logo":{"@type":"ImageObject","url":"https:\/\/loboproduccionesaudiovisuales.ar\/wp-content\/uploads\/2023\/07\/LPA-web.jpg","@id":"https:\/\/loboproduccionesaudiovisuales.ar\/?p=20260\/#organizationLogo","width":500,"height":144},"image":{"@id":"https:\/\/loboproduccionesaudiovisuales.ar\/?p=20260\/#organizationLogo"}},{"@type":"Person","@id":"https:\/\/loboproduccionesaudiovisuales.ar\/?author=3#author","url":"https:\/\/loboproduccionesaudiovisuales.ar\/?author=3","name":"Gustavo Werner","image":{"@type":"ImageObject","@id":"https:\/\/loboproduccionesaudiovisuales.ar\/?p=20260#authorImage","url":"https:\/\/secure.gravatar.com\/avatar\/e04239ede7d02b80503013ac1fa61f308bbe3566e5a70df5bbef7c3725a0dcae?s=96&d=mm&r=g","width":96,"height":96,"caption":"Gustavo Werner"}},{"@type":"WebPage","@id":"https:\/\/loboproduccionesaudiovisuales.ar\/?p=20260#webpage","url":"https:\/\/loboproduccionesaudiovisuales.ar\/?p=20260","name":"M\u00e9dicos Veterinarios constituyeron la Seccional Departamental La Paz y avanzan en temas clave - LOBO PRODUCCIONES AUDIOVISUALES","description":"Se trat\u00f3 de una jornada hist\u00f3rica para el Colegio de M\u00e9dicos Veterinarios de Entre R\u00edos. \"Es fundamental para estar m\u00e1s cerca de los colegas de esa zona\", destac\u00f3 la presidente, Carolina Lell. El 31 de julio, en una jornada hist\u00f3rica para la entidad, el Colegio de M\u00e9dicos Veterinarios de Entre R\u00edos concret\u00f3 la","inLanguage":"es-AR","isPartOf":{"@id":"https:\/\/loboproduccionesaudiovisuales.ar\/#website"},"breadcrumb":{"@id":"https:\/\/loboproduccionesaudiovisuales.ar\/?p=20260#breadcrumblist"},"author":{"@id":"https:\/\/loboproduccionesaudiovisuales.ar\/?author=3#author"},"creator":{"@id":"https:\/\/loboproduccionesaudiovisuales.ar\/?author=3#author"},"image":{"@type":"ImageObject","url":"https:\/\/loboproduccionesaudiovisuales.ar\/wp-content\/uploads\/2025\/08\/https___lh3.googleusercontent-1.jpg","@id":"https:\/\/loboproduccionesaudiovisuales.ar\/?p=20260\/#mainImage","width":696,"height":387},"primaryImageOfPage":{"@id":"https:\/\/loboproduccionesaudiovisuales.ar\/?p=20260#mainImage"},"datePublished":"2025-08-15T09:23:27-03:00","dateModified":"2025-08-15T09:23:27-03:00"},{"@type":"WebSite","@id":"https:\/\/loboproduccionesaudiovisuales.ar\/#website","url":"https:\/\/loboproduccionesaudiovisuales.ar\/","name":"loboproduccionesaudiovisuales.ar","alternateName":"Lobo Producciones","description":"Sitio digital de noticias agroindustriales","inLanguage":"es-AR","publisher":{"@id":"https:\/\/loboproduccionesaudiovisuales.ar\/#organization"}}]},"og:locale":"es_ES","og:site_name":"LOBO PRODUCCIONES AUDIOVISUALES - Sitio digital de noticias agroindustriales","og:type":"article","og:title":"M\u00e9dicos Veterinarios constituyeron la Seccional Departamental La Paz y avanzan en temas clave - LOBO PRODUCCIONES AUDIOVISUALES","og:description":"Se trat\u00f3 de una jornada hist\u00f3rica para el Colegio de M\u00e9dicos Veterinarios de Entre R\u00edos. &quot;Es fundamental para estar m\u00e1s cerca de los colegas de esa zona&quot;, destac\u00f3 la presidente, Carolina Lell. El 31 de julio, en una jornada hist\u00f3rica para la entidad, el Colegio de M\u00e9dicos Veterinarios de Entre R\u00edos concret\u00f3 la","og:url":"https:\/\/loboproduccionesaudiovisuales.ar\/?p=20260","og:image":"https:\/\/loboproduccionesaudiovisuales.ar\/wp-content\/uploads\/2023\/07\/LPA-web.jpg","og:image:secure_url":"https:\/\/loboproduccionesaudiovisuales.ar\/wp-content\/uploads\/2023\/07\/LPA-web.jpg","article:published_time":"2025-08-15T12:23:27+00:00","article:modified_time":"2025-08-15T12:23:27+00:00","twitter:card":"summary_large_image","twitter:title":"M\u00e9dicos Veterinarios constituyeron la Seccional Departamental La Paz y avanzan en temas clave - LOBO PRODUCCIONES AUDIOVISUALES","twitter:description":"Se trat\u00f3 de una jornada hist\u00f3rica para el Colegio de M\u00e9dicos Veterinarios de Entre R\u00edos. &quot;Es fundamental para estar m\u00e1s cerca de los colegas de esa zona&quot;, destac\u00f3 la presidente, Carolina Lell. El 31 de julio, en una jornada hist\u00f3rica para la entidad, el Colegio de M\u00e9dicos Veterinarios de Entre R\u00edos concret\u00f3 la","twitter:image":"https:\/\/loboproduccionesaudiovisuales.ar\/wp-content\/uploads\/2023\/07\/LPA-web.jpg"},"aioseo_meta_data":{"post_id":"20260","title":null,"description":null,"keywords":null,"keyphrases":{"focus":{"keyphrase":"","score":0,"analysis":{"keyphraseInTitle":{"score":0,"maxScore":9,"error":1}}},"additional":[]},"primary_term":null,"canonical_url":null,"og_title":null,"og_description":null,"og_object_type":"default","og_image_type":"default","og_image_url":null,"og_image_width":null,"og_image_height":null,"og_image_custom_url":null,"og_image_custom_fields":null,"og_video":"","og_custom_url":null,"og_article_section":null,"og_article_tags":null,"twitter_use_og":false,"twitter_card":"default","twitter_image_type":"default","twitter_image_url":null,"twitter_image_custom_url":null,"twitter_image_custom_fields":null,"twitter_title":null,"twitter_description":null,"schema":{"blockGraphs":[],"customGraphs":[],"default":{"data":{"Article":[],"Course":[],"Dataset":[],"FAQPage":[],"Movie":[],"Person":[],"Product":[],"ProductReview":[],"Car":[],"Recipe":[],"Service":[],"SoftwareApplication":[],"WebPage":[]},"graphName":"BlogPosting","isEnabled":true},"graphs":[]},"schema_type":"default","schema_type_options":null,"pillar_content":false,"robots_default":true,"robots_noindex":false,"robots_noarchive":false,"robots_nosnippet":false,"robots_nofollow":false,"robots_noimageindex":false,"robots_noodp":false,"robots_notranslate":false,"robots_max_snippet":"-1","robots_max_videopreview":"-1","robots_max_imagepreview":"large","priority":null,"frequency":"default","local_seo":null,"breadcrumb_settings":null,"limit_modified_date":false,"ai":{"faqs":[],"keyPoints":[],"titles":[],"descriptions":[],"socialPosts":{"email":[],"linkedin":[],"twitter":[],"facebook":[],"instagram":[]}},"created":"2025-08-15 12:23:27","updated":"2025-08-15 12:23:37","seo_analyzer_scan_date":null,"focus_keyword":null,"additional_keywords":null,"truseo_locale":null},"aioseo_breadcrumb":"<div class=\"aioseo-breadcrumbs\"><span class=\"aioseo-breadcrumb\">\n\t\t\t<a href=\"https:\/\/loboproduccionesaudiovisuales.ar\" title=\"Home\">Home<\/a>\n\t\t<\/span><span class=\"aioseo-breadcrumb-separator\">&raquo;<\/span><span class=\"aioseo-breadcrumb\">\n\t\t\t<a href=\"https:\/\/loboproduccionesaudiovisuales.ar\/?cat=1\" title=\"Blog\">Blog<\/a>\n\t\t<\/span><span class=\"aioseo-breadcrumb-separator\">&raquo;<\/span><span class=\"aioseo-breadcrumb\">\n\t\t\tM\u00e9dicos Veterinarios constituyeron la Seccional Departamental La Paz y avanzan en temas clave\n\t\t<\/span><\/div>","aioseo_breadcrumb_json":[{"label":"Home","link":"https:\/\/loboproduccionesaudiovisuales.ar"},{"label":"Blog","link":"https:\/\/loboproduccionesaudiovisuales.ar\/?cat=1"},{"label":"M\u00e9dicos Veterinarios constituyeron la Seccional Departamental La Paz y avanzan en temas clave","link":"https:\/\/loboproduccionesaudiovisuales.ar\/?p=20260"}],"_links":{"self":[{"href":"https:\/\/loboproduccionesaudiovisuales.ar\/index.php?rest_route=\/wp\/v2\/posts\/20260","targetHints":{"allow":["GET"]}}],"collection":[{"href":"https:\/\/loboproduccionesaudiovisuales.ar\/index.php?rest_route=\/wp\/v2\/posts"}],"about":[{"href":"https:\/\/loboproduccionesaudiovisuales.ar\/index.php?rest_route=\/wp\/v2\/types\/post"}],"author":[{"embeddable":true,"href":"https:\/\/loboproduccionesaudiovisuales.ar\/index.php?rest_route=\/wp\/v2\/users\/3"}],"replies":[{"embeddable":true,"href":"https:\/\/loboproduccionesaudiovisuales.ar\/index.php?rest_route=%2Fwp%2Fv2%2Fcomments&post=20260"}],"version-history":[{"count":1,"href":"https:\/\/loboproduccionesaudiovisuales.ar\/index.php?rest_route=\/wp\/v2\/posts\/20260\/revisions"}],"predecessor-version":[{"id":20262,"href":"https:\/\/loboproduccionesaudiovisuales.ar\/index.php?rest_route=\/wp\/v2\/posts\/20260\/revisions\/20262"}],"wp:featuredmedia":[{"embeddable":true,"href":"https:\/\/loboproduccionesaudiovisuales.ar\/index.php?rest_route=\/wp\/v2\/media\/20261"}],"wp:attachment":[{"href":"https:\/\/loboproduccionesaudiovisuales.ar\/index.php?rest_route=%2Fwp%2Fv2%2Fmedia&parent=20260"}],"wp:term":[{"taxonomy":"category","embeddable":true,"href":"https:\/\/loboproduccionesaudiovisuales.ar\/index.php?rest_route=%2Fwp%2Fv2%2Fcategories&post=20260"},{"taxonomy":"post_tag","embeddable":true,"href":"https:\/\/loboproduccionesaudiovisuales.ar\/index.php?rest_route=%2Fwp%2Fv2%2Ftags&post=20260"}],"curies":[{"name":"wp","href":"https:\/\/api.w.org\/{rel}","templated":true}]}}