{"id":20078,"date":"2025-07-29T16:39:51","date_gmt":"2025-07-29T19:39:51","guid":{"rendered":"https:\/\/loboproduccionesaudiovisuales.ar\/?p=20078"},"modified":"2025-07-29T16:39:51","modified_gmt":"2025-07-29T19:39:51","slug":"historica-condena-por-incendios-en-el-delta-del-parana-apicultores-recibieron-prision-preventiva","status":"publish","type":"post","link":"https:\/\/loboproduccionesaudiovisuales.ar\/?p=20078","title":{"rendered":"Hist\u00f3rica condena por incendios en el Delta del Paran\u00e1: Apicultores recibieron prisi\u00f3n preventiva"},"content":{"rendered":"<p><strong>La causa judicial comenz\u00f3 a sustanciarse por los acontecimientos ocurridos el 23 de agosto de 2022 en la zona del arroyo El Tigre, en las Islas Lechiguanas, a la altura del kil\u00f3metro 310 del r\u00edo Paran\u00e1, donde el fuego comenz\u00f3 y se propag\u00f3 afectando a la ciudad de Rosario y zona de influencia.<\/strong><\/p>\n<p>&nbsp;<\/p>\n<p>La Justicia Federal conden\u00f3 a prisi\u00f3n efectiva a los tres apicultores oriundos de Villa Constituci\u00f3n juzgados por uno de los incendios m\u00e1s graves registrados en el Delta del Paran\u00e1 en los \u00faltimos a\u00f1os. El debate se realiz\u00f3 en Victoria.<\/p>\n<p>El Tribunal Oral Federal de Paran\u00e1, en su integraci\u00f3n unipersonal en la vocal\u00eda de Noem\u00ed Berros, resolvi\u00f3 condenar a Jes\u00fas Alberto Magallanes y Oscar Alberto Magallanes, a tres a\u00f1os y seis meses de c\u00e1rcel, y a Miguel Ram\u00f3n Morales a tres a\u00f1os y tres meses de prisi\u00f3n efectiva, por el delito de Estrago doloso por la quema de pastizales en la zona de islas de Victoria.<\/p>\n<p>Los tres condenados \u2013apicultores- fueron encontrados coautores del delito de Estrago doloso. Los hombres enfrentaron cargos por haber provocado, de forma intencional, un fuego de gran magnitud en la zona del arroyo El Tigre, Islas Lechiguanas, durante agosto de 2022, un mes cr\u00edtico por la proliferaci\u00f3n de focos \u00edgneos en la regi\u00f3n.<\/p>\n<p>El debate fue presidido por la jueza Federal, Noem\u00ed Berros, integrante del Tribunal Oral Federal en lo Criminal de Paran\u00e1. La causa judicial comenz\u00f3 a sustanciarse por los acontecimientos ocurridos el 23 de agosto de 2022 en la zona del arroyo El Tigre, en las Islas Lechiguanas, a la altura del kil\u00f3metro 310 del r\u00edo Paran\u00e1, donde el fuego comenz\u00f3 y se propag\u00f3 afectando a la ciudad de Rosario y zona de influencia.<\/p>\n<p>La versi\u00f3n defensiva de los acusados consisti\u00f3 en convencer a la jueza que su intenci\u00f3n fue realizar un cortafuego para proteger colmenas, pero el fuego se descontrol\u00f3 y termin\u00f3 consumiendo m\u00e1s de seis mil hect\u00e1reas de humedal.<\/p>\n<p>La nube de humo provocada por ese incendio cruz\u00f3 el r\u00edo y afect\u00f3 de forma directa al sur de Santa Fe, incluyendo a Rosario, donde se vivieron jornadas marcadas por la baja visibilidad, irritaciones respiratorias y un fuerte reclamo social por acciones concretas para frenar las quemas.(<em>Ahora<\/em>)<\/p>\n","protected":false},"excerpt":{"rendered":"<p>La causa judicial comenz\u00f3 a sustanciarse por los acontecimientos ocurridos el 23 de agosto de 2022 en la zona del&hellip;<\/p>\n","protected":false},"author":3,"featured_media":20079,"comment_status":"open","ping_status":"open","sticky":false,"template":"","format":"standard","meta":{"footnotes":""},"categories":[5,2,1,128,119,11],"tags":[],"class_list":["post-20078","post","type-post","status-publish","format-standard","has-post-thumbnail","hentry","category-actualidad","category-agro","category-blog","category-entre-rios","category-institucionales","category-medio-ambiente"],"aioseo_notices":[],"aioseo_head":"\n\t\t<!-- All in One SEO 5.0.1.1 - aioseo.com -->\n\t<meta name=\"description\" content=\"La causa judicial comenz\u00f3 a sustanciarse por los acontecimientos ocurridos el 23 de agosto de 2022 en la zona del arroyo El Tigre, en las Islas Lechiguanas, a la altura del kil\u00f3metro 310 del r\u00edo Paran\u00e1, donde el fuego comenz\u00f3 y se propag\u00f3 afectando a la ciudad de Rosario y zona de influencia. La\" \/>\n\t<meta name=\"robots\" content=\"max-image-preview:large\" \/>\n\t<meta name=\"author\" content=\"Gustavo Werner\"\/>\n\t<link rel=\"canonical\" href=\"https:\/\/loboproduccionesaudiovisuales.ar\/?p=20078\" \/>\n\t<meta name=\"generator\" content=\"All in One SEO (AIOSEO) 5.0.1.1\" \/>\n\t\t<meta property=\"og:locale\" content=\"es_ES\" \/>\n\t\t<meta property=\"og:site_name\" content=\"LOBO PRODUCCIONES AUDIOVISUALES - Sitio digital de noticias agroindustriales\" \/>\n\t\t<meta property=\"og:type\" content=\"article\" \/>\n\t\t<meta property=\"og:title\" content=\"Hist\u00f3rica condena por incendios en el Delta del Paran\u00e1: Apicultores recibieron prisi\u00f3n preventiva - LOBO PRODUCCIONES AUDIOVISUALES\" \/>\n\t\t<meta property=\"og:description\" content=\"La causa judicial comenz\u00f3 a sustanciarse por los acontecimientos ocurridos el 23 de agosto de 2022 en la zona del arroyo El Tigre, en las Islas Lechiguanas, a la altura del kil\u00f3metro 310 del r\u00edo Paran\u00e1, donde el fuego comenz\u00f3 y se propag\u00f3 afectando a la ciudad de Rosario y zona de influencia. La\" \/>\n\t\t<meta property=\"og:url\" content=\"https:\/\/loboproduccionesaudiovisuales.ar\/?p=20078\" \/>\n\t\t<meta property=\"og:image\" content=\"https:\/\/loboproduccionesaudiovisuales.ar\/wp-content\/uploads\/2023\/07\/LPA-web.jpg\" \/>\n\t\t<meta property=\"og:image:secure_url\" content=\"https:\/\/loboproduccionesaudiovisuales.ar\/wp-content\/uploads\/2023\/07\/LPA-web.jpg\" \/>\n\t\t<meta property=\"article:published_time\" content=\"2025-07-29T19:39:51+00:00\" \/>\n\t\t<meta property=\"article:modified_time\" content=\"2025-07-29T19:39:51+00:00\" \/>\n\t\t<meta name=\"twitter:card\" content=\"summary_large_image\" \/>\n\t\t<meta name=\"twitter:title\" content=\"Hist\u00f3rica condena por incendios en el Delta del Paran\u00e1: Apicultores recibieron prisi\u00f3n preventiva - LOBO PRODUCCIONES AUDIOVISUALES\" \/>\n\t\t<meta name=\"twitter:description\" content=\"La causa judicial comenz\u00f3 a sustanciarse por los acontecimientos ocurridos el 23 de agosto de 2022 en la zona del arroyo El Tigre, en las Islas Lechiguanas, a la altura del kil\u00f3metro 310 del r\u00edo Paran\u00e1, donde el fuego comenz\u00f3 y se propag\u00f3 afectando a la ciudad de Rosario y zona de influencia. La\" \/>\n\t\t<meta name=\"twitter:image\" content=\"https:\/\/loboproduccionesaudiovisuales.ar\/wp-content\/uploads\/2023\/07\/LPA-web.jpg\" \/>\n\t\t<script type=\"application\/ld+json\" class=\"aioseo-schema\">\n\t\t\t{\"@context\":\"https:\\\/\\\/schema.org\",\"@graph\":[{\"@type\":\"BlogPosting\",\"@id\":\"https:\\\/\\\/loboproduccionesaudiovisuales.ar\\\/?p=20078#blogposting\",\"name\":\"Hist\\u00f3rica condena por incendios en el Delta del Paran\\u00e1: Apicultores recibieron prisi\\u00f3n preventiva - LOBO PRODUCCIONES AUDIOVISUALES\",\"headline\":\"Hist\\u00f3rica condena por incendios en el Delta del Paran\\u00e1: Apicultores recibieron prisi\\u00f3n preventiva\",\"author\":{\"@id\":\"https:\\\/\\\/loboproduccionesaudiovisuales.ar\\\/?author=3#author\"},\"publisher\":{\"@id\":\"https:\\\/\\\/loboproduccionesaudiovisuales.ar\\\/#organization\"},\"image\":{\"@type\":\"ImageObject\",\"url\":\"https:\\\/\\\/loboproduccionesaudiovisuales.ar\\\/wp-content\\\/uploads\\\/2025\\\/07\\\/12172364593922535785.jpg\",\"width\":500,\"height\":261},\"datePublished\":\"2025-07-29T16:39:51-03:00\",\"dateModified\":\"2025-07-29T16:39:51-03:00\",\"inLanguage\":\"es-AR\",\"mainEntityOfPage\":{\"@id\":\"https:\\\/\\\/loboproduccionesaudiovisuales.ar\\\/?p=20078#webpage\"},\"isPartOf\":{\"@id\":\"https:\\\/\\\/loboproduccionesaudiovisuales.ar\\\/?p=20078#webpage\"},\"articleSection\":\"ACTUALIDAD, AGRO, Blog, ENTRE RIOS, INSTITUCIONALES, MEDIO AMBIENTE\"},{\"@type\":\"BreadcrumbList\",\"@id\":\"https:\\\/\\\/loboproduccionesaudiovisuales.ar\\\/?p=20078#breadcrumblist\",\"itemListElement\":[{\"@type\":\"ListItem\",\"@id\":\"https:\\\/\\\/loboproduccionesaudiovisuales.ar#listItem\",\"position\":1,\"name\":\"Home\",\"item\":\"https:\\\/\\\/loboproduccionesaudiovisuales.ar\",\"nextItem\":{\"@type\":\"ListItem\",\"@id\":\"https:\\\/\\\/loboproduccionesaudiovisuales.ar\\\/?cat=1#listItem\",\"name\":\"Blog\"}},{\"@type\":\"ListItem\",\"@id\":\"https:\\\/\\\/loboproduccionesaudiovisuales.ar\\\/?cat=1#listItem\",\"position\":2,\"name\":\"Blog\",\"item\":\"https:\\\/\\\/loboproduccionesaudiovisuales.ar\\\/?cat=1\",\"nextItem\":{\"@type\":\"ListItem\",\"@id\":\"https:\\\/\\\/loboproduccionesaudiovisuales.ar\\\/?p=20078#listItem\",\"name\":\"Hist\\u00f3rica condena por incendios en el Delta del Paran\\u00e1: Apicultores recibieron prisi\\u00f3n preventiva\"},\"previousItem\":{\"@type\":\"ListItem\",\"@id\":\"https:\\\/\\\/loboproduccionesaudiovisuales.ar#listItem\",\"name\":\"Home\"}},{\"@type\":\"ListItem\",\"@id\":\"https:\\\/\\\/loboproduccionesaudiovisuales.ar\\\/?p=20078#listItem\",\"position\":3,\"name\":\"Hist\\u00f3rica condena por incendios en el Delta del Paran\\u00e1: Apicultores recibieron prisi\\u00f3n preventiva\",\"previousItem\":{\"@type\":\"ListItem\",\"@id\":\"https:\\\/\\\/loboproduccionesaudiovisuales.ar\\\/?cat=1#listItem\",\"name\":\"Blog\"}}]},{\"@type\":\"Organization\",\"@id\":\"https:\\\/\\\/loboproduccionesaudiovisuales.ar\\\/#organization\",\"name\":\"loboproduccionesaudiovisuales.ar\",\"description\":\"Sitio digital de noticias agroindustriales\",\"url\":\"https:\\\/\\\/loboproduccionesaudiovisuales.ar\\\/\",\"logo\":{\"@type\":\"ImageObject\",\"url\":\"https:\\\/\\\/loboproduccionesaudiovisuales.ar\\\/wp-content\\\/uploads\\\/2023\\\/07\\\/LPA-web.jpg\",\"@id\":\"https:\\\/\\\/loboproduccionesaudiovisuales.ar\\\/?p=20078\\\/#organizationLogo\",\"width\":500,\"height\":144},\"image\":{\"@id\":\"https:\\\/\\\/loboproduccionesaudiovisuales.ar\\\/?p=20078\\\/#organizationLogo\"}},{\"@type\":\"Person\",\"@id\":\"https:\\\/\\\/loboproduccionesaudiovisuales.ar\\\/?author=3#author\",\"url\":\"https:\\\/\\\/loboproduccionesaudiovisuales.ar\\\/?author=3\",\"name\":\"Gustavo Werner\",\"image\":{\"@type\":\"ImageObject\",\"@id\":\"https:\\\/\\\/loboproduccionesaudiovisuales.ar\\\/?p=20078#authorImage\",\"url\":\"https:\\\/\\\/secure.gravatar.com\\\/avatar\\\/e04239ede7d02b80503013ac1fa61f308bbe3566e5a70df5bbef7c3725a0dcae?s=96&d=mm&r=g\",\"width\":96,\"height\":96,\"caption\":\"Gustavo Werner\"}},{\"@type\":\"WebPage\",\"@id\":\"https:\\\/\\\/loboproduccionesaudiovisuales.ar\\\/?p=20078#webpage\",\"url\":\"https:\\\/\\\/loboproduccionesaudiovisuales.ar\\\/?p=20078\",\"name\":\"Hist\\u00f3rica condena por incendios en el Delta del Paran\\u00e1: Apicultores recibieron prisi\\u00f3n preventiva - LOBO PRODUCCIONES AUDIOVISUALES\",\"description\":\"La causa judicial comenz\\u00f3 a sustanciarse por los acontecimientos ocurridos el 23 de agosto de 2022 en la zona del arroyo El Tigre, en las Islas Lechiguanas, a la altura del kil\\u00f3metro 310 del r\\u00edo Paran\\u00e1, donde el fuego comenz\\u00f3 y se propag\\u00f3 afectando a la ciudad de Rosario y zona de influencia. La\",\"inLanguage\":\"es-AR\",\"isPartOf\":{\"@id\":\"https:\\\/\\\/loboproduccionesaudiovisuales.ar\\\/#website\"},\"breadcrumb\":{\"@id\":\"https:\\\/\\\/loboproduccionesaudiovisuales.ar\\\/?p=20078#breadcrumblist\"},\"author\":{\"@id\":\"https:\\\/\\\/loboproduccionesaudiovisuales.ar\\\/?author=3#author\"},\"creator\":{\"@id\":\"https:\\\/\\\/loboproduccionesaudiovisuales.ar\\\/?author=3#author\"},\"image\":{\"@type\":\"ImageObject\",\"url\":\"https:\\\/\\\/loboproduccionesaudiovisuales.ar\\\/wp-content\\\/uploads\\\/2025\\\/07\\\/12172364593922535785.jpg\",\"@id\":\"https:\\\/\\\/loboproduccionesaudiovisuales.ar\\\/?p=20078\\\/#mainImage\",\"width\":500,\"height\":261},\"primaryImageOfPage\":{\"@id\":\"https:\\\/\\\/loboproduccionesaudiovisuales.ar\\\/?p=20078#mainImage\"},\"datePublished\":\"2025-07-29T16:39:51-03:00\",\"dateModified\":\"2025-07-29T16:39:51-03:00\"},{\"@type\":\"WebSite\",\"@id\":\"https:\\\/\\\/loboproduccionesaudiovisuales.ar\\\/#website\",\"url\":\"https:\\\/\\\/loboproduccionesaudiovisuales.ar\\\/\",\"name\":\"loboproduccionesaudiovisuales.ar\",\"alternateName\":\"Lobo Producciones\",\"description\":\"Sitio digital de noticias agroindustriales\",\"inLanguage\":\"es-AR\",\"publisher\":{\"@id\":\"https:\\\/\\\/loboproduccionesaudiovisuales.ar\\\/#organization\"}}]}\n\t\t<\/script>\n\t\t<!-- All in One SEO -->\n\n","aioseo_head_json":{"title":"Hist\u00f3rica condena por incendios en el Delta del Paran\u00e1: Apicultores recibieron prisi\u00f3n preventiva - LOBO PRODUCCIONES AUDIOVISUALES","description":"La causa judicial comenz\u00f3 a sustanciarse por los acontecimientos ocurridos el 23 de agosto de 2022 en la zona del arroyo El Tigre, en las Islas Lechiguanas, a la altura del kil\u00f3metro 310 del r\u00edo Paran\u00e1, donde el fuego comenz\u00f3 y se propag\u00f3 afectando a la ciudad de Rosario y zona de influencia. La","canonical_url":"https:\/\/loboproduccionesaudiovisuales.ar\/?p=20078","robots":"max-image-preview:large","keywords":"","webmasterTools":{"miscellaneous":""},"schema":{"@context":"https:\/\/schema.org","@graph":[{"@type":"BlogPosting","@id":"https:\/\/loboproduccionesaudiovisuales.ar\/?p=20078#blogposting","name":"Hist\u00f3rica condena por incendios en el Delta del Paran\u00e1: Apicultores recibieron prisi\u00f3n preventiva - LOBO PRODUCCIONES AUDIOVISUALES","headline":"Hist\u00f3rica condena por incendios en el Delta del Paran\u00e1: Apicultores recibieron prisi\u00f3n preventiva","author":{"@id":"https:\/\/loboproduccionesaudiovisuales.ar\/?author=3#author"},"publisher":{"@id":"https:\/\/loboproduccionesaudiovisuales.ar\/#organization"},"image":{"@type":"ImageObject","url":"https:\/\/loboproduccionesaudiovisuales.ar\/wp-content\/uploads\/2025\/07\/12172364593922535785.jpg","width":500,"height":261},"datePublished":"2025-07-29T16:39:51-03:00","dateModified":"2025-07-29T16:39:51-03:00","inLanguage":"es-AR","mainEntityOfPage":{"@id":"https:\/\/loboproduccionesaudiovisuales.ar\/?p=20078#webpage"},"isPartOf":{"@id":"https:\/\/loboproduccionesaudiovisuales.ar\/?p=20078#webpage"},"articleSection":"ACTUALIDAD, AGRO, Blog, ENTRE RIOS, INSTITUCIONALES, MEDIO AMBIENTE"},{"@type":"BreadcrumbList","@id":"https:\/\/loboproduccionesaudiovisuales.ar\/?p=20078#breadcrumblist","itemListElement":[{"@type":"ListItem","@id":"https:\/\/loboproduccionesaudiovisuales.ar#listItem","position":1,"name":"Home","item":"https:\/\/loboproduccionesaudiovisuales.ar","nextItem":{"@type":"ListItem","@id":"https:\/\/loboproduccionesaudiovisuales.ar\/?cat=1#listItem","name":"Blog"}},{"@type":"ListItem","@id":"https:\/\/loboproduccionesaudiovisuales.ar\/?cat=1#listItem","position":2,"name":"Blog","item":"https:\/\/loboproduccionesaudiovisuales.ar\/?cat=1","nextItem":{"@type":"ListItem","@id":"https:\/\/loboproduccionesaudiovisuales.ar\/?p=20078#listItem","name":"Hist\u00f3rica condena por incendios en el Delta del Paran\u00e1: Apicultores recibieron prisi\u00f3n preventiva"},"previousItem":{"@type":"ListItem","@id":"https:\/\/loboproduccionesaudiovisuales.ar#listItem","name":"Home"}},{"@type":"ListItem","@id":"https:\/\/loboproduccionesaudiovisuales.ar\/?p=20078#listItem","position":3,"name":"Hist\u00f3rica condena por incendios en el Delta del Paran\u00e1: Apicultores recibieron prisi\u00f3n preventiva","previousItem":{"@type":"ListItem","@id":"https:\/\/loboproduccionesaudiovisuales.ar\/?cat=1#listItem","name":"Blog"}}]},{"@type":"Organization","@id":"https:\/\/loboproduccionesaudiovisuales.ar\/#organization","name":"loboproduccionesaudiovisuales.ar","description":"Sitio digital de noticias agroindustriales","url":"https:\/\/loboproduccionesaudiovisuales.ar\/","logo":{"@type":"ImageObject","url":"https:\/\/loboproduccionesaudiovisuales.ar\/wp-content\/uploads\/2023\/07\/LPA-web.jpg","@id":"https:\/\/loboproduccionesaudiovisuales.ar\/?p=20078\/#organizationLogo","width":500,"height":144},"image":{"@id":"https:\/\/loboproduccionesaudiovisuales.ar\/?p=20078\/#organizationLogo"}},{"@type":"Person","@id":"https:\/\/loboproduccionesaudiovisuales.ar\/?author=3#author","url":"https:\/\/loboproduccionesaudiovisuales.ar\/?author=3","name":"Gustavo Werner","image":{"@type":"ImageObject","@id":"https:\/\/loboproduccionesaudiovisuales.ar\/?p=20078#authorImage","url":"https:\/\/secure.gravatar.com\/avatar\/e04239ede7d02b80503013ac1fa61f308bbe3566e5a70df5bbef7c3725a0dcae?s=96&d=mm&r=g","width":96,"height":96,"caption":"Gustavo Werner"}},{"@type":"WebPage","@id":"https:\/\/loboproduccionesaudiovisuales.ar\/?p=20078#webpage","url":"https:\/\/loboproduccionesaudiovisuales.ar\/?p=20078","name":"Hist\u00f3rica condena por incendios en el Delta del Paran\u00e1: Apicultores recibieron prisi\u00f3n preventiva - LOBO PRODUCCIONES AUDIOVISUALES","description":"La causa judicial comenz\u00f3 a sustanciarse por los acontecimientos ocurridos el 23 de agosto de 2022 en la zona del arroyo El Tigre, en las Islas Lechiguanas, a la altura del kil\u00f3metro 310 del r\u00edo Paran\u00e1, donde el fuego comenz\u00f3 y se propag\u00f3 afectando a la ciudad de Rosario y zona de influencia. La","inLanguage":"es-AR","isPartOf":{"@id":"https:\/\/loboproduccionesaudiovisuales.ar\/#website"},"breadcrumb":{"@id":"https:\/\/loboproduccionesaudiovisuales.ar\/?p=20078#breadcrumblist"},"author":{"@id":"https:\/\/loboproduccionesaudiovisuales.ar\/?author=3#author"},"creator":{"@id":"https:\/\/loboproduccionesaudiovisuales.ar\/?author=3#author"},"image":{"@type":"ImageObject","url":"https:\/\/loboproduccionesaudiovisuales.ar\/wp-content\/uploads\/2025\/07\/12172364593922535785.jpg","@id":"https:\/\/loboproduccionesaudiovisuales.ar\/?p=20078\/#mainImage","width":500,"height":261},"primaryImageOfPage":{"@id":"https:\/\/loboproduccionesaudiovisuales.ar\/?p=20078#mainImage"},"datePublished":"2025-07-29T16:39:51-03:00","dateModified":"2025-07-29T16:39:51-03:00"},{"@type":"WebSite","@id":"https:\/\/loboproduccionesaudiovisuales.ar\/#website","url":"https:\/\/loboproduccionesaudiovisuales.ar\/","name":"loboproduccionesaudiovisuales.ar","alternateName":"Lobo Producciones","description":"Sitio digital de noticias agroindustriales","inLanguage":"es-AR","publisher":{"@id":"https:\/\/loboproduccionesaudiovisuales.ar\/#organization"}}]},"og:locale":"es_ES","og:site_name":"LOBO PRODUCCIONES AUDIOVISUALES - Sitio digital de noticias agroindustriales","og:type":"article","og:title":"Hist\u00f3rica condena por incendios en el Delta del Paran\u00e1: Apicultores recibieron prisi\u00f3n preventiva - LOBO PRODUCCIONES AUDIOVISUALES","og:description":"La causa judicial comenz\u00f3 a sustanciarse por los acontecimientos ocurridos el 23 de agosto de 2022 en la zona del arroyo El Tigre, en las Islas Lechiguanas, a la altura del kil\u00f3metro 310 del r\u00edo Paran\u00e1, donde el fuego comenz\u00f3 y se propag\u00f3 afectando a la ciudad de Rosario y zona de influencia. La","og:url":"https:\/\/loboproduccionesaudiovisuales.ar\/?p=20078","og:image":"https:\/\/loboproduccionesaudiovisuales.ar\/wp-content\/uploads\/2023\/07\/LPA-web.jpg","og:image:secure_url":"https:\/\/loboproduccionesaudiovisuales.ar\/wp-content\/uploads\/2023\/07\/LPA-web.jpg","article:published_time":"2025-07-29T19:39:51+00:00","article:modified_time":"2025-07-29T19:39:51+00:00","twitter:card":"summary_large_image","twitter:title":"Hist\u00f3rica condena por incendios en el Delta del Paran\u00e1: Apicultores recibieron prisi\u00f3n preventiva - LOBO PRODUCCIONES AUDIOVISUALES","twitter:description":"La causa judicial comenz\u00f3 a sustanciarse por los acontecimientos ocurridos el 23 de agosto de 2022 en la zona del arroyo El Tigre, en las Islas Lechiguanas, a la altura del kil\u00f3metro 310 del r\u00edo Paran\u00e1, donde el fuego comenz\u00f3 y se propag\u00f3 afectando a la ciudad de Rosario y zona de influencia. La","twitter:image":"https:\/\/loboproduccionesaudiovisuales.ar\/wp-content\/uploads\/2023\/07\/LPA-web.jpg"},"aioseo_meta_data":{"post_id":"20078","title":null,"description":null,"keywords":null,"keyphrases":{"focus":{"keyphrase":"","score":0,"analysis":{"keyphraseInTitle":{"score":0,"maxScore":9,"error":1}}},"additional":[]},"primary_term":null,"canonical_url":null,"og_title":null,"og_description":null,"og_object_type":"default","og_image_type":"default","og_image_url":null,"og_image_width":null,"og_image_height":null,"og_image_custom_url":null,"og_image_custom_fields":null,"og_video":"","og_custom_url":null,"og_article_section":null,"og_article_tags":null,"twitter_use_og":false,"twitter_card":"default","twitter_image_type":"default","twitter_image_url":null,"twitter_image_custom_url":null,"twitter_image_custom_fields":null,"twitter_title":null,"twitter_description":null,"schema":{"blockGraphs":[],"customGraphs":[],"default":{"data":{"Article":[],"Course":[],"Dataset":[],"FAQPage":[],"Movie":[],"Person":[],"Product":[],"ProductReview":[],"Car":[],"Recipe":[],"Service":[],"SoftwareApplication":[],"WebPage":[]},"graphName":"BlogPosting","isEnabled":true},"graphs":[]},"schema_type":"default","schema_type_options":null,"pillar_content":false,"robots_default":true,"robots_noindex":false,"robots_noarchive":false,"robots_nosnippet":false,"robots_nofollow":false,"robots_noimageindex":false,"robots_noodp":false,"robots_notranslate":false,"robots_max_snippet":"-1","robots_max_videopreview":"-1","robots_max_imagepreview":"large","priority":null,"frequency":"default","local_seo":null,"breadcrumb_settings":null,"limit_modified_date":false,"ai":{"faqs":[],"keyPoints":[],"titles":[],"descriptions":[],"socialPosts":{"email":[],"linkedin":[],"twitter":[],"facebook":[],"instagram":[]}},"created":"2025-07-29 19:39:51","updated":"2025-07-29 19:40:22","seo_analyzer_scan_date":null,"focus_keyword":null,"additional_keywords":null,"truseo_locale":null},"aioseo_breadcrumb":"<div class=\"aioseo-breadcrumbs\"><span class=\"aioseo-breadcrumb\">\n\t\t\t<a href=\"https:\/\/loboproduccionesaudiovisuales.ar\" title=\"Home\">Home<\/a>\n\t\t<\/span><span class=\"aioseo-breadcrumb-separator\">&raquo;<\/span><span class=\"aioseo-breadcrumb\">\n\t\t\t<a href=\"https:\/\/loboproduccionesaudiovisuales.ar\/?cat=1\" title=\"Blog\">Blog<\/a>\n\t\t<\/span><span class=\"aioseo-breadcrumb-separator\">&raquo;<\/span><span class=\"aioseo-breadcrumb\">\n\t\t\tHist\u00f3rica condena por incendios en el Delta del Paran\u00e1: Apicultores recibieron prisi\u00f3n preventiva\n\t\t<\/span><\/div>","aioseo_breadcrumb_json":[{"label":"Home","link":"https:\/\/loboproduccionesaudiovisuales.ar"},{"label":"Blog","link":"https:\/\/loboproduccionesaudiovisuales.ar\/?cat=1"},{"label":"Hist\u00f3rica condena por incendios en el Delta del Paran\u00e1: Apicultores recibieron prisi\u00f3n preventiva","link":"https:\/\/loboproduccionesaudiovisuales.ar\/?p=20078"}],"_links":{"self":[{"href":"https:\/\/loboproduccionesaudiovisuales.ar\/index.php?rest_route=\/wp\/v2\/posts\/20078","targetHints":{"allow":["GET"]}}],"collection":[{"href":"https:\/\/loboproduccionesaudiovisuales.ar\/index.php?rest_route=\/wp\/v2\/posts"}],"about":[{"href":"https:\/\/loboproduccionesaudiovisuales.ar\/index.php?rest_route=\/wp\/v2\/types\/post"}],"author":[{"embeddable":true,"href":"https:\/\/loboproduccionesaudiovisuales.ar\/index.php?rest_route=\/wp\/v2\/users\/3"}],"replies":[{"embeddable":true,"href":"https:\/\/loboproduccionesaudiovisuales.ar\/index.php?rest_route=%2Fwp%2Fv2%2Fcomments&post=20078"}],"version-history":[{"count":1,"href":"https:\/\/loboproduccionesaudiovisuales.ar\/index.php?rest_route=\/wp\/v2\/posts\/20078\/revisions"}],"predecessor-version":[{"id":20080,"href":"https:\/\/loboproduccionesaudiovisuales.ar\/index.php?rest_route=\/wp\/v2\/posts\/20078\/revisions\/20080"}],"wp:featuredmedia":[{"embeddable":true,"href":"https:\/\/loboproduccionesaudiovisuales.ar\/index.php?rest_route=\/wp\/v2\/media\/20079"}],"wp:attachment":[{"href":"https:\/\/loboproduccionesaudiovisuales.ar\/index.php?rest_route=%2Fwp%2Fv2%2Fmedia&parent=20078"}],"wp:term":[{"taxonomy":"category","embeddable":true,"href":"https:\/\/loboproduccionesaudiovisuales.ar\/index.php?rest_route=%2Fwp%2Fv2%2Fcategories&post=20078"},{"taxonomy":"post_tag","embeddable":true,"href":"https:\/\/loboproduccionesaudiovisuales.ar\/index.php?rest_route=%2Fwp%2Fv2%2Ftags&post=20078"}],"curies":[{"name":"wp","href":"https:\/\/api.w.org\/{rel}","templated":true}]}}