{"id":20055,"date":"2025-07-28T09:38:57","date_gmt":"2025-07-28T12:38:57","guid":{"rendered":"https:\/\/loboproduccionesaudiovisuales.ar\/?p=20055"},"modified":"2025-07-28T09:38:57","modified_gmt":"2025-07-28T12:38:57","slug":"aseguran-que-las-bajas-temperaturas-pegaron-con-fuerza-en-el-sector-citricola","status":"publish","type":"post","link":"https:\/\/loboproduccionesaudiovisuales.ar\/?p=20055","title":{"rendered":"Aseguran que las bajas temperaturas pegaron con fuerza en el sector citr\u00edcola"},"content":{"rendered":"<p><strong>Productores coincidieron en que el brusco descenso de las temperaturas, sumado al granizo registrado meses atr\u00e1s, impact\u00f3 directamente en la producci\u00f3n.<\/strong><\/p>\n<p>&nbsp;<\/p>\n<p>Marcos Dal Mazo, presidente de la Asociaci\u00f3n de Citricultores de Villa del Rosario; Elvio Calgaro, productor de la misma zona; y H\u00e9ctor Toller, citricultor de Federaci\u00f3n, se refirieron a las consecuencias que dej\u00f3 la ola polar en el Macizo Citr\u00edcola. Coincidieron en que el brusco descenso de las temperaturas, sumado al granizo registrado meses atr\u00e1s, impact\u00f3 directamente en la producci\u00f3n.<\/p>\n<p>Dal Mazo, desde su quinta familiar, explic\u00f3: \u201cLa helada fue fuerte en toda la zona, con temperaturas muy bajas para lo que es habitual en nuestra regi\u00f3n. Sufrimos t\u00e9rmicas de hasta 7 grados bajo cero y ya se est\u00e1n viendo los da\u00f1os, sobre todo en la recolecci\u00f3n de mandarinas. En planta, al menos en nuestra zona, no tanto; aunque en otras regiones s\u00ed hubo m\u00e1s da\u00f1o en las plantas\u201d.<\/p>\n<p>El dirigente agreg\u00f3: \u201cSiempre se habla de que los c\u00edtricos necesitan algo de fr\u00edo, alguna helada, pero no con estas temperaturas. Cuando decimos \u2018heladita\u2019 nos referimos a cero grados. Ya cuando baja de eso, se complica, m\u00e1s a\u00fan viniendo de un per\u00edodo de sequ\u00eda\u201d.<\/p>\n<p>Por su parte, Elvio Calgaro, desde su chacra cercana a Villa del Rosario, coment\u00f3: \u201cLas plantas no muestran un da\u00f1o como en otros a\u00f1os, cuando se las ve\u00eda marrones y sec\u00e1ndose. Este a\u00f1o parecen intactas, pero lo que s\u00ed se ve es lo que pas\u00f3 con la fruta: una gran parte est\u00e1 literalmente quemada\u201d.<\/p>\n<p>Con varias campa\u00f1as sobre sus espaldas, Calgaro remarc\u00f3: \u201cEl c\u00edtrico no est\u00e1 preparado para soportar temperaturas tan extremas como seis, siete u ocho grados bajo cero. No podemos hablar de una helada temprana, sino de un fen\u00f3meno at\u00edpico, con varias jornadas de fr\u00edo extremo sostenido que dej\u00f3 su mara\u201d.<\/p>\n<p>Por \u00faltimo, H\u00e9ctor Toller, productor y federado de Federaci\u00f3n, indic\u00f3 que \u201cen parte de nuestra zona, gracias al lago que genera un microclima, el impacto fue algo menor. Aun as\u00ed, la situaci\u00f3n general es muy complicada. Fueron muchas horas de helada intensa: a las 7 de la tarde ya estaba helando y el fen\u00f3meno se mantuvo hasta el mediod\u00eda del d\u00eda siguiente\u201d, concluy\u00f3.<\/p>\n","protected":false},"excerpt":{"rendered":"<p>Productores coincidieron en que el brusco descenso de las temperaturas, sumado al granizo registrado meses atr\u00e1s, impact\u00f3 directamente en la&hellip;<\/p>\n","protected":false},"author":3,"featured_media":20056,"comment_status":"open","ping_status":"open","sticky":false,"template":"","format":"standard","meta":{"footnotes":""},"categories":[5,2,1,291,128],"tags":[],"class_list":["post-20055","post","type-post","status-publish","format-standard","has-post-thumbnail","hentry","category-actualidad","category-agro","category-blog","category-citricultura","category-entre-rios"],"aioseo_notices":[],"aioseo_head":"\n\t\t<!-- All in One SEO 5.0.1.1 - aioseo.com -->\n\t<meta name=\"description\" content=\"Productores coincidieron en que el brusco descenso de las temperaturas, sumado al granizo registrado meses atr\u00e1s, impact\u00f3 directamente en la producci\u00f3n. Marcos Dal Mazo, presidente de la Asociaci\u00f3n de Citricultores de Villa del Rosario; Elvio Calgaro, productor de la misma zona; y H\u00e9ctor Toller, citricultor de Federaci\u00f3n, se refirieron a las consecuencias que dej\u00f3\" \/>\n\t<meta name=\"robots\" content=\"max-image-preview:large\" \/>\n\t<meta name=\"author\" content=\"Gustavo Werner\"\/>\n\t<link rel=\"canonical\" href=\"https:\/\/loboproduccionesaudiovisuales.ar\/?p=20055\" \/>\n\t<meta name=\"generator\" content=\"All in One SEO (AIOSEO) 5.0.1.1\" \/>\n\t\t<meta property=\"og:locale\" content=\"es_ES\" \/>\n\t\t<meta property=\"og:site_name\" content=\"LOBO PRODUCCIONES AUDIOVISUALES - Sitio digital de noticias agroindustriales\" \/>\n\t\t<meta property=\"og:type\" content=\"article\" \/>\n\t\t<meta property=\"og:title\" content=\"Aseguran que las bajas temperaturas pegaron con fuerza en el sector citr\u00edcola - LOBO PRODUCCIONES AUDIOVISUALES\" \/>\n\t\t<meta property=\"og:description\" content=\"Productores coincidieron en que el brusco descenso de las temperaturas, sumado al granizo registrado meses atr\u00e1s, impact\u00f3 directamente en la producci\u00f3n. Marcos Dal Mazo, presidente de la Asociaci\u00f3n de Citricultores de Villa del Rosario; Elvio Calgaro, productor de la misma zona; y H\u00e9ctor Toller, citricultor de Federaci\u00f3n, se refirieron a las consecuencias que dej\u00f3\" \/>\n\t\t<meta property=\"og:url\" content=\"https:\/\/loboproduccionesaudiovisuales.ar\/?p=20055\" \/>\n\t\t<meta property=\"og:image\" content=\"https:\/\/loboproduccionesaudiovisuales.ar\/wp-content\/uploads\/2023\/07\/LPA-web.jpg\" \/>\n\t\t<meta property=\"og:image:secure_url\" content=\"https:\/\/loboproduccionesaudiovisuales.ar\/wp-content\/uploads\/2023\/07\/LPA-web.jpg\" \/>\n\t\t<meta property=\"article:published_time\" content=\"2025-07-28T12:38:57+00:00\" \/>\n\t\t<meta property=\"article:modified_time\" content=\"2025-07-28T12:38:57+00:00\" \/>\n\t\t<meta name=\"twitter:card\" content=\"summary_large_image\" \/>\n\t\t<meta name=\"twitter:title\" content=\"Aseguran que las bajas temperaturas pegaron con fuerza en el sector citr\u00edcola - LOBO PRODUCCIONES AUDIOVISUALES\" \/>\n\t\t<meta name=\"twitter:description\" content=\"Productores coincidieron en que el brusco descenso de las temperaturas, sumado al granizo registrado meses atr\u00e1s, impact\u00f3 directamente en la producci\u00f3n. Marcos Dal Mazo, presidente de la Asociaci\u00f3n de Citricultores de Villa del Rosario; Elvio Calgaro, productor de la misma zona; y H\u00e9ctor Toller, citricultor de Federaci\u00f3n, se refirieron a las consecuencias que dej\u00f3\" \/>\n\t\t<meta name=\"twitter:image\" content=\"https:\/\/loboproduccionesaudiovisuales.ar\/wp-content\/uploads\/2023\/07\/LPA-web.jpg\" \/>\n\t\t<script type=\"application\/ld+json\" class=\"aioseo-schema\">\n\t\t\t{\"@context\":\"https:\\\/\\\/schema.org\",\"@graph\":[{\"@type\":\"BlogPosting\",\"@id\":\"https:\\\/\\\/loboproduccionesaudiovisuales.ar\\\/?p=20055#blogposting\",\"name\":\"Aseguran que las bajas temperaturas pegaron con fuerza en el sector citr\\u00edcola - LOBO PRODUCCIONES AUDIOVISUALES\",\"headline\":\"Aseguran que las bajas temperaturas pegaron con fuerza en el sector citr\\u00edcola\",\"author\":{\"@id\":\"https:\\\/\\\/loboproduccionesaudiovisuales.ar\\\/?author=3#author\"},\"publisher\":{\"@id\":\"https:\\\/\\\/loboproduccionesaudiovisuales.ar\\\/#organization\"},\"image\":{\"@type\":\"ImageObject\",\"url\":\"https:\\\/\\\/loboproduccionesaudiovisuales.ar\\\/wp-content\\\/uploads\\\/2025\\\/07\\\/citricultura-entre-rios-696x464-1.jpg\",\"width\":696,\"height\":464},\"datePublished\":\"2025-07-28T09:38:57-03:00\",\"dateModified\":\"2025-07-28T09:38:57-03:00\",\"inLanguage\":\"es-AR\",\"mainEntityOfPage\":{\"@id\":\"https:\\\/\\\/loboproduccionesaudiovisuales.ar\\\/?p=20055#webpage\"},\"isPartOf\":{\"@id\":\"https:\\\/\\\/loboproduccionesaudiovisuales.ar\\\/?p=20055#webpage\"},\"articleSection\":\"ACTUALIDAD, AGRO, Blog, CITRICULTURA, ENTRE RIOS\"},{\"@type\":\"BreadcrumbList\",\"@id\":\"https:\\\/\\\/loboproduccionesaudiovisuales.ar\\\/?p=20055#breadcrumblist\",\"itemListElement\":[{\"@type\":\"ListItem\",\"@id\":\"https:\\\/\\\/loboproduccionesaudiovisuales.ar#listItem\",\"position\":1,\"name\":\"Home\",\"item\":\"https:\\\/\\\/loboproduccionesaudiovisuales.ar\",\"nextItem\":{\"@type\":\"ListItem\",\"@id\":\"https:\\\/\\\/loboproduccionesaudiovisuales.ar\\\/?cat=1#listItem\",\"name\":\"Blog\"}},{\"@type\":\"ListItem\",\"@id\":\"https:\\\/\\\/loboproduccionesaudiovisuales.ar\\\/?cat=1#listItem\",\"position\":2,\"name\":\"Blog\",\"item\":\"https:\\\/\\\/loboproduccionesaudiovisuales.ar\\\/?cat=1\",\"nextItem\":{\"@type\":\"ListItem\",\"@id\":\"https:\\\/\\\/loboproduccionesaudiovisuales.ar\\\/?p=20055#listItem\",\"name\":\"Aseguran que las bajas temperaturas pegaron con fuerza en el sector citr\\u00edcola\"},\"previousItem\":{\"@type\":\"ListItem\",\"@id\":\"https:\\\/\\\/loboproduccionesaudiovisuales.ar#listItem\",\"name\":\"Home\"}},{\"@type\":\"ListItem\",\"@id\":\"https:\\\/\\\/loboproduccionesaudiovisuales.ar\\\/?p=20055#listItem\",\"position\":3,\"name\":\"Aseguran que las bajas temperaturas pegaron con fuerza en el sector citr\\u00edcola\",\"previousItem\":{\"@type\":\"ListItem\",\"@id\":\"https:\\\/\\\/loboproduccionesaudiovisuales.ar\\\/?cat=1#listItem\",\"name\":\"Blog\"}}]},{\"@type\":\"Organization\",\"@id\":\"https:\\\/\\\/loboproduccionesaudiovisuales.ar\\\/#organization\",\"name\":\"loboproduccionesaudiovisuales.ar\",\"description\":\"Sitio digital de noticias agroindustriales\",\"url\":\"https:\\\/\\\/loboproduccionesaudiovisuales.ar\\\/\",\"logo\":{\"@type\":\"ImageObject\",\"url\":\"https:\\\/\\\/loboproduccionesaudiovisuales.ar\\\/wp-content\\\/uploads\\\/2023\\\/07\\\/LPA-web.jpg\",\"@id\":\"https:\\\/\\\/loboproduccionesaudiovisuales.ar\\\/?p=20055\\\/#organizationLogo\",\"width\":500,\"height\":144},\"image\":{\"@id\":\"https:\\\/\\\/loboproduccionesaudiovisuales.ar\\\/?p=20055\\\/#organizationLogo\"}},{\"@type\":\"Person\",\"@id\":\"https:\\\/\\\/loboproduccionesaudiovisuales.ar\\\/?author=3#author\",\"url\":\"https:\\\/\\\/loboproduccionesaudiovisuales.ar\\\/?author=3\",\"name\":\"Gustavo Werner\",\"image\":{\"@type\":\"ImageObject\",\"@id\":\"https:\\\/\\\/loboproduccionesaudiovisuales.ar\\\/?p=20055#authorImage\",\"url\":\"https:\\\/\\\/secure.gravatar.com\\\/avatar\\\/e04239ede7d02b80503013ac1fa61f308bbe3566e5a70df5bbef7c3725a0dcae?s=96&d=mm&r=g\",\"width\":96,\"height\":96,\"caption\":\"Gustavo Werner\"}},{\"@type\":\"WebPage\",\"@id\":\"https:\\\/\\\/loboproduccionesaudiovisuales.ar\\\/?p=20055#webpage\",\"url\":\"https:\\\/\\\/loboproduccionesaudiovisuales.ar\\\/?p=20055\",\"name\":\"Aseguran que las bajas temperaturas pegaron con fuerza en el sector citr\\u00edcola - LOBO PRODUCCIONES AUDIOVISUALES\",\"description\":\"Productores coincidieron en que el brusco descenso de las temperaturas, sumado al granizo registrado meses atr\\u00e1s, impact\\u00f3 directamente en la producci\\u00f3n. Marcos Dal Mazo, presidente de la Asociaci\\u00f3n de Citricultores de Villa del Rosario; Elvio Calgaro, productor de la misma zona; y H\\u00e9ctor Toller, citricultor de Federaci\\u00f3n, se refirieron a las consecuencias que dej\\u00f3\",\"inLanguage\":\"es-AR\",\"isPartOf\":{\"@id\":\"https:\\\/\\\/loboproduccionesaudiovisuales.ar\\\/#website\"},\"breadcrumb\":{\"@id\":\"https:\\\/\\\/loboproduccionesaudiovisuales.ar\\\/?p=20055#breadcrumblist\"},\"author\":{\"@id\":\"https:\\\/\\\/loboproduccionesaudiovisuales.ar\\\/?author=3#author\"},\"creator\":{\"@id\":\"https:\\\/\\\/loboproduccionesaudiovisuales.ar\\\/?author=3#author\"},\"image\":{\"@type\":\"ImageObject\",\"url\":\"https:\\\/\\\/loboproduccionesaudiovisuales.ar\\\/wp-content\\\/uploads\\\/2025\\\/07\\\/citricultura-entre-rios-696x464-1.jpg\",\"@id\":\"https:\\\/\\\/loboproduccionesaudiovisuales.ar\\\/?p=20055\\\/#mainImage\",\"width\":696,\"height\":464},\"primaryImageOfPage\":{\"@id\":\"https:\\\/\\\/loboproduccionesaudiovisuales.ar\\\/?p=20055#mainImage\"},\"datePublished\":\"2025-07-28T09:38:57-03:00\",\"dateModified\":\"2025-07-28T09:38:57-03:00\"},{\"@type\":\"WebSite\",\"@id\":\"https:\\\/\\\/loboproduccionesaudiovisuales.ar\\\/#website\",\"url\":\"https:\\\/\\\/loboproduccionesaudiovisuales.ar\\\/\",\"name\":\"loboproduccionesaudiovisuales.ar\",\"alternateName\":\"Lobo Producciones\",\"description\":\"Sitio digital de noticias agroindustriales\",\"inLanguage\":\"es-AR\",\"publisher\":{\"@id\":\"https:\\\/\\\/loboproduccionesaudiovisuales.ar\\\/#organization\"}}]}\n\t\t<\/script>\n\t\t<!-- All in One SEO -->\n\n","aioseo_head_json":{"title":"Aseguran que las bajas temperaturas pegaron con fuerza en el sector citr\u00edcola - LOBO PRODUCCIONES AUDIOVISUALES","description":"Productores coincidieron en que el brusco descenso de las temperaturas, sumado al granizo registrado meses atr\u00e1s, impact\u00f3 directamente en la producci\u00f3n. Marcos Dal Mazo, presidente de la Asociaci\u00f3n de Citricultores de Villa del Rosario; Elvio Calgaro, productor de la misma zona; y H\u00e9ctor Toller, citricultor de Federaci\u00f3n, se refirieron a las consecuencias que dej\u00f3","canonical_url":"https:\/\/loboproduccionesaudiovisuales.ar\/?p=20055","robots":"max-image-preview:large","keywords":"","webmasterTools":{"miscellaneous":""},"schema":{"@context":"https:\/\/schema.org","@graph":[{"@type":"BlogPosting","@id":"https:\/\/loboproduccionesaudiovisuales.ar\/?p=20055#blogposting","name":"Aseguran que las bajas temperaturas pegaron con fuerza en el sector citr\u00edcola - LOBO PRODUCCIONES AUDIOVISUALES","headline":"Aseguran que las bajas temperaturas pegaron con fuerza en el sector citr\u00edcola","author":{"@id":"https:\/\/loboproduccionesaudiovisuales.ar\/?author=3#author"},"publisher":{"@id":"https:\/\/loboproduccionesaudiovisuales.ar\/#organization"},"image":{"@type":"ImageObject","url":"https:\/\/loboproduccionesaudiovisuales.ar\/wp-content\/uploads\/2025\/07\/citricultura-entre-rios-696x464-1.jpg","width":696,"height":464},"datePublished":"2025-07-28T09:38:57-03:00","dateModified":"2025-07-28T09:38:57-03:00","inLanguage":"es-AR","mainEntityOfPage":{"@id":"https:\/\/loboproduccionesaudiovisuales.ar\/?p=20055#webpage"},"isPartOf":{"@id":"https:\/\/loboproduccionesaudiovisuales.ar\/?p=20055#webpage"},"articleSection":"ACTUALIDAD, AGRO, Blog, CITRICULTURA, ENTRE RIOS"},{"@type":"BreadcrumbList","@id":"https:\/\/loboproduccionesaudiovisuales.ar\/?p=20055#breadcrumblist","itemListElement":[{"@type":"ListItem","@id":"https:\/\/loboproduccionesaudiovisuales.ar#listItem","position":1,"name":"Home","item":"https:\/\/loboproduccionesaudiovisuales.ar","nextItem":{"@type":"ListItem","@id":"https:\/\/loboproduccionesaudiovisuales.ar\/?cat=1#listItem","name":"Blog"}},{"@type":"ListItem","@id":"https:\/\/loboproduccionesaudiovisuales.ar\/?cat=1#listItem","position":2,"name":"Blog","item":"https:\/\/loboproduccionesaudiovisuales.ar\/?cat=1","nextItem":{"@type":"ListItem","@id":"https:\/\/loboproduccionesaudiovisuales.ar\/?p=20055#listItem","name":"Aseguran que las bajas temperaturas pegaron con fuerza en el sector citr\u00edcola"},"previousItem":{"@type":"ListItem","@id":"https:\/\/loboproduccionesaudiovisuales.ar#listItem","name":"Home"}},{"@type":"ListItem","@id":"https:\/\/loboproduccionesaudiovisuales.ar\/?p=20055#listItem","position":3,"name":"Aseguran que las bajas temperaturas pegaron con fuerza en el sector citr\u00edcola","previousItem":{"@type":"ListItem","@id":"https:\/\/loboproduccionesaudiovisuales.ar\/?cat=1#listItem","name":"Blog"}}]},{"@type":"Organization","@id":"https:\/\/loboproduccionesaudiovisuales.ar\/#organization","name":"loboproduccionesaudiovisuales.ar","description":"Sitio digital de noticias agroindustriales","url":"https:\/\/loboproduccionesaudiovisuales.ar\/","logo":{"@type":"ImageObject","url":"https:\/\/loboproduccionesaudiovisuales.ar\/wp-content\/uploads\/2023\/07\/LPA-web.jpg","@id":"https:\/\/loboproduccionesaudiovisuales.ar\/?p=20055\/#organizationLogo","width":500,"height":144},"image":{"@id":"https:\/\/loboproduccionesaudiovisuales.ar\/?p=20055\/#organizationLogo"}},{"@type":"Person","@id":"https:\/\/loboproduccionesaudiovisuales.ar\/?author=3#author","url":"https:\/\/loboproduccionesaudiovisuales.ar\/?author=3","name":"Gustavo Werner","image":{"@type":"ImageObject","@id":"https:\/\/loboproduccionesaudiovisuales.ar\/?p=20055#authorImage","url":"https:\/\/secure.gravatar.com\/avatar\/e04239ede7d02b80503013ac1fa61f308bbe3566e5a70df5bbef7c3725a0dcae?s=96&d=mm&r=g","width":96,"height":96,"caption":"Gustavo Werner"}},{"@type":"WebPage","@id":"https:\/\/loboproduccionesaudiovisuales.ar\/?p=20055#webpage","url":"https:\/\/loboproduccionesaudiovisuales.ar\/?p=20055","name":"Aseguran que las bajas temperaturas pegaron con fuerza en el sector citr\u00edcola - LOBO PRODUCCIONES AUDIOVISUALES","description":"Productores coincidieron en que el brusco descenso de las temperaturas, sumado al granizo registrado meses atr\u00e1s, impact\u00f3 directamente en la producci\u00f3n. Marcos Dal Mazo, presidente de la Asociaci\u00f3n de Citricultores de Villa del Rosario; Elvio Calgaro, productor de la misma zona; y H\u00e9ctor Toller, citricultor de Federaci\u00f3n, se refirieron a las consecuencias que dej\u00f3","inLanguage":"es-AR","isPartOf":{"@id":"https:\/\/loboproduccionesaudiovisuales.ar\/#website"},"breadcrumb":{"@id":"https:\/\/loboproduccionesaudiovisuales.ar\/?p=20055#breadcrumblist"},"author":{"@id":"https:\/\/loboproduccionesaudiovisuales.ar\/?author=3#author"},"creator":{"@id":"https:\/\/loboproduccionesaudiovisuales.ar\/?author=3#author"},"image":{"@type":"ImageObject","url":"https:\/\/loboproduccionesaudiovisuales.ar\/wp-content\/uploads\/2025\/07\/citricultura-entre-rios-696x464-1.jpg","@id":"https:\/\/loboproduccionesaudiovisuales.ar\/?p=20055\/#mainImage","width":696,"height":464},"primaryImageOfPage":{"@id":"https:\/\/loboproduccionesaudiovisuales.ar\/?p=20055#mainImage"},"datePublished":"2025-07-28T09:38:57-03:00","dateModified":"2025-07-28T09:38:57-03:00"},{"@type":"WebSite","@id":"https:\/\/loboproduccionesaudiovisuales.ar\/#website","url":"https:\/\/loboproduccionesaudiovisuales.ar\/","name":"loboproduccionesaudiovisuales.ar","alternateName":"Lobo Producciones","description":"Sitio digital de noticias agroindustriales","inLanguage":"es-AR","publisher":{"@id":"https:\/\/loboproduccionesaudiovisuales.ar\/#organization"}}]},"og:locale":"es_ES","og:site_name":"LOBO PRODUCCIONES AUDIOVISUALES - Sitio digital de noticias agroindustriales","og:type":"article","og:title":"Aseguran que las bajas temperaturas pegaron con fuerza en el sector citr\u00edcola - LOBO PRODUCCIONES AUDIOVISUALES","og:description":"Productores coincidieron en que el brusco descenso de las temperaturas, sumado al granizo registrado meses atr\u00e1s, impact\u00f3 directamente en la producci\u00f3n. Marcos Dal Mazo, presidente de la Asociaci\u00f3n de Citricultores de Villa del Rosario; Elvio Calgaro, productor de la misma zona; y H\u00e9ctor Toller, citricultor de Federaci\u00f3n, se refirieron a las consecuencias que dej\u00f3","og:url":"https:\/\/loboproduccionesaudiovisuales.ar\/?p=20055","og:image":"https:\/\/loboproduccionesaudiovisuales.ar\/wp-content\/uploads\/2023\/07\/LPA-web.jpg","og:image:secure_url":"https:\/\/loboproduccionesaudiovisuales.ar\/wp-content\/uploads\/2023\/07\/LPA-web.jpg","article:published_time":"2025-07-28T12:38:57+00:00","article:modified_time":"2025-07-28T12:38:57+00:00","twitter:card":"summary_large_image","twitter:title":"Aseguran que las bajas temperaturas pegaron con fuerza en el sector citr\u00edcola - LOBO PRODUCCIONES AUDIOVISUALES","twitter:description":"Productores coincidieron en que el brusco descenso de las temperaturas, sumado al granizo registrado meses atr\u00e1s, impact\u00f3 directamente en la producci\u00f3n. Marcos Dal Mazo, presidente de la Asociaci\u00f3n de Citricultores de Villa del Rosario; Elvio Calgaro, productor de la misma zona; y H\u00e9ctor Toller, citricultor de Federaci\u00f3n, se refirieron a las consecuencias que dej\u00f3","twitter:image":"https:\/\/loboproduccionesaudiovisuales.ar\/wp-content\/uploads\/2023\/07\/LPA-web.jpg"},"aioseo_meta_data":{"post_id":"20055","title":null,"description":null,"keywords":null,"keyphrases":{"focus":{"keyphrase":"","score":0,"analysis":{"keyphraseInTitle":{"score":0,"maxScore":9,"error":1}}},"additional":[]},"primary_term":null,"canonical_url":null,"og_title":null,"og_description":null,"og_object_type":"default","og_image_type":"default","og_image_url":null,"og_image_width":null,"og_image_height":null,"og_image_custom_url":null,"og_image_custom_fields":null,"og_video":"","og_custom_url":null,"og_article_section":null,"og_article_tags":null,"twitter_use_og":false,"twitter_card":"default","twitter_image_type":"default","twitter_image_url":null,"twitter_image_custom_url":null,"twitter_image_custom_fields":null,"twitter_title":null,"twitter_description":null,"schema":{"blockGraphs":[],"customGraphs":[],"default":{"data":{"Article":[],"Course":[],"Dataset":[],"FAQPage":[],"Movie":[],"Person":[],"Product":[],"ProductReview":[],"Car":[],"Recipe":[],"Service":[],"SoftwareApplication":[],"WebPage":[]},"graphName":"BlogPosting","isEnabled":true},"graphs":[]},"schema_type":"default","schema_type_options":null,"pillar_content":false,"robots_default":true,"robots_noindex":false,"robots_noarchive":false,"robots_nosnippet":false,"robots_nofollow":false,"robots_noimageindex":false,"robots_noodp":false,"robots_notranslate":false,"robots_max_snippet":"-1","robots_max_videopreview":"-1","robots_max_imagepreview":"large","priority":null,"frequency":"default","local_seo":null,"breadcrumb_settings":null,"limit_modified_date":false,"ai":{"faqs":[],"keyPoints":[],"titles":[],"descriptions":[],"socialPosts":{"email":[],"linkedin":[],"twitter":[],"facebook":[],"instagram":[]}},"created":"2025-07-28 12:38:57","updated":"2025-07-28 12:39:06","seo_analyzer_scan_date":null,"focus_keyword":null,"additional_keywords":null,"truseo_locale":null},"aioseo_breadcrumb":"<div class=\"aioseo-breadcrumbs\"><span class=\"aioseo-breadcrumb\">\n\t\t\t<a href=\"https:\/\/loboproduccionesaudiovisuales.ar\" title=\"Home\">Home<\/a>\n\t\t<\/span><span class=\"aioseo-breadcrumb-separator\">&raquo;<\/span><span class=\"aioseo-breadcrumb\">\n\t\t\t<a href=\"https:\/\/loboproduccionesaudiovisuales.ar\/?cat=1\" title=\"Blog\">Blog<\/a>\n\t\t<\/span><span class=\"aioseo-breadcrumb-separator\">&raquo;<\/span><span class=\"aioseo-breadcrumb\">\n\t\t\tAseguran que las bajas temperaturas pegaron con fuerza en el sector citr\u00edcola\n\t\t<\/span><\/div>","aioseo_breadcrumb_json":[{"label":"Home","link":"https:\/\/loboproduccionesaudiovisuales.ar"},{"label":"Blog","link":"https:\/\/loboproduccionesaudiovisuales.ar\/?cat=1"},{"label":"Aseguran que las bajas temperaturas pegaron con fuerza en el sector citr\u00edcola","link":"https:\/\/loboproduccionesaudiovisuales.ar\/?p=20055"}],"_links":{"self":[{"href":"https:\/\/loboproduccionesaudiovisuales.ar\/index.php?rest_route=\/wp\/v2\/posts\/20055","targetHints":{"allow":["GET"]}}],"collection":[{"href":"https:\/\/loboproduccionesaudiovisuales.ar\/index.php?rest_route=\/wp\/v2\/posts"}],"about":[{"href":"https:\/\/loboproduccionesaudiovisuales.ar\/index.php?rest_route=\/wp\/v2\/types\/post"}],"author":[{"embeddable":true,"href":"https:\/\/loboproduccionesaudiovisuales.ar\/index.php?rest_route=\/wp\/v2\/users\/3"}],"replies":[{"embeddable":true,"href":"https:\/\/loboproduccionesaudiovisuales.ar\/index.php?rest_route=%2Fwp%2Fv2%2Fcomments&post=20055"}],"version-history":[{"count":1,"href":"https:\/\/loboproduccionesaudiovisuales.ar\/index.php?rest_route=\/wp\/v2\/posts\/20055\/revisions"}],"predecessor-version":[{"id":20057,"href":"https:\/\/loboproduccionesaudiovisuales.ar\/index.php?rest_route=\/wp\/v2\/posts\/20055\/revisions\/20057"}],"wp:featuredmedia":[{"embeddable":true,"href":"https:\/\/loboproduccionesaudiovisuales.ar\/index.php?rest_route=\/wp\/v2\/media\/20056"}],"wp:attachment":[{"href":"https:\/\/loboproduccionesaudiovisuales.ar\/index.php?rest_route=%2Fwp%2Fv2%2Fmedia&parent=20055"}],"wp:term":[{"taxonomy":"category","embeddable":true,"href":"https:\/\/loboproduccionesaudiovisuales.ar\/index.php?rest_route=%2Fwp%2Fv2%2Fcategories&post=20055"},{"taxonomy":"post_tag","embeddable":true,"href":"https:\/\/loboproduccionesaudiovisuales.ar\/index.php?rest_route=%2Fwp%2Fv2%2Ftags&post=20055"}],"curies":[{"name":"wp","href":"https:\/\/api.w.org\/{rel}","templated":true}]}}