{"id":20010,"date":"2025-07-22T12:09:26","date_gmt":"2025-07-22T15:09:26","guid":{"rendered":"https:\/\/loboproduccionesaudiovisuales.ar\/?p=20010"},"modified":"2025-07-22T12:09:26","modified_gmt":"2025-07-22T15:09:26","slug":"colza-carinata-y-camelia-capean-las-heladas-de-julio-y-crecen-entonadas","status":"publish","type":"post","link":"https:\/\/loboproduccionesaudiovisuales.ar\/?p=20010","title":{"rendered":"Colza, carinata y camelia capean las heladas de julio y crecen entonadas"},"content":{"rendered":"<article class=\"cont-cuerpo\">\n<section class=\"texto\"><strong>La superficie dedicada a la siembra de colza, carinata y camelina entrerriana ser\u00eda similar a la registrada el a\u00f1o pasado, que fue de 17.300 hect\u00e1reas.<\/strong><\/p>\n<p>&nbsp;<\/p>\n<p>Seg\u00fan reportan desde la Bolsa de Cereales de Entre R\u00edos, el estado fenol\u00f3gico de los cultivos es variable. Los primeros lotes sembrados a partir de la segunda quincena de abril, se encuentran actualmente en elongaci\u00f3n del tallo. En cambio, los \u00faltimos lotes implantados \u2014principalmente de camelina\u2014 entre mediados de junio y mediados de julio, se ubican desde emergencia hasta el primer par de hojas verdaderas.<\/p>\n<p>Cabe mencionar que la mayor parte del \u00e1rea se encuentra en la etapa de roseta.<\/p>\n<p>La condici\u00f3n de brassicaceas en Entre R\u00edos se divide en:<\/p>\n<p>Muy Bueno: 35%<\/p>\n<p>Bueno: 59%<\/p>\n<p>Regular 4%<\/p>\n<p>Malo 2%<\/p>\n<p>Se destac\u00f3 que, en general, se lograron buenas densidades de plantas, salvo en las \u00faltimas hect\u00e1reas sembradas, que sufrieron excesos h\u00eddricos.<\/p>\n<p>Por otra parte, luego de las fuertes heladas registradas a comienzos de julio, la oleaginosa se ha recuperado sin mayores inconvenientes.<\/p>\n<p>Finalmente, se informa que se est\u00e1 monitoreando la presencia de Plutella, aunque los niveles actuales no justifican a\u00fan la aplicaci\u00f3n de insecticidas.<\/p>\n<\/section>\n<\/article>\n","protected":false},"excerpt":{"rendered":"<p>La superficie dedicada a la siembra de colza, carinata y camelina entrerriana ser\u00eda similar a la registrada el a\u00f1o pasado,&hellip;<\/p>\n","protected":false},"author":3,"featured_media":20011,"comment_status":"open","ping_status":"open","sticky":false,"template":"","format":"standard","meta":{"footnotes":""},"categories":[5,2,1,128],"tags":[],"class_list":["post-20010","post","type-post","status-publish","format-standard","has-post-thumbnail","hentry","category-actualidad","category-agro","category-blog","category-entre-rios"],"aioseo_notices":[],"_links":{"self":[{"href":"https:\/\/loboproduccionesaudiovisuales.ar\/index.php?rest_route=\/wp\/v2\/posts\/20010","targetHints":{"allow":["GET"]}}],"collection":[{"href":"https:\/\/loboproduccionesaudiovisuales.ar\/index.php?rest_route=\/wp\/v2\/posts"}],"about":[{"href":"https:\/\/loboproduccionesaudiovisuales.ar\/index.php?rest_route=\/wp\/v2\/types\/post"}],"author":[{"embeddable":true,"href":"https:\/\/loboproduccionesaudiovisuales.ar\/index.php?rest_route=\/wp\/v2\/users\/3"}],"replies":[{"embeddable":true,"href":"https:\/\/loboproduccionesaudiovisuales.ar\/index.php?rest_route=%2Fwp%2Fv2%2Fcomments&post=20010"}],"version-history":[{"count":1,"href":"https:\/\/loboproduccionesaudiovisuales.ar\/index.php?rest_route=\/wp\/v2\/posts\/20010\/revisions"}],"predecessor-version":[{"id":20012,"href":"https:\/\/loboproduccionesaudiovisuales.ar\/index.php?rest_route=\/wp\/v2\/posts\/20010\/revisions\/20012"}],"wp:featuredmedia":[{"embeddable":true,"href":"https:\/\/loboproduccionesaudiovisuales.ar\/index.php?rest_route=\/wp\/v2\/media\/20011"}],"wp:attachment":[{"href":"https:\/\/loboproduccionesaudiovisuales.ar\/index.php?rest_route=%2Fwp%2Fv2%2Fmedia&parent=20010"}],"wp:term":[{"taxonomy":"category","embeddable":true,"href":"https:\/\/loboproduccionesaudiovisuales.ar\/index.php?rest_route=%2Fwp%2Fv2%2Fcategories&post=20010"},{"taxonomy":"post_tag","embeddable":true,"href":"https:\/\/loboproduccionesaudiovisuales.ar\/index.php?rest_route=%2Fwp%2Fv2%2Ftags&post=20010"}],"curies":[{"name":"wp","href":"https:\/\/api.w.org\/{rel}","templated":true}]}}