{"id":19862,"date":"2025-07-04T09:55:50","date_gmt":"2025-07-04T12:55:50","guid":{"rendered":"https:\/\/loboproduccionesaudiovisuales.ar\/?p=19862"},"modified":"2025-07-04T09:55:50","modified_gmt":"2025-07-04T12:55:50","slug":"cayeron-a-cero-las-ventas-externas-de-maiz-soja-y-trigo-tras-suba-de-retenciones","status":"publish","type":"post","link":"https:\/\/loboproduccionesaudiovisuales.ar\/?p=19862","title":{"rendered":"Cayeron a cero las ventas externas de ma\u00edz, soja y trigo tras suba de retenciones"},"content":{"rendered":"<h2 class=\"bajada\">El martes de esta semana solo se anotaron vol\u00famenes marginales en productos industriales, con 3.150 toneladas de aceite de soja, 103 de girasol, 160 de aceite de girasol y 500 toneladas de subproductos de girasol.<\/h2>\n<p>&nbsp;<\/p>\n<p>El martes 2 de julio dej\u00f3 una imagen clara del impacto negativo que ha tenido en el sector agroindustrial el reciente aumento de las retenciones dispuesto por el Gobierno nacional. Seg\u00fan el registro oficial de\u00a0<b>Declaraciones Juradas de Ventas al Exterior (DJVE)<\/b>, no se registraron nuevas exportaciones de\u00a0<b>ma\u00edz, soja, trigo, sorgo ni cebada<\/b>.<\/p>\n<p>&nbsp;<\/p>\n<p>Solo se anotaron vol\u00famenes marginales en productos industriales, como\u00a0<b>3.150 toneladas de aceite de soja<\/b>,\u00a0<b>103 toneladas de girasol<\/b>,\u00a0<b>160 toneladas de aceite de girasol<\/b>\u00a0y\u00a0<b>500 toneladas de subproductos de girasol<\/b>. Esta fuerte retracci\u00f3n en los registros resalta una tendencia de par\u00e1lisis comercial en un sector clave de la econom\u00eda argentina.<\/p>\n<div class=\"embed nota-relacionada\">\n<div class=\"inner-art\">\n<article class=\" en-bandera\">\n<figure class=\"en-bandera__figure \"><a class=\"en-bandera__ancla-img link-img\" href=\"https:\/\/www.elonce.com\/politica\/etchevehere-cuestiono-el-aumento-de-retenciones.htm\" aria-label=\"Etchevehere contra las retenciones: &quot;Son un tributo da\u00f1ino, injusto y discriminatorio&quot;\"><picture><source srcset=\"https:\/\/elonce-media.elonce.com\/fotos\/2025\/06\/27\/m_1751056499_80631.webp\" media=\"(max-width:767px)\" \/><source srcset=\"https:\/\/elonce-media.elonce.com\/fotos\/2025\/06\/27\/m_1751056499_80631.webp\" media=\"(max-width:1023px)\" \/><source srcset=\"https:\/\/elonce-media.elonce.com\/fotos\/2025\/06\/27\/m_1751056499_80631.webp\" \/><img loading=\"lazy\" decoding=\"async\" src=\"https:\/\/elonce-media.elonce.com\/fotos\/2025\/06\/27\/m_1751056499_80631.webp\" alt=\"Etchevehere contra las retenciones: &quot;Son un tributo da\u00f1ino, injusto y discriminatorio&quot;\" width=\"600\" height=\"400\" \/><\/picture><\/a><\/figure>\n<header class=\"en-bandera__header\">\n<h2 class=\"en-bandera__h2 titulo-sub \">Etchevehere contra las retenciones: &#8220;Son un tributo da\u00f1ino, injusto y discriminatorio&#8221;<\/h2>\n<\/header>\n<\/article>\n<\/div>\n<\/div>\n<p>La ca\u00edda en las exportaciones se produce en el marco de un contexto de creciente malestar entre los productores agropecuarios debido a las modificaciones impositivas. El aumento de las retenciones gener\u00f3<b>\u00a0preocupaciones en toda la cadena agroindustrial<\/b>. Distintas entidades del sector alertan que el nuevo esquema de retenciones\u00a0<b>erosiona la rentabilidad, desincentiva la comercializaci\u00f3n<\/b>\u00a0y pone en riesgo la\u00a0<b>sostenibilidad de las exportaciones<\/b>.<\/p>\n<div class=\"banner banner-parrafo\">\n<div id=\"banner-ad-interior-art\" data-zone-id=\"123\"><\/div>\n<\/div>\n<p>&nbsp;<\/p>\n<h3><b>Medidas gubernamentales y la reacci\u00f3n del sector agroindustrial<\/b><\/h3>\n<p>El Gobierno nacional tom\u00f3 la decisi\u00f3n de\u00a0<b>extender la rebaja temporaria de las retenciones para el trigo y la cebada<\/b>\u00a0hasta el 31 de marzo de 2026. Sin embargo,\u00a0<b>esta medida no incluy\u00f3 a los dem\u00e1s cultivos<\/b>, por lo que las al\u00edcuotas volvieron a los\u00a0<b>porcentajes previos al 27 de enero<\/b>, cuando se hab\u00eda dispuesto la baja temporal. La retenci\u00f3n a la\u00a0<b>soja<\/b>\u00a0pas\u00f3 del\u00a0<b>26% al 33%<\/b>, la del\u00a0<b>ma\u00edz y el sorgo<\/b>\u00a0subi\u00f3 del\u00a0<b>9,5% al 12%<\/b>, y la del\u00a0<b>girasol<\/b>\u00a0pas\u00f3 del\u00a0<b>5,5% al 7%<\/b>.<\/p>\n<p>&nbsp;<\/p>\n<p>Esta modificaci\u00f3n en el r\u00e9gimen de retenciones ha sido percibida como un fuerte golpe para el sector, que ya hab\u00eda experimentado un notable volumen de declaraciones acumuladas.\u00a0<b>Desde el 27 de enero hasta el 30 de junio<\/b>, las exportaciones registraron m\u00e1s de\u00a0<b>45 millones de toneladas<\/b>\u00a0en productos agroindustriales, un volumen que evidencia la importancia de estos cultivos para la econom\u00eda del pa\u00eds.<\/p>\n<p>&nbsp;<\/p>\n<h3><b>Impacto en el complejo sojero y los productos de mayor volumen<\/b><\/h3>\n<p>A pesar de las dificultades generadas por el nuevo esquema de retenciones, el\u00a0<b>complejo sojero<\/b>\u00a0sigue liderando el ranking de productos exportados. Desde fines de enero, se han declarado\u00a0<b>16,9 millones de toneladas de subproductos<\/b>\u00a0(como pellets y harinas proteicas),\u00a0<b>7,16 millones de toneladas de poroto<\/b>, y casi\u00a0<b>4 millones de toneladas de aceite de soja<\/b>. Solo en la jornada del pasado viernes se anotaron m\u00e1s de\u00a0<b>1,1 millones de toneladas de subproductos<\/b>,\u00a0<b>600 mil toneladas de poroto<\/b>\u00a0y\u00a0<b>126 mil toneladas de aceite de soja<\/b>.<\/p>\n<div class=\"banner banner-parrafo\">\n<div id=\"banner-ad-interior-art-2\" data-zone-id=\"124\"><\/div>\n<\/div>\n<p>&nbsp;<\/p>\n<p>Por su parte, el\u00a0<b>ma\u00edz<\/b>\u00a0se consolida como el cultivo con mayor volumen declarado, con un total de\u00a0<b>19,7 millones de toneladas<\/b>\u00a0desde el 27 de enero. De este total,\u00a0<b>m\u00e1s de 1,8 millones de toneladas<\/b>\u00a0fueron registradas solo en el \u00faltimo d\u00eda informado. Este dato demuestra la importancia que sigue teniendo el ma\u00edz en el panorama exportador, a pesar de la incertidumbre que genera el entorno econ\u00f3mico actual.<\/p>\n<p>&nbsp;<\/p>\n<p>A pesar de la desaceleraci\u00f3n en las exportaciones, los \u00faltimos 15 d\u00edas de junio habr\u00edan dejado un\u00a0<b>ingreso aproximado de US$ 5.600 millones<\/b>. Este volumen de divisas es clave para el mantenimiento de la balanza comercial y el financiamiento de la deuda externa del pa\u00eds. Sin embargo, el sector agroindustrial sigue preocupado por los efectos de la pol\u00edtica impositiva y las posibles consecuencias a largo plazo en la competitividad internacional de los productos argentinos. (Con informaci\u00f3n de\u00a0<i>Clar\u00edn<\/i>)<\/p>\n","protected":false},"excerpt":{"rendered":"<p>El martes de esta semana solo se anotaron vol\u00famenes marginales en productos industriales, con 3.150 toneladas de aceite de soja,&hellip;<\/p>\n","protected":false},"author":3,"featured_media":19863,"comment_status":"open","ping_status":"open","sticky":false,"template":"","format":"standard","meta":{"footnotes":""},"categories":[5,2,1,141,128,168],"tags":[261],"class_list":["post-19862","post","type-post","status-publish","format-standard","has-post-thumbnail","hentry","category-actualidad","category-agro","category-blog","category-economia","category-entre-rios","category-nacionales","tag-retenciones"],"aioseo_notices":[],"aioseo_head":"\n\t\t<!-- All in One SEO 5.0.1.1 - aioseo.com -->\n\t<meta name=\"description\" content=\"El martes de esta semana solo se anotaron vol\u00famenes marginales en productos industriales, con 3.150 toneladas de aceite de soja, 103 de girasol, 160 de aceite de girasol y 500 toneladas de subproductos de girasol. El martes 2 de julio dej\u00f3 una imagen clara del impacto negativo que ha tenido en el sector agroindustrial\" \/>\n\t<meta name=\"robots\" content=\"max-image-preview:large\" \/>\n\t<meta name=\"author\" content=\"Gustavo Werner\"\/>\n\t<link rel=\"canonical\" href=\"https:\/\/loboproduccionesaudiovisuales.ar\/?p=19862\" \/>\n\t<meta name=\"generator\" content=\"All in One SEO (AIOSEO) 5.0.1.1\" \/>\n\t\t<meta property=\"og:locale\" content=\"es_ES\" \/>\n\t\t<meta property=\"og:site_name\" content=\"LOBO PRODUCCIONES AUDIOVISUALES - Sitio digital de noticias agroindustriales\" \/>\n\t\t<meta property=\"og:type\" content=\"article\" \/>\n\t\t<meta property=\"og:title\" content=\"Cayeron a cero las ventas externas de ma\u00edz, soja y trigo tras suba de retenciones - LOBO PRODUCCIONES AUDIOVISUALES\" \/>\n\t\t<meta property=\"og:description\" content=\"El martes de esta semana solo se anotaron vol\u00famenes marginales en productos industriales, con 3.150 toneladas de aceite de soja, 103 de girasol, 160 de aceite de girasol y 500 toneladas de subproductos de girasol. El martes 2 de julio dej\u00f3 una imagen clara del impacto negativo que ha tenido en el sector agroindustrial\" \/>\n\t\t<meta property=\"og:url\" content=\"https:\/\/loboproduccionesaudiovisuales.ar\/?p=19862\" \/>\n\t\t<meta property=\"og:image\" content=\"https:\/\/loboproduccionesaudiovisuales.ar\/wp-content\/uploads\/2023\/07\/LPA-web.jpg\" \/>\n\t\t<meta property=\"og:image:secure_url\" content=\"https:\/\/loboproduccionesaudiovisuales.ar\/wp-content\/uploads\/2023\/07\/LPA-web.jpg\" \/>\n\t\t<meta property=\"article:published_time\" content=\"2025-07-04T12:55:50+00:00\" \/>\n\t\t<meta property=\"article:modified_time\" content=\"2025-07-04T12:55:50+00:00\" \/>\n\t\t<meta name=\"twitter:card\" content=\"summary_large_image\" \/>\n\t\t<meta name=\"twitter:title\" content=\"Cayeron a cero las ventas externas de ma\u00edz, soja y trigo tras suba de retenciones - LOBO PRODUCCIONES AUDIOVISUALES\" \/>\n\t\t<meta name=\"twitter:description\" content=\"El martes de esta semana solo se anotaron vol\u00famenes marginales en productos industriales, con 3.150 toneladas de aceite de soja, 103 de girasol, 160 de aceite de girasol y 500 toneladas de subproductos de girasol. El martes 2 de julio dej\u00f3 una imagen clara del impacto negativo que ha tenido en el sector agroindustrial\" \/>\n\t\t<meta name=\"twitter:image\" content=\"https:\/\/loboproduccionesaudiovisuales.ar\/wp-content\/uploads\/2023\/07\/LPA-web.jpg\" \/>\n\t\t<script type=\"application\/ld+json\" class=\"aioseo-schema\">\n\t\t\t{\"@context\":\"https:\\\/\\\/schema.org\",\"@graph\":[{\"@type\":\"BlogPosting\",\"@id\":\"https:\\\/\\\/loboproduccionesaudiovisuales.ar\\\/?p=19862#blogposting\",\"name\":\"Cayeron a cero las ventas externas de ma\\u00edz, soja y trigo tras suba de retenciones - LOBO PRODUCCIONES AUDIOVISUALES\",\"headline\":\"Cayeron a cero las ventas externas de ma\\u00edz, soja y trigo tras suba de retenciones\",\"author\":{\"@id\":\"https:\\\/\\\/loboproduccionesaudiovisuales.ar\\\/?author=3#author\"},\"publisher\":{\"@id\":\"https:\\\/\\\/loboproduccionesaudiovisuales.ar\\\/#organization\"},\"image\":{\"@type\":\"ImageObject\",\"url\":\"https:\\\/\\\/loboproduccionesaudiovisuales.ar\\\/wp-content\\\/uploads\\\/2025\\\/07\\\/l_1735583323_43506.webp\",\"width\":1200,\"height\":800},\"datePublished\":\"2025-07-04T09:55:50-03:00\",\"dateModified\":\"2025-07-04T09:55:50-03:00\",\"inLanguage\":\"es-AR\",\"mainEntityOfPage\":{\"@id\":\"https:\\\/\\\/loboproduccionesaudiovisuales.ar\\\/?p=19862#webpage\"},\"isPartOf\":{\"@id\":\"https:\\\/\\\/loboproduccionesaudiovisuales.ar\\\/?p=19862#webpage\"},\"articleSection\":\"ACTUALIDAD, AGRO, Blog, ECONOMIA, ENTRE RIOS, NACIONALES, retenciones\"},{\"@type\":\"BreadcrumbList\",\"@id\":\"https:\\\/\\\/loboproduccionesaudiovisuales.ar\\\/?p=19862#breadcrumblist\",\"itemListElement\":[{\"@type\":\"ListItem\",\"@id\":\"https:\\\/\\\/loboproduccionesaudiovisuales.ar#listItem\",\"position\":1,\"name\":\"Home\",\"item\":\"https:\\\/\\\/loboproduccionesaudiovisuales.ar\",\"nextItem\":{\"@type\":\"ListItem\",\"@id\":\"https:\\\/\\\/loboproduccionesaudiovisuales.ar\\\/?cat=1#listItem\",\"name\":\"Blog\"}},{\"@type\":\"ListItem\",\"@id\":\"https:\\\/\\\/loboproduccionesaudiovisuales.ar\\\/?cat=1#listItem\",\"position\":2,\"name\":\"Blog\",\"item\":\"https:\\\/\\\/loboproduccionesaudiovisuales.ar\\\/?cat=1\",\"nextItem\":{\"@type\":\"ListItem\",\"@id\":\"https:\\\/\\\/loboproduccionesaudiovisuales.ar\\\/?p=19862#listItem\",\"name\":\"Cayeron a cero las ventas externas de ma\\u00edz, soja y trigo tras suba de retenciones\"},\"previousItem\":{\"@type\":\"ListItem\",\"@id\":\"https:\\\/\\\/loboproduccionesaudiovisuales.ar#listItem\",\"name\":\"Home\"}},{\"@type\":\"ListItem\",\"@id\":\"https:\\\/\\\/loboproduccionesaudiovisuales.ar\\\/?p=19862#listItem\",\"position\":3,\"name\":\"Cayeron a cero las ventas externas de ma\\u00edz, soja y trigo tras suba de retenciones\",\"previousItem\":{\"@type\":\"ListItem\",\"@id\":\"https:\\\/\\\/loboproduccionesaudiovisuales.ar\\\/?cat=1#listItem\",\"name\":\"Blog\"}}]},{\"@type\":\"Organization\",\"@id\":\"https:\\\/\\\/loboproduccionesaudiovisuales.ar\\\/#organization\",\"name\":\"loboproduccionesaudiovisuales.ar\",\"description\":\"Sitio digital de noticias agroindustriales\",\"url\":\"https:\\\/\\\/loboproduccionesaudiovisuales.ar\\\/\",\"logo\":{\"@type\":\"ImageObject\",\"url\":\"https:\\\/\\\/loboproduccionesaudiovisuales.ar\\\/wp-content\\\/uploads\\\/2023\\\/07\\\/LPA-web.jpg\",\"@id\":\"https:\\\/\\\/loboproduccionesaudiovisuales.ar\\\/?p=19862\\\/#organizationLogo\",\"width\":500,\"height\":144},\"image\":{\"@id\":\"https:\\\/\\\/loboproduccionesaudiovisuales.ar\\\/?p=19862\\\/#organizationLogo\"}},{\"@type\":\"Person\",\"@id\":\"https:\\\/\\\/loboproduccionesaudiovisuales.ar\\\/?author=3#author\",\"url\":\"https:\\\/\\\/loboproduccionesaudiovisuales.ar\\\/?author=3\",\"name\":\"Gustavo Werner\",\"image\":{\"@type\":\"ImageObject\",\"@id\":\"https:\\\/\\\/loboproduccionesaudiovisuales.ar\\\/?p=19862#authorImage\",\"url\":\"https:\\\/\\\/secure.gravatar.com\\\/avatar\\\/e04239ede7d02b80503013ac1fa61f308bbe3566e5a70df5bbef7c3725a0dcae?s=96&d=mm&r=g\",\"width\":96,\"height\":96,\"caption\":\"Gustavo Werner\"}},{\"@type\":\"WebPage\",\"@id\":\"https:\\\/\\\/loboproduccionesaudiovisuales.ar\\\/?p=19862#webpage\",\"url\":\"https:\\\/\\\/loboproduccionesaudiovisuales.ar\\\/?p=19862\",\"name\":\"Cayeron a cero las ventas externas de ma\\u00edz, soja y trigo tras suba de retenciones - LOBO PRODUCCIONES AUDIOVISUALES\",\"description\":\"El martes de esta semana solo se anotaron vol\\u00famenes marginales en productos industriales, con 3.150 toneladas de aceite de soja, 103 de girasol, 160 de aceite de girasol y 500 toneladas de subproductos de girasol. El martes 2 de julio dej\\u00f3 una imagen clara del impacto negativo que ha tenido en el sector agroindustrial\",\"inLanguage\":\"es-AR\",\"isPartOf\":{\"@id\":\"https:\\\/\\\/loboproduccionesaudiovisuales.ar\\\/#website\"},\"breadcrumb\":{\"@id\":\"https:\\\/\\\/loboproduccionesaudiovisuales.ar\\\/?p=19862#breadcrumblist\"},\"author\":{\"@id\":\"https:\\\/\\\/loboproduccionesaudiovisuales.ar\\\/?author=3#author\"},\"creator\":{\"@id\":\"https:\\\/\\\/loboproduccionesaudiovisuales.ar\\\/?author=3#author\"},\"image\":{\"@type\":\"ImageObject\",\"url\":\"https:\\\/\\\/loboproduccionesaudiovisuales.ar\\\/wp-content\\\/uploads\\\/2025\\\/07\\\/l_1735583323_43506.webp\",\"@id\":\"https:\\\/\\\/loboproduccionesaudiovisuales.ar\\\/?p=19862\\\/#mainImage\",\"width\":1200,\"height\":800},\"primaryImageOfPage\":{\"@id\":\"https:\\\/\\\/loboproduccionesaudiovisuales.ar\\\/?p=19862#mainImage\"},\"datePublished\":\"2025-07-04T09:55:50-03:00\",\"dateModified\":\"2025-07-04T09:55:50-03:00\"},{\"@type\":\"WebSite\",\"@id\":\"https:\\\/\\\/loboproduccionesaudiovisuales.ar\\\/#website\",\"url\":\"https:\\\/\\\/loboproduccionesaudiovisuales.ar\\\/\",\"name\":\"loboproduccionesaudiovisuales.ar\",\"alternateName\":\"Lobo Producciones\",\"description\":\"Sitio digital de noticias agroindustriales\",\"inLanguage\":\"es-AR\",\"publisher\":{\"@id\":\"https:\\\/\\\/loboproduccionesaudiovisuales.ar\\\/#organization\"}}]}\n\t\t<\/script>\n\t\t<!-- All in One SEO -->\n\n","aioseo_head_json":{"title":"Cayeron a cero las ventas externas de ma\u00edz, soja y trigo tras suba de retenciones - LOBO PRODUCCIONES AUDIOVISUALES","description":"El martes de esta semana solo se anotaron vol\u00famenes marginales en productos industriales, con 3.150 toneladas de aceite de soja, 103 de girasol, 160 de aceite de girasol y 500 toneladas de subproductos de girasol. El martes 2 de julio dej\u00f3 una imagen clara del impacto negativo que ha tenido en el sector agroindustrial","canonical_url":"https:\/\/loboproduccionesaudiovisuales.ar\/?p=19862","robots":"max-image-preview:large","keywords":"","webmasterTools":{"miscellaneous":""},"schema":{"@context":"https:\/\/schema.org","@graph":[{"@type":"BlogPosting","@id":"https:\/\/loboproduccionesaudiovisuales.ar\/?p=19862#blogposting","name":"Cayeron a cero las ventas externas de ma\u00edz, soja y trigo tras suba de retenciones - LOBO PRODUCCIONES AUDIOVISUALES","headline":"Cayeron a cero las ventas externas de ma\u00edz, soja y trigo tras suba de retenciones","author":{"@id":"https:\/\/loboproduccionesaudiovisuales.ar\/?author=3#author"},"publisher":{"@id":"https:\/\/loboproduccionesaudiovisuales.ar\/#organization"},"image":{"@type":"ImageObject","url":"https:\/\/loboproduccionesaudiovisuales.ar\/wp-content\/uploads\/2025\/07\/l_1735583323_43506.webp","width":1200,"height":800},"datePublished":"2025-07-04T09:55:50-03:00","dateModified":"2025-07-04T09:55:50-03:00","inLanguage":"es-AR","mainEntityOfPage":{"@id":"https:\/\/loboproduccionesaudiovisuales.ar\/?p=19862#webpage"},"isPartOf":{"@id":"https:\/\/loboproduccionesaudiovisuales.ar\/?p=19862#webpage"},"articleSection":"ACTUALIDAD, AGRO, Blog, ECONOMIA, ENTRE RIOS, NACIONALES, retenciones"},{"@type":"BreadcrumbList","@id":"https:\/\/loboproduccionesaudiovisuales.ar\/?p=19862#breadcrumblist","itemListElement":[{"@type":"ListItem","@id":"https:\/\/loboproduccionesaudiovisuales.ar#listItem","position":1,"name":"Home","item":"https:\/\/loboproduccionesaudiovisuales.ar","nextItem":{"@type":"ListItem","@id":"https:\/\/loboproduccionesaudiovisuales.ar\/?cat=1#listItem","name":"Blog"}},{"@type":"ListItem","@id":"https:\/\/loboproduccionesaudiovisuales.ar\/?cat=1#listItem","position":2,"name":"Blog","item":"https:\/\/loboproduccionesaudiovisuales.ar\/?cat=1","nextItem":{"@type":"ListItem","@id":"https:\/\/loboproduccionesaudiovisuales.ar\/?p=19862#listItem","name":"Cayeron a cero las ventas externas de ma\u00edz, soja y trigo tras suba de retenciones"},"previousItem":{"@type":"ListItem","@id":"https:\/\/loboproduccionesaudiovisuales.ar#listItem","name":"Home"}},{"@type":"ListItem","@id":"https:\/\/loboproduccionesaudiovisuales.ar\/?p=19862#listItem","position":3,"name":"Cayeron a cero las ventas externas de ma\u00edz, soja y trigo tras suba de retenciones","previousItem":{"@type":"ListItem","@id":"https:\/\/loboproduccionesaudiovisuales.ar\/?cat=1#listItem","name":"Blog"}}]},{"@type":"Organization","@id":"https:\/\/loboproduccionesaudiovisuales.ar\/#organization","name":"loboproduccionesaudiovisuales.ar","description":"Sitio digital de noticias agroindustriales","url":"https:\/\/loboproduccionesaudiovisuales.ar\/","logo":{"@type":"ImageObject","url":"https:\/\/loboproduccionesaudiovisuales.ar\/wp-content\/uploads\/2023\/07\/LPA-web.jpg","@id":"https:\/\/loboproduccionesaudiovisuales.ar\/?p=19862\/#organizationLogo","width":500,"height":144},"image":{"@id":"https:\/\/loboproduccionesaudiovisuales.ar\/?p=19862\/#organizationLogo"}},{"@type":"Person","@id":"https:\/\/loboproduccionesaudiovisuales.ar\/?author=3#author","url":"https:\/\/loboproduccionesaudiovisuales.ar\/?author=3","name":"Gustavo Werner","image":{"@type":"ImageObject","@id":"https:\/\/loboproduccionesaudiovisuales.ar\/?p=19862#authorImage","url":"https:\/\/secure.gravatar.com\/avatar\/e04239ede7d02b80503013ac1fa61f308bbe3566e5a70df5bbef7c3725a0dcae?s=96&d=mm&r=g","width":96,"height":96,"caption":"Gustavo Werner"}},{"@type":"WebPage","@id":"https:\/\/loboproduccionesaudiovisuales.ar\/?p=19862#webpage","url":"https:\/\/loboproduccionesaudiovisuales.ar\/?p=19862","name":"Cayeron a cero las ventas externas de ma\u00edz, soja y trigo tras suba de retenciones - LOBO PRODUCCIONES AUDIOVISUALES","description":"El martes de esta semana solo se anotaron vol\u00famenes marginales en productos industriales, con 3.150 toneladas de aceite de soja, 103 de girasol, 160 de aceite de girasol y 500 toneladas de subproductos de girasol. El martes 2 de julio dej\u00f3 una imagen clara del impacto negativo que ha tenido en el sector agroindustrial","inLanguage":"es-AR","isPartOf":{"@id":"https:\/\/loboproduccionesaudiovisuales.ar\/#website"},"breadcrumb":{"@id":"https:\/\/loboproduccionesaudiovisuales.ar\/?p=19862#breadcrumblist"},"author":{"@id":"https:\/\/loboproduccionesaudiovisuales.ar\/?author=3#author"},"creator":{"@id":"https:\/\/loboproduccionesaudiovisuales.ar\/?author=3#author"},"image":{"@type":"ImageObject","url":"https:\/\/loboproduccionesaudiovisuales.ar\/wp-content\/uploads\/2025\/07\/l_1735583323_43506.webp","@id":"https:\/\/loboproduccionesaudiovisuales.ar\/?p=19862\/#mainImage","width":1200,"height":800},"primaryImageOfPage":{"@id":"https:\/\/loboproduccionesaudiovisuales.ar\/?p=19862#mainImage"},"datePublished":"2025-07-04T09:55:50-03:00","dateModified":"2025-07-04T09:55:50-03:00"},{"@type":"WebSite","@id":"https:\/\/loboproduccionesaudiovisuales.ar\/#website","url":"https:\/\/loboproduccionesaudiovisuales.ar\/","name":"loboproduccionesaudiovisuales.ar","alternateName":"Lobo Producciones","description":"Sitio digital de noticias agroindustriales","inLanguage":"es-AR","publisher":{"@id":"https:\/\/loboproduccionesaudiovisuales.ar\/#organization"}}]},"og:locale":"es_ES","og:site_name":"LOBO PRODUCCIONES AUDIOVISUALES - Sitio digital de noticias agroindustriales","og:type":"article","og:title":"Cayeron a cero las ventas externas de ma\u00edz, soja y trigo tras suba de retenciones - LOBO PRODUCCIONES AUDIOVISUALES","og:description":"El martes de esta semana solo se anotaron vol\u00famenes marginales en productos industriales, con 3.150 toneladas de aceite de soja, 103 de girasol, 160 de aceite de girasol y 500 toneladas de subproductos de girasol. El martes 2 de julio dej\u00f3 una imagen clara del impacto negativo que ha tenido en el sector agroindustrial","og:url":"https:\/\/loboproduccionesaudiovisuales.ar\/?p=19862","og:image":"https:\/\/loboproduccionesaudiovisuales.ar\/wp-content\/uploads\/2023\/07\/LPA-web.jpg","og:image:secure_url":"https:\/\/loboproduccionesaudiovisuales.ar\/wp-content\/uploads\/2023\/07\/LPA-web.jpg","article:published_time":"2025-07-04T12:55:50+00:00","article:modified_time":"2025-07-04T12:55:50+00:00","twitter:card":"summary_large_image","twitter:title":"Cayeron a cero las ventas externas de ma\u00edz, soja y trigo tras suba de retenciones - LOBO PRODUCCIONES AUDIOVISUALES","twitter:description":"El martes de esta semana solo se anotaron vol\u00famenes marginales en productos industriales, con 3.150 toneladas de aceite de soja, 103 de girasol, 160 de aceite de girasol y 500 toneladas de subproductos de girasol. El martes 2 de julio dej\u00f3 una imagen clara del impacto negativo que ha tenido en el sector agroindustrial","twitter:image":"https:\/\/loboproduccionesaudiovisuales.ar\/wp-content\/uploads\/2023\/07\/LPA-web.jpg"},"aioseo_meta_data":{"post_id":"19862","title":null,"description":null,"keywords":null,"keyphrases":{"focus":{"keyphrase":"","score":0,"analysis":{"keyphraseInTitle":{"score":0,"maxScore":9,"error":1}}},"additional":[]},"primary_term":null,"canonical_url":null,"og_title":null,"og_description":null,"og_object_type":"default","og_image_type":"default","og_image_url":null,"og_image_width":null,"og_image_height":null,"og_image_custom_url":null,"og_image_custom_fields":null,"og_video":"","og_custom_url":null,"og_article_section":null,"og_article_tags":null,"twitter_use_og":false,"twitter_card":"default","twitter_image_type":"default","twitter_image_url":null,"twitter_image_custom_url":null,"twitter_image_custom_fields":null,"twitter_title":null,"twitter_description":null,"schema":{"blockGraphs":[],"customGraphs":[],"default":{"data":{"Article":[],"Course":[],"Dataset":[],"FAQPage":[],"Movie":[],"Person":[],"Product":[],"ProductReview":[],"Car":[],"Recipe":[],"Service":[],"SoftwareApplication":[],"WebPage":[]},"graphName":"BlogPosting","isEnabled":true},"graphs":[]},"schema_type":"default","schema_type_options":null,"pillar_content":false,"robots_default":true,"robots_noindex":false,"robots_noarchive":false,"robots_nosnippet":false,"robots_nofollow":false,"robots_noimageindex":false,"robots_noodp":false,"robots_notranslate":false,"robots_max_snippet":"-1","robots_max_videopreview":"-1","robots_max_imagepreview":"large","priority":null,"frequency":"default","local_seo":null,"breadcrumb_settings":null,"limit_modified_date":false,"ai":{"faqs":[],"keyPoints":[],"titles":[],"descriptions":[],"socialPosts":{"email":[],"linkedin":[],"twitter":[],"facebook":[],"instagram":[]}},"created":"2025-07-04 12:55:51","updated":"2025-07-04 12:58:51","seo_analyzer_scan_date":null,"focus_keyword":null,"additional_keywords":null,"truseo_locale":null},"aioseo_breadcrumb":"<div class=\"aioseo-breadcrumbs\"><span class=\"aioseo-breadcrumb\">\n\t\t\t<a href=\"https:\/\/loboproduccionesaudiovisuales.ar\" title=\"Home\">Home<\/a>\n\t\t<\/span><span class=\"aioseo-breadcrumb-separator\">&raquo;<\/span><span class=\"aioseo-breadcrumb\">\n\t\t\t<a href=\"https:\/\/loboproduccionesaudiovisuales.ar\/?cat=1\" title=\"Blog\">Blog<\/a>\n\t\t<\/span><span class=\"aioseo-breadcrumb-separator\">&raquo;<\/span><span class=\"aioseo-breadcrumb\">\n\t\t\tCayeron a cero las ventas externas de ma\u00edz, soja y trigo tras suba de retenciones\n\t\t<\/span><\/div>","aioseo_breadcrumb_json":[{"label":"Home","link":"https:\/\/loboproduccionesaudiovisuales.ar"},{"label":"Blog","link":"https:\/\/loboproduccionesaudiovisuales.ar\/?cat=1"},{"label":"Cayeron a cero las ventas externas de ma\u00edz, soja y trigo tras suba de retenciones","link":"https:\/\/loboproduccionesaudiovisuales.ar\/?p=19862"}],"_links":{"self":[{"href":"https:\/\/loboproduccionesaudiovisuales.ar\/index.php?rest_route=\/wp\/v2\/posts\/19862","targetHints":{"allow":["GET"]}}],"collection":[{"href":"https:\/\/loboproduccionesaudiovisuales.ar\/index.php?rest_route=\/wp\/v2\/posts"}],"about":[{"href":"https:\/\/loboproduccionesaudiovisuales.ar\/index.php?rest_route=\/wp\/v2\/types\/post"}],"author":[{"embeddable":true,"href":"https:\/\/loboproduccionesaudiovisuales.ar\/index.php?rest_route=\/wp\/v2\/users\/3"}],"replies":[{"embeddable":true,"href":"https:\/\/loboproduccionesaudiovisuales.ar\/index.php?rest_route=%2Fwp%2Fv2%2Fcomments&post=19862"}],"version-history":[{"count":1,"href":"https:\/\/loboproduccionesaudiovisuales.ar\/index.php?rest_route=\/wp\/v2\/posts\/19862\/revisions"}],"predecessor-version":[{"id":19864,"href":"https:\/\/loboproduccionesaudiovisuales.ar\/index.php?rest_route=\/wp\/v2\/posts\/19862\/revisions\/19864"}],"wp:featuredmedia":[{"embeddable":true,"href":"https:\/\/loboproduccionesaudiovisuales.ar\/index.php?rest_route=\/wp\/v2\/media\/19863"}],"wp:attachment":[{"href":"https:\/\/loboproduccionesaudiovisuales.ar\/index.php?rest_route=%2Fwp%2Fv2%2Fmedia&parent=19862"}],"wp:term":[{"taxonomy":"category","embeddable":true,"href":"https:\/\/loboproduccionesaudiovisuales.ar\/index.php?rest_route=%2Fwp%2Fv2%2Fcategories&post=19862"},{"taxonomy":"post_tag","embeddable":true,"href":"https:\/\/loboproduccionesaudiovisuales.ar\/index.php?rest_route=%2Fwp%2Fv2%2Ftags&post=19862"}],"curies":[{"name":"wp","href":"https:\/\/api.w.org\/{rel}","templated":true}]}}