{"id":19815,"date":"2025-07-01T09:33:58","date_gmt":"2025-07-01T12:33:58","guid":{"rendered":"https:\/\/loboproduccionesaudiovisuales.ar\/?p=19815"},"modified":"2025-07-01T09:33:58","modified_gmt":"2025-07-01T12:33:58","slug":"la-hacienda-en-pie-registro-una-suba-moderada-durante-junio","status":"publish","type":"post","link":"https:\/\/loboproduccionesaudiovisuales.ar\/?p=19815","title":{"rendered":"La hacienda en pie registr\u00f3 una &#8220;suba moderada&#8221; durante junio"},"content":{"rendered":"<h2 class=\"bajada\">Junio volvi\u00f3 a marcar, aunque t\u00edmidamente, n\u00fameros promedio hacia arriba. Novillitos, conserva, vacas gordas y toros, las categor\u00edas que m\u00e1s crecieron respecto de mayo. Los terneros consiguieron precios dispares.<\/h2>\n<p>&nbsp;<\/p>\n<p>La Federaci\u00f3n de Asociaciones Rurales de Entre R\u00edos (FARER) hizo p\u00fablico este martes la pizarra de los precios promedios de la hacienda en pie surgidos de los distintos remates llevados a cabo durante junio en las instalaciones de las sociedades rurales de nuestra provincia.<\/p>\n<p>&#8220;Junio estuvo marcado por una suba moderada de los valores nominales, en buena parte impulsada por la presi\u00f3n de la inflaci\u00f3n, cierta retracci\u00f3n de la oferta (menor volumen de ingresos en comparaci\u00f3n con mayo producto de las condiciones clim\u00e1ticas), y una demanda interna que se sostuvo con cautela&#8221;, resumieron.<\/p>\n<div class=\"banner banner-parrafo\">\n<div id=\"banner-ad-interior-art\" data-zone-id=\"123\"><ins class=\"adsbygoogle\" data-ad-client=\"ca-pub-2862858410476109\" data-ad-slot=\"1884570226\" data-adsbygoogle-status=\"done\" data-ad-status=\"filled\"><\/p>\n<div id=\"aswift_6_host\"><\/div>\n<p><\/ins><\/div>\n<\/div>\n<p>De este modo, los valores de junio quedaron establecidos con una suba promedio del orden del 2,30%. &#8220;M\u00e1s all\u00e1 de algunos vaivenes y ciertas categor\u00edas que tuvieron comportamientos bastante pronunciados en algunos remates, los precios generales terminaron arrojando promedios dentro de lo esperado&#8221;, indicaron desde FARER.<\/p>\n<figure class=\"embed\"><img loading=\"lazy\" decoding=\"async\" class=\"lazy\" src=\"https:\/\/elonce-media.elonce.com\/fotos\/2025\/07\/01\/e_1751368369_55934.webp\" alt=\"\" width=\"600\" height=\"400\" data-src=\"https:\/\/elonce-media.elonce.com\/fotos\/2025\/07\/01\/e_1751368369_55934.webp\" \/><\/figure>\n<p>Las categor\u00edas que obtuvieron mayores diferencias positivas respecto de mayo fueron los novillitos (+ 8,77%); vacas conserva (+ 7,72%); vacas (+ 7.25%) y toros (+ 6.23%).<\/p>\n<p>Cabe remarcar que FARER es la entidad gremial m\u00e1s representativa del \u00e1mbito agropecuario entrerriano, ya que re\u00fane a las rurales de Gualeguay, Victoria, Gualeguaych\u00fa, Villaguay, Hasenkamp, Chajar\u00ed, Col\u00f3n, La Paz, C. del Uruguay, Feliciano, Concordia, Mar\u00eda Grande, Federaci\u00f3n, Nogoy\u00e1, Federal y la Comunidad Islera Asociaci\u00f3n Civil (CIAC), siendo Confederaciones Rurales Argentinas (CRA) quien la nuclea junto a otras 15 Federaciones a nivel nacional.<\/p>\n<p>En resumen, los precios promedios que se desprenden de los remates en la provincia de Entre R\u00edos durante junio fueron los siguientes:<\/p>\n<div class=\"banner banner-parrafo\">\n<div id=\"banner-ad-interior-art-2\" data-zone-id=\"124\"><ins class=\"adsbygoogle\" data-ad-client=\"ca-pub-2862858410476109\" data-ad-slot=\"1832599335\" data-adsbygoogle-status=\"done\" data-ad-status=\"filled\"><\/p>\n<div id=\"aswift_7_host\"><iframe loading=\"lazy\" id=\"aswift_7\" tabindex=\"0\" title=\"Advertisement\" src=\"https:\/\/googleads.g.doubleclick.net\/pagead\/ads?gdpr=0&amp;client=ca-pub-2862858410476109&amp;output=html&amp;h=250&amp;slotname=1832599335&amp;adk=3183407371&amp;adf=824853689&amp;pi=t.ma~as.1832599335&amp;w=620&amp;abgtt=11&amp;lmt=1751373053&amp;format=620x250&amp;url=https%3A%2F%2Fwww.elonce.com%2Feconomia%2Fla-hacienda-en-pie-registro-una-suba-moderada-durante-junio.htm&amp;wgl=1&amp;uach=WyJXaW5kb3dzIiwiMTAuMC4wIiwieDg2IiwiIiwiMTM3LjAuNzE1MS4xMjIiLG51bGwsMCxudWxsLCI2NCIsW1siR29vZ2xlIENocm9tZSIsIjEzNy4wLjcxNTEuMTIyIl0sWyJDaHJvbWl1bSIsIjEzNy4wLjcxNTEuMTIyIl0sWyJOb3QvQSlCcmFuZCIsIjI0LjAuMC4wIl1dLDBd&amp;dt=1751373040765&amp;bpp=2&amp;bdt=1318&amp;idt=2&amp;shv=r20250626&amp;mjsv=m202506260101&amp;ptt=9&amp;saldr=aa&amp;abxe=1&amp;cookie=ID%3Dbb5f73784efe8a2d%3AT%3D1747056234%3ART%3D1751372841%3AS%3DALNI_MYs0qpAZi0LHJDzISHovRMUlxvL_g&amp;gpic=UID%3D000010c5321431a1%3AT%3D1747056234%3ART%3D1751372841%3AS%3DALNI_MYzrrtoLLwJY4f__44JEBCp8LTR_g&amp;eo_id_str=ID%3D7180d7595ddbe757%3AT%3D1744642689%3ART%3D1751372841%3AS%3DAA-AfjZgKVyVvzCruAQjpCVqJtXL&amp;prev_fmts=300x250%2C0x0%2C970x90%2C160x600%2C160x600%2C300x600%2C300x250&amp;nras=1&amp;correlator=5706386465405&amp;frm=20&amp;pv=1&amp;u_tz=-180&amp;u_his=4&amp;u_h=768&amp;u_w=1366&amp;u_ah=728&amp;u_aw=1366&amp;u_cd=24&amp;u_sd=1&amp;dmc=8&amp;adx=166&amp;ady=3488&amp;biw=1351&amp;bih=641&amp;scr_x=0&amp;scr_y=0&amp;eid=95333412%2C95353387%2C95362656%2C95363435%2C95359265%2C95364336%2C95365119&amp;oid=2&amp;pvsid=2441893717979410&amp;tmod=344217592&amp;uas=0&amp;nvt=1&amp;ref=https%3A%2F%2Fwww.elonce.com%2Fultimas-noticias&amp;fc=896&amp;brdim=0%2C0%2C0%2C0%2C1366%2C0%2C1366%2C728%2C1366%2C641&amp;vis=1&amp;rsz=%7C%7CeoEbr%7C&amp;abl=CS&amp;pfx=0&amp;fu=1024&amp;bc=31&amp;bz=1&amp;td=1&amp;tdf=2&amp;psd=W251bGwsW251bGwsbnVsbCxudWxsLCJkZXByZWNhdGVkX2thbm9uIl0sbnVsbCwzXQ..&amp;nt=1&amp;pgls=CAA.&amp;ifi=8&amp;uci=a!8&amp;btvi=3&amp;fsb=1&amp;dtd=12547\" name=\"aswift_7\" width=\"620\" height=\"250\" frameborder=\"0\" marginwidth=\"0\" marginheight=\"0\" scrolling=\"no\" sandbox=\"allow-forms allow-popups allow-popups-to-escape-sandbox allow-same-origin allow-scripts allow-top-navigation-by-user-activation\" data-google-container-id=\"a!8\" data-google-query-id=\"CO_31obVm44DFXNLuAQdVnUz_Q\" data-load-complete=\"true\" data-mce-fragment=\"1\"><\/iframe><\/div>\n<p><\/ins><\/div>\n<\/div>\n<figure class=\"embed\"><img loading=\"lazy\" decoding=\"async\" class=\"lazy\" src=\"https:\/\/elonce-media.elonce.com\/fotos\/2025\/07\/01\/e_1751368344_78377.webp\" alt=\"\" width=\"600\" height=\"400\" data-src=\"https:\/\/elonce-media.elonce.com\/fotos\/2025\/07\/01\/e_1751368344_78377.webp\" \/><\/figure>\n<p>&nbsp;<\/p>\n","protected":false},"excerpt":{"rendered":"<p>Junio volvi\u00f3 a marcar, aunque t\u00edmidamente, n\u00fameros promedio hacia arriba. Novillitos, conserva, vacas gordas y toros, las categor\u00edas que m\u00e1s&hellip;<\/p>\n","protected":false},"author":3,"featured_media":19816,"comment_status":"open","ping_status":"open","sticky":false,"template":"","format":"standard","meta":{"footnotes":""},"categories":[5,2,1,128],"tags":[63],"class_list":["post-19815","post","type-post","status-publish","format-standard","has-post-thumbnail","hentry","category-actualidad","category-agro","category-blog","category-entre-rios","tag-hacienda"],"aioseo_notices":[],"_links":{"self":[{"href":"https:\/\/loboproduccionesaudiovisuales.ar\/index.php?rest_route=\/wp\/v2\/posts\/19815","targetHints":{"allow":["GET"]}}],"collection":[{"href":"https:\/\/loboproduccionesaudiovisuales.ar\/index.php?rest_route=\/wp\/v2\/posts"}],"about":[{"href":"https:\/\/loboproduccionesaudiovisuales.ar\/index.php?rest_route=\/wp\/v2\/types\/post"}],"author":[{"embeddable":true,"href":"https:\/\/loboproduccionesaudiovisuales.ar\/index.php?rest_route=\/wp\/v2\/users\/3"}],"replies":[{"embeddable":true,"href":"https:\/\/loboproduccionesaudiovisuales.ar\/index.php?rest_route=%2Fwp%2Fv2%2Fcomments&post=19815"}],"version-history":[{"count":1,"href":"https:\/\/loboproduccionesaudiovisuales.ar\/index.php?rest_route=\/wp\/v2\/posts\/19815\/revisions"}],"predecessor-version":[{"id":19817,"href":"https:\/\/loboproduccionesaudiovisuales.ar\/index.php?rest_route=\/wp\/v2\/posts\/19815\/revisions\/19817"}],"wp:featuredmedia":[{"embeddable":true,"href":"https:\/\/loboproduccionesaudiovisuales.ar\/index.php?rest_route=\/wp\/v2\/media\/19816"}],"wp:attachment":[{"href":"https:\/\/loboproduccionesaudiovisuales.ar\/index.php?rest_route=%2Fwp%2Fv2%2Fmedia&parent=19815"}],"wp:term":[{"taxonomy":"category","embeddable":true,"href":"https:\/\/loboproduccionesaudiovisuales.ar\/index.php?rest_route=%2Fwp%2Fv2%2Fcategories&post=19815"},{"taxonomy":"post_tag","embeddable":true,"href":"https:\/\/loboproduccionesaudiovisuales.ar\/index.php?rest_route=%2Fwp%2Fv2%2Ftags&post=19815"}],"curies":[{"name":"wp","href":"https:\/\/api.w.org\/{rel}","templated":true}]}}