{"id":19813,"date":"2025-06-30T16:49:30","date_gmt":"2025-06-30T19:49:30","guid":{"rendered":"https:\/\/loboproduccionesaudiovisuales.ar\/?p=19813"},"modified":"2025-06-30T16:49:30","modified_gmt":"2025-06-30T19:49:30","slug":"la-produccion-de-soja-en-entre-rios-fue-la-tercera-mas-importante-desde-el-ciclo-2000-01","status":"publish","type":"post","link":"https:\/\/loboproduccionesaudiovisuales.ar\/?p=19813","title":{"rendered":"La producci\u00f3n de soja en Entre R\u00edos fue la tercera m\u00e1s importante desde el ciclo 2000\/01"},"content":{"rendered":"<p><strong>La producci\u00f3n de soja del ciclo 2024\/25 fue de 3.444.725 toneladas, la tercera m\u00e1s importante desde el ciclo 2000\/01, con un crecimiento interanual del 36 %, lo cual represent\u00f3 un plus de 915.315 toneladas.<\/strong><\/p>\n<p>&nbsp;<\/p>\n<p>Durante la campa\u00f1a 2024\/25, la superficie destinada al cultivo de soja registr\u00f3 un incremento interanual del 18 %. Por lo tanto, el ciclo 2024\/25 se posicion\u00f3 como el de mayor superficie sembrada en relaci\u00f3n a los \u00faltimos nueve a\u00f1os, con 1.285.100 hect\u00e1reas.<\/p>\n<div id=\"publi-584\" class=\"publi publi-html C7\" data-nombre=\"Adsense medio\"><\/div>\n<p>As\u00ed report\u00f3 el Sistema de Informaci\u00f3n de Bolsa de Cereales de Entre R\u00edos (Siber), quien adem\u00e1s consider\u00f3 que la expansi\u00f3n de la superficie cultivada con la oleaginosa se vincul\u00f3 directamente con la retracci\u00f3n en el \u00e1rea destinada al cultivo de ma\u00edz, la cual estuvo motivada principalmente por el temor a la propagaci\u00f3n de la chicharrita del ma\u00edz y las enfermedades asociadas a su presencia.<\/p>\n<p>El escenario clim\u00e1tico del verano se present\u00f3 bajo un Pac\u00edfico Ecuatorial en estado de neutralidad, con un marcado d\u00e9ficit h\u00eddrico en enero, pero con abundantes precipitaciones en febrero y valores normales para marzo.<\/p>\n<p>Por lo tanto, la oleaginosa recorri\u00f3 su periodo cr\u00edtico con reservas h\u00eddricas de adecuas a \u00f3ptimas en la mayor parte del territorio, lo cual qued\u00f3 plasmado en rendimientos calificados de buenos a muy buenos.<\/p>\n<p>El rendimiento promedio provincial experiment\u00f3 una variaci\u00f3n interanual del 15 % (355 kg\/ha) y en relaci\u00f3n al promedio del \u00faltimo lustro el incremento fue del 45 % (831 kg\/ha) y se ubic\u00f3 como el cuarto m\u00e1s elevado de los \u00faltimos 25 a\u00f1os.<\/p>\n<p>El rinde promedio fue de 2.681 kg\/ha.<\/p>\n<p>La producci\u00f3n de soja del ciclo 2024\/25 fue de 3.444.725 toneladas (t), la tercera m\u00e1s importante desde el ciclo 2000\/01, con un crecimiento interanual del 36 %, lo cual represent\u00f3 un plus de 915.315 toneladas.<\/p>\n<h3>Producci\u00f3n de soja a nivel departamental<\/h3>\n<p>En esta campa\u00f1a, seg\u00fan reporta el Siber, los mayores rendimientos promedio se concentraron en los departamentos de Victoria, Gualeguay, Gualeguaych\u00fa y Diamante. Por otra parte, los m\u00e1s bajos se registraron en Concordia, San Salvador y Federal.<\/p>\n<p>Desde el punto de vista de la producci\u00f3n total, Gualeguaych\u00fa se posicion\u00f3 como el principal departamento productor, ya que concentr\u00f3 el 15 % del total provincial, seguido por Paran\u00e1 con el 12 % y Uruguay con el 11 %.<\/p>\n","protected":false},"excerpt":{"rendered":"<p>La producci\u00f3n de soja del ciclo 2024\/25 fue de 3.444.725 toneladas, la tercera m\u00e1s importante desde el ciclo 2000\/01, con&hellip;<\/p>\n","protected":false},"author":3,"featured_media":19769,"comment_status":"open","ping_status":"open","sticky":false,"template":"","format":"standard","meta":{"footnotes":""},"categories":[5,2,1,128],"tags":[67],"class_list":["post-19813","post","type-post","status-publish","format-standard","has-post-thumbnail","hentry","category-actualidad","category-agro","category-blog","category-entre-rios","tag-soja"],"aioseo_notices":[],"_links":{"self":[{"href":"https:\/\/loboproduccionesaudiovisuales.ar\/index.php?rest_route=\/wp\/v2\/posts\/19813","targetHints":{"allow":["GET"]}}],"collection":[{"href":"https:\/\/loboproduccionesaudiovisuales.ar\/index.php?rest_route=\/wp\/v2\/posts"}],"about":[{"href":"https:\/\/loboproduccionesaudiovisuales.ar\/index.php?rest_route=\/wp\/v2\/types\/post"}],"author":[{"embeddable":true,"href":"https:\/\/loboproduccionesaudiovisuales.ar\/index.php?rest_route=\/wp\/v2\/users\/3"}],"replies":[{"embeddable":true,"href":"https:\/\/loboproduccionesaudiovisuales.ar\/index.php?rest_route=%2Fwp%2Fv2%2Fcomments&post=19813"}],"version-history":[{"count":1,"href":"https:\/\/loboproduccionesaudiovisuales.ar\/index.php?rest_route=\/wp\/v2\/posts\/19813\/revisions"}],"predecessor-version":[{"id":19814,"href":"https:\/\/loboproduccionesaudiovisuales.ar\/index.php?rest_route=\/wp\/v2\/posts\/19813\/revisions\/19814"}],"wp:featuredmedia":[{"embeddable":true,"href":"https:\/\/loboproduccionesaudiovisuales.ar\/index.php?rest_route=\/wp\/v2\/media\/19769"}],"wp:attachment":[{"href":"https:\/\/loboproduccionesaudiovisuales.ar\/index.php?rest_route=%2Fwp%2Fv2%2Fmedia&parent=19813"}],"wp:term":[{"taxonomy":"category","embeddable":true,"href":"https:\/\/loboproduccionesaudiovisuales.ar\/index.php?rest_route=%2Fwp%2Fv2%2Fcategories&post=19813"},{"taxonomy":"post_tag","embeddable":true,"href":"https:\/\/loboproduccionesaudiovisuales.ar\/index.php?rest_route=%2Fwp%2Fv2%2Ftags&post=19813"}],"curies":[{"name":"wp","href":"https:\/\/api.w.org\/{rel}","templated":true}]}}