{"id":19798,"date":"2025-06-27T09:32:40","date_gmt":"2025-06-27T12:32:40","guid":{"rendered":"https:\/\/loboproduccionesaudiovisuales.ar\/?p=19798"},"modified":"2025-06-27T09:32:40","modified_gmt":"2025-06-27T12:32:40","slug":"el-gobierno-prorrogo-la-rebaja-de-retenciones-solo-al-trigo-y-la-cebada-y-volvera-a-subir-ese-tributo-para-soja-y-maiz","status":"publish","type":"post","link":"https:\/\/loboproduccionesaudiovisuales.ar\/?p=19798","title":{"rendered":"El Gobierno prorrog\u00f3 la rebaja de retenciones solo al trigo y la cebada y volver\u00e1 a subir ese tributo para soja y ma\u00edz"},"content":{"rendered":"<p><strong>As\u00ed lo indica en el decreto publicado este viernes. Se trata de una medida intermedia pero que no es la esperada por el campo argentino. Salvo una nueva decisi\u00f3n antes del lunes, la soja volver\u00e1 a tributar el 33% y el ma\u00edz el 13%.<\/strong><\/p>\n<p>&nbsp;<\/p>\n<div id=\"tituloDetalleAviso\" class=\"col-md-12 form-group\">\n<p>El\u00a0<a href=\"https:\/\/www.boletinoficial.gob.ar\/detalleAviso\/primera\/327554\/20250627\">Decreto 439\/2025<\/a>, publicado esta madrugada en el Bolet\u00edn Oficial, implica una medida a favor de los productores agr\u00edcolas que en realidad es una mala noticia. \u00bfPor qu\u00e9? Porque confirma la decisi\u00f3n del gobierno de Javier Milei, anticipada hace algunas semanas, de mantener la rebaja de retenciones al trigo y la cebada y sus derivados hasta el 31 de marzo de 2026, pero al mismo tiempo no establece ese mismo beneficio para la soja y el ma\u00edz, como estaba reclamando todo el sector agr\u00edcola.<\/p>\n<p>Salvo un nuevo decreto milagroso que se conozca el lunes pr\u00f3ximo, entonces, se confirma el escenario de suba de los derechos de exportaci\u00f3n tan temido por el sector, y a partir del martes 1 de julio la soja volver\u00eda a tributar el 33% mientras que a los embarques de ma\u00edz se le descontar\u00eda un 13%. Es elevar la presi\u00f3n el mismo 20% que hab\u00eda bajado a fines de enero pasado, cuando el gobierno lanz\u00f3 a rodar esto de la \u201crebaja temporal\u201d de las retenciones.<\/p>\n<p><img loading=\"lazy\" decoding=\"async\" class=\"alignnone size-full wp-image-160617\" src=\"https:\/\/bichosdecampo.com\/%77%70%2d%63%6f%6e%74%65%6e%74\/uploads\/2023\/12\/caputo-y-milei.jpg\" alt=\"\" width=\"614\" height=\"368\" data-pin-no-hover=\"true\" \/><\/p>\n<p>Por ahora, a pesar del operativo clamor, entonces la extensi\u00f3n de esta rebaja se mantendr\u00e1 para los embarques de trigo y cebada, las harinas y la malta. Solo un giro inesperado durante el fin de semana evitar\u00e1 que las al\u00edcuotas vuelvan a subir para el resto de las exportaciones agr\u00edcolas.<\/p>\n<\/div>\n<div id=\"cuerpoDetalleAviso\" class=\"col-md-12 form-group detalle-cuerpo justified\">\n<p>\u201cMediante el Decreto 38\/25, entre otras medidas, se estableci\u00f3, hasta el 30 de junio de 2025 inclusive la al\u00edcuota del Derecho de Exportaci\u00f3n (D.E.) que en cada caso all\u00ed se indica, para las mercader\u00edas comprendidas en las posiciones arancelarias de la Nomenclatura Com\u00fan del Mercosur. Como resultado del desempe\u00f1o de las medidas adoptadas, es necesario prorrogar el mencionado plazo \u00fanicamente para los productos listados en el Anexo a la presente medida, con el objetivo de seguir garantizando la eficacia en su exportaci\u00f3n\u201d.<\/p>\n<p>En concreto, el nuevo decreto prorroga ahora, hasta el 31 de marzo de 2026, inclusive, para el trigo y la cebada, adem\u00e1s de sus derivados, \u201cla aplicaci\u00f3n de las al\u00edcuotas establecidas en el art\u00edculo 2\u00b0 del Decreto 38 del 25 de enero de 2025\u201d. Es decir que esos granos seguir\u00e1n tributando retenciones reducidas del 9,5%, en vez del 12% vigente antes del lanzamiento de este operativo.<\/p>\n<\/div>\n<div id=\"cuerpoDetalleAviso\" class=\"col-md-12 form-group detalle-cuerpo justified\">\n<p>Se confirma que quienes quieran disfrutar de esta al\u00edcuota reducida para exportar \u201cdeber\u00e1n liquidar al menos el 90% de las divisas en un plazo de hasta treinta d\u00edas h\u00e1biles de efectuada la Declaraci\u00f3n Jurada de Venta al Exterior (DJVE)\u201d. Y que esta situaci\u00f3n ser\u00e1 nuevamente temporal, ya que regir\u00e1 \u201chasta el 31 de marzo de 2026\u201d, que es cuando ya se halle terminada la nueva cosecha de ambos cereales.<em>\u00a0(Bichos de Campo)<\/em><\/p>\n<\/div>\n","protected":false},"excerpt":{"rendered":"<p>As\u00ed lo indica en el decreto publicado este viernes. Se trata de una medida intermedia pero que no es la&hellip;<\/p>\n","protected":false},"author":3,"featured_media":19799,"comment_status":"open","ping_status":"open","sticky":false,"template":"","format":"standard","meta":{"footnotes":""},"categories":[5,203,2,1,141,168],"tags":[261],"class_list":["post-19798","post","type-post","status-publish","format-standard","has-post-thumbnail","hentry","category-actualidad","category-agricultura","category-agro","category-blog","category-economia","category-nacionales","tag-retenciones"],"aioseo_notices":[],"aioseo_head":"\n\t\t<!-- All in One SEO 5.0.1.1 - aioseo.com -->\n\t<meta name=\"description\" content=\"As\u00ed lo indica en el decreto publicado este viernes. Se trata de una medida intermedia pero que no es la esperada por el campo argentino. Salvo una nueva decisi\u00f3n antes del lunes, la soja volver\u00e1 a tributar el 33% y el ma\u00edz el 13%. El Decreto 439\/2025, publicado esta madrugada en el Bolet\u00edn Oficial, implica\" \/>\n\t<meta name=\"robots\" content=\"max-image-preview:large\" \/>\n\t<meta name=\"author\" content=\"Gustavo Werner\"\/>\n\t<link rel=\"canonical\" href=\"https:\/\/loboproduccionesaudiovisuales.ar\/?p=19798\" \/>\n\t<meta name=\"generator\" content=\"All in One SEO (AIOSEO) 5.0.1.1\" \/>\n\t\t<meta property=\"og:locale\" content=\"es_ES\" \/>\n\t\t<meta property=\"og:site_name\" content=\"LOBO PRODUCCIONES AUDIOVISUALES - Sitio digital de noticias agroindustriales\" \/>\n\t\t<meta property=\"og:type\" content=\"article\" \/>\n\t\t<meta property=\"og:title\" content=\"El Gobierno prorrog\u00f3 la rebaja de retenciones solo al trigo y la cebada y volver\u00e1 a subir ese tributo para soja y ma\u00edz - LOBO PRODUCCIONES AUDIOVISUALES\" \/>\n\t\t<meta property=\"og:description\" content=\"As\u00ed lo indica en el decreto publicado este viernes. Se trata de una medida intermedia pero que no es la esperada por el campo argentino. Salvo una nueva decisi\u00f3n antes del lunes, la soja volver\u00e1 a tributar el 33% y el ma\u00edz el 13%. El Decreto 439\/2025, publicado esta madrugada en el Bolet\u00edn Oficial, implica\" \/>\n\t\t<meta property=\"og:url\" content=\"https:\/\/loboproduccionesaudiovisuales.ar\/?p=19798\" \/>\n\t\t<meta property=\"og:image\" content=\"https:\/\/loboproduccionesaudiovisuales.ar\/wp-content\/uploads\/2023\/07\/LPA-web.jpg\" \/>\n\t\t<meta property=\"og:image:secure_url\" content=\"https:\/\/loboproduccionesaudiovisuales.ar\/wp-content\/uploads\/2023\/07\/LPA-web.jpg\" \/>\n\t\t<meta property=\"article:published_time\" content=\"2025-06-27T12:32:40+00:00\" \/>\n\t\t<meta property=\"article:modified_time\" content=\"2025-06-27T12:32:40+00:00\" \/>\n\t\t<meta name=\"twitter:card\" content=\"summary_large_image\" \/>\n\t\t<meta name=\"twitter:title\" content=\"El Gobierno prorrog\u00f3 la rebaja de retenciones solo al trigo y la cebada y volver\u00e1 a subir ese tributo para soja y ma\u00edz - LOBO PRODUCCIONES AUDIOVISUALES\" \/>\n\t\t<meta name=\"twitter:description\" content=\"As\u00ed lo indica en el decreto publicado este viernes. Se trata de una medida intermedia pero que no es la esperada por el campo argentino. Salvo una nueva decisi\u00f3n antes del lunes, la soja volver\u00e1 a tributar el 33% y el ma\u00edz el 13%. El Decreto 439\/2025, publicado esta madrugada en el Bolet\u00edn Oficial, implica\" \/>\n\t\t<meta name=\"twitter:image\" content=\"https:\/\/loboproduccionesaudiovisuales.ar\/wp-content\/uploads\/2023\/07\/LPA-web.jpg\" \/>\n\t\t<script type=\"application\/ld+json\" class=\"aioseo-schema\">\n\t\t\t{\"@context\":\"https:\\\/\\\/schema.org\",\"@graph\":[{\"@type\":\"BlogPosting\",\"@id\":\"https:\\\/\\\/loboproduccionesaudiovisuales.ar\\\/?p=19798#blogposting\",\"name\":\"El Gobierno prorrog\\u00f3 la rebaja de retenciones solo al trigo y la cebada y volver\\u00e1 a subir ese tributo para soja y ma\\u00edz - LOBO PRODUCCIONES AUDIOVISUALES\",\"headline\":\"El Gobierno prorrog\\u00f3 la rebaja de retenciones solo al trigo y la cebada y volver\\u00e1 a subir ese tributo para soja y ma\\u00edz\",\"author\":{\"@id\":\"https:\\\/\\\/loboproduccionesaudiovisuales.ar\\\/?author=3#author\"},\"publisher\":{\"@id\":\"https:\\\/\\\/loboproduccionesaudiovisuales.ar\\\/#organization\"},\"image\":{\"@type\":\"ImageObject\",\"url\":\"https:\\\/\\\/loboproduccionesaudiovisuales.ar\\\/wp-content\\\/uploads\\\/2025\\\/06\\\/retenciones-soja-granos-infocampo-696x397-1.jpg\",\"width\":696,\"height\":397},\"datePublished\":\"2025-06-27T09:32:40-03:00\",\"dateModified\":\"2025-06-27T09:32:40-03:00\",\"inLanguage\":\"es-AR\",\"mainEntityOfPage\":{\"@id\":\"https:\\\/\\\/loboproduccionesaudiovisuales.ar\\\/?p=19798#webpage\"},\"isPartOf\":{\"@id\":\"https:\\\/\\\/loboproduccionesaudiovisuales.ar\\\/?p=19798#webpage\"},\"articleSection\":\"ACTUALIDAD, AGRICULTURA, AGRO, Blog, ECONOMIA, NACIONALES, retenciones\"},{\"@type\":\"BreadcrumbList\",\"@id\":\"https:\\\/\\\/loboproduccionesaudiovisuales.ar\\\/?p=19798#breadcrumblist\",\"itemListElement\":[{\"@type\":\"ListItem\",\"@id\":\"https:\\\/\\\/loboproduccionesaudiovisuales.ar#listItem\",\"position\":1,\"name\":\"Home\",\"item\":\"https:\\\/\\\/loboproduccionesaudiovisuales.ar\",\"nextItem\":{\"@type\":\"ListItem\",\"@id\":\"https:\\\/\\\/loboproduccionesaudiovisuales.ar\\\/?cat=1#listItem\",\"name\":\"Blog\"}},{\"@type\":\"ListItem\",\"@id\":\"https:\\\/\\\/loboproduccionesaudiovisuales.ar\\\/?cat=1#listItem\",\"position\":2,\"name\":\"Blog\",\"item\":\"https:\\\/\\\/loboproduccionesaudiovisuales.ar\\\/?cat=1\",\"nextItem\":{\"@type\":\"ListItem\",\"@id\":\"https:\\\/\\\/loboproduccionesaudiovisuales.ar\\\/?p=19798#listItem\",\"name\":\"El Gobierno prorrog\\u00f3 la rebaja de retenciones solo al trigo y la cebada y volver\\u00e1 a subir ese tributo para soja y ma\\u00edz\"},\"previousItem\":{\"@type\":\"ListItem\",\"@id\":\"https:\\\/\\\/loboproduccionesaudiovisuales.ar#listItem\",\"name\":\"Home\"}},{\"@type\":\"ListItem\",\"@id\":\"https:\\\/\\\/loboproduccionesaudiovisuales.ar\\\/?p=19798#listItem\",\"position\":3,\"name\":\"El Gobierno prorrog\\u00f3 la rebaja de retenciones solo al trigo y la cebada y volver\\u00e1 a subir ese tributo para soja y ma\\u00edz\",\"previousItem\":{\"@type\":\"ListItem\",\"@id\":\"https:\\\/\\\/loboproduccionesaudiovisuales.ar\\\/?cat=1#listItem\",\"name\":\"Blog\"}}]},{\"@type\":\"Organization\",\"@id\":\"https:\\\/\\\/loboproduccionesaudiovisuales.ar\\\/#organization\",\"name\":\"loboproduccionesaudiovisuales.ar\",\"description\":\"Sitio digital de noticias agroindustriales\",\"url\":\"https:\\\/\\\/loboproduccionesaudiovisuales.ar\\\/\",\"logo\":{\"@type\":\"ImageObject\",\"url\":\"https:\\\/\\\/loboproduccionesaudiovisuales.ar\\\/wp-content\\\/uploads\\\/2023\\\/07\\\/LPA-web.jpg\",\"@id\":\"https:\\\/\\\/loboproduccionesaudiovisuales.ar\\\/?p=19798\\\/#organizationLogo\",\"width\":500,\"height\":144},\"image\":{\"@id\":\"https:\\\/\\\/loboproduccionesaudiovisuales.ar\\\/?p=19798\\\/#organizationLogo\"}},{\"@type\":\"Person\",\"@id\":\"https:\\\/\\\/loboproduccionesaudiovisuales.ar\\\/?author=3#author\",\"url\":\"https:\\\/\\\/loboproduccionesaudiovisuales.ar\\\/?author=3\",\"name\":\"Gustavo Werner\",\"image\":{\"@type\":\"ImageObject\",\"@id\":\"https:\\\/\\\/loboproduccionesaudiovisuales.ar\\\/?p=19798#authorImage\",\"url\":\"https:\\\/\\\/loboproduccionesaudiovisuales.ar\\\/wp-content\\\/litespeed\\\/avatar\\\/de09dfb254ecca8d89a27b1f284fdb4d.jpg?ver=1788575391\",\"width\":96,\"height\":96,\"caption\":\"Gustavo Werner\"}},{\"@type\":\"WebPage\",\"@id\":\"https:\\\/\\\/loboproduccionesaudiovisuales.ar\\\/?p=19798#webpage\",\"url\":\"https:\\\/\\\/loboproduccionesaudiovisuales.ar\\\/?p=19798\",\"name\":\"El Gobierno prorrog\\u00f3 la rebaja de retenciones solo al trigo y la cebada y volver\\u00e1 a subir ese tributo para soja y ma\\u00edz - LOBO PRODUCCIONES AUDIOVISUALES\",\"description\":\"As\\u00ed lo indica en el decreto publicado este viernes. Se trata de una medida intermedia pero que no es la esperada por el campo argentino. Salvo una nueva decisi\\u00f3n antes del lunes, la soja volver\\u00e1 a tributar el 33% y el ma\\u00edz el 13%. El Decreto 439\\\/2025, publicado esta madrugada en el Bolet\\u00edn Oficial, implica\",\"inLanguage\":\"es-AR\",\"isPartOf\":{\"@id\":\"https:\\\/\\\/loboproduccionesaudiovisuales.ar\\\/#website\"},\"breadcrumb\":{\"@id\":\"https:\\\/\\\/loboproduccionesaudiovisuales.ar\\\/?p=19798#breadcrumblist\"},\"author\":{\"@id\":\"https:\\\/\\\/loboproduccionesaudiovisuales.ar\\\/?author=3#author\"},\"creator\":{\"@id\":\"https:\\\/\\\/loboproduccionesaudiovisuales.ar\\\/?author=3#author\"},\"image\":{\"@type\":\"ImageObject\",\"url\":\"https:\\\/\\\/loboproduccionesaudiovisuales.ar\\\/wp-content\\\/uploads\\\/2025\\\/06\\\/retenciones-soja-granos-infocampo-696x397-1.jpg\",\"@id\":\"https:\\\/\\\/loboproduccionesaudiovisuales.ar\\\/?p=19798\\\/#mainImage\",\"width\":696,\"height\":397},\"primaryImageOfPage\":{\"@id\":\"https:\\\/\\\/loboproduccionesaudiovisuales.ar\\\/?p=19798#mainImage\"},\"datePublished\":\"2025-06-27T09:32:40-03:00\",\"dateModified\":\"2025-06-27T09:32:40-03:00\"},{\"@type\":\"WebSite\",\"@id\":\"https:\\\/\\\/loboproduccionesaudiovisuales.ar\\\/#website\",\"url\":\"https:\\\/\\\/loboproduccionesaudiovisuales.ar\\\/\",\"name\":\"loboproduccionesaudiovisuales.ar\",\"alternateName\":\"Lobo Producciones\",\"description\":\"Sitio digital de noticias agroindustriales\",\"inLanguage\":\"es-AR\",\"publisher\":{\"@id\":\"https:\\\/\\\/loboproduccionesaudiovisuales.ar\\\/#organization\"}}]}\n\t\t<\/script>\n\t\t<!-- All in One SEO -->\n\n","aioseo_head_json":{"title":"El Gobierno prorrog\u00f3 la rebaja de retenciones solo al trigo y la cebada y volver\u00e1 a subir ese tributo para soja y ma\u00edz - LOBO PRODUCCIONES AUDIOVISUALES","description":"As\u00ed lo indica en el decreto publicado este viernes. Se trata de una medida intermedia pero que no es la esperada por el campo argentino. Salvo una nueva decisi\u00f3n antes del lunes, la soja volver\u00e1 a tributar el 33% y el ma\u00edz el 13%. El Decreto 439\/2025, publicado esta madrugada en el Bolet\u00edn Oficial, implica","canonical_url":"https:\/\/loboproduccionesaudiovisuales.ar\/?p=19798","robots":"max-image-preview:large","keywords":"","webmasterTools":{"miscellaneous":""},"schema":{"@context":"https:\/\/schema.org","@graph":[{"@type":"BlogPosting","@id":"https:\/\/loboproduccionesaudiovisuales.ar\/?p=19798#blogposting","name":"El Gobierno prorrog\u00f3 la rebaja de retenciones solo al trigo y la cebada y volver\u00e1 a subir ese tributo para soja y ma\u00edz - LOBO PRODUCCIONES AUDIOVISUALES","headline":"El Gobierno prorrog\u00f3 la rebaja de retenciones solo al trigo y la cebada y volver\u00e1 a subir ese tributo para soja y ma\u00edz","author":{"@id":"https:\/\/loboproduccionesaudiovisuales.ar\/?author=3#author"},"publisher":{"@id":"https:\/\/loboproduccionesaudiovisuales.ar\/#organization"},"image":{"@type":"ImageObject","url":"https:\/\/loboproduccionesaudiovisuales.ar\/wp-content\/uploads\/2025\/06\/retenciones-soja-granos-infocampo-696x397-1.jpg","width":696,"height":397},"datePublished":"2025-06-27T09:32:40-03:00","dateModified":"2025-06-27T09:32:40-03:00","inLanguage":"es-AR","mainEntityOfPage":{"@id":"https:\/\/loboproduccionesaudiovisuales.ar\/?p=19798#webpage"},"isPartOf":{"@id":"https:\/\/loboproduccionesaudiovisuales.ar\/?p=19798#webpage"},"articleSection":"ACTUALIDAD, AGRICULTURA, AGRO, Blog, ECONOMIA, NACIONALES, retenciones"},{"@type":"BreadcrumbList","@id":"https:\/\/loboproduccionesaudiovisuales.ar\/?p=19798#breadcrumblist","itemListElement":[{"@type":"ListItem","@id":"https:\/\/loboproduccionesaudiovisuales.ar#listItem","position":1,"name":"Home","item":"https:\/\/loboproduccionesaudiovisuales.ar","nextItem":{"@type":"ListItem","@id":"https:\/\/loboproduccionesaudiovisuales.ar\/?cat=1#listItem","name":"Blog"}},{"@type":"ListItem","@id":"https:\/\/loboproduccionesaudiovisuales.ar\/?cat=1#listItem","position":2,"name":"Blog","item":"https:\/\/loboproduccionesaudiovisuales.ar\/?cat=1","nextItem":{"@type":"ListItem","@id":"https:\/\/loboproduccionesaudiovisuales.ar\/?p=19798#listItem","name":"El Gobierno prorrog\u00f3 la rebaja de retenciones solo al trigo y la cebada y volver\u00e1 a subir ese tributo para soja y ma\u00edz"},"previousItem":{"@type":"ListItem","@id":"https:\/\/loboproduccionesaudiovisuales.ar#listItem","name":"Home"}},{"@type":"ListItem","@id":"https:\/\/loboproduccionesaudiovisuales.ar\/?p=19798#listItem","position":3,"name":"El Gobierno prorrog\u00f3 la rebaja de retenciones solo al trigo y la cebada y volver\u00e1 a subir ese tributo para soja y ma\u00edz","previousItem":{"@type":"ListItem","@id":"https:\/\/loboproduccionesaudiovisuales.ar\/?cat=1#listItem","name":"Blog"}}]},{"@type":"Organization","@id":"https:\/\/loboproduccionesaudiovisuales.ar\/#organization","name":"loboproduccionesaudiovisuales.ar","description":"Sitio digital de noticias agroindustriales","url":"https:\/\/loboproduccionesaudiovisuales.ar\/","logo":{"@type":"ImageObject","url":"https:\/\/loboproduccionesaudiovisuales.ar\/wp-content\/uploads\/2023\/07\/LPA-web.jpg","@id":"https:\/\/loboproduccionesaudiovisuales.ar\/?p=19798\/#organizationLogo","width":500,"height":144},"image":{"@id":"https:\/\/loboproduccionesaudiovisuales.ar\/?p=19798\/#organizationLogo"}},{"@type":"Person","@id":"https:\/\/loboproduccionesaudiovisuales.ar\/?author=3#author","url":"https:\/\/loboproduccionesaudiovisuales.ar\/?author=3","name":"Gustavo Werner","image":{"@type":"ImageObject","@id":"https:\/\/loboproduccionesaudiovisuales.ar\/?p=19798#authorImage","url":"https:\/\/loboproduccionesaudiovisuales.ar\/wp-content\/litespeed\/avatar\/de09dfb254ecca8d89a27b1f284fdb4d.jpg?ver=1788575391","width":96,"height":96,"caption":"Gustavo Werner"}},{"@type":"WebPage","@id":"https:\/\/loboproduccionesaudiovisuales.ar\/?p=19798#webpage","url":"https:\/\/loboproduccionesaudiovisuales.ar\/?p=19798","name":"El Gobierno prorrog\u00f3 la rebaja de retenciones solo al trigo y la cebada y volver\u00e1 a subir ese tributo para soja y ma\u00edz - LOBO PRODUCCIONES AUDIOVISUALES","description":"As\u00ed lo indica en el decreto publicado este viernes. Se trata de una medida intermedia pero que no es la esperada por el campo argentino. Salvo una nueva decisi\u00f3n antes del lunes, la soja volver\u00e1 a tributar el 33% y el ma\u00edz el 13%. El Decreto 439\/2025, publicado esta madrugada en el Bolet\u00edn Oficial, implica","inLanguage":"es-AR","isPartOf":{"@id":"https:\/\/loboproduccionesaudiovisuales.ar\/#website"},"breadcrumb":{"@id":"https:\/\/loboproduccionesaudiovisuales.ar\/?p=19798#breadcrumblist"},"author":{"@id":"https:\/\/loboproduccionesaudiovisuales.ar\/?author=3#author"},"creator":{"@id":"https:\/\/loboproduccionesaudiovisuales.ar\/?author=3#author"},"image":{"@type":"ImageObject","url":"https:\/\/loboproduccionesaudiovisuales.ar\/wp-content\/uploads\/2025\/06\/retenciones-soja-granos-infocampo-696x397-1.jpg","@id":"https:\/\/loboproduccionesaudiovisuales.ar\/?p=19798\/#mainImage","width":696,"height":397},"primaryImageOfPage":{"@id":"https:\/\/loboproduccionesaudiovisuales.ar\/?p=19798#mainImage"},"datePublished":"2025-06-27T09:32:40-03:00","dateModified":"2025-06-27T09:32:40-03:00"},{"@type":"WebSite","@id":"https:\/\/loboproduccionesaudiovisuales.ar\/#website","url":"https:\/\/loboproduccionesaudiovisuales.ar\/","name":"loboproduccionesaudiovisuales.ar","alternateName":"Lobo Producciones","description":"Sitio digital de noticias agroindustriales","inLanguage":"es-AR","publisher":{"@id":"https:\/\/loboproduccionesaudiovisuales.ar\/#organization"}}]},"og:locale":"es_ES","og:site_name":"LOBO PRODUCCIONES AUDIOVISUALES - Sitio digital de noticias agroindustriales","og:type":"article","og:title":"El Gobierno prorrog\u00f3 la rebaja de retenciones solo al trigo y la cebada y volver\u00e1 a subir ese tributo para soja y ma\u00edz - LOBO PRODUCCIONES AUDIOVISUALES","og:description":"As\u00ed lo indica en el decreto publicado este viernes. Se trata de una medida intermedia pero que no es la esperada por el campo argentino. Salvo una nueva decisi\u00f3n antes del lunes, la soja volver\u00e1 a tributar el 33% y el ma\u00edz el 13%. El Decreto 439\/2025, publicado esta madrugada en el Bolet\u00edn Oficial, implica","og:url":"https:\/\/loboproduccionesaudiovisuales.ar\/?p=19798","og:image":"https:\/\/loboproduccionesaudiovisuales.ar\/wp-content\/uploads\/2023\/07\/LPA-web.jpg","og:image:secure_url":"https:\/\/loboproduccionesaudiovisuales.ar\/wp-content\/uploads\/2023\/07\/LPA-web.jpg","article:published_time":"2025-06-27T12:32:40+00:00","article:modified_time":"2025-06-27T12:32:40+00:00","twitter:card":"summary_large_image","twitter:title":"El Gobierno prorrog\u00f3 la rebaja de retenciones solo al trigo y la cebada y volver\u00e1 a subir ese tributo para soja y ma\u00edz - LOBO PRODUCCIONES AUDIOVISUALES","twitter:description":"As\u00ed lo indica en el decreto publicado este viernes. Se trata de una medida intermedia pero que no es la esperada por el campo argentino. Salvo una nueva decisi\u00f3n antes del lunes, la soja volver\u00e1 a tributar el 33% y el ma\u00edz el 13%. El Decreto 439\/2025, publicado esta madrugada en el Bolet\u00edn Oficial, implica","twitter:image":"https:\/\/loboproduccionesaudiovisuales.ar\/wp-content\/uploads\/2023\/07\/LPA-web.jpg"},"aioseo_meta_data":{"post_id":"19798","title":null,"description":null,"keywords":null,"keyphrases":{"focus":{"keyphrase":"","score":0,"analysis":{"keyphraseInTitle":{"score":0,"maxScore":9,"error":1}}},"additional":[]},"primary_term":null,"canonical_url":null,"og_title":null,"og_description":null,"og_object_type":"default","og_image_type":"default","og_image_url":null,"og_image_width":null,"og_image_height":null,"og_image_custom_url":null,"og_image_custom_fields":null,"og_video":"","og_custom_url":null,"og_article_section":null,"og_article_tags":null,"twitter_use_og":false,"twitter_card":"default","twitter_image_type":"default","twitter_image_url":null,"twitter_image_custom_url":null,"twitter_image_custom_fields":null,"twitter_title":null,"twitter_description":null,"schema":{"blockGraphs":[],"customGraphs":[],"default":{"data":{"Article":[],"Course":[],"Dataset":[],"FAQPage":[],"Movie":[],"Person":[],"Product":[],"ProductReview":[],"Car":[],"Recipe":[],"Service":[],"SoftwareApplication":[],"WebPage":[]},"graphName":"BlogPosting","isEnabled":true},"graphs":[]},"schema_type":"default","schema_type_options":null,"pillar_content":false,"robots_default":true,"robots_noindex":false,"robots_noarchive":false,"robots_nosnippet":false,"robots_nofollow":false,"robots_noimageindex":false,"robots_noodp":false,"robots_notranslate":false,"robots_max_snippet":"-1","robots_max_videopreview":"-1","robots_max_imagepreview":"large","priority":null,"frequency":"default","local_seo":null,"breadcrumb_settings":null,"limit_modified_date":false,"ai":null,"created":"2025-06-27 12:32:40","updated":"2025-06-27 12:35:06","seo_analyzer_scan_date":null,"focus_keyword":null,"additional_keywords":null,"truseo_locale":null},"aioseo_breadcrumb":"<div class=\"aioseo-breadcrumbs\"><span class=\"aioseo-breadcrumb\">\n\t\t\t<a href=\"https:\/\/loboproduccionesaudiovisuales.ar\" title=\"Home\">Home<\/a>\n\t\t<\/span><span class=\"aioseo-breadcrumb-separator\">&raquo;<\/span><span class=\"aioseo-breadcrumb\">\n\t\t\t<a href=\"https:\/\/loboproduccionesaudiovisuales.ar\/?cat=1\" title=\"Blog\">Blog<\/a>\n\t\t<\/span><span class=\"aioseo-breadcrumb-separator\">&raquo;<\/span><span class=\"aioseo-breadcrumb\">\n\t\t\tEl Gobierno prorrog\u00f3 la rebaja de retenciones solo al trigo y la cebada y volver\u00e1 a subir ese tributo para soja y ma\u00edz\n\t\t<\/span><\/div>","aioseo_breadcrumb_json":[{"label":"Home","link":"https:\/\/loboproduccionesaudiovisuales.ar"},{"label":"Blog","link":"https:\/\/loboproduccionesaudiovisuales.ar\/?cat=1"},{"label":"El Gobierno prorrog\u00f3 la rebaja de retenciones solo al trigo y la cebada y volver\u00e1 a subir ese tributo para soja y ma\u00edz","link":"https:\/\/loboproduccionesaudiovisuales.ar\/?p=19798"}],"_links":{"self":[{"href":"https:\/\/loboproduccionesaudiovisuales.ar\/index.php?rest_route=\/wp\/v2\/posts\/19798","targetHints":{"allow":["GET"]}}],"collection":[{"href":"https:\/\/loboproduccionesaudiovisuales.ar\/index.php?rest_route=\/wp\/v2\/posts"}],"about":[{"href":"https:\/\/loboproduccionesaudiovisuales.ar\/index.php?rest_route=\/wp\/v2\/types\/post"}],"author":[{"embeddable":true,"href":"https:\/\/loboproduccionesaudiovisuales.ar\/index.php?rest_route=\/wp\/v2\/users\/3"}],"replies":[{"embeddable":true,"href":"https:\/\/loboproduccionesaudiovisuales.ar\/index.php?rest_route=%2Fwp%2Fv2%2Fcomments&post=19798"}],"version-history":[{"count":1,"href":"https:\/\/loboproduccionesaudiovisuales.ar\/index.php?rest_route=\/wp\/v2\/posts\/19798\/revisions"}],"predecessor-version":[{"id":19800,"href":"https:\/\/loboproduccionesaudiovisuales.ar\/index.php?rest_route=\/wp\/v2\/posts\/19798\/revisions\/19800"}],"wp:featuredmedia":[{"embeddable":true,"href":"https:\/\/loboproduccionesaudiovisuales.ar\/index.php?rest_route=\/wp\/v2\/media\/19799"}],"wp:attachment":[{"href":"https:\/\/loboproduccionesaudiovisuales.ar\/index.php?rest_route=%2Fwp%2Fv2%2Fmedia&parent=19798"}],"wp:term":[{"taxonomy":"category","embeddable":true,"href":"https:\/\/loboproduccionesaudiovisuales.ar\/index.php?rest_route=%2Fwp%2Fv2%2Fcategories&post=19798"},{"taxonomy":"post_tag","embeddable":true,"href":"https:\/\/loboproduccionesaudiovisuales.ar\/index.php?rest_route=%2Fwp%2Fv2%2Ftags&post=19798"}],"curies":[{"name":"wp","href":"https:\/\/api.w.org\/{rel}","templated":true}]}}