{"id":19560,"date":"2025-05-30T09:39:59","date_gmt":"2025-05-30T12:39:59","guid":{"rendered":"https:\/\/loboproduccionesaudiovisuales.ar\/?p=19560"},"modified":"2025-05-30T09:39:59","modified_gmt":"2025-05-30T12:39:59","slug":"retraso-en-la-siembra-de-trigo-en-entre-rios","status":"publish","type":"post","link":"https:\/\/loboproduccionesaudiovisuales.ar\/?p=19560","title":{"rendered":"Retraso en la siembra de trigo en Entre R\u00edos"},"content":{"rendered":"<p><strong>A nivel provincial se concret\u00f3 el 10 % de la intenci\u00f3n de siembra de trigo que para el ciclo agr\u00edcola 2025\/26 superar\u00eda las 600.000 hect\u00e1reas, a partir de los datos brindados por la red de colaboradores del SIBER.<\/strong><\/p>\n<p>&nbsp;<\/p>\n<div>\n<div dir=\"ltr\" data-setdir=\"false\">Con respecto al a\u00f1o pasado, el\u00a0<strong>Sistema de Informaci\u00f3n de Bolsa de Cereales de Entre R\u00edos<\/strong>\u00a0<strong>(SIBER)<\/strong>\u00a0observa una leve diferencia del 2 %, mientras que si se compara al promedio de los ciclos 2019\/20 \u2013 2024\/25 que tiene un promedio del 16 %, se detecta un leve retraso sobre la intenci\u00f3n del 6 %.<\/div>\n<div dir=\"ltr\" data-setdir=\"false\"><\/div>\n<\/div>\n<div dir=\"ltr\" data-setdir=\"false\">\n<div dir=\"ltr\" data-setdir=\"false\">Se proyecta que las labores se generalizar\u00e1n en los pr\u00f3ximos d\u00edas, ya que la cosecha de soja est\u00e1 casi finalizada y era necesario en algunos sectores la ocurrencia de precipitaciones que mejoren la humedad en la cama de siembra.<\/div>\n<div dir=\"ltr\" data-setdir=\"false\"><\/div>\n<div dir=\"ltr\" data-setdir=\"false\">\n<div id=\"attachment_9779\" class=\"wp-caption aligncenter\"><img loading=\"lazy\" decoding=\"async\" class=\" wp-image-9779\" src=\"https:\/\/bolsacer.org.ar\/site\/wp-content\/uploads\/2025\/05\/trigo.jpg\" sizes=\"auto, (max-width: 1206px) 100vw, 1206px\" srcset=\"https:\/\/www.bolsacer.org.ar\/site\/wp-content\/uploads\/2025\/05\/trigo.jpg 1292w, https:\/\/www.bolsacer.org.ar\/site\/wp-content\/uploads\/2025\/05\/trigo-300x171.jpg 300w, https:\/\/www.bolsacer.org.ar\/site\/wp-content\/uploads\/2025\/05\/trigo-1024x583.jpg 1024w, https:\/\/www.bolsacer.org.ar\/site\/wp-content\/uploads\/2025\/05\/trigo-768x437.jpg 768w\" alt=\"\" width=\"1206\" height=\"686\" \/><\/div>\n<\/div>\n<div dir=\"ltr\" data-setdir=\"false\">En relaci\u00f3n a la decisi\u00f3n del estado nacional extender la baja temporal de retenciones para el trigo y la cebada hasta el 31 de marzo de 2026, los colaboradores afirman que, si bien es una peque\u00f1a ayuda dentro de un escenario de rendimientos de indiferencia elevados, la decisi\u00f3n del \u00e1rea planificada ya estaba tomada para el trigo. Esto se debe a que los n\u00fameros para la soja de primera tienden a ser negativos en campos arrendados y por lo tanto, existe la necesidad de incrementar el doble cultivo.<\/div>\n<\/div>\n","protected":false},"excerpt":{"rendered":"<p>A nivel provincial se concret\u00f3 el 10 % de la intenci\u00f3n de siembra de trigo que para el ciclo agr\u00edcola&hellip;<\/p>\n","protected":false},"author":3,"featured_media":19101,"comment_status":"open","ping_status":"open","sticky":false,"template":"","format":"standard","meta":{"footnotes":""},"categories":[5,2,1],"tags":[65],"class_list":["post-19560","post","type-post","status-publish","format-standard","has-post-thumbnail","hentry","category-actualidad","category-agro","category-blog","tag-trigo"],"aioseo_notices":[],"aioseo_head":"\n\t\t<!-- All in One SEO 5.0.1.1 - aioseo.com -->\n\t<meta name=\"description\" content=\"A nivel provincial se concret\u00f3 el 10 % de la intenci\u00f3n de siembra de trigo que para el ciclo agr\u00edcola 2025\/26 superar\u00eda las 600.000 hect\u00e1reas, a partir de los datos brindados por la red de colaboradores del SIBER. Con respecto al a\u00f1o pasado, el Sistema de Informaci\u00f3n de Bolsa de Cereales de Entre R\u00edos (SIBER) observa una\" \/>\n\t<meta name=\"robots\" content=\"max-image-preview:large\" \/>\n\t<meta name=\"author\" content=\"Gustavo Werner\"\/>\n\t<link rel=\"canonical\" href=\"https:\/\/loboproduccionesaudiovisuales.ar\/?p=19560\" \/>\n\t<meta name=\"generator\" content=\"All in One SEO (AIOSEO) 5.0.1.1\" \/>\n\t\t<meta property=\"og:locale\" content=\"es_ES\" \/>\n\t\t<meta property=\"og:site_name\" content=\"LOBO PRODUCCIONES AUDIOVISUALES - Sitio digital de noticias agroindustriales\" \/>\n\t\t<meta property=\"og:type\" content=\"article\" \/>\n\t\t<meta property=\"og:title\" content=\"Retraso en la siembra de trigo en Entre R\u00edos - LOBO PRODUCCIONES AUDIOVISUALES\" \/>\n\t\t<meta property=\"og:description\" content=\"A nivel provincial se concret\u00f3 el 10 % de la intenci\u00f3n de siembra de trigo que para el ciclo agr\u00edcola 2025\/26 superar\u00eda las 600.000 hect\u00e1reas, a partir de los datos brindados por la red de colaboradores del SIBER. Con respecto al a\u00f1o pasado, el Sistema de Informaci\u00f3n de Bolsa de Cereales de Entre R\u00edos (SIBER) observa una\" \/>\n\t\t<meta property=\"og:url\" content=\"https:\/\/loboproduccionesaudiovisuales.ar\/?p=19560\" \/>\n\t\t<meta property=\"og:image\" content=\"https:\/\/loboproduccionesaudiovisuales.ar\/wp-content\/uploads\/2023\/07\/LPA-web.jpg\" \/>\n\t\t<meta property=\"og:image:secure_url\" content=\"https:\/\/loboproduccionesaudiovisuales.ar\/wp-content\/uploads\/2023\/07\/LPA-web.jpg\" \/>\n\t\t<meta property=\"article:published_time\" content=\"2025-05-30T12:39:59+00:00\" \/>\n\t\t<meta property=\"article:modified_time\" content=\"2025-05-30T12:39:59+00:00\" \/>\n\t\t<meta name=\"twitter:card\" content=\"summary_large_image\" \/>\n\t\t<meta name=\"twitter:title\" content=\"Retraso en la siembra de trigo en Entre R\u00edos - LOBO PRODUCCIONES AUDIOVISUALES\" \/>\n\t\t<meta name=\"twitter:description\" content=\"A nivel provincial se concret\u00f3 el 10 % de la intenci\u00f3n de siembra de trigo que para el ciclo agr\u00edcola 2025\/26 superar\u00eda las 600.000 hect\u00e1reas, a partir de los datos brindados por la red de colaboradores del SIBER. Con respecto al a\u00f1o pasado, el Sistema de Informaci\u00f3n de Bolsa de Cereales de Entre R\u00edos (SIBER) observa una\" \/>\n\t\t<meta name=\"twitter:image\" content=\"https:\/\/loboproduccionesaudiovisuales.ar\/wp-content\/uploads\/2023\/07\/LPA-web.jpg\" \/>\n\t\t<script type=\"application\/ld+json\" class=\"aioseo-schema\">\n\t\t\t{\"@context\":\"https:\\\/\\\/schema.org\",\"@graph\":[{\"@type\":\"BlogPosting\",\"@id\":\"https:\\\/\\\/loboproduccionesaudiovisuales.ar\\\/?p=19560#blogposting\",\"name\":\"Retraso en la siembra de trigo en Entre R\\u00edos - LOBO PRODUCCIONES AUDIOVISUALES\",\"headline\":\"Retraso en la siembra de trigo en Entre R\\u00edos\",\"author\":{\"@id\":\"https:\\\/\\\/loboproduccionesaudiovisuales.ar\\\/?author=3#author\"},\"publisher\":{\"@id\":\"https:\\\/\\\/loboproduccionesaudiovisuales.ar\\\/#organization\"},\"image\":{\"@type\":\"ImageObject\",\"url\":\"https:\\\/\\\/loboproduccionesaudiovisuales.ar\\\/wp-content\\\/uploads\\\/2025\\\/04\\\/trigo-campo-696x464-1.jpg\",\"width\":696,\"height\":464},\"datePublished\":\"2025-05-30T09:39:59-03:00\",\"dateModified\":\"2025-05-30T09:39:59-03:00\",\"inLanguage\":\"es-AR\",\"mainEntityOfPage\":{\"@id\":\"https:\\\/\\\/loboproduccionesaudiovisuales.ar\\\/?p=19560#webpage\"},\"isPartOf\":{\"@id\":\"https:\\\/\\\/loboproduccionesaudiovisuales.ar\\\/?p=19560#webpage\"},\"articleSection\":\"ACTUALIDAD, AGRO, Blog, trigo\"},{\"@type\":\"BreadcrumbList\",\"@id\":\"https:\\\/\\\/loboproduccionesaudiovisuales.ar\\\/?p=19560#breadcrumblist\",\"itemListElement\":[{\"@type\":\"ListItem\",\"@id\":\"https:\\\/\\\/loboproduccionesaudiovisuales.ar#listItem\",\"position\":1,\"name\":\"Home\",\"item\":\"https:\\\/\\\/loboproduccionesaudiovisuales.ar\",\"nextItem\":{\"@type\":\"ListItem\",\"@id\":\"https:\\\/\\\/loboproduccionesaudiovisuales.ar\\\/?cat=1#listItem\",\"name\":\"Blog\"}},{\"@type\":\"ListItem\",\"@id\":\"https:\\\/\\\/loboproduccionesaudiovisuales.ar\\\/?cat=1#listItem\",\"position\":2,\"name\":\"Blog\",\"item\":\"https:\\\/\\\/loboproduccionesaudiovisuales.ar\\\/?cat=1\",\"nextItem\":{\"@type\":\"ListItem\",\"@id\":\"https:\\\/\\\/loboproduccionesaudiovisuales.ar\\\/?p=19560#listItem\",\"name\":\"Retraso en la siembra de trigo en Entre R\\u00edos\"},\"previousItem\":{\"@type\":\"ListItem\",\"@id\":\"https:\\\/\\\/loboproduccionesaudiovisuales.ar#listItem\",\"name\":\"Home\"}},{\"@type\":\"ListItem\",\"@id\":\"https:\\\/\\\/loboproduccionesaudiovisuales.ar\\\/?p=19560#listItem\",\"position\":3,\"name\":\"Retraso en la siembra de trigo en Entre R\\u00edos\",\"previousItem\":{\"@type\":\"ListItem\",\"@id\":\"https:\\\/\\\/loboproduccionesaudiovisuales.ar\\\/?cat=1#listItem\",\"name\":\"Blog\"}}]},{\"@type\":\"Organization\",\"@id\":\"https:\\\/\\\/loboproduccionesaudiovisuales.ar\\\/#organization\",\"name\":\"loboproduccionesaudiovisuales.ar\",\"description\":\"Sitio digital de noticias agroindustriales\",\"url\":\"https:\\\/\\\/loboproduccionesaudiovisuales.ar\\\/\",\"logo\":{\"@type\":\"ImageObject\",\"url\":\"https:\\\/\\\/loboproduccionesaudiovisuales.ar\\\/wp-content\\\/uploads\\\/2023\\\/07\\\/LPA-web.jpg\",\"@id\":\"https:\\\/\\\/loboproduccionesaudiovisuales.ar\\\/?p=19560\\\/#organizationLogo\",\"width\":500,\"height\":144},\"image\":{\"@id\":\"https:\\\/\\\/loboproduccionesaudiovisuales.ar\\\/?p=19560\\\/#organizationLogo\"}},{\"@type\":\"Person\",\"@id\":\"https:\\\/\\\/loboproduccionesaudiovisuales.ar\\\/?author=3#author\",\"url\":\"https:\\\/\\\/loboproduccionesaudiovisuales.ar\\\/?author=3\",\"name\":\"Gustavo Werner\",\"image\":{\"@type\":\"ImageObject\",\"@id\":\"https:\\\/\\\/loboproduccionesaudiovisuales.ar\\\/?p=19560#authorImage\",\"url\":\"https:\\\/\\\/loboproduccionesaudiovisuales.ar\\\/wp-content\\\/litespeed\\\/avatar\\\/de09dfb254ecca8d89a27b1f284fdb4d.jpg?ver=1788575391\",\"width\":96,\"height\":96,\"caption\":\"Gustavo Werner\"}},{\"@type\":\"WebPage\",\"@id\":\"https:\\\/\\\/loboproduccionesaudiovisuales.ar\\\/?p=19560#webpage\",\"url\":\"https:\\\/\\\/loboproduccionesaudiovisuales.ar\\\/?p=19560\",\"name\":\"Retraso en la siembra de trigo en Entre R\\u00edos - LOBO PRODUCCIONES AUDIOVISUALES\",\"description\":\"A nivel provincial se concret\\u00f3 el 10 % de la intenci\\u00f3n de siembra de trigo que para el ciclo agr\\u00edcola 2025\\\/26 superar\\u00eda las 600.000 hect\\u00e1reas, a partir de los datos brindados por la red de colaboradores del SIBER. Con respecto al a\\u00f1o pasado, el Sistema de Informaci\\u00f3n de Bolsa de Cereales de Entre R\\u00edos (SIBER) observa una\",\"inLanguage\":\"es-AR\",\"isPartOf\":{\"@id\":\"https:\\\/\\\/loboproduccionesaudiovisuales.ar\\\/#website\"},\"breadcrumb\":{\"@id\":\"https:\\\/\\\/loboproduccionesaudiovisuales.ar\\\/?p=19560#breadcrumblist\"},\"author\":{\"@id\":\"https:\\\/\\\/loboproduccionesaudiovisuales.ar\\\/?author=3#author\"},\"creator\":{\"@id\":\"https:\\\/\\\/loboproduccionesaudiovisuales.ar\\\/?author=3#author\"},\"image\":{\"@type\":\"ImageObject\",\"url\":\"https:\\\/\\\/loboproduccionesaudiovisuales.ar\\\/wp-content\\\/uploads\\\/2025\\\/04\\\/trigo-campo-696x464-1.jpg\",\"@id\":\"https:\\\/\\\/loboproduccionesaudiovisuales.ar\\\/?p=19560\\\/#mainImage\",\"width\":696,\"height\":464},\"primaryImageOfPage\":{\"@id\":\"https:\\\/\\\/loboproduccionesaudiovisuales.ar\\\/?p=19560#mainImage\"},\"datePublished\":\"2025-05-30T09:39:59-03:00\",\"dateModified\":\"2025-05-30T09:39:59-03:00\"},{\"@type\":\"WebSite\",\"@id\":\"https:\\\/\\\/loboproduccionesaudiovisuales.ar\\\/#website\",\"url\":\"https:\\\/\\\/loboproduccionesaudiovisuales.ar\\\/\",\"name\":\"loboproduccionesaudiovisuales.ar\",\"alternateName\":\"Lobo Producciones\",\"description\":\"Sitio digital de noticias agroindustriales\",\"inLanguage\":\"es-AR\",\"publisher\":{\"@id\":\"https:\\\/\\\/loboproduccionesaudiovisuales.ar\\\/#organization\"}}]}\n\t\t<\/script>\n\t\t<!-- All in One SEO -->\n\n","aioseo_head_json":{"title":"Retraso en la siembra de trigo en Entre R\u00edos - LOBO PRODUCCIONES AUDIOVISUALES","description":"A nivel provincial se concret\u00f3 el 10 % de la intenci\u00f3n de siembra de trigo que para el ciclo agr\u00edcola 2025\/26 superar\u00eda las 600.000 hect\u00e1reas, a partir de los datos brindados por la red de colaboradores del SIBER. Con respecto al a\u00f1o pasado, el Sistema de Informaci\u00f3n de Bolsa de Cereales de Entre R\u00edos (SIBER) observa una","canonical_url":"https:\/\/loboproduccionesaudiovisuales.ar\/?p=19560","robots":"max-image-preview:large","keywords":"","webmasterTools":{"miscellaneous":""},"schema":{"@context":"https:\/\/schema.org","@graph":[{"@type":"BlogPosting","@id":"https:\/\/loboproduccionesaudiovisuales.ar\/?p=19560#blogposting","name":"Retraso en la siembra de trigo en Entre R\u00edos - LOBO PRODUCCIONES AUDIOVISUALES","headline":"Retraso en la siembra de trigo en Entre R\u00edos","author":{"@id":"https:\/\/loboproduccionesaudiovisuales.ar\/?author=3#author"},"publisher":{"@id":"https:\/\/loboproduccionesaudiovisuales.ar\/#organization"},"image":{"@type":"ImageObject","url":"https:\/\/loboproduccionesaudiovisuales.ar\/wp-content\/uploads\/2025\/04\/trigo-campo-696x464-1.jpg","width":696,"height":464},"datePublished":"2025-05-30T09:39:59-03:00","dateModified":"2025-05-30T09:39:59-03:00","inLanguage":"es-AR","mainEntityOfPage":{"@id":"https:\/\/loboproduccionesaudiovisuales.ar\/?p=19560#webpage"},"isPartOf":{"@id":"https:\/\/loboproduccionesaudiovisuales.ar\/?p=19560#webpage"},"articleSection":"ACTUALIDAD, AGRO, Blog, trigo"},{"@type":"BreadcrumbList","@id":"https:\/\/loboproduccionesaudiovisuales.ar\/?p=19560#breadcrumblist","itemListElement":[{"@type":"ListItem","@id":"https:\/\/loboproduccionesaudiovisuales.ar#listItem","position":1,"name":"Home","item":"https:\/\/loboproduccionesaudiovisuales.ar","nextItem":{"@type":"ListItem","@id":"https:\/\/loboproduccionesaudiovisuales.ar\/?cat=1#listItem","name":"Blog"}},{"@type":"ListItem","@id":"https:\/\/loboproduccionesaudiovisuales.ar\/?cat=1#listItem","position":2,"name":"Blog","item":"https:\/\/loboproduccionesaudiovisuales.ar\/?cat=1","nextItem":{"@type":"ListItem","@id":"https:\/\/loboproduccionesaudiovisuales.ar\/?p=19560#listItem","name":"Retraso en la siembra de trigo en Entre R\u00edos"},"previousItem":{"@type":"ListItem","@id":"https:\/\/loboproduccionesaudiovisuales.ar#listItem","name":"Home"}},{"@type":"ListItem","@id":"https:\/\/loboproduccionesaudiovisuales.ar\/?p=19560#listItem","position":3,"name":"Retraso en la siembra de trigo en Entre R\u00edos","previousItem":{"@type":"ListItem","@id":"https:\/\/loboproduccionesaudiovisuales.ar\/?cat=1#listItem","name":"Blog"}}]},{"@type":"Organization","@id":"https:\/\/loboproduccionesaudiovisuales.ar\/#organization","name":"loboproduccionesaudiovisuales.ar","description":"Sitio digital de noticias agroindustriales","url":"https:\/\/loboproduccionesaudiovisuales.ar\/","logo":{"@type":"ImageObject","url":"https:\/\/loboproduccionesaudiovisuales.ar\/wp-content\/uploads\/2023\/07\/LPA-web.jpg","@id":"https:\/\/loboproduccionesaudiovisuales.ar\/?p=19560\/#organizationLogo","width":500,"height":144},"image":{"@id":"https:\/\/loboproduccionesaudiovisuales.ar\/?p=19560\/#organizationLogo"}},{"@type":"Person","@id":"https:\/\/loboproduccionesaudiovisuales.ar\/?author=3#author","url":"https:\/\/loboproduccionesaudiovisuales.ar\/?author=3","name":"Gustavo Werner","image":{"@type":"ImageObject","@id":"https:\/\/loboproduccionesaudiovisuales.ar\/?p=19560#authorImage","url":"https:\/\/loboproduccionesaudiovisuales.ar\/wp-content\/litespeed\/avatar\/de09dfb254ecca8d89a27b1f284fdb4d.jpg?ver=1788575391","width":96,"height":96,"caption":"Gustavo Werner"}},{"@type":"WebPage","@id":"https:\/\/loboproduccionesaudiovisuales.ar\/?p=19560#webpage","url":"https:\/\/loboproduccionesaudiovisuales.ar\/?p=19560","name":"Retraso en la siembra de trigo en Entre R\u00edos - LOBO PRODUCCIONES AUDIOVISUALES","description":"A nivel provincial se concret\u00f3 el 10 % de la intenci\u00f3n de siembra de trigo que para el ciclo agr\u00edcola 2025\/26 superar\u00eda las 600.000 hect\u00e1reas, a partir de los datos brindados por la red de colaboradores del SIBER. Con respecto al a\u00f1o pasado, el Sistema de Informaci\u00f3n de Bolsa de Cereales de Entre R\u00edos (SIBER) observa una","inLanguage":"es-AR","isPartOf":{"@id":"https:\/\/loboproduccionesaudiovisuales.ar\/#website"},"breadcrumb":{"@id":"https:\/\/loboproduccionesaudiovisuales.ar\/?p=19560#breadcrumblist"},"author":{"@id":"https:\/\/loboproduccionesaudiovisuales.ar\/?author=3#author"},"creator":{"@id":"https:\/\/loboproduccionesaudiovisuales.ar\/?author=3#author"},"image":{"@type":"ImageObject","url":"https:\/\/loboproduccionesaudiovisuales.ar\/wp-content\/uploads\/2025\/04\/trigo-campo-696x464-1.jpg","@id":"https:\/\/loboproduccionesaudiovisuales.ar\/?p=19560\/#mainImage","width":696,"height":464},"primaryImageOfPage":{"@id":"https:\/\/loboproduccionesaudiovisuales.ar\/?p=19560#mainImage"},"datePublished":"2025-05-30T09:39:59-03:00","dateModified":"2025-05-30T09:39:59-03:00"},{"@type":"WebSite","@id":"https:\/\/loboproduccionesaudiovisuales.ar\/#website","url":"https:\/\/loboproduccionesaudiovisuales.ar\/","name":"loboproduccionesaudiovisuales.ar","alternateName":"Lobo Producciones","description":"Sitio digital de noticias agroindustriales","inLanguage":"es-AR","publisher":{"@id":"https:\/\/loboproduccionesaudiovisuales.ar\/#organization"}}]},"og:locale":"es_ES","og:site_name":"LOBO PRODUCCIONES AUDIOVISUALES - Sitio digital de noticias agroindustriales","og:type":"article","og:title":"Retraso en la siembra de trigo en Entre R\u00edos - LOBO PRODUCCIONES AUDIOVISUALES","og:description":"A nivel provincial se concret\u00f3 el 10 % de la intenci\u00f3n de siembra de trigo que para el ciclo agr\u00edcola 2025\/26 superar\u00eda las 600.000 hect\u00e1reas, a partir de los datos brindados por la red de colaboradores del SIBER. Con respecto al a\u00f1o pasado, el Sistema de Informaci\u00f3n de Bolsa de Cereales de Entre R\u00edos (SIBER) observa una","og:url":"https:\/\/loboproduccionesaudiovisuales.ar\/?p=19560","og:image":"https:\/\/loboproduccionesaudiovisuales.ar\/wp-content\/uploads\/2023\/07\/LPA-web.jpg","og:image:secure_url":"https:\/\/loboproduccionesaudiovisuales.ar\/wp-content\/uploads\/2023\/07\/LPA-web.jpg","article:published_time":"2025-05-30T12:39:59+00:00","article:modified_time":"2025-05-30T12:39:59+00:00","twitter:card":"summary_large_image","twitter:title":"Retraso en la siembra de trigo en Entre R\u00edos - LOBO PRODUCCIONES AUDIOVISUALES","twitter:description":"A nivel provincial se concret\u00f3 el 10 % de la intenci\u00f3n de siembra de trigo que para el ciclo agr\u00edcola 2025\/26 superar\u00eda las 600.000 hect\u00e1reas, a partir de los datos brindados por la red de colaboradores del SIBER. Con respecto al a\u00f1o pasado, el Sistema de Informaci\u00f3n de Bolsa de Cereales de Entre R\u00edos (SIBER) observa una","twitter:image":"https:\/\/loboproduccionesaudiovisuales.ar\/wp-content\/uploads\/2023\/07\/LPA-web.jpg"},"aioseo_meta_data":{"post_id":"19560","title":null,"description":null,"keywords":null,"keyphrases":{"focus":{"keyphrase":"","score":0,"analysis":{"keyphraseInTitle":{"score":0,"maxScore":9,"error":1}}},"additional":[]},"primary_term":null,"canonical_url":null,"og_title":null,"og_description":null,"og_object_type":"default","og_image_type":"default","og_image_url":null,"og_image_width":null,"og_image_height":null,"og_image_custom_url":null,"og_image_custom_fields":null,"og_video":"","og_custom_url":null,"og_article_section":null,"og_article_tags":null,"twitter_use_og":false,"twitter_card":"default","twitter_image_type":"default","twitter_image_url":null,"twitter_image_custom_url":null,"twitter_image_custom_fields":null,"twitter_title":null,"twitter_description":null,"schema":{"blockGraphs":[],"customGraphs":[],"default":{"data":{"Article":[],"Course":[],"Dataset":[],"FAQPage":[],"Movie":[],"Person":[],"Product":[],"ProductReview":[],"Car":[],"Recipe":[],"Service":[],"SoftwareApplication":[],"WebPage":[]},"graphName":"BlogPosting","isEnabled":true},"graphs":[]},"schema_type":"default","schema_type_options":null,"pillar_content":false,"robots_default":true,"robots_noindex":false,"robots_noarchive":false,"robots_nosnippet":false,"robots_nofollow":false,"robots_noimageindex":false,"robots_noodp":false,"robots_notranslate":false,"robots_max_snippet":"-1","robots_max_videopreview":"-1","robots_max_imagepreview":"large","priority":null,"frequency":"default","local_seo":null,"breadcrumb_settings":null,"limit_modified_date":false,"ai":null,"created":"2025-05-30 12:39:59","updated":"2025-06-05 04:23:28","seo_analyzer_scan_date":null,"focus_keyword":null,"additional_keywords":null,"truseo_locale":null},"aioseo_breadcrumb":"<div class=\"aioseo-breadcrumbs\"><span class=\"aioseo-breadcrumb\">\n\t\t\t<a href=\"https:\/\/loboproduccionesaudiovisuales.ar\" title=\"Home\">Home<\/a>\n\t\t<\/span><span class=\"aioseo-breadcrumb-separator\">&raquo;<\/span><span class=\"aioseo-breadcrumb\">\n\t\t\t<a href=\"https:\/\/loboproduccionesaudiovisuales.ar\/?cat=1\" title=\"Blog\">Blog<\/a>\n\t\t<\/span><span class=\"aioseo-breadcrumb-separator\">&raquo;<\/span><span class=\"aioseo-breadcrumb\">\n\t\t\tRetraso en la siembra de trigo en Entre R\u00edos\n\t\t<\/span><\/div>","aioseo_breadcrumb_json":[{"label":"Home","link":"https:\/\/loboproduccionesaudiovisuales.ar"},{"label":"Blog","link":"https:\/\/loboproduccionesaudiovisuales.ar\/?cat=1"},{"label":"Retraso en la siembra de trigo en Entre R\u00edos","link":"https:\/\/loboproduccionesaudiovisuales.ar\/?p=19560"}],"_links":{"self":[{"href":"https:\/\/loboproduccionesaudiovisuales.ar\/index.php?rest_route=\/wp\/v2\/posts\/19560","targetHints":{"allow":["GET"]}}],"collection":[{"href":"https:\/\/loboproduccionesaudiovisuales.ar\/index.php?rest_route=\/wp\/v2\/posts"}],"about":[{"href":"https:\/\/loboproduccionesaudiovisuales.ar\/index.php?rest_route=\/wp\/v2\/types\/post"}],"author":[{"embeddable":true,"href":"https:\/\/loboproduccionesaudiovisuales.ar\/index.php?rest_route=\/wp\/v2\/users\/3"}],"replies":[{"embeddable":true,"href":"https:\/\/loboproduccionesaudiovisuales.ar\/index.php?rest_route=%2Fwp%2Fv2%2Fcomments&post=19560"}],"version-history":[{"count":1,"href":"https:\/\/loboproduccionesaudiovisuales.ar\/index.php?rest_route=\/wp\/v2\/posts\/19560\/revisions"}],"predecessor-version":[{"id":19561,"href":"https:\/\/loboproduccionesaudiovisuales.ar\/index.php?rest_route=\/wp\/v2\/posts\/19560\/revisions\/19561"}],"wp:featuredmedia":[{"embeddable":true,"href":"https:\/\/loboproduccionesaudiovisuales.ar\/index.php?rest_route=\/wp\/v2\/media\/19101"}],"wp:attachment":[{"href":"https:\/\/loboproduccionesaudiovisuales.ar\/index.php?rest_route=%2Fwp%2Fv2%2Fmedia&parent=19560"}],"wp:term":[{"taxonomy":"category","embeddable":true,"href":"https:\/\/loboproduccionesaudiovisuales.ar\/index.php?rest_route=%2Fwp%2Fv2%2Fcategories&post=19560"},{"taxonomy":"post_tag","embeddable":true,"href":"https:\/\/loboproduccionesaudiovisuales.ar\/index.php?rest_route=%2Fwp%2Fv2%2Ftags&post=19560"}],"curies":[{"name":"wp","href":"https:\/\/api.w.org\/{rel}","templated":true}]}}