{"id":19557,"date":"2025-05-29T16:29:01","date_gmt":"2025-05-29T19:29:01","guid":{"rendered":"https:\/\/loboproduccionesaudiovisuales.ar\/?p=19557"},"modified":"2025-05-29T16:29:01","modified_gmt":"2025-05-29T19:29:01","slug":"entre-rios-impulso-la-produccion-de-maiz-para-abastecer-a-la-avicultura-en-el-foro-nacional-maizar-2025","status":"publish","type":"post","link":"https:\/\/loboproduccionesaudiovisuales.ar\/?p=19557","title":{"rendered":"Entre R\u00edos impuls\u00f3 la producci\u00f3n de ma\u00edz para abastecer a la avicultura en el foro nacional Maizar 2025"},"content":{"rendered":"<p><strong>En el marco del Congreso Maizar 2025, el ministro de Desarrollo Econ\u00f3mico, Guillermo Bernaudo, expuso acerca del potencial de la cadena maicera en Entre R\u00edos y la regi\u00f3n.<\/strong><\/p>\n<p>&nbsp;<\/p>\n<p>En el contexto de un panel integrado por los ministros de la Regi\u00f3n Centro y Buenos Aires, Bernaudo sostuvo que \u00abla industria av\u00edcola expresa uno de los ejes productivos de Entre R\u00edos. Consumimos gran parte del ma\u00edz que producimos para agregar valor, y adem\u00e1s exportamos ma\u00edz al exterior; siendo el tercer producto de exportaci\u00f3n\u00bb.<\/p>\n<p>El ministro de Desarrollo Econ\u00f3mico precis\u00f3: \u00abQueremos ayudar a traccionar la cadena completa, desde el ma\u00edz y hasta el pollo o el huevo, agregando todo el valor posible. El rol de los productores e industriales es invertir en tecnolog\u00eda y bioseguridad; y el del Estado, proveer infraestructura\u00bb.<\/p>\n<p>Subray\u00f3, que \u00abla avicultura entrerriana es una cadena completamente integrada, que transforma todo el ma\u00edz -consumiendo el 71% del grano utilizado en Entre R\u00edos- en prote\u00edna animal. Estamos en un nivel muy alto de consumo de carne de pollo probablemente muy cercano a la saturaci\u00f3n, por lo cual la salida es la exportaci\u00f3n de pollos y huevos\u00bb.<\/p>\n<p>Complement\u00f3 con que \u00abuna parte importante de las pol\u00edticas p\u00fablicas gira en torno a los derechos de exportaci\u00f3n. Por suerte se reactiv\u00f3 China, un destino muy importante para la garra que es un subproducto muy relevante para la industria av\u00edcola\u00bb.<\/p>\n<p>En el foro que se realiz\u00f3 en Buenos Aires el mi\u00e9rcoles, el jefe de la cartera provincial particip\u00f3 del intercambio junto a sus colegas de C\u00f3rdoba, Sergio Busso; Santa Fe, Gustavo Puccini; y Javier Rodr\u00edguez, de Buenos Aires.<\/p>\n","protected":false},"excerpt":{"rendered":"<p>En el marco del Congreso Maizar 2025, el ministro de Desarrollo Econ\u00f3mico, Guillermo Bernaudo, expuso acerca del potencial de la&hellip;<\/p>\n","protected":false},"author":3,"featured_media":19558,"comment_status":"open","ping_status":"open","sticky":false,"template":"","format":"standard","meta":{"footnotes":""},"categories":[5,2,1,253,128,198],"tags":[267],"class_list":["post-19557","post","type-post","status-publish","format-standard","has-post-thumbnail","hentry","category-actualidad","category-agro","category-blog","category-empresariales","category-entre-rios","category-exposiciones","tag-maizar"],"aioseo_notices":[],"aioseo_head":"\n\t\t<!-- All in One SEO 5.0.1.1 - aioseo.com -->\n\t<meta name=\"description\" content=\"En el marco del Congreso Maizar 2025, el ministro de Desarrollo Econ\u00f3mico, Guillermo Bernaudo, expuso acerca del potencial de la cadena maicera en Entre R\u00edos y la regi\u00f3n. En el contexto de un panel integrado por los ministros de la Regi\u00f3n Centro y Buenos Aires, Bernaudo sostuvo que \u00abla industria av\u00edcola expresa uno de\" \/>\n\t<meta name=\"robots\" content=\"max-image-preview:large\" \/>\n\t<meta name=\"author\" content=\"Gustavo Werner\"\/>\n\t<link rel=\"canonical\" href=\"https:\/\/loboproduccionesaudiovisuales.ar\/?p=19557\" \/>\n\t<meta name=\"generator\" content=\"All in One SEO (AIOSEO) 5.0.1.1\" \/>\n\t\t<meta property=\"og:locale\" content=\"es_ES\" \/>\n\t\t<meta property=\"og:site_name\" content=\"LOBO PRODUCCIONES AUDIOVISUALES - Sitio digital de noticias agroindustriales\" \/>\n\t\t<meta property=\"og:type\" content=\"article\" \/>\n\t\t<meta property=\"og:title\" content=\"Entre R\u00edos impuls\u00f3 la producci\u00f3n de ma\u00edz para abastecer a la avicultura en el foro nacional Maizar 2025 - LOBO PRODUCCIONES AUDIOVISUALES\" \/>\n\t\t<meta property=\"og:description\" content=\"En el marco del Congreso Maizar 2025, el ministro de Desarrollo Econ\u00f3mico, Guillermo Bernaudo, expuso acerca del potencial de la cadena maicera en Entre R\u00edos y la regi\u00f3n. En el contexto de un panel integrado por los ministros de la Regi\u00f3n Centro y Buenos Aires, Bernaudo sostuvo que \u00abla industria av\u00edcola expresa uno de\" \/>\n\t\t<meta property=\"og:url\" content=\"https:\/\/loboproduccionesaudiovisuales.ar\/?p=19557\" \/>\n\t\t<meta property=\"og:image\" content=\"https:\/\/loboproduccionesaudiovisuales.ar\/wp-content\/uploads\/2023\/07\/LPA-web.jpg\" \/>\n\t\t<meta property=\"og:image:secure_url\" content=\"https:\/\/loboproduccionesaudiovisuales.ar\/wp-content\/uploads\/2023\/07\/LPA-web.jpg\" \/>\n\t\t<meta property=\"article:published_time\" content=\"2025-05-29T19:29:01+00:00\" \/>\n\t\t<meta property=\"article:modified_time\" content=\"2025-05-29T19:29:01+00:00\" \/>\n\t\t<meta name=\"twitter:card\" content=\"summary_large_image\" \/>\n\t\t<meta name=\"twitter:title\" content=\"Entre R\u00edos impuls\u00f3 la producci\u00f3n de ma\u00edz para abastecer a la avicultura en el foro nacional Maizar 2025 - LOBO PRODUCCIONES AUDIOVISUALES\" \/>\n\t\t<meta name=\"twitter:description\" content=\"En el marco del Congreso Maizar 2025, el ministro de Desarrollo Econ\u00f3mico, Guillermo Bernaudo, expuso acerca del potencial de la cadena maicera en Entre R\u00edos y la regi\u00f3n. En el contexto de un panel integrado por los ministros de la Regi\u00f3n Centro y Buenos Aires, Bernaudo sostuvo que \u00abla industria av\u00edcola expresa uno de\" \/>\n\t\t<meta name=\"twitter:image\" content=\"https:\/\/loboproduccionesaudiovisuales.ar\/wp-content\/uploads\/2023\/07\/LPA-web.jpg\" \/>\n\t\t<script type=\"application\/ld+json\" class=\"aioseo-schema\">\n\t\t\t{\"@context\":\"https:\\\/\\\/schema.org\",\"@graph\":[{\"@type\":\"BlogPosting\",\"@id\":\"https:\\\/\\\/loboproduccionesaudiovisuales.ar\\\/?p=19557#blogposting\",\"name\":\"Entre R\\u00edos impuls\\u00f3 la producci\\u00f3n de ma\\u00edz para abastecer a la avicultura en el foro nacional Maizar 2025 - LOBO PRODUCCIONES AUDIOVISUALES\",\"headline\":\"Entre R\\u00edos impuls\\u00f3 la producci\\u00f3n de ma\\u00edz para abastecer a la avicultura en el foro nacional Maizar 2025\",\"author\":{\"@id\":\"https:\\\/\\\/loboproduccionesaudiovisuales.ar\\\/?author=3#author\"},\"publisher\":{\"@id\":\"https:\\\/\\\/loboproduccionesaudiovisuales.ar\\\/#organization\"},\"image\":{\"@type\":\"ImageObject\",\"url\":\"https:\\\/\\\/loboproduccionesaudiovisuales.ar\\\/wp-content\\\/uploads\\\/2025\\\/05\\\/Foto-I-Maizar-1-696x464-1.jpg\",\"width\":696,\"height\":464},\"datePublished\":\"2025-05-29T16:29:01-03:00\",\"dateModified\":\"2025-05-29T16:29:01-03:00\",\"inLanguage\":\"es-AR\",\"mainEntityOfPage\":{\"@id\":\"https:\\\/\\\/loboproduccionesaudiovisuales.ar\\\/?p=19557#webpage\"},\"isPartOf\":{\"@id\":\"https:\\\/\\\/loboproduccionesaudiovisuales.ar\\\/?p=19557#webpage\"},\"articleSection\":\"ACTUALIDAD, AGRO, Blog, EMPRESARIALES, ENTRE RIOS, EXPOSICIONES, Maizar\"},{\"@type\":\"BreadcrumbList\",\"@id\":\"https:\\\/\\\/loboproduccionesaudiovisuales.ar\\\/?p=19557#breadcrumblist\",\"itemListElement\":[{\"@type\":\"ListItem\",\"@id\":\"https:\\\/\\\/loboproduccionesaudiovisuales.ar#listItem\",\"position\":1,\"name\":\"Home\",\"item\":\"https:\\\/\\\/loboproduccionesaudiovisuales.ar\",\"nextItem\":{\"@type\":\"ListItem\",\"@id\":\"https:\\\/\\\/loboproduccionesaudiovisuales.ar\\\/?cat=1#listItem\",\"name\":\"Blog\"}},{\"@type\":\"ListItem\",\"@id\":\"https:\\\/\\\/loboproduccionesaudiovisuales.ar\\\/?cat=1#listItem\",\"position\":2,\"name\":\"Blog\",\"item\":\"https:\\\/\\\/loboproduccionesaudiovisuales.ar\\\/?cat=1\",\"nextItem\":{\"@type\":\"ListItem\",\"@id\":\"https:\\\/\\\/loboproduccionesaudiovisuales.ar\\\/?p=19557#listItem\",\"name\":\"Entre R\\u00edos impuls\\u00f3 la producci\\u00f3n de ma\\u00edz para abastecer a la avicultura en el foro nacional Maizar 2025\"},\"previousItem\":{\"@type\":\"ListItem\",\"@id\":\"https:\\\/\\\/loboproduccionesaudiovisuales.ar#listItem\",\"name\":\"Home\"}},{\"@type\":\"ListItem\",\"@id\":\"https:\\\/\\\/loboproduccionesaudiovisuales.ar\\\/?p=19557#listItem\",\"position\":3,\"name\":\"Entre R\\u00edos impuls\\u00f3 la producci\\u00f3n de ma\\u00edz para abastecer a la avicultura en el foro nacional Maizar 2025\",\"previousItem\":{\"@type\":\"ListItem\",\"@id\":\"https:\\\/\\\/loboproduccionesaudiovisuales.ar\\\/?cat=1#listItem\",\"name\":\"Blog\"}}]},{\"@type\":\"Organization\",\"@id\":\"https:\\\/\\\/loboproduccionesaudiovisuales.ar\\\/#organization\",\"name\":\"loboproduccionesaudiovisuales.ar\",\"description\":\"Sitio digital de noticias agroindustriales\",\"url\":\"https:\\\/\\\/loboproduccionesaudiovisuales.ar\\\/\",\"logo\":{\"@type\":\"ImageObject\",\"url\":\"https:\\\/\\\/loboproduccionesaudiovisuales.ar\\\/wp-content\\\/uploads\\\/2023\\\/07\\\/LPA-web.jpg\",\"@id\":\"https:\\\/\\\/loboproduccionesaudiovisuales.ar\\\/?p=19557\\\/#organizationLogo\",\"width\":500,\"height\":144},\"image\":{\"@id\":\"https:\\\/\\\/loboproduccionesaudiovisuales.ar\\\/?p=19557\\\/#organizationLogo\"}},{\"@type\":\"Person\",\"@id\":\"https:\\\/\\\/loboproduccionesaudiovisuales.ar\\\/?author=3#author\",\"url\":\"https:\\\/\\\/loboproduccionesaudiovisuales.ar\\\/?author=3\",\"name\":\"Gustavo Werner\",\"image\":{\"@type\":\"ImageObject\",\"@id\":\"https:\\\/\\\/loboproduccionesaudiovisuales.ar\\\/?p=19557#authorImage\",\"url\":\"https:\\\/\\\/loboproduccionesaudiovisuales.ar\\\/wp-content\\\/litespeed\\\/avatar\\\/de09dfb254ecca8d89a27b1f284fdb4d.jpg?ver=1788575391\",\"width\":96,\"height\":96,\"caption\":\"Gustavo Werner\"}},{\"@type\":\"WebPage\",\"@id\":\"https:\\\/\\\/loboproduccionesaudiovisuales.ar\\\/?p=19557#webpage\",\"url\":\"https:\\\/\\\/loboproduccionesaudiovisuales.ar\\\/?p=19557\",\"name\":\"Entre R\\u00edos impuls\\u00f3 la producci\\u00f3n de ma\\u00edz para abastecer a la avicultura en el foro nacional Maizar 2025 - LOBO PRODUCCIONES AUDIOVISUALES\",\"description\":\"En el marco del Congreso Maizar 2025, el ministro de Desarrollo Econ\\u00f3mico, Guillermo Bernaudo, expuso acerca del potencial de la cadena maicera en Entre R\\u00edos y la regi\\u00f3n. En el contexto de un panel integrado por los ministros de la Regi\\u00f3n Centro y Buenos Aires, Bernaudo sostuvo que \\u00abla industria av\\u00edcola expresa uno de\",\"inLanguage\":\"es-AR\",\"isPartOf\":{\"@id\":\"https:\\\/\\\/loboproduccionesaudiovisuales.ar\\\/#website\"},\"breadcrumb\":{\"@id\":\"https:\\\/\\\/loboproduccionesaudiovisuales.ar\\\/?p=19557#breadcrumblist\"},\"author\":{\"@id\":\"https:\\\/\\\/loboproduccionesaudiovisuales.ar\\\/?author=3#author\"},\"creator\":{\"@id\":\"https:\\\/\\\/loboproduccionesaudiovisuales.ar\\\/?author=3#author\"},\"image\":{\"@type\":\"ImageObject\",\"url\":\"https:\\\/\\\/loboproduccionesaudiovisuales.ar\\\/wp-content\\\/uploads\\\/2025\\\/05\\\/Foto-I-Maizar-1-696x464-1.jpg\",\"@id\":\"https:\\\/\\\/loboproduccionesaudiovisuales.ar\\\/?p=19557\\\/#mainImage\",\"width\":696,\"height\":464},\"primaryImageOfPage\":{\"@id\":\"https:\\\/\\\/loboproduccionesaudiovisuales.ar\\\/?p=19557#mainImage\"},\"datePublished\":\"2025-05-29T16:29:01-03:00\",\"dateModified\":\"2025-05-29T16:29:01-03:00\"},{\"@type\":\"WebSite\",\"@id\":\"https:\\\/\\\/loboproduccionesaudiovisuales.ar\\\/#website\",\"url\":\"https:\\\/\\\/loboproduccionesaudiovisuales.ar\\\/\",\"name\":\"loboproduccionesaudiovisuales.ar\",\"alternateName\":\"Lobo Producciones\",\"description\":\"Sitio digital de noticias agroindustriales\",\"inLanguage\":\"es-AR\",\"publisher\":{\"@id\":\"https:\\\/\\\/loboproduccionesaudiovisuales.ar\\\/#organization\"}}]}\n\t\t<\/script>\n\t\t<!-- All in One SEO -->\n\n","aioseo_head_json":{"title":"Entre R\u00edos impuls\u00f3 la producci\u00f3n de ma\u00edz para abastecer a la avicultura en el foro nacional Maizar 2025 - LOBO PRODUCCIONES AUDIOVISUALES","description":"En el marco del Congreso Maizar 2025, el ministro de Desarrollo Econ\u00f3mico, Guillermo Bernaudo, expuso acerca del potencial de la cadena maicera en Entre R\u00edos y la regi\u00f3n. En el contexto de un panel integrado por los ministros de la Regi\u00f3n Centro y Buenos Aires, Bernaudo sostuvo que \u00abla industria av\u00edcola expresa uno de","canonical_url":"https:\/\/loboproduccionesaudiovisuales.ar\/?p=19557","robots":"max-image-preview:large","keywords":"","webmasterTools":{"miscellaneous":""},"schema":{"@context":"https:\/\/schema.org","@graph":[{"@type":"BlogPosting","@id":"https:\/\/loboproduccionesaudiovisuales.ar\/?p=19557#blogposting","name":"Entre R\u00edos impuls\u00f3 la producci\u00f3n de ma\u00edz para abastecer a la avicultura en el foro nacional Maizar 2025 - LOBO PRODUCCIONES AUDIOVISUALES","headline":"Entre R\u00edos impuls\u00f3 la producci\u00f3n de ma\u00edz para abastecer a la avicultura en el foro nacional Maizar 2025","author":{"@id":"https:\/\/loboproduccionesaudiovisuales.ar\/?author=3#author"},"publisher":{"@id":"https:\/\/loboproduccionesaudiovisuales.ar\/#organization"},"image":{"@type":"ImageObject","url":"https:\/\/loboproduccionesaudiovisuales.ar\/wp-content\/uploads\/2025\/05\/Foto-I-Maizar-1-696x464-1.jpg","width":696,"height":464},"datePublished":"2025-05-29T16:29:01-03:00","dateModified":"2025-05-29T16:29:01-03:00","inLanguage":"es-AR","mainEntityOfPage":{"@id":"https:\/\/loboproduccionesaudiovisuales.ar\/?p=19557#webpage"},"isPartOf":{"@id":"https:\/\/loboproduccionesaudiovisuales.ar\/?p=19557#webpage"},"articleSection":"ACTUALIDAD, AGRO, Blog, EMPRESARIALES, ENTRE RIOS, EXPOSICIONES, Maizar"},{"@type":"BreadcrumbList","@id":"https:\/\/loboproduccionesaudiovisuales.ar\/?p=19557#breadcrumblist","itemListElement":[{"@type":"ListItem","@id":"https:\/\/loboproduccionesaudiovisuales.ar#listItem","position":1,"name":"Home","item":"https:\/\/loboproduccionesaudiovisuales.ar","nextItem":{"@type":"ListItem","@id":"https:\/\/loboproduccionesaudiovisuales.ar\/?cat=1#listItem","name":"Blog"}},{"@type":"ListItem","@id":"https:\/\/loboproduccionesaudiovisuales.ar\/?cat=1#listItem","position":2,"name":"Blog","item":"https:\/\/loboproduccionesaudiovisuales.ar\/?cat=1","nextItem":{"@type":"ListItem","@id":"https:\/\/loboproduccionesaudiovisuales.ar\/?p=19557#listItem","name":"Entre R\u00edos impuls\u00f3 la producci\u00f3n de ma\u00edz para abastecer a la avicultura en el foro nacional Maizar 2025"},"previousItem":{"@type":"ListItem","@id":"https:\/\/loboproduccionesaudiovisuales.ar#listItem","name":"Home"}},{"@type":"ListItem","@id":"https:\/\/loboproduccionesaudiovisuales.ar\/?p=19557#listItem","position":3,"name":"Entre R\u00edos impuls\u00f3 la producci\u00f3n de ma\u00edz para abastecer a la avicultura en el foro nacional Maizar 2025","previousItem":{"@type":"ListItem","@id":"https:\/\/loboproduccionesaudiovisuales.ar\/?cat=1#listItem","name":"Blog"}}]},{"@type":"Organization","@id":"https:\/\/loboproduccionesaudiovisuales.ar\/#organization","name":"loboproduccionesaudiovisuales.ar","description":"Sitio digital de noticias agroindustriales","url":"https:\/\/loboproduccionesaudiovisuales.ar\/","logo":{"@type":"ImageObject","url":"https:\/\/loboproduccionesaudiovisuales.ar\/wp-content\/uploads\/2023\/07\/LPA-web.jpg","@id":"https:\/\/loboproduccionesaudiovisuales.ar\/?p=19557\/#organizationLogo","width":500,"height":144},"image":{"@id":"https:\/\/loboproduccionesaudiovisuales.ar\/?p=19557\/#organizationLogo"}},{"@type":"Person","@id":"https:\/\/loboproduccionesaudiovisuales.ar\/?author=3#author","url":"https:\/\/loboproduccionesaudiovisuales.ar\/?author=3","name":"Gustavo Werner","image":{"@type":"ImageObject","@id":"https:\/\/loboproduccionesaudiovisuales.ar\/?p=19557#authorImage","url":"https:\/\/loboproduccionesaudiovisuales.ar\/wp-content\/litespeed\/avatar\/de09dfb254ecca8d89a27b1f284fdb4d.jpg?ver=1788575391","width":96,"height":96,"caption":"Gustavo Werner"}},{"@type":"WebPage","@id":"https:\/\/loboproduccionesaudiovisuales.ar\/?p=19557#webpage","url":"https:\/\/loboproduccionesaudiovisuales.ar\/?p=19557","name":"Entre R\u00edos impuls\u00f3 la producci\u00f3n de ma\u00edz para abastecer a la avicultura en el foro nacional Maizar 2025 - LOBO PRODUCCIONES AUDIOVISUALES","description":"En el marco del Congreso Maizar 2025, el ministro de Desarrollo Econ\u00f3mico, Guillermo Bernaudo, expuso acerca del potencial de la cadena maicera en Entre R\u00edos y la regi\u00f3n. En el contexto de un panel integrado por los ministros de la Regi\u00f3n Centro y Buenos Aires, Bernaudo sostuvo que \u00abla industria av\u00edcola expresa uno de","inLanguage":"es-AR","isPartOf":{"@id":"https:\/\/loboproduccionesaudiovisuales.ar\/#website"},"breadcrumb":{"@id":"https:\/\/loboproduccionesaudiovisuales.ar\/?p=19557#breadcrumblist"},"author":{"@id":"https:\/\/loboproduccionesaudiovisuales.ar\/?author=3#author"},"creator":{"@id":"https:\/\/loboproduccionesaudiovisuales.ar\/?author=3#author"},"image":{"@type":"ImageObject","url":"https:\/\/loboproduccionesaudiovisuales.ar\/wp-content\/uploads\/2025\/05\/Foto-I-Maizar-1-696x464-1.jpg","@id":"https:\/\/loboproduccionesaudiovisuales.ar\/?p=19557\/#mainImage","width":696,"height":464},"primaryImageOfPage":{"@id":"https:\/\/loboproduccionesaudiovisuales.ar\/?p=19557#mainImage"},"datePublished":"2025-05-29T16:29:01-03:00","dateModified":"2025-05-29T16:29:01-03:00"},{"@type":"WebSite","@id":"https:\/\/loboproduccionesaudiovisuales.ar\/#website","url":"https:\/\/loboproduccionesaudiovisuales.ar\/","name":"loboproduccionesaudiovisuales.ar","alternateName":"Lobo Producciones","description":"Sitio digital de noticias agroindustriales","inLanguage":"es-AR","publisher":{"@id":"https:\/\/loboproduccionesaudiovisuales.ar\/#organization"}}]},"og:locale":"es_ES","og:site_name":"LOBO PRODUCCIONES AUDIOVISUALES - Sitio digital de noticias agroindustriales","og:type":"article","og:title":"Entre R\u00edos impuls\u00f3 la producci\u00f3n de ma\u00edz para abastecer a la avicultura en el foro nacional Maizar 2025 - LOBO PRODUCCIONES AUDIOVISUALES","og:description":"En el marco del Congreso Maizar 2025, el ministro de Desarrollo Econ\u00f3mico, Guillermo Bernaudo, expuso acerca del potencial de la cadena maicera en Entre R\u00edos y la regi\u00f3n. En el contexto de un panel integrado por los ministros de la Regi\u00f3n Centro y Buenos Aires, Bernaudo sostuvo que \u00abla industria av\u00edcola expresa uno de","og:url":"https:\/\/loboproduccionesaudiovisuales.ar\/?p=19557","og:image":"https:\/\/loboproduccionesaudiovisuales.ar\/wp-content\/uploads\/2023\/07\/LPA-web.jpg","og:image:secure_url":"https:\/\/loboproduccionesaudiovisuales.ar\/wp-content\/uploads\/2023\/07\/LPA-web.jpg","article:published_time":"2025-05-29T19:29:01+00:00","article:modified_time":"2025-05-29T19:29:01+00:00","twitter:card":"summary_large_image","twitter:title":"Entre R\u00edos impuls\u00f3 la producci\u00f3n de ma\u00edz para abastecer a la avicultura en el foro nacional Maizar 2025 - LOBO PRODUCCIONES AUDIOVISUALES","twitter:description":"En el marco del Congreso Maizar 2025, el ministro de Desarrollo Econ\u00f3mico, Guillermo Bernaudo, expuso acerca del potencial de la cadena maicera en Entre R\u00edos y la regi\u00f3n. En el contexto de un panel integrado por los ministros de la Regi\u00f3n Centro y Buenos Aires, Bernaudo sostuvo que \u00abla industria av\u00edcola expresa uno de","twitter:image":"https:\/\/loboproduccionesaudiovisuales.ar\/wp-content\/uploads\/2023\/07\/LPA-web.jpg"},"aioseo_meta_data":{"post_id":"19557","title":null,"description":null,"keywords":null,"keyphrases":{"focus":{"keyphrase":"","score":0,"analysis":{"keyphraseInTitle":{"score":0,"maxScore":9,"error":1}}},"additional":[]},"primary_term":null,"canonical_url":null,"og_title":null,"og_description":null,"og_object_type":"default","og_image_type":"default","og_image_url":null,"og_image_width":null,"og_image_height":null,"og_image_custom_url":null,"og_image_custom_fields":null,"og_video":"","og_custom_url":null,"og_article_section":null,"og_article_tags":null,"twitter_use_og":false,"twitter_card":"default","twitter_image_type":"default","twitter_image_url":null,"twitter_image_custom_url":null,"twitter_image_custom_fields":null,"twitter_title":null,"twitter_description":null,"schema":{"blockGraphs":[],"customGraphs":[],"default":{"data":{"Article":[],"Course":[],"Dataset":[],"FAQPage":[],"Movie":[],"Person":[],"Product":[],"ProductReview":[],"Car":[],"Recipe":[],"Service":[],"SoftwareApplication":[],"WebPage":[]},"graphName":"BlogPosting","isEnabled":true},"graphs":[]},"schema_type":"default","schema_type_options":null,"pillar_content":false,"robots_default":true,"robots_noindex":false,"robots_noarchive":false,"robots_nosnippet":false,"robots_nofollow":false,"robots_noimageindex":false,"robots_noodp":false,"robots_notranslate":false,"robots_max_snippet":"-1","robots_max_videopreview":"-1","robots_max_imagepreview":"large","priority":null,"frequency":"default","local_seo":null,"breadcrumb_settings":null,"limit_modified_date":false,"ai":null,"created":"2025-05-29 19:29:01","updated":"2025-06-05 04:23:28","seo_analyzer_scan_date":null,"focus_keyword":null,"additional_keywords":null,"truseo_locale":null},"aioseo_breadcrumb":"<div class=\"aioseo-breadcrumbs\"><span class=\"aioseo-breadcrumb\">\n\t\t\t<a href=\"https:\/\/loboproduccionesaudiovisuales.ar\" title=\"Home\">Home<\/a>\n\t\t<\/span><span class=\"aioseo-breadcrumb-separator\">&raquo;<\/span><span class=\"aioseo-breadcrumb\">\n\t\t\t<a href=\"https:\/\/loboproduccionesaudiovisuales.ar\/?cat=1\" title=\"Blog\">Blog<\/a>\n\t\t<\/span><span class=\"aioseo-breadcrumb-separator\">&raquo;<\/span><span class=\"aioseo-breadcrumb\">\n\t\t\tEntre R\u00edos impuls\u00f3 la producci\u00f3n de ma\u00edz para abastecer a la avicultura en el foro nacional Maizar 2025\n\t\t<\/span><\/div>","aioseo_breadcrumb_json":[{"label":"Home","link":"https:\/\/loboproduccionesaudiovisuales.ar"},{"label":"Blog","link":"https:\/\/loboproduccionesaudiovisuales.ar\/?cat=1"},{"label":"Entre R\u00edos impuls\u00f3 la producci\u00f3n de ma\u00edz para abastecer a la avicultura en el foro nacional Maizar 2025","link":"https:\/\/loboproduccionesaudiovisuales.ar\/?p=19557"}],"_links":{"self":[{"href":"https:\/\/loboproduccionesaudiovisuales.ar\/index.php?rest_route=\/wp\/v2\/posts\/19557","targetHints":{"allow":["GET"]}}],"collection":[{"href":"https:\/\/loboproduccionesaudiovisuales.ar\/index.php?rest_route=\/wp\/v2\/posts"}],"about":[{"href":"https:\/\/loboproduccionesaudiovisuales.ar\/index.php?rest_route=\/wp\/v2\/types\/post"}],"author":[{"embeddable":true,"href":"https:\/\/loboproduccionesaudiovisuales.ar\/index.php?rest_route=\/wp\/v2\/users\/3"}],"replies":[{"embeddable":true,"href":"https:\/\/loboproduccionesaudiovisuales.ar\/index.php?rest_route=%2Fwp%2Fv2%2Fcomments&post=19557"}],"version-history":[{"count":1,"href":"https:\/\/loboproduccionesaudiovisuales.ar\/index.php?rest_route=\/wp\/v2\/posts\/19557\/revisions"}],"predecessor-version":[{"id":19559,"href":"https:\/\/loboproduccionesaudiovisuales.ar\/index.php?rest_route=\/wp\/v2\/posts\/19557\/revisions\/19559"}],"wp:featuredmedia":[{"embeddable":true,"href":"https:\/\/loboproduccionesaudiovisuales.ar\/index.php?rest_route=\/wp\/v2\/media\/19558"}],"wp:attachment":[{"href":"https:\/\/loboproduccionesaudiovisuales.ar\/index.php?rest_route=%2Fwp%2Fv2%2Fmedia&parent=19557"}],"wp:term":[{"taxonomy":"category","embeddable":true,"href":"https:\/\/loboproduccionesaudiovisuales.ar\/index.php?rest_route=%2Fwp%2Fv2%2Fcategories&post=19557"},{"taxonomy":"post_tag","embeddable":true,"href":"https:\/\/loboproduccionesaudiovisuales.ar\/index.php?rest_route=%2Fwp%2Fv2%2Ftags&post=19557"}],"curies":[{"name":"wp","href":"https:\/\/api.w.org\/{rel}","templated":true}]}}