{"id":19539,"date":"2025-05-28T09:49:06","date_gmt":"2025-05-28T12:49:06","guid":{"rendered":"https:\/\/loboproduccionesaudiovisuales.ar\/?p=19539"},"modified":"2025-05-28T10:56:44","modified_gmt":"2025-05-28T13:56:44","slug":"clases-de-guitarra-acordeon-y-acordeon-a-piano-en-eigenfeld-merou","status":"publish","type":"post","link":"https:\/\/loboproduccionesaudiovisuales.ar\/?p=19539","title":{"rendered":"Clases de guitarra, acorde\u00f3n y acorde\u00f3n a piano en Eigenfeld Merou"},"content":{"rendered":"<p><strong>Importantes novedades para la comunidad.\u00a0<\/strong><\/p>\n<p>&nbsp;<\/p>\n<p>La Comuna de Eigenfeld Merou confirm\u00f3 el inicio de clases de guitarra para ni\u00f1os y adultos, los martes a partir de las 18.00, con un costo de $8.000 por mes y a cargo de Delfina Lucheci. Pod\u00e9s pedir m\u00e1s informaci\u00f3n o anotarte a trav\u00e9s del tel\u00e9fono 343 4572300 (Claudia).<\/p>\n<p><img loading=\"lazy\" decoding=\"async\" class=\"alignnone size-medium wp-image-19541\" src=\"https:\/\/loboproduccionesaudiovisuales.ar\/wp-content\/uploads\/2025\/05\/9bd98fa8-eb6e-431a-932d-29c9afee30de-200x300.jpg\" alt=\"\" width=\"200\" height=\"300\" srcset=\"https:\/\/loboproduccionesaudiovisuales.ar\/wp-content\/uploads\/2025\/05\/9bd98fa8-eb6e-431a-932d-29c9afee30de-200x300.jpg 200w, https:\/\/loboproduccionesaudiovisuales.ar\/wp-content\/uploads\/2025\/05\/9bd98fa8-eb6e-431a-932d-29c9afee30de-683x1024.jpg 683w, https:\/\/loboproduccionesaudiovisuales.ar\/wp-content\/uploads\/2025\/05\/9bd98fa8-eb6e-431a-932d-29c9afee30de.jpg 750w\" sizes=\"auto, (max-width: 200px) 100vw, 200px\" \/><\/p>\n<p>Tambi\u00e9n se desarrollar\u00e1n clases de acorde\u00f3n, a cargo de la Profesora Gabriela Vargas, de 6 a\u00f1os en adelante, los lunes a partir de las 17.30.<\/p>\n<p><img loading=\"lazy\" decoding=\"async\" class=\"alignnone size-medium wp-image-19542\" src=\"https:\/\/loboproduccionesaudiovisuales.ar\/wp-content\/uploads\/2025\/05\/ae3cf077-f0d1-4ce4-8059-0d83821f620f-224x300.jpg\" alt=\"\" width=\"224\" height=\"300\" srcset=\"https:\/\/loboproduccionesaudiovisuales.ar\/wp-content\/uploads\/2025\/05\/ae3cf077-f0d1-4ce4-8059-0d83821f620f-224x300.jpg 224w, https:\/\/loboproduccionesaudiovisuales.ar\/wp-content\/uploads\/2025\/05\/ae3cf077-f0d1-4ce4-8059-0d83821f620f.jpg 438w\" sizes=\"auto, (max-width: 224px) 100vw, 224px\" \/><\/p>\n<p>Habr\u00e1 tambi\u00e9n clases de acorde\u00f3n a piano (iniciaci\u00f3n al teclado) para ni\u00f1os a partir de los 6 a\u00f1os o adultos, los lunes de 17.30 en adelante (a organizar). La cuota tiene un costo de $15.000 el mes y las clases est\u00e1n a cargo de Gabriela Vargas. Inscripciones al 3434572300.<\/p>\n","protected":false},"excerpt":{"rendered":"<p>Importantes novedades para la comunidad.\u00a0 &nbsp; La Comuna de Eigenfeld Merou confirm\u00f3 el inicio de clases de guitarra para ni\u00f1os&hellip;<\/p>\n","protected":false},"author":3,"featured_media":19540,"comment_status":"open","ping_status":"open","sticky":false,"template":"","format":"standard","meta":{"footnotes":""},"categories":[5,1,228,119,113],"tags":[193],"class_list":["post-19539","post","type-post","status-publish","format-standard","has-post-thumbnail","hentry","category-actualidad","category-blog","category-cultura","category-institucionales","category-region","tag-eigenfeld-merou"],"aioseo_notices":[],"aioseo_head":"\n\t\t<!-- All in One SEO 5.0.1.1 - aioseo.com -->\n\t<meta name=\"description\" content=\"Importantes novedades para la comunidad. La Comuna de Eigenfeld Merou confirm\u00f3 el inicio de clases de guitarra para ni\u00f1os y adultos, los martes a partir de las 18.00, con un costo de $8.000 por mes y a cargo de Delfina Lucheci. Pod\u00e9s pedir m\u00e1s informaci\u00f3n o anotarte a trav\u00e9s del tel\u00e9fono 343 4572300 (Claudia).\" \/>\n\t<meta name=\"robots\" content=\"max-image-preview:large\" \/>\n\t<meta name=\"author\" content=\"Gustavo Werner\"\/>\n\t<link rel=\"canonical\" href=\"https:\/\/loboproduccionesaudiovisuales.ar\/?p=19539\" \/>\n\t<meta name=\"generator\" content=\"All in One SEO (AIOSEO) 5.0.1.1\" \/>\n\t\t<meta property=\"og:locale\" content=\"es_ES\" \/>\n\t\t<meta property=\"og:site_name\" content=\"LOBO PRODUCCIONES AUDIOVISUALES - Sitio digital de noticias agroindustriales\" \/>\n\t\t<meta property=\"og:type\" content=\"article\" \/>\n\t\t<meta property=\"og:title\" content=\"Clases de guitarra, acorde\u00f3n y acorde\u00f3n a piano en Eigenfeld Merou - LOBO PRODUCCIONES AUDIOVISUALES\" \/>\n\t\t<meta property=\"og:description\" content=\"Importantes novedades para la comunidad. La Comuna de Eigenfeld Merou confirm\u00f3 el inicio de clases de guitarra para ni\u00f1os y adultos, los martes a partir de las 18.00, con un costo de $8.000 por mes y a cargo de Delfina Lucheci. Pod\u00e9s pedir m\u00e1s informaci\u00f3n o anotarte a trav\u00e9s del tel\u00e9fono 343 4572300 (Claudia).\" \/>\n\t\t<meta property=\"og:url\" content=\"https:\/\/loboproduccionesaudiovisuales.ar\/?p=19539\" \/>\n\t\t<meta property=\"og:image\" content=\"https:\/\/loboproduccionesaudiovisuales.ar\/wp-content\/uploads\/2023\/07\/LPA-web.jpg\" \/>\n\t\t<meta property=\"og:image:secure_url\" content=\"https:\/\/loboproduccionesaudiovisuales.ar\/wp-content\/uploads\/2023\/07\/LPA-web.jpg\" \/>\n\t\t<meta property=\"article:published_time\" content=\"2025-05-28T12:49:06+00:00\" \/>\n\t\t<meta property=\"article:modified_time\" content=\"2025-05-28T13:56:44+00:00\" \/>\n\t\t<meta name=\"twitter:card\" content=\"summary_large_image\" \/>\n\t\t<meta name=\"twitter:title\" content=\"Clases de guitarra, acorde\u00f3n y acorde\u00f3n a piano en Eigenfeld Merou - LOBO PRODUCCIONES AUDIOVISUALES\" \/>\n\t\t<meta name=\"twitter:description\" content=\"Importantes novedades para la comunidad. La Comuna de Eigenfeld Merou confirm\u00f3 el inicio de clases de guitarra para ni\u00f1os y adultos, los martes a partir de las 18.00, con un costo de $8.000 por mes y a cargo de Delfina Lucheci. Pod\u00e9s pedir m\u00e1s informaci\u00f3n o anotarte a trav\u00e9s del tel\u00e9fono 343 4572300 (Claudia).\" \/>\n\t\t<meta name=\"twitter:image\" content=\"https:\/\/loboproduccionesaudiovisuales.ar\/wp-content\/uploads\/2023\/07\/LPA-web.jpg\" \/>\n\t\t<script type=\"application\/ld+json\" class=\"aioseo-schema\">\n\t\t\t{\"@context\":\"https:\\\/\\\/schema.org\",\"@graph\":[{\"@type\":\"BlogPosting\",\"@id\":\"https:\\\/\\\/loboproduccionesaudiovisuales.ar\\\/?p=19539#blogposting\",\"name\":\"Clases de guitarra, acorde\\u00f3n y acorde\\u00f3n a piano en Eigenfeld Merou - LOBO PRODUCCIONES AUDIOVISUALES\",\"headline\":\"Clases de guitarra, acorde\\u00f3n y acorde\\u00f3n a piano en Eigenfeld Merou\",\"author\":{\"@id\":\"https:\\\/\\\/loboproduccionesaudiovisuales.ar\\\/?author=3#author\"},\"publisher\":{\"@id\":\"https:\\\/\\\/loboproduccionesaudiovisuales.ar\\\/#organization\"},\"image\":{\"@type\":\"ImageObject\",\"url\":\"https:\\\/\\\/loboproduccionesaudiovisuales.ar\\\/wp-content\\\/uploads\\\/2025\\\/05\\\/73adfa92-2469-4df2-9cb6-3d8f482febbe.jpg\",\"width\":720,\"height\":1231},\"datePublished\":\"2025-05-28T09:49:06-03:00\",\"dateModified\":\"2025-05-28T10:56:44-03:00\",\"inLanguage\":\"es-AR\",\"mainEntityOfPage\":{\"@id\":\"https:\\\/\\\/loboproduccionesaudiovisuales.ar\\\/?p=19539#webpage\"},\"isPartOf\":{\"@id\":\"https:\\\/\\\/loboproduccionesaudiovisuales.ar\\\/?p=19539#webpage\"},\"articleSection\":\"ACTUALIDAD, Blog, CULTURA, INSTITUCIONALES, REGIONALES, Eigenfeld Merou\"},{\"@type\":\"BreadcrumbList\",\"@id\":\"https:\\\/\\\/loboproduccionesaudiovisuales.ar\\\/?p=19539#breadcrumblist\",\"itemListElement\":[{\"@type\":\"ListItem\",\"@id\":\"https:\\\/\\\/loboproduccionesaudiovisuales.ar#listItem\",\"position\":1,\"name\":\"Home\",\"item\":\"https:\\\/\\\/loboproduccionesaudiovisuales.ar\",\"nextItem\":{\"@type\":\"ListItem\",\"@id\":\"https:\\\/\\\/loboproduccionesaudiovisuales.ar\\\/?cat=1#listItem\",\"name\":\"Blog\"}},{\"@type\":\"ListItem\",\"@id\":\"https:\\\/\\\/loboproduccionesaudiovisuales.ar\\\/?cat=1#listItem\",\"position\":2,\"name\":\"Blog\",\"item\":\"https:\\\/\\\/loboproduccionesaudiovisuales.ar\\\/?cat=1\",\"nextItem\":{\"@type\":\"ListItem\",\"@id\":\"https:\\\/\\\/loboproduccionesaudiovisuales.ar\\\/?p=19539#listItem\",\"name\":\"Clases de guitarra, acorde\\u00f3n y acorde\\u00f3n a piano en Eigenfeld Merou\"},\"previousItem\":{\"@type\":\"ListItem\",\"@id\":\"https:\\\/\\\/loboproduccionesaudiovisuales.ar#listItem\",\"name\":\"Home\"}},{\"@type\":\"ListItem\",\"@id\":\"https:\\\/\\\/loboproduccionesaudiovisuales.ar\\\/?p=19539#listItem\",\"position\":3,\"name\":\"Clases de guitarra, acorde\\u00f3n y acorde\\u00f3n a piano en Eigenfeld Merou\",\"previousItem\":{\"@type\":\"ListItem\",\"@id\":\"https:\\\/\\\/loboproduccionesaudiovisuales.ar\\\/?cat=1#listItem\",\"name\":\"Blog\"}}]},{\"@type\":\"Organization\",\"@id\":\"https:\\\/\\\/loboproduccionesaudiovisuales.ar\\\/#organization\",\"name\":\"loboproduccionesaudiovisuales.ar\",\"description\":\"Sitio digital de noticias agroindustriales\",\"url\":\"https:\\\/\\\/loboproduccionesaudiovisuales.ar\\\/\",\"logo\":{\"@type\":\"ImageObject\",\"url\":\"https:\\\/\\\/loboproduccionesaudiovisuales.ar\\\/wp-content\\\/uploads\\\/2023\\\/07\\\/LPA-web.jpg\",\"@id\":\"https:\\\/\\\/loboproduccionesaudiovisuales.ar\\\/?p=19539\\\/#organizationLogo\",\"width\":500,\"height\":144},\"image\":{\"@id\":\"https:\\\/\\\/loboproduccionesaudiovisuales.ar\\\/?p=19539\\\/#organizationLogo\"}},{\"@type\":\"Person\",\"@id\":\"https:\\\/\\\/loboproduccionesaudiovisuales.ar\\\/?author=3#author\",\"url\":\"https:\\\/\\\/loboproduccionesaudiovisuales.ar\\\/?author=3\",\"name\":\"Gustavo Werner\",\"image\":{\"@type\":\"ImageObject\",\"@id\":\"https:\\\/\\\/loboproduccionesaudiovisuales.ar\\\/?p=19539#authorImage\",\"url\":\"https:\\\/\\\/secure.gravatar.com\\\/avatar\\\/e04239ede7d02b80503013ac1fa61f308bbe3566e5a70df5bbef7c3725a0dcae?s=96&d=mm&r=g\",\"width\":96,\"height\":96,\"caption\":\"Gustavo Werner\"}},{\"@type\":\"WebPage\",\"@id\":\"https:\\\/\\\/loboproduccionesaudiovisuales.ar\\\/?p=19539#webpage\",\"url\":\"https:\\\/\\\/loboproduccionesaudiovisuales.ar\\\/?p=19539\",\"name\":\"Clases de guitarra, acorde\\u00f3n y acorde\\u00f3n a piano en Eigenfeld Merou - LOBO PRODUCCIONES AUDIOVISUALES\",\"description\":\"Importantes novedades para la comunidad. La Comuna de Eigenfeld Merou confirm\\u00f3 el inicio de clases de guitarra para ni\\u00f1os y adultos, los martes a partir de las 18.00, con un costo de $8.000 por mes y a cargo de Delfina Lucheci. Pod\\u00e9s pedir m\\u00e1s informaci\\u00f3n o anotarte a trav\\u00e9s del tel\\u00e9fono 343 4572300 (Claudia).\",\"inLanguage\":\"es-AR\",\"isPartOf\":{\"@id\":\"https:\\\/\\\/loboproduccionesaudiovisuales.ar\\\/#website\"},\"breadcrumb\":{\"@id\":\"https:\\\/\\\/loboproduccionesaudiovisuales.ar\\\/?p=19539#breadcrumblist\"},\"author\":{\"@id\":\"https:\\\/\\\/loboproduccionesaudiovisuales.ar\\\/?author=3#author\"},\"creator\":{\"@id\":\"https:\\\/\\\/loboproduccionesaudiovisuales.ar\\\/?author=3#author\"},\"image\":{\"@type\":\"ImageObject\",\"url\":\"https:\\\/\\\/loboproduccionesaudiovisuales.ar\\\/wp-content\\\/uploads\\\/2025\\\/05\\\/73adfa92-2469-4df2-9cb6-3d8f482febbe.jpg\",\"@id\":\"https:\\\/\\\/loboproduccionesaudiovisuales.ar\\\/?p=19539\\\/#mainImage\",\"width\":720,\"height\":1231},\"primaryImageOfPage\":{\"@id\":\"https:\\\/\\\/loboproduccionesaudiovisuales.ar\\\/?p=19539#mainImage\"},\"datePublished\":\"2025-05-28T09:49:06-03:00\",\"dateModified\":\"2025-05-28T10:56:44-03:00\"},{\"@type\":\"WebSite\",\"@id\":\"https:\\\/\\\/loboproduccionesaudiovisuales.ar\\\/#website\",\"url\":\"https:\\\/\\\/loboproduccionesaudiovisuales.ar\\\/\",\"name\":\"loboproduccionesaudiovisuales.ar\",\"alternateName\":\"Lobo Producciones\",\"description\":\"Sitio digital de noticias agroindustriales\",\"inLanguage\":\"es-AR\",\"publisher\":{\"@id\":\"https:\\\/\\\/loboproduccionesaudiovisuales.ar\\\/#organization\"}}]}\n\t\t<\/script>\n\t\t<!-- All in One SEO -->\n\n","aioseo_head_json":{"title":"Clases de guitarra, acorde\u00f3n y acorde\u00f3n a piano en Eigenfeld Merou - LOBO PRODUCCIONES AUDIOVISUALES","description":"Importantes novedades para la comunidad. La Comuna de Eigenfeld Merou confirm\u00f3 el inicio de clases de guitarra para ni\u00f1os y adultos, los martes a partir de las 18.00, con un costo de $8.000 por mes y a cargo de Delfina Lucheci. Pod\u00e9s pedir m\u00e1s informaci\u00f3n o anotarte a trav\u00e9s del tel\u00e9fono 343 4572300 (Claudia).","canonical_url":"https:\/\/loboproduccionesaudiovisuales.ar\/?p=19539","robots":"max-image-preview:large","keywords":"","webmasterTools":{"miscellaneous":""},"schema":{"@context":"https:\/\/schema.org","@graph":[{"@type":"BlogPosting","@id":"https:\/\/loboproduccionesaudiovisuales.ar\/?p=19539#blogposting","name":"Clases de guitarra, acorde\u00f3n y acorde\u00f3n a piano en Eigenfeld Merou - LOBO PRODUCCIONES AUDIOVISUALES","headline":"Clases de guitarra, acorde\u00f3n y acorde\u00f3n a piano en Eigenfeld Merou","author":{"@id":"https:\/\/loboproduccionesaudiovisuales.ar\/?author=3#author"},"publisher":{"@id":"https:\/\/loboproduccionesaudiovisuales.ar\/#organization"},"image":{"@type":"ImageObject","url":"https:\/\/loboproduccionesaudiovisuales.ar\/wp-content\/uploads\/2025\/05\/73adfa92-2469-4df2-9cb6-3d8f482febbe.jpg","width":720,"height":1231},"datePublished":"2025-05-28T09:49:06-03:00","dateModified":"2025-05-28T10:56:44-03:00","inLanguage":"es-AR","mainEntityOfPage":{"@id":"https:\/\/loboproduccionesaudiovisuales.ar\/?p=19539#webpage"},"isPartOf":{"@id":"https:\/\/loboproduccionesaudiovisuales.ar\/?p=19539#webpage"},"articleSection":"ACTUALIDAD, Blog, CULTURA, INSTITUCIONALES, REGIONALES, Eigenfeld Merou"},{"@type":"BreadcrumbList","@id":"https:\/\/loboproduccionesaudiovisuales.ar\/?p=19539#breadcrumblist","itemListElement":[{"@type":"ListItem","@id":"https:\/\/loboproduccionesaudiovisuales.ar#listItem","position":1,"name":"Home","item":"https:\/\/loboproduccionesaudiovisuales.ar","nextItem":{"@type":"ListItem","@id":"https:\/\/loboproduccionesaudiovisuales.ar\/?cat=1#listItem","name":"Blog"}},{"@type":"ListItem","@id":"https:\/\/loboproduccionesaudiovisuales.ar\/?cat=1#listItem","position":2,"name":"Blog","item":"https:\/\/loboproduccionesaudiovisuales.ar\/?cat=1","nextItem":{"@type":"ListItem","@id":"https:\/\/loboproduccionesaudiovisuales.ar\/?p=19539#listItem","name":"Clases de guitarra, acorde\u00f3n y acorde\u00f3n a piano en Eigenfeld Merou"},"previousItem":{"@type":"ListItem","@id":"https:\/\/loboproduccionesaudiovisuales.ar#listItem","name":"Home"}},{"@type":"ListItem","@id":"https:\/\/loboproduccionesaudiovisuales.ar\/?p=19539#listItem","position":3,"name":"Clases de guitarra, acorde\u00f3n y acorde\u00f3n a piano en Eigenfeld Merou","previousItem":{"@type":"ListItem","@id":"https:\/\/loboproduccionesaudiovisuales.ar\/?cat=1#listItem","name":"Blog"}}]},{"@type":"Organization","@id":"https:\/\/loboproduccionesaudiovisuales.ar\/#organization","name":"loboproduccionesaudiovisuales.ar","description":"Sitio digital de noticias agroindustriales","url":"https:\/\/loboproduccionesaudiovisuales.ar\/","logo":{"@type":"ImageObject","url":"https:\/\/loboproduccionesaudiovisuales.ar\/wp-content\/uploads\/2023\/07\/LPA-web.jpg","@id":"https:\/\/loboproduccionesaudiovisuales.ar\/?p=19539\/#organizationLogo","width":500,"height":144},"image":{"@id":"https:\/\/loboproduccionesaudiovisuales.ar\/?p=19539\/#organizationLogo"}},{"@type":"Person","@id":"https:\/\/loboproduccionesaudiovisuales.ar\/?author=3#author","url":"https:\/\/loboproduccionesaudiovisuales.ar\/?author=3","name":"Gustavo Werner","image":{"@type":"ImageObject","@id":"https:\/\/loboproduccionesaudiovisuales.ar\/?p=19539#authorImage","url":"https:\/\/secure.gravatar.com\/avatar\/e04239ede7d02b80503013ac1fa61f308bbe3566e5a70df5bbef7c3725a0dcae?s=96&d=mm&r=g","width":96,"height":96,"caption":"Gustavo Werner"}},{"@type":"WebPage","@id":"https:\/\/loboproduccionesaudiovisuales.ar\/?p=19539#webpage","url":"https:\/\/loboproduccionesaudiovisuales.ar\/?p=19539","name":"Clases de guitarra, acorde\u00f3n y acorde\u00f3n a piano en Eigenfeld Merou - LOBO PRODUCCIONES AUDIOVISUALES","description":"Importantes novedades para la comunidad. La Comuna de Eigenfeld Merou confirm\u00f3 el inicio de clases de guitarra para ni\u00f1os y adultos, los martes a partir de las 18.00, con un costo de $8.000 por mes y a cargo de Delfina Lucheci. Pod\u00e9s pedir m\u00e1s informaci\u00f3n o anotarte a trav\u00e9s del tel\u00e9fono 343 4572300 (Claudia).","inLanguage":"es-AR","isPartOf":{"@id":"https:\/\/loboproduccionesaudiovisuales.ar\/#website"},"breadcrumb":{"@id":"https:\/\/loboproduccionesaudiovisuales.ar\/?p=19539#breadcrumblist"},"author":{"@id":"https:\/\/loboproduccionesaudiovisuales.ar\/?author=3#author"},"creator":{"@id":"https:\/\/loboproduccionesaudiovisuales.ar\/?author=3#author"},"image":{"@type":"ImageObject","url":"https:\/\/loboproduccionesaudiovisuales.ar\/wp-content\/uploads\/2025\/05\/73adfa92-2469-4df2-9cb6-3d8f482febbe.jpg","@id":"https:\/\/loboproduccionesaudiovisuales.ar\/?p=19539\/#mainImage","width":720,"height":1231},"primaryImageOfPage":{"@id":"https:\/\/loboproduccionesaudiovisuales.ar\/?p=19539#mainImage"},"datePublished":"2025-05-28T09:49:06-03:00","dateModified":"2025-05-28T10:56:44-03:00"},{"@type":"WebSite","@id":"https:\/\/loboproduccionesaudiovisuales.ar\/#website","url":"https:\/\/loboproduccionesaudiovisuales.ar\/","name":"loboproduccionesaudiovisuales.ar","alternateName":"Lobo Producciones","description":"Sitio digital de noticias agroindustriales","inLanguage":"es-AR","publisher":{"@id":"https:\/\/loboproduccionesaudiovisuales.ar\/#organization"}}]},"og:locale":"es_ES","og:site_name":"LOBO PRODUCCIONES AUDIOVISUALES - Sitio digital de noticias agroindustriales","og:type":"article","og:title":"Clases de guitarra, acorde\u00f3n y acorde\u00f3n a piano en Eigenfeld Merou - LOBO PRODUCCIONES AUDIOVISUALES","og:description":"Importantes novedades para la comunidad. La Comuna de Eigenfeld Merou confirm\u00f3 el inicio de clases de guitarra para ni\u00f1os y adultos, los martes a partir de las 18.00, con un costo de $8.000 por mes y a cargo de Delfina Lucheci. Pod\u00e9s pedir m\u00e1s informaci\u00f3n o anotarte a trav\u00e9s del tel\u00e9fono 343 4572300 (Claudia).","og:url":"https:\/\/loboproduccionesaudiovisuales.ar\/?p=19539","og:image":"https:\/\/loboproduccionesaudiovisuales.ar\/wp-content\/uploads\/2023\/07\/LPA-web.jpg","og:image:secure_url":"https:\/\/loboproduccionesaudiovisuales.ar\/wp-content\/uploads\/2023\/07\/LPA-web.jpg","article:published_time":"2025-05-28T12:49:06+00:00","article:modified_time":"2025-05-28T13:56:44+00:00","twitter:card":"summary_large_image","twitter:title":"Clases de guitarra, acorde\u00f3n y acorde\u00f3n a piano en Eigenfeld Merou - LOBO PRODUCCIONES AUDIOVISUALES","twitter:description":"Importantes novedades para la comunidad. La Comuna de Eigenfeld Merou confirm\u00f3 el inicio de clases de guitarra para ni\u00f1os y adultos, los martes a partir de las 18.00, con un costo de $8.000 por mes y a cargo de Delfina Lucheci. Pod\u00e9s pedir m\u00e1s informaci\u00f3n o anotarte a trav\u00e9s del tel\u00e9fono 343 4572300 (Claudia).","twitter:image":"https:\/\/loboproduccionesaudiovisuales.ar\/wp-content\/uploads\/2023\/07\/LPA-web.jpg"},"aioseo_meta_data":{"post_id":"19539","title":null,"description":null,"keywords":null,"keyphrases":{"focus":{"keyphrase":"","score":0,"analysis":{"keyphraseInTitle":{"score":0,"maxScore":9,"error":1}}},"additional":[]},"primary_term":null,"canonical_url":null,"og_title":null,"og_description":null,"og_object_type":"default","og_image_type":"default","og_image_url":null,"og_image_width":null,"og_image_height":null,"og_image_custom_url":null,"og_image_custom_fields":null,"og_video":"","og_custom_url":null,"og_article_section":null,"og_article_tags":null,"twitter_use_og":false,"twitter_card":"default","twitter_image_type":"default","twitter_image_url":null,"twitter_image_custom_url":null,"twitter_image_custom_fields":null,"twitter_title":null,"twitter_description":null,"schema":{"blockGraphs":[],"customGraphs":[],"default":{"data":{"Article":[],"Course":[],"Dataset":[],"FAQPage":[],"Movie":[],"Person":[],"Product":[],"ProductReview":[],"Car":[],"Recipe":[],"Service":[],"SoftwareApplication":[],"WebPage":[]},"graphName":"BlogPosting","isEnabled":true},"graphs":[]},"schema_type":"default","schema_type_options":null,"pillar_content":false,"robots_default":true,"robots_noindex":false,"robots_noarchive":false,"robots_nosnippet":false,"robots_nofollow":false,"robots_noimageindex":false,"robots_noodp":false,"robots_notranslate":false,"robots_max_snippet":"-1","robots_max_videopreview":"-1","robots_max_imagepreview":"large","priority":null,"frequency":"default","local_seo":null,"breadcrumb_settings":null,"limit_modified_date":false,"ai":null,"created":"2025-05-28 13:56:44","updated":"2025-06-05 04:22:58","seo_analyzer_scan_date":null,"focus_keyword":null,"additional_keywords":null,"truseo_locale":null},"aioseo_breadcrumb":"<div class=\"aioseo-breadcrumbs\"><span class=\"aioseo-breadcrumb\">\n\t\t\t<a href=\"https:\/\/loboproduccionesaudiovisuales.ar\" title=\"Home\">Home<\/a>\n\t\t<\/span><span class=\"aioseo-breadcrumb-separator\">&raquo;<\/span><span class=\"aioseo-breadcrumb\">\n\t\t\t<a href=\"https:\/\/loboproduccionesaudiovisuales.ar\/?cat=1\" title=\"Blog\">Blog<\/a>\n\t\t<\/span><span class=\"aioseo-breadcrumb-separator\">&raquo;<\/span><span class=\"aioseo-breadcrumb\">\n\t\t\tClases de guitarra, acorde\u00f3n y acorde\u00f3n a piano en Eigenfeld Merou\n\t\t<\/span><\/div>","aioseo_breadcrumb_json":[{"label":"Home","link":"https:\/\/loboproduccionesaudiovisuales.ar"},{"label":"Blog","link":"https:\/\/loboproduccionesaudiovisuales.ar\/?cat=1"},{"label":"Clases de guitarra, acorde\u00f3n y acorde\u00f3n a piano en Eigenfeld Merou","link":"https:\/\/loboproduccionesaudiovisuales.ar\/?p=19539"}],"_links":{"self":[{"href":"https:\/\/loboproduccionesaudiovisuales.ar\/index.php?rest_route=\/wp\/v2\/posts\/19539","targetHints":{"allow":["GET"]}}],"collection":[{"href":"https:\/\/loboproduccionesaudiovisuales.ar\/index.php?rest_route=\/wp\/v2\/posts"}],"about":[{"href":"https:\/\/loboproduccionesaudiovisuales.ar\/index.php?rest_route=\/wp\/v2\/types\/post"}],"author":[{"embeddable":true,"href":"https:\/\/loboproduccionesaudiovisuales.ar\/index.php?rest_route=\/wp\/v2\/users\/3"}],"replies":[{"embeddable":true,"href":"https:\/\/loboproduccionesaudiovisuales.ar\/index.php?rest_route=%2Fwp%2Fv2%2Fcomments&post=19539"}],"version-history":[{"count":1,"href":"https:\/\/loboproduccionesaudiovisuales.ar\/index.php?rest_route=\/wp\/v2\/posts\/19539\/revisions"}],"predecessor-version":[{"id":19543,"href":"https:\/\/loboproduccionesaudiovisuales.ar\/index.php?rest_route=\/wp\/v2\/posts\/19539\/revisions\/19543"}],"wp:featuredmedia":[{"embeddable":true,"href":"https:\/\/loboproduccionesaudiovisuales.ar\/index.php?rest_route=\/wp\/v2\/media\/19540"}],"wp:attachment":[{"href":"https:\/\/loboproduccionesaudiovisuales.ar\/index.php?rest_route=%2Fwp%2Fv2%2Fmedia&parent=19539"}],"wp:term":[{"taxonomy":"category","embeddable":true,"href":"https:\/\/loboproduccionesaudiovisuales.ar\/index.php?rest_route=%2Fwp%2Fv2%2Fcategories&post=19539"},{"taxonomy":"post_tag","embeddable":true,"href":"https:\/\/loboproduccionesaudiovisuales.ar\/index.php?rest_route=%2Fwp%2Fv2%2Ftags&post=19539"}],"curies":[{"name":"wp","href":"https:\/\/api.w.org\/{rel}","templated":true}]}}