{"id":19489,"date":"2025-05-26T09:55:27","date_gmt":"2025-05-26T12:55:27","guid":{"rendered":"https:\/\/loboproduccionesaudiovisuales.ar\/?p=19489"},"modified":"2025-05-26T10:01:10","modified_gmt":"2025-05-26T13:01:10","slug":"preinscripciones-para-capacitacion-en-electricidad-en-spatzenkutter","status":"publish","type":"post","link":"https:\/\/loboproduccionesaudiovisuales.ar\/?p=19489","title":{"rendered":"Preinscripciones para capacitaci\u00f3n en electricidad en Spatzenkutter"},"content":{"rendered":"<p><strong>Falta cada vez menos para la llegada del Aula Taller M\u00f3vil 92 de Instalaciones Domiciliarias a Spatzenkutter, trayendo una capacitaci\u00f3n nacional para el trayecto informativo de Auxiliar Electricista.<\/strong><\/p>\n<p>&nbsp;<\/p>\n<p>Las principales novedades que se conocieron recientemente son que arranca el mi\u00e9rcoles 4 de junio y ser\u00e1 de 19.00 a 23.00, los mi\u00e9rcoles y jueves. Ser\u00e1n 8 horas c\u00e1tedra semanales, cuatro horas cada d\u00eda.<\/p>\n<p>Se trata de una estructura transportable y desplazable que reproduce las caracter\u00edsticas de un espacio de aula-taller y laboratorio para el desarrollo de actividades de los distintos tipos de trayectos formativos con las comodidades y el equipamiento requeridos para tal fin, seg\u00fan la especialidad t\u00e9cnica atendida.<\/p>\n<p>El m\u00f3vil estar\u00e1 ubicado en Avenida Alemanes del Volga, frente a la Plaza Libertad.<\/p>\n<p>Los requisitos son ser mayor de 18 a\u00f1os y tener estudios primarios completos.<\/p>\n<p>Ser\u00e1n 100 horas c\u00e1tedras y permiten una salida laboral r\u00e1pida.<\/p>\n<p>Por pre inscripciones comunicarse al tel\u00e9fono 343 5302970.<\/p>\n<p>\u00a1Es una imperdible oportunidad, no te quedes afuera!<\/p>\n","protected":false},"excerpt":{"rendered":"<p>Falta cada vez menos para la llegada del Aula Taller M\u00f3vil 92 de Instalaciones Domiciliarias a Spatzenkutter, trayendo una capacitaci\u00f3n&hellip;<\/p>\n","protected":false},"author":3,"featured_media":19491,"comment_status":"open","ping_status":"open","sticky":false,"template":"","format":"standard","meta":{"footnotes":""},"categories":[5,1,202,128,119,113],"tags":[114],"class_list":["post-19489","post","type-post","status-publish","format-standard","has-post-thumbnail","hentry","category-actualidad","category-blog","category-educacion","category-entre-rios","category-institucionales","category-region","tag-spatzenkutter"],"aioseo_notices":[],"_links":{"self":[{"href":"https:\/\/loboproduccionesaudiovisuales.ar\/index.php?rest_route=\/wp\/v2\/posts\/19489","targetHints":{"allow":["GET"]}}],"collection":[{"href":"https:\/\/loboproduccionesaudiovisuales.ar\/index.php?rest_route=\/wp\/v2\/posts"}],"about":[{"href":"https:\/\/loboproduccionesaudiovisuales.ar\/index.php?rest_route=\/wp\/v2\/types\/post"}],"author":[{"embeddable":true,"href":"https:\/\/loboproduccionesaudiovisuales.ar\/index.php?rest_route=\/wp\/v2\/users\/3"}],"replies":[{"embeddable":true,"href":"https:\/\/loboproduccionesaudiovisuales.ar\/index.php?rest_route=%2Fwp%2Fv2%2Fcomments&post=19489"}],"version-history":[{"count":2,"href":"https:\/\/loboproduccionesaudiovisuales.ar\/index.php?rest_route=\/wp\/v2\/posts\/19489\/revisions"}],"predecessor-version":[{"id":19492,"href":"https:\/\/loboproduccionesaudiovisuales.ar\/index.php?rest_route=\/wp\/v2\/posts\/19489\/revisions\/19492"}],"wp:featuredmedia":[{"embeddable":true,"href":"https:\/\/loboproduccionesaudiovisuales.ar\/index.php?rest_route=\/wp\/v2\/media\/19491"}],"wp:attachment":[{"href":"https:\/\/loboproduccionesaudiovisuales.ar\/index.php?rest_route=%2Fwp%2Fv2%2Fmedia&parent=19489"}],"wp:term":[{"taxonomy":"category","embeddable":true,"href":"https:\/\/loboproduccionesaudiovisuales.ar\/index.php?rest_route=%2Fwp%2Fv2%2Fcategories&post=19489"},{"taxonomy":"post_tag","embeddable":true,"href":"https:\/\/loboproduccionesaudiovisuales.ar\/index.php?rest_route=%2Fwp%2Fv2%2Ftags&post=19489"}],"curies":[{"name":"wp","href":"https:\/\/api.w.org\/{rel}","templated":true}]}}