{"id":19149,"date":"2025-04-15T16:28:44","date_gmt":"2025-04-15T19:28:44","guid":{"rendered":"https:\/\/loboproduccionesaudiovisuales.ar\/?p=19149"},"modified":"2025-04-15T16:28:44","modified_gmt":"2025-04-15T19:28:44","slug":"federacion-agraria-apoyo-el-fin-del-cepo-pero-critico-a-milei-por-retenciones","status":"publish","type":"post","link":"https:\/\/loboproduccionesaudiovisuales.ar\/?p=19149","title":{"rendered":"Federaci\u00f3n Agraria apoy\u00f3 el fin del cepo, pero critic\u00f3 a Milei por retenciones"},"content":{"rendered":"<p><strong>La presidenta de esa entidad agropecuaria, Andrea Sarnari, analiz\u00f3 la situaci\u00f3n actual del sector. &#8220;Tuvimos una de cal y una de arena&#8221;, afirm\u00f3.<\/strong><\/p>\n<p>&nbsp;<\/p>\n<div class=\"cuerpo fullpost__cuerpo\">\n<p data-mrf-recirculation=\"Cuerpo de la nota\">La presidenta de la Federaci\u00f3n Agraria Argentina (FAA), Andrea Sarnari, expres\u00f3 este lunes la dualidad de la situaci\u00f3n que enfrentan los peque\u00f1os productores. &#8220;Tuvimos una de cal y una de arena&#8221;, se\u00f1al\u00f3, al referirse a la finalizaci\u00f3n del cepo cambiario que brinda previsibilidad en la compra y venta de productos, por un lado, y a la advertencia de Javier Milei de que volver a subir las retenciones.<\/p>\n<div id=\"publi-584\" class=\"publi publi-html C7\" data-nombre=\"Adsense medio\"><ins class=\"adsbygoogle\" data-ad-client=\"ca-pub-4718065771583347\" data-ad-slot=\"3882674383\" data-ad-format=\"auto\" data-adsbygoogle-status=\"done\" data-ad-status=\"unfilled\"><\/p>\n<div id=\"aswift_3_host\"><\/div>\n<p><\/ins><\/div>\n<p data-mrf-recirculation=\"Cuerpo de la nota\">En di\u00e1logo con Cadena 3, Sarnari destac\u00f3 que la eliminaci\u00f3n del cepo que permite que los productores compren y vendan con un mismo d\u00f3lar, lo que no suced\u00eda desde hace a\u00f1os.<\/p>\n<p data-mrf-recirculation=\"Cuerpo de la nota\">Sin embargo, expres\u00f3 su descontento ante el anuncio del Gobierno de que las retenciones volver\u00e1n a aumentar el 30 de junio. &#8220;No es una buena noticia en t\u00e9rminos de la expectativa y el optimismo que not\u00e1bamos de parte del Gobierno&#8221;, aclar\u00f3.<\/p>\n<p data-mrf-recirculation=\"Cuerpo de la nota\">La presidenta de la Federaci\u00f3n Agraria se\u00f1al\u00f3 la importancia de contar con reglas claras antes de la siembra de trigo y cebada. &#8220;Necesitamos conocer cu\u00e1les son las reglas del juego, que es lo que no hemos tenido durante tantos a\u00f1os&#8221;, afirm\u00f3. La cosecha gruesa, que incluye soja y ma\u00edz, se encuentra en proceso, y Sarnari espera que las reducciones de retenciones sean definitivas.<\/p>\n<p data-mrf-recirculation=\"Cuerpo de la nota\">En relaci\u00f3n a la liquidaci\u00f3n de cosechas, asegur\u00f3 que los peque\u00f1os y medianos productores no especulan con los precios. &#8220;Nosotros cosechamos y autom\u00e1ticamente se liquida una gran parte de la cosecha&#8221;, indic\u00f3.<\/p>\n<p data-mrf-recirculation=\"Cuerpo de la nota\">Adem\u00e1s, agreg\u00f3 que la mayor\u00eda de los productores vende el 60% de su cosecha inmediatamente para cubrir costos operativos.<\/p>\n<p data-mrf-recirculation=\"Cuerpo de la nota\">La presidenta de la Federaci\u00f3n Agraria critic\u00f3 la percepci\u00f3n del Gobierno sobre la especulaci\u00f3n de los productores. &#8220;No tenemos espaldas para hacer este juego&#8221;, asegur\u00f3.<\/p>\n<p data-mrf-recirculation=\"Cuerpo de la nota\">Por otra parte, mencion\u00f3 que las reservas de la cosecha anterior podr\u00edan estar en manos de grandes acopios y exportadores, quienes s\u00ed pueden esperar mejores precios.<\/p>\n<p data-mrf-recirculation=\"Cuerpo de la nota\">Finalmente, Sarnari mencion\u00f3 que, en la reuni\u00f3n con el secretario de Agricultura, no se discuti\u00f3 el retorno de las retenciones anteriores. &#8220;Estuvimos trabajando sobre la necesidad de infraestructura, sobre la seguridad rural. Estuvimos trabajando sobre la sanidad animal&#8221;, concluy\u00f3.<\/p>\n<\/div>\n<div id=\"publi-161\" class=\"publi publi-html C2\" data-nombre=\"Adsense .\"><ins class=\"adsbygoogle\" data-ad-client=\"ca-pub-4718065771583347\" data-ad-slot=\"3882674383\" data-ad-format=\"auto\" data-adsbygoogle-status=\"done\" data-ad-status=\"unfilled\"><\/p>\n<div id=\"aswift_4_host\"><\/div>\n<p><\/ins><\/div>\n<div class=\"bloque-html\"><\/div>\n<p>&nbsp;<\/p>\n","protected":false},"excerpt":{"rendered":"<p>La presidenta de esa entidad agropecuaria, Andrea Sarnari, analiz\u00f3 la situaci\u00f3n actual del sector. &#8220;Tuvimos una de cal y una&hellip;<\/p>\n","protected":false},"author":3,"featured_media":19150,"comment_status":"open","ping_status":"open","sticky":false,"template":"","format":"standard","meta":{"footnotes":""},"categories":[5,2,1,128,119],"tags":[],"class_list":["post-19149","post","type-post","status-publish","format-standard","has-post-thumbnail","hentry","category-actualidad","category-agro","category-blog","category-entre-rios","category-institucionales"],"aioseo_notices":[],"aioseo_head":"\n\t\t<!-- All in One SEO 5.0.1.1 - aioseo.com -->\n\t<meta name=\"description\" content=\"La presidenta de esa entidad agropecuaria, Andrea Sarnari, analiz\u00f3 la situaci\u00f3n actual del sector. &quot;Tuvimos una de cal y una de arena&quot;, afirm\u00f3. La presidenta de la Federaci\u00f3n Agraria Argentina (FAA), Andrea Sarnari, expres\u00f3 este lunes la dualidad de la situaci\u00f3n que enfrentan los peque\u00f1os productores. &quot;Tuvimos una de cal y una de arena&quot;,\" \/>\n\t<meta name=\"robots\" content=\"max-image-preview:large\" \/>\n\t<meta name=\"author\" content=\"Gustavo Werner\"\/>\n\t<link rel=\"canonical\" href=\"https:\/\/loboproduccionesaudiovisuales.ar\/?p=19149\" \/>\n\t<meta name=\"generator\" content=\"All in One SEO (AIOSEO) 5.0.1.1\" \/>\n\t\t<meta property=\"og:locale\" content=\"es_ES\" \/>\n\t\t<meta property=\"og:site_name\" content=\"LOBO PRODUCCIONES AUDIOVISUALES - Sitio digital de noticias agroindustriales\" \/>\n\t\t<meta property=\"og:type\" content=\"article\" \/>\n\t\t<meta property=\"og:title\" content=\"Federaci\u00f3n Agraria apoy\u00f3 el fin del cepo, pero critic\u00f3 a Milei por retenciones - LOBO PRODUCCIONES AUDIOVISUALES\" \/>\n\t\t<meta property=\"og:description\" content=\"La presidenta de esa entidad agropecuaria, Andrea Sarnari, analiz\u00f3 la situaci\u00f3n actual del sector. &quot;Tuvimos una de cal y una de arena&quot;, afirm\u00f3. La presidenta de la Federaci\u00f3n Agraria Argentina (FAA), Andrea Sarnari, expres\u00f3 este lunes la dualidad de la situaci\u00f3n que enfrentan los peque\u00f1os productores. &quot;Tuvimos una de cal y una de arena&quot;,\" \/>\n\t\t<meta property=\"og:url\" content=\"https:\/\/loboproduccionesaudiovisuales.ar\/?p=19149\" \/>\n\t\t<meta property=\"og:image\" content=\"https:\/\/loboproduccionesaudiovisuales.ar\/wp-content\/uploads\/2023\/07\/LPA-web.jpg\" \/>\n\t\t<meta property=\"og:image:secure_url\" content=\"https:\/\/loboproduccionesaudiovisuales.ar\/wp-content\/uploads\/2023\/07\/LPA-web.jpg\" \/>\n\t\t<meta property=\"article:published_time\" content=\"2025-04-15T19:28:44+00:00\" \/>\n\t\t<meta property=\"article:modified_time\" content=\"2025-04-15T19:28:44+00:00\" \/>\n\t\t<meta name=\"twitter:card\" content=\"summary_large_image\" \/>\n\t\t<meta name=\"twitter:title\" content=\"Federaci\u00f3n Agraria apoy\u00f3 el fin del cepo, pero critic\u00f3 a Milei por retenciones - LOBO PRODUCCIONES AUDIOVISUALES\" \/>\n\t\t<meta name=\"twitter:description\" content=\"La presidenta de esa entidad agropecuaria, Andrea Sarnari, analiz\u00f3 la situaci\u00f3n actual del sector. &quot;Tuvimos una de cal y una de arena&quot;, afirm\u00f3. La presidenta de la Federaci\u00f3n Agraria Argentina (FAA), Andrea Sarnari, expres\u00f3 este lunes la dualidad de la situaci\u00f3n que enfrentan los peque\u00f1os productores. &quot;Tuvimos una de cal y una de arena&quot;,\" \/>\n\t\t<meta name=\"twitter:image\" content=\"https:\/\/loboproduccionesaudiovisuales.ar\/wp-content\/uploads\/2023\/07\/LPA-web.jpg\" \/>\n\t\t<script type=\"application\/ld+json\" class=\"aioseo-schema\">\n\t\t\t{\"@context\":\"https:\\\/\\\/schema.org\",\"@graph\":[{\"@type\":\"BlogPosting\",\"@id\":\"https:\\\/\\\/loboproduccionesaudiovisuales.ar\\\/?p=19149#blogposting\",\"name\":\"Federaci\\u00f3n Agraria apoy\\u00f3 el fin del cepo, pero critic\\u00f3 a Milei por retenciones - LOBO PRODUCCIONES AUDIOVISUALES\",\"headline\":\"Federaci\\u00f3n Agraria apoy\\u00f3 el fin del cepo, pero critic\\u00f3 a Milei por retenciones\",\"author\":{\"@id\":\"https:\\\/\\\/loboproduccionesaudiovisuales.ar\\\/?author=3#author\"},\"publisher\":{\"@id\":\"https:\\\/\\\/loboproduccionesaudiovisuales.ar\\\/#organization\"},\"image\":{\"@type\":\"ImageObject\",\"url\":\"https:\\\/\\\/loboproduccionesaudiovisuales.ar\\\/wp-content\\\/uploads\\\/2025\\\/04\\\/soja-1280x720-1.jpg\",\"width\":1280,\"height\":720},\"datePublished\":\"2025-04-15T16:28:44-03:00\",\"dateModified\":\"2025-04-15T16:28:44-03:00\",\"inLanguage\":\"es-AR\",\"mainEntityOfPage\":{\"@id\":\"https:\\\/\\\/loboproduccionesaudiovisuales.ar\\\/?p=19149#webpage\"},\"isPartOf\":{\"@id\":\"https:\\\/\\\/loboproduccionesaudiovisuales.ar\\\/?p=19149#webpage\"},\"articleSection\":\"ACTUALIDAD, AGRO, Blog, ENTRE RIOS, INSTITUCIONALES\"},{\"@type\":\"BreadcrumbList\",\"@id\":\"https:\\\/\\\/loboproduccionesaudiovisuales.ar\\\/?p=19149#breadcrumblist\",\"itemListElement\":[{\"@type\":\"ListItem\",\"@id\":\"https:\\\/\\\/loboproduccionesaudiovisuales.ar#listItem\",\"position\":1,\"name\":\"Home\",\"item\":\"https:\\\/\\\/loboproduccionesaudiovisuales.ar\",\"nextItem\":{\"@type\":\"ListItem\",\"@id\":\"https:\\\/\\\/loboproduccionesaudiovisuales.ar\\\/?cat=1#listItem\",\"name\":\"Blog\"}},{\"@type\":\"ListItem\",\"@id\":\"https:\\\/\\\/loboproduccionesaudiovisuales.ar\\\/?cat=1#listItem\",\"position\":2,\"name\":\"Blog\",\"item\":\"https:\\\/\\\/loboproduccionesaudiovisuales.ar\\\/?cat=1\",\"nextItem\":{\"@type\":\"ListItem\",\"@id\":\"https:\\\/\\\/loboproduccionesaudiovisuales.ar\\\/?p=19149#listItem\",\"name\":\"Federaci\\u00f3n Agraria apoy\\u00f3 el fin del cepo, pero critic\\u00f3 a Milei por retenciones\"},\"previousItem\":{\"@type\":\"ListItem\",\"@id\":\"https:\\\/\\\/loboproduccionesaudiovisuales.ar#listItem\",\"name\":\"Home\"}},{\"@type\":\"ListItem\",\"@id\":\"https:\\\/\\\/loboproduccionesaudiovisuales.ar\\\/?p=19149#listItem\",\"position\":3,\"name\":\"Federaci\\u00f3n Agraria apoy\\u00f3 el fin del cepo, pero critic\\u00f3 a Milei por retenciones\",\"previousItem\":{\"@type\":\"ListItem\",\"@id\":\"https:\\\/\\\/loboproduccionesaudiovisuales.ar\\\/?cat=1#listItem\",\"name\":\"Blog\"}}]},{\"@type\":\"Organization\",\"@id\":\"https:\\\/\\\/loboproduccionesaudiovisuales.ar\\\/#organization\",\"name\":\"loboproduccionesaudiovisuales.ar\",\"description\":\"Sitio digital de noticias agroindustriales\",\"url\":\"https:\\\/\\\/loboproduccionesaudiovisuales.ar\\\/\",\"logo\":{\"@type\":\"ImageObject\",\"url\":\"https:\\\/\\\/loboproduccionesaudiovisuales.ar\\\/wp-content\\\/uploads\\\/2023\\\/07\\\/LPA-web.jpg\",\"@id\":\"https:\\\/\\\/loboproduccionesaudiovisuales.ar\\\/?p=19149\\\/#organizationLogo\",\"width\":500,\"height\":144},\"image\":{\"@id\":\"https:\\\/\\\/loboproduccionesaudiovisuales.ar\\\/?p=19149\\\/#organizationLogo\"}},{\"@type\":\"Person\",\"@id\":\"https:\\\/\\\/loboproduccionesaudiovisuales.ar\\\/?author=3#author\",\"url\":\"https:\\\/\\\/loboproduccionesaudiovisuales.ar\\\/?author=3\",\"name\":\"Gustavo Werner\",\"image\":{\"@type\":\"ImageObject\",\"@id\":\"https:\\\/\\\/loboproduccionesaudiovisuales.ar\\\/?p=19149#authorImage\",\"url\":\"https:\\\/\\\/loboproduccionesaudiovisuales.ar\\\/wp-content\\\/litespeed\\\/avatar\\\/de09dfb254ecca8d89a27b1f284fdb4d.jpg?ver=1788575391\",\"width\":96,\"height\":96,\"caption\":\"Gustavo Werner\"}},{\"@type\":\"WebPage\",\"@id\":\"https:\\\/\\\/loboproduccionesaudiovisuales.ar\\\/?p=19149#webpage\",\"url\":\"https:\\\/\\\/loboproduccionesaudiovisuales.ar\\\/?p=19149\",\"name\":\"Federaci\\u00f3n Agraria apoy\\u00f3 el fin del cepo, pero critic\\u00f3 a Milei por retenciones - LOBO PRODUCCIONES AUDIOVISUALES\",\"description\":\"La presidenta de esa entidad agropecuaria, Andrea Sarnari, analiz\\u00f3 la situaci\\u00f3n actual del sector. \\\"Tuvimos una de cal y una de arena\\\", afirm\\u00f3. La presidenta de la Federaci\\u00f3n Agraria Argentina (FAA), Andrea Sarnari, expres\\u00f3 este lunes la dualidad de la situaci\\u00f3n que enfrentan los peque\\u00f1os productores. \\\"Tuvimos una de cal y una de arena\\\",\",\"inLanguage\":\"es-AR\",\"isPartOf\":{\"@id\":\"https:\\\/\\\/loboproduccionesaudiovisuales.ar\\\/#website\"},\"breadcrumb\":{\"@id\":\"https:\\\/\\\/loboproduccionesaudiovisuales.ar\\\/?p=19149#breadcrumblist\"},\"author\":{\"@id\":\"https:\\\/\\\/loboproduccionesaudiovisuales.ar\\\/?author=3#author\"},\"creator\":{\"@id\":\"https:\\\/\\\/loboproduccionesaudiovisuales.ar\\\/?author=3#author\"},\"image\":{\"@type\":\"ImageObject\",\"url\":\"https:\\\/\\\/loboproduccionesaudiovisuales.ar\\\/wp-content\\\/uploads\\\/2025\\\/04\\\/soja-1280x720-1.jpg\",\"@id\":\"https:\\\/\\\/loboproduccionesaudiovisuales.ar\\\/?p=19149\\\/#mainImage\",\"width\":1280,\"height\":720},\"primaryImageOfPage\":{\"@id\":\"https:\\\/\\\/loboproduccionesaudiovisuales.ar\\\/?p=19149#mainImage\"},\"datePublished\":\"2025-04-15T16:28:44-03:00\",\"dateModified\":\"2025-04-15T16:28:44-03:00\"},{\"@type\":\"WebSite\",\"@id\":\"https:\\\/\\\/loboproduccionesaudiovisuales.ar\\\/#website\",\"url\":\"https:\\\/\\\/loboproduccionesaudiovisuales.ar\\\/\",\"name\":\"loboproduccionesaudiovisuales.ar\",\"alternateName\":\"Lobo Producciones\",\"description\":\"Sitio digital de noticias agroindustriales\",\"inLanguage\":\"es-AR\",\"publisher\":{\"@id\":\"https:\\\/\\\/loboproduccionesaudiovisuales.ar\\\/#organization\"}}]}\n\t\t<\/script>\n\t\t<!-- All in One SEO -->\n\n","aioseo_head_json":{"title":"Federaci\u00f3n Agraria apoy\u00f3 el fin del cepo, pero critic\u00f3 a Milei por retenciones - LOBO PRODUCCIONES AUDIOVISUALES","description":"La presidenta de esa entidad agropecuaria, Andrea Sarnari, analiz\u00f3 la situaci\u00f3n actual del sector. \"Tuvimos una de cal y una de arena\", afirm\u00f3. La presidenta de la Federaci\u00f3n Agraria Argentina (FAA), Andrea Sarnari, expres\u00f3 este lunes la dualidad de la situaci\u00f3n que enfrentan los peque\u00f1os productores. \"Tuvimos una de cal y una de arena\",","canonical_url":"https:\/\/loboproduccionesaudiovisuales.ar\/?p=19149","robots":"max-image-preview:large","keywords":"","webmasterTools":{"miscellaneous":""},"schema":{"@context":"https:\/\/schema.org","@graph":[{"@type":"BlogPosting","@id":"https:\/\/loboproduccionesaudiovisuales.ar\/?p=19149#blogposting","name":"Federaci\u00f3n Agraria apoy\u00f3 el fin del cepo, pero critic\u00f3 a Milei por retenciones - LOBO PRODUCCIONES AUDIOVISUALES","headline":"Federaci\u00f3n Agraria apoy\u00f3 el fin del cepo, pero critic\u00f3 a Milei por retenciones","author":{"@id":"https:\/\/loboproduccionesaudiovisuales.ar\/?author=3#author"},"publisher":{"@id":"https:\/\/loboproduccionesaudiovisuales.ar\/#organization"},"image":{"@type":"ImageObject","url":"https:\/\/loboproduccionesaudiovisuales.ar\/wp-content\/uploads\/2025\/04\/soja-1280x720-1.jpg","width":1280,"height":720},"datePublished":"2025-04-15T16:28:44-03:00","dateModified":"2025-04-15T16:28:44-03:00","inLanguage":"es-AR","mainEntityOfPage":{"@id":"https:\/\/loboproduccionesaudiovisuales.ar\/?p=19149#webpage"},"isPartOf":{"@id":"https:\/\/loboproduccionesaudiovisuales.ar\/?p=19149#webpage"},"articleSection":"ACTUALIDAD, AGRO, Blog, ENTRE RIOS, INSTITUCIONALES"},{"@type":"BreadcrumbList","@id":"https:\/\/loboproduccionesaudiovisuales.ar\/?p=19149#breadcrumblist","itemListElement":[{"@type":"ListItem","@id":"https:\/\/loboproduccionesaudiovisuales.ar#listItem","position":1,"name":"Home","item":"https:\/\/loboproduccionesaudiovisuales.ar","nextItem":{"@type":"ListItem","@id":"https:\/\/loboproduccionesaudiovisuales.ar\/?cat=1#listItem","name":"Blog"}},{"@type":"ListItem","@id":"https:\/\/loboproduccionesaudiovisuales.ar\/?cat=1#listItem","position":2,"name":"Blog","item":"https:\/\/loboproduccionesaudiovisuales.ar\/?cat=1","nextItem":{"@type":"ListItem","@id":"https:\/\/loboproduccionesaudiovisuales.ar\/?p=19149#listItem","name":"Federaci\u00f3n Agraria apoy\u00f3 el fin del cepo, pero critic\u00f3 a Milei por retenciones"},"previousItem":{"@type":"ListItem","@id":"https:\/\/loboproduccionesaudiovisuales.ar#listItem","name":"Home"}},{"@type":"ListItem","@id":"https:\/\/loboproduccionesaudiovisuales.ar\/?p=19149#listItem","position":3,"name":"Federaci\u00f3n Agraria apoy\u00f3 el fin del cepo, pero critic\u00f3 a Milei por retenciones","previousItem":{"@type":"ListItem","@id":"https:\/\/loboproduccionesaudiovisuales.ar\/?cat=1#listItem","name":"Blog"}}]},{"@type":"Organization","@id":"https:\/\/loboproduccionesaudiovisuales.ar\/#organization","name":"loboproduccionesaudiovisuales.ar","description":"Sitio digital de noticias agroindustriales","url":"https:\/\/loboproduccionesaudiovisuales.ar\/","logo":{"@type":"ImageObject","url":"https:\/\/loboproduccionesaudiovisuales.ar\/wp-content\/uploads\/2023\/07\/LPA-web.jpg","@id":"https:\/\/loboproduccionesaudiovisuales.ar\/?p=19149\/#organizationLogo","width":500,"height":144},"image":{"@id":"https:\/\/loboproduccionesaudiovisuales.ar\/?p=19149\/#organizationLogo"}},{"@type":"Person","@id":"https:\/\/loboproduccionesaudiovisuales.ar\/?author=3#author","url":"https:\/\/loboproduccionesaudiovisuales.ar\/?author=3","name":"Gustavo Werner","image":{"@type":"ImageObject","@id":"https:\/\/loboproduccionesaudiovisuales.ar\/?p=19149#authorImage","url":"https:\/\/loboproduccionesaudiovisuales.ar\/wp-content\/litespeed\/avatar\/de09dfb254ecca8d89a27b1f284fdb4d.jpg?ver=1788575391","width":96,"height":96,"caption":"Gustavo Werner"}},{"@type":"WebPage","@id":"https:\/\/loboproduccionesaudiovisuales.ar\/?p=19149#webpage","url":"https:\/\/loboproduccionesaudiovisuales.ar\/?p=19149","name":"Federaci\u00f3n Agraria apoy\u00f3 el fin del cepo, pero critic\u00f3 a Milei por retenciones - LOBO PRODUCCIONES AUDIOVISUALES","description":"La presidenta de esa entidad agropecuaria, Andrea Sarnari, analiz\u00f3 la situaci\u00f3n actual del sector. \"Tuvimos una de cal y una de arena\", afirm\u00f3. La presidenta de la Federaci\u00f3n Agraria Argentina (FAA), Andrea Sarnari, expres\u00f3 este lunes la dualidad de la situaci\u00f3n que enfrentan los peque\u00f1os productores. \"Tuvimos una de cal y una de arena\",","inLanguage":"es-AR","isPartOf":{"@id":"https:\/\/loboproduccionesaudiovisuales.ar\/#website"},"breadcrumb":{"@id":"https:\/\/loboproduccionesaudiovisuales.ar\/?p=19149#breadcrumblist"},"author":{"@id":"https:\/\/loboproduccionesaudiovisuales.ar\/?author=3#author"},"creator":{"@id":"https:\/\/loboproduccionesaudiovisuales.ar\/?author=3#author"},"image":{"@type":"ImageObject","url":"https:\/\/loboproduccionesaudiovisuales.ar\/wp-content\/uploads\/2025\/04\/soja-1280x720-1.jpg","@id":"https:\/\/loboproduccionesaudiovisuales.ar\/?p=19149\/#mainImage","width":1280,"height":720},"primaryImageOfPage":{"@id":"https:\/\/loboproduccionesaudiovisuales.ar\/?p=19149#mainImage"},"datePublished":"2025-04-15T16:28:44-03:00","dateModified":"2025-04-15T16:28:44-03:00"},{"@type":"WebSite","@id":"https:\/\/loboproduccionesaudiovisuales.ar\/#website","url":"https:\/\/loboproduccionesaudiovisuales.ar\/","name":"loboproduccionesaudiovisuales.ar","alternateName":"Lobo Producciones","description":"Sitio digital de noticias agroindustriales","inLanguage":"es-AR","publisher":{"@id":"https:\/\/loboproduccionesaudiovisuales.ar\/#organization"}}]},"og:locale":"es_ES","og:site_name":"LOBO PRODUCCIONES AUDIOVISUALES - Sitio digital de noticias agroindustriales","og:type":"article","og:title":"Federaci\u00f3n Agraria apoy\u00f3 el fin del cepo, pero critic\u00f3 a Milei por retenciones - LOBO PRODUCCIONES AUDIOVISUALES","og:description":"La presidenta de esa entidad agropecuaria, Andrea Sarnari, analiz\u00f3 la situaci\u00f3n actual del sector. &quot;Tuvimos una de cal y una de arena&quot;, afirm\u00f3. La presidenta de la Federaci\u00f3n Agraria Argentina (FAA), Andrea Sarnari, expres\u00f3 este lunes la dualidad de la situaci\u00f3n que enfrentan los peque\u00f1os productores. &quot;Tuvimos una de cal y una de arena&quot;,","og:url":"https:\/\/loboproduccionesaudiovisuales.ar\/?p=19149","og:image":"https:\/\/loboproduccionesaudiovisuales.ar\/wp-content\/uploads\/2023\/07\/LPA-web.jpg","og:image:secure_url":"https:\/\/loboproduccionesaudiovisuales.ar\/wp-content\/uploads\/2023\/07\/LPA-web.jpg","article:published_time":"2025-04-15T19:28:44+00:00","article:modified_time":"2025-04-15T19:28:44+00:00","twitter:card":"summary_large_image","twitter:title":"Federaci\u00f3n Agraria apoy\u00f3 el fin del cepo, pero critic\u00f3 a Milei por retenciones - LOBO PRODUCCIONES AUDIOVISUALES","twitter:description":"La presidenta de esa entidad agropecuaria, Andrea Sarnari, analiz\u00f3 la situaci\u00f3n actual del sector. &quot;Tuvimos una de cal y una de arena&quot;, afirm\u00f3. La presidenta de la Federaci\u00f3n Agraria Argentina (FAA), Andrea Sarnari, expres\u00f3 este lunes la dualidad de la situaci\u00f3n que enfrentan los peque\u00f1os productores. &quot;Tuvimos una de cal y una de arena&quot;,","twitter:image":"https:\/\/loboproduccionesaudiovisuales.ar\/wp-content\/uploads\/2023\/07\/LPA-web.jpg"},"aioseo_meta_data":{"post_id":"19149","title":null,"description":null,"keywords":null,"keyphrases":{"focus":{"keyphrase":"","score":0,"analysis":{"keyphraseInTitle":{"score":0,"maxScore":9,"error":1}}},"additional":[]},"primary_term":null,"canonical_url":null,"og_title":null,"og_description":null,"og_object_type":"default","og_image_type":"default","og_image_url":null,"og_image_width":null,"og_image_height":null,"og_image_custom_url":null,"og_image_custom_fields":null,"og_video":"","og_custom_url":null,"og_article_section":null,"og_article_tags":null,"twitter_use_og":false,"twitter_card":"default","twitter_image_type":"default","twitter_image_url":null,"twitter_image_custom_url":null,"twitter_image_custom_fields":null,"twitter_title":null,"twitter_description":null,"schema":{"blockGraphs":[],"customGraphs":[],"default":{"data":{"Article":[],"Course":[],"Dataset":[],"FAQPage":[],"Movie":[],"Person":[],"Product":[],"ProductReview":[],"Car":[],"Recipe":[],"Service":[],"SoftwareApplication":[],"WebPage":[]},"graphName":"BlogPosting","isEnabled":true},"graphs":[]},"schema_type":"default","schema_type_options":null,"pillar_content":false,"robots_default":true,"robots_noindex":false,"robots_noarchive":false,"robots_nosnippet":false,"robots_nofollow":false,"robots_noimageindex":false,"robots_noodp":false,"robots_notranslate":false,"robots_max_snippet":"-1","robots_max_videopreview":"-1","robots_max_imagepreview":"large","priority":null,"frequency":"default","local_seo":null,"breadcrumb_settings":null,"limit_modified_date":false,"ai":null,"created":"2025-04-15 19:28:44","updated":"2025-06-05 04:11:03","seo_analyzer_scan_date":null,"focus_keyword":null,"additional_keywords":null,"truseo_locale":null},"aioseo_breadcrumb":"<div class=\"aioseo-breadcrumbs\"><span class=\"aioseo-breadcrumb\">\n\t\t\t<a href=\"https:\/\/loboproduccionesaudiovisuales.ar\" title=\"Home\">Home<\/a>\n\t\t<\/span><span class=\"aioseo-breadcrumb-separator\">&raquo;<\/span><span class=\"aioseo-breadcrumb\">\n\t\t\t<a href=\"https:\/\/loboproduccionesaudiovisuales.ar\/?cat=1\" title=\"Blog\">Blog<\/a>\n\t\t<\/span><span class=\"aioseo-breadcrumb-separator\">&raquo;<\/span><span class=\"aioseo-breadcrumb\">\n\t\t\tFederaci\u00f3n Agraria apoy\u00f3 el fin del cepo, pero critic\u00f3 a Milei por retenciones\n\t\t<\/span><\/div>","aioseo_breadcrumb_json":[{"label":"Home","link":"https:\/\/loboproduccionesaudiovisuales.ar"},{"label":"Blog","link":"https:\/\/loboproduccionesaudiovisuales.ar\/?cat=1"},{"label":"Federaci\u00f3n Agraria apoy\u00f3 el fin del cepo, pero critic\u00f3 a Milei por retenciones","link":"https:\/\/loboproduccionesaudiovisuales.ar\/?p=19149"}],"_links":{"self":[{"href":"https:\/\/loboproduccionesaudiovisuales.ar\/index.php?rest_route=\/wp\/v2\/posts\/19149","targetHints":{"allow":["GET"]}}],"collection":[{"href":"https:\/\/loboproduccionesaudiovisuales.ar\/index.php?rest_route=\/wp\/v2\/posts"}],"about":[{"href":"https:\/\/loboproduccionesaudiovisuales.ar\/index.php?rest_route=\/wp\/v2\/types\/post"}],"author":[{"embeddable":true,"href":"https:\/\/loboproduccionesaudiovisuales.ar\/index.php?rest_route=\/wp\/v2\/users\/3"}],"replies":[{"embeddable":true,"href":"https:\/\/loboproduccionesaudiovisuales.ar\/index.php?rest_route=%2Fwp%2Fv2%2Fcomments&post=19149"}],"version-history":[{"count":1,"href":"https:\/\/loboproduccionesaudiovisuales.ar\/index.php?rest_route=\/wp\/v2\/posts\/19149\/revisions"}],"predecessor-version":[{"id":19151,"href":"https:\/\/loboproduccionesaudiovisuales.ar\/index.php?rest_route=\/wp\/v2\/posts\/19149\/revisions\/19151"}],"wp:featuredmedia":[{"embeddable":true,"href":"https:\/\/loboproduccionesaudiovisuales.ar\/index.php?rest_route=\/wp\/v2\/media\/19150"}],"wp:attachment":[{"href":"https:\/\/loboproduccionesaudiovisuales.ar\/index.php?rest_route=%2Fwp%2Fv2%2Fmedia&parent=19149"}],"wp:term":[{"taxonomy":"category","embeddable":true,"href":"https:\/\/loboproduccionesaudiovisuales.ar\/index.php?rest_route=%2Fwp%2Fv2%2Fcategories&post=19149"},{"taxonomy":"post_tag","embeddable":true,"href":"https:\/\/loboproduccionesaudiovisuales.ar\/index.php?rest_route=%2Fwp%2Fv2%2Ftags&post=19149"}],"curies":[{"name":"wp","href":"https:\/\/api.w.org\/{rel}","templated":true}]}}