{"id":19076,"date":"2025-04-03T17:11:07","date_gmt":"2025-04-03T20:11:07","guid":{"rendered":"https:\/\/loboproduccionesaudiovisuales.ar\/?p=19076"},"modified":"2025-04-04T10:08:14","modified_gmt":"2025-04-04T13:08:14","slug":"19076","status":"publish","type":"post","link":"https:\/\/loboproduccionesaudiovisuales.ar\/?p=19076","title":{"rendered":"Culmina el Seminario de Avicultura en Paran\u00e1 y Crespo"},"content":{"rendered":"<p><strong>Con la presencia de referentes que componen la cadena productiva, empez\u00f3 en Paran\u00e1 el primer Seminario Internacional de Avicultura Alimentando a la Argentina y al Mundo.<\/strong><\/p>\n<p>&nbsp;<\/p>\n<p>Durante la apertura, el ministro de Desarrollo Econ\u00f3mico, Guillermo Bernaudo, indic\u00f3 que &#8220;esta actividad pone en el centro de la escena a una de las principales actividades econ\u00f3micas de la provincia, una cadena de valor que abarca todo nuestro territorio: desde el cereal que se produce para fabricar el alimento balanceado a la industria metalmec\u00e1nica&#8221;.<\/p>\n<p>La agenda se extender\u00e1 hasta este viernes en la sede de la Facultad de Ciencias Econ\u00f3micas de la Universidad Nacional de Entre R\u00edos y el Pabell\u00f3n de la Avicultura, en la ciudad de Crespo; con la organizaci\u00f3n de dicha casa de estudios en conjunto con la Universidad de Berna, el Instituto de Estudios Sociales del Consejo Nacional de Investigaciones Cient\u00edficas y T\u00e9cnicas ; y la asociaci\u00f3n civil Crespo Capital Nacional de la Avicultura.<\/p>\n<p>Bernaudo subray\u00f3 que &#8220;como provincia exportadora de productos av\u00edcolas, siempre debemos estar atentos a los mercados internacionales; y capacitarnos continuamente tanto en competitividad como en tecnolog\u00eda y modernizaci\u00f3n. Quiero celebrar tambi\u00e9n el proyecto de tesis doctoral sobre avicultura entrerriana que se est\u00e1 realizando, ya que es muy importante que estos trabajos de investigaci\u00f3n se arraiguen en la econom\u00eda real; m\u00e1s all\u00e1 de la importancia de sus contenidos te\u00f3ricos&#8221;, enfatiz\u00f3 Bernaudo.<\/p>\n<p>Por su parte, el decano de Ciencias Econ\u00f3micas, Sebasti\u00e1n P\u00e9rez; afirm\u00f3: &#8220;Nos pone muy contentos que la universidad p\u00fablica pueda trabajar todos estos temas con este v\u00ednculo permanente con la regi\u00f3n, tratando un tema productivo muy importante para la provincia como lo es el sector av\u00edcola. Nuestra tarea como facultad no es s\u00f3lo bregar para que egresen m\u00e1s profesionales; sino tambi\u00e9n acercar, mediante la extensi\u00f3n, el conocimiento, la ciencia y la tecnolog\u00eda a los sectores productivos de Entre R\u00edos.<\/p>\n<p>Mara Petitti, directora e investigadora de Instituto de Estudios Sociales sum\u00f3 que el encuentro &#8220;es una oportunidad de compartir las experiencias y capacidades cient\u00edfico-tecnol\u00f3gicas de nuestro Instituto de Estudios Sociales de nuestra universidad; como tambi\u00e9n de debatir sobre la avicultura entre personas de diferentes sectores de la actividad&#8221;.<\/p>\n<p>Asimismo, Mariela Dallinger, presidenta de Crespo Capital Nacional de la Avicultura, sostuvo: Desde la asociaci\u00f3n creemos que es posible el trabajo articulado entre el sector p\u00fablico y el privado; y queremos resaltar el profesionalismo y la dedicaci\u00f3n del equipo de trabajo conformado para este seminario&#8221;.<\/p>\n","protected":false},"excerpt":{"rendered":"<p>Con la presencia de referentes que componen la cadena productiva, empez\u00f3 en Paran\u00e1 el primer Seminario Internacional de Avicultura Alimentando&hellip;<\/p>\n","protected":false},"author":3,"featured_media":19077,"comment_status":"open","ping_status":"open","sticky":false,"template":"","format":"standard","meta":{"footnotes":""},"categories":[5,2,163,1,128,119],"tags":[213],"class_list":["post-19076","post","type-post","status-publish","format-standard","has-post-thumbnail","hentry","category-actualidad","category-agro","category-avicultura","category-blog","category-entre-rios","category-institucionales","tag-avicultura"],"aioseo_notices":[],"aioseo_head":"\n\t\t<!-- All in One SEO 5.0.1.1 - aioseo.com -->\n\t<meta name=\"description\" content=\"Con la presencia de referentes que componen la cadena productiva, empez\u00f3 en Paran\u00e1 el primer Seminario Internacional de Avicultura Alimentando a la Argentina y al Mundo. Durante la apertura, el ministro de Desarrollo Econ\u00f3mico, Guillermo Bernaudo, indic\u00f3 que &quot;esta actividad pone en el centro de la escena a una de las principales actividades econ\u00f3micas\" \/>\n\t<meta name=\"robots\" content=\"max-image-preview:large\" \/>\n\t<meta name=\"author\" content=\"Gustavo Werner\"\/>\n\t<link rel=\"canonical\" href=\"https:\/\/loboproduccionesaudiovisuales.ar\/?p=19076\" \/>\n\t<meta name=\"generator\" content=\"All in One SEO (AIOSEO) 5.0.1.1\" \/>\n\t\t<meta property=\"og:locale\" content=\"es_ES\" \/>\n\t\t<meta property=\"og:site_name\" content=\"LOBO PRODUCCIONES AUDIOVISUALES - Sitio digital de noticias agroindustriales\" \/>\n\t\t<meta property=\"og:type\" content=\"article\" \/>\n\t\t<meta property=\"og:title\" content=\"Culmina el Seminario de Avicultura en Paran\u00e1 y Crespo - LOBO PRODUCCIONES AUDIOVISUALES\" \/>\n\t\t<meta property=\"og:description\" content=\"Con la presencia de referentes que componen la cadena productiva, empez\u00f3 en Paran\u00e1 el primer Seminario Internacional de Avicultura Alimentando a la Argentina y al Mundo. Durante la apertura, el ministro de Desarrollo Econ\u00f3mico, Guillermo Bernaudo, indic\u00f3 que &quot;esta actividad pone en el centro de la escena a una de las principales actividades econ\u00f3micas\" \/>\n\t\t<meta property=\"og:url\" content=\"https:\/\/loboproduccionesaudiovisuales.ar\/?p=19076\" \/>\n\t\t<meta property=\"og:image\" content=\"https:\/\/loboproduccionesaudiovisuales.ar\/wp-content\/uploads\/2023\/07\/LPA-web.jpg\" \/>\n\t\t<meta property=\"og:image:secure_url\" content=\"https:\/\/loboproduccionesaudiovisuales.ar\/wp-content\/uploads\/2023\/07\/LPA-web.jpg\" \/>\n\t\t<meta property=\"article:published_time\" content=\"2025-04-03T20:11:07+00:00\" \/>\n\t\t<meta property=\"article:modified_time\" content=\"2025-04-04T13:08:14+00:00\" \/>\n\t\t<meta name=\"twitter:card\" content=\"summary_large_image\" \/>\n\t\t<meta name=\"twitter:title\" content=\"Culmina el Seminario de Avicultura en Paran\u00e1 y Crespo - LOBO PRODUCCIONES AUDIOVISUALES\" \/>\n\t\t<meta name=\"twitter:description\" content=\"Con la presencia de referentes que componen la cadena productiva, empez\u00f3 en Paran\u00e1 el primer Seminario Internacional de Avicultura Alimentando a la Argentina y al Mundo. Durante la apertura, el ministro de Desarrollo Econ\u00f3mico, Guillermo Bernaudo, indic\u00f3 que &quot;esta actividad pone en el centro de la escena a una de las principales actividades econ\u00f3micas\" \/>\n\t\t<meta name=\"twitter:image\" content=\"https:\/\/loboproduccionesaudiovisuales.ar\/wp-content\/uploads\/2023\/07\/LPA-web.jpg\" \/>\n\t\t<script type=\"application\/ld+json\" class=\"aioseo-schema\">\n\t\t\t{\"@context\":\"https:\\\/\\\/schema.org\",\"@graph\":[{\"@type\":\"BlogPosting\",\"@id\":\"https:\\\/\\\/loboproduccionesaudiovisuales.ar\\\/?p=19076#blogposting\",\"name\":\"Culmina el Seminario de Avicultura en Paran\\u00e1 y Crespo - LOBO PRODUCCIONES AUDIOVISUALES\",\"headline\":\"Culmina el Seminario de Avicultura en Paran\\u00e1 y Crespo\",\"author\":{\"@id\":\"https:\\\/\\\/loboproduccionesaudiovisuales.ar\\\/?author=3#author\"},\"publisher\":{\"@id\":\"https:\\\/\\\/loboproduccionesaudiovisuales.ar\\\/#organization\"},\"image\":{\"@type\":\"ImageObject\",\"url\":\"https:\\\/\\\/loboproduccionesaudiovisuales.ar\\\/wp-content\\\/uploads\\\/2025\\\/04\\\/descarga.jpg\",\"width\":1920,\"height\":1280},\"datePublished\":\"2025-04-03T17:11:07-03:00\",\"dateModified\":\"2025-04-04T10:08:14-03:00\",\"inLanguage\":\"es-AR\",\"mainEntityOfPage\":{\"@id\":\"https:\\\/\\\/loboproduccionesaudiovisuales.ar\\\/?p=19076#webpage\"},\"isPartOf\":{\"@id\":\"https:\\\/\\\/loboproduccionesaudiovisuales.ar\\\/?p=19076#webpage\"},\"articleSection\":\"ACTUALIDAD, AGRO, AVICULTURA, Blog, ENTRE RIOS, INSTITUCIONALES, avicultura\"},{\"@type\":\"BreadcrumbList\",\"@id\":\"https:\\\/\\\/loboproduccionesaudiovisuales.ar\\\/?p=19076#breadcrumblist\",\"itemListElement\":[{\"@type\":\"ListItem\",\"@id\":\"https:\\\/\\\/loboproduccionesaudiovisuales.ar#listItem\",\"position\":1,\"name\":\"Home\",\"item\":\"https:\\\/\\\/loboproduccionesaudiovisuales.ar\",\"nextItem\":{\"@type\":\"ListItem\",\"@id\":\"https:\\\/\\\/loboproduccionesaudiovisuales.ar\\\/?cat=1#listItem\",\"name\":\"Blog\"}},{\"@type\":\"ListItem\",\"@id\":\"https:\\\/\\\/loboproduccionesaudiovisuales.ar\\\/?cat=1#listItem\",\"position\":2,\"name\":\"Blog\",\"item\":\"https:\\\/\\\/loboproduccionesaudiovisuales.ar\\\/?cat=1\",\"nextItem\":{\"@type\":\"ListItem\",\"@id\":\"https:\\\/\\\/loboproduccionesaudiovisuales.ar\\\/?p=19076#listItem\",\"name\":\"Culmina el Seminario de Avicultura en Paran\\u00e1 y Crespo\"},\"previousItem\":{\"@type\":\"ListItem\",\"@id\":\"https:\\\/\\\/loboproduccionesaudiovisuales.ar#listItem\",\"name\":\"Home\"}},{\"@type\":\"ListItem\",\"@id\":\"https:\\\/\\\/loboproduccionesaudiovisuales.ar\\\/?p=19076#listItem\",\"position\":3,\"name\":\"Culmina el Seminario de Avicultura en Paran\\u00e1 y Crespo\",\"previousItem\":{\"@type\":\"ListItem\",\"@id\":\"https:\\\/\\\/loboproduccionesaudiovisuales.ar\\\/?cat=1#listItem\",\"name\":\"Blog\"}}]},{\"@type\":\"Organization\",\"@id\":\"https:\\\/\\\/loboproduccionesaudiovisuales.ar\\\/#organization\",\"name\":\"loboproduccionesaudiovisuales.ar\",\"description\":\"Sitio digital de noticias agroindustriales\",\"url\":\"https:\\\/\\\/loboproduccionesaudiovisuales.ar\\\/\",\"logo\":{\"@type\":\"ImageObject\",\"url\":\"https:\\\/\\\/loboproduccionesaudiovisuales.ar\\\/wp-content\\\/uploads\\\/2023\\\/07\\\/LPA-web.jpg\",\"@id\":\"https:\\\/\\\/loboproduccionesaudiovisuales.ar\\\/?p=19076\\\/#organizationLogo\",\"width\":500,\"height\":144},\"image\":{\"@id\":\"https:\\\/\\\/loboproduccionesaudiovisuales.ar\\\/?p=19076\\\/#organizationLogo\"}},{\"@type\":\"Person\",\"@id\":\"https:\\\/\\\/loboproduccionesaudiovisuales.ar\\\/?author=3#author\",\"url\":\"https:\\\/\\\/loboproduccionesaudiovisuales.ar\\\/?author=3\",\"name\":\"Gustavo Werner\",\"image\":{\"@type\":\"ImageObject\",\"@id\":\"https:\\\/\\\/loboproduccionesaudiovisuales.ar\\\/?p=19076#authorImage\",\"url\":\"https:\\\/\\\/loboproduccionesaudiovisuales.ar\\\/wp-content\\\/litespeed\\\/avatar\\\/de09dfb254ecca8d89a27b1f284fdb4d.jpg?ver=1788575391\",\"width\":96,\"height\":96,\"caption\":\"Gustavo Werner\"}},{\"@type\":\"WebPage\",\"@id\":\"https:\\\/\\\/loboproduccionesaudiovisuales.ar\\\/?p=19076#webpage\",\"url\":\"https:\\\/\\\/loboproduccionesaudiovisuales.ar\\\/?p=19076\",\"name\":\"Culmina el Seminario de Avicultura en Paran\\u00e1 y Crespo - LOBO PRODUCCIONES AUDIOVISUALES\",\"description\":\"Con la presencia de referentes que componen la cadena productiva, empez\\u00f3 en Paran\\u00e1 el primer Seminario Internacional de Avicultura Alimentando a la Argentina y al Mundo. Durante la apertura, el ministro de Desarrollo Econ\\u00f3mico, Guillermo Bernaudo, indic\\u00f3 que \\\"esta actividad pone en el centro de la escena a una de las principales actividades econ\\u00f3micas\",\"inLanguage\":\"es-AR\",\"isPartOf\":{\"@id\":\"https:\\\/\\\/loboproduccionesaudiovisuales.ar\\\/#website\"},\"breadcrumb\":{\"@id\":\"https:\\\/\\\/loboproduccionesaudiovisuales.ar\\\/?p=19076#breadcrumblist\"},\"author\":{\"@id\":\"https:\\\/\\\/loboproduccionesaudiovisuales.ar\\\/?author=3#author\"},\"creator\":{\"@id\":\"https:\\\/\\\/loboproduccionesaudiovisuales.ar\\\/?author=3#author\"},\"image\":{\"@type\":\"ImageObject\",\"url\":\"https:\\\/\\\/loboproduccionesaudiovisuales.ar\\\/wp-content\\\/uploads\\\/2025\\\/04\\\/descarga.jpg\",\"@id\":\"https:\\\/\\\/loboproduccionesaudiovisuales.ar\\\/?p=19076\\\/#mainImage\",\"width\":1920,\"height\":1280},\"primaryImageOfPage\":{\"@id\":\"https:\\\/\\\/loboproduccionesaudiovisuales.ar\\\/?p=19076#mainImage\"},\"datePublished\":\"2025-04-03T17:11:07-03:00\",\"dateModified\":\"2025-04-04T10:08:14-03:00\"},{\"@type\":\"WebSite\",\"@id\":\"https:\\\/\\\/loboproduccionesaudiovisuales.ar\\\/#website\",\"url\":\"https:\\\/\\\/loboproduccionesaudiovisuales.ar\\\/\",\"name\":\"loboproduccionesaudiovisuales.ar\",\"alternateName\":\"Lobo Producciones\",\"description\":\"Sitio digital de noticias agroindustriales\",\"inLanguage\":\"es-AR\",\"publisher\":{\"@id\":\"https:\\\/\\\/loboproduccionesaudiovisuales.ar\\\/#organization\"}}]}\n\t\t<\/script>\n\t\t<!-- All in One SEO -->\n\n","aioseo_head_json":{"title":"Culmina el Seminario de Avicultura en Paran\u00e1 y Crespo - LOBO PRODUCCIONES AUDIOVISUALES","description":"Con la presencia de referentes que componen la cadena productiva, empez\u00f3 en Paran\u00e1 el primer Seminario Internacional de Avicultura Alimentando a la Argentina y al Mundo. Durante la apertura, el ministro de Desarrollo Econ\u00f3mico, Guillermo Bernaudo, indic\u00f3 que \"esta actividad pone en el centro de la escena a una de las principales actividades econ\u00f3micas","canonical_url":"https:\/\/loboproduccionesaudiovisuales.ar\/?p=19076","robots":"max-image-preview:large","keywords":"","webmasterTools":{"miscellaneous":""},"schema":{"@context":"https:\/\/schema.org","@graph":[{"@type":"BlogPosting","@id":"https:\/\/loboproduccionesaudiovisuales.ar\/?p=19076#blogposting","name":"Culmina el Seminario de Avicultura en Paran\u00e1 y Crespo - LOBO PRODUCCIONES AUDIOVISUALES","headline":"Culmina el Seminario de Avicultura en Paran\u00e1 y Crespo","author":{"@id":"https:\/\/loboproduccionesaudiovisuales.ar\/?author=3#author"},"publisher":{"@id":"https:\/\/loboproduccionesaudiovisuales.ar\/#organization"},"image":{"@type":"ImageObject","url":"https:\/\/loboproduccionesaudiovisuales.ar\/wp-content\/uploads\/2025\/04\/descarga.jpg","width":1920,"height":1280},"datePublished":"2025-04-03T17:11:07-03:00","dateModified":"2025-04-04T10:08:14-03:00","inLanguage":"es-AR","mainEntityOfPage":{"@id":"https:\/\/loboproduccionesaudiovisuales.ar\/?p=19076#webpage"},"isPartOf":{"@id":"https:\/\/loboproduccionesaudiovisuales.ar\/?p=19076#webpage"},"articleSection":"ACTUALIDAD, AGRO, AVICULTURA, Blog, ENTRE RIOS, INSTITUCIONALES, avicultura"},{"@type":"BreadcrumbList","@id":"https:\/\/loboproduccionesaudiovisuales.ar\/?p=19076#breadcrumblist","itemListElement":[{"@type":"ListItem","@id":"https:\/\/loboproduccionesaudiovisuales.ar#listItem","position":1,"name":"Home","item":"https:\/\/loboproduccionesaudiovisuales.ar","nextItem":{"@type":"ListItem","@id":"https:\/\/loboproduccionesaudiovisuales.ar\/?cat=1#listItem","name":"Blog"}},{"@type":"ListItem","@id":"https:\/\/loboproduccionesaudiovisuales.ar\/?cat=1#listItem","position":2,"name":"Blog","item":"https:\/\/loboproduccionesaudiovisuales.ar\/?cat=1","nextItem":{"@type":"ListItem","@id":"https:\/\/loboproduccionesaudiovisuales.ar\/?p=19076#listItem","name":"Culmina el Seminario de Avicultura en Paran\u00e1 y Crespo"},"previousItem":{"@type":"ListItem","@id":"https:\/\/loboproduccionesaudiovisuales.ar#listItem","name":"Home"}},{"@type":"ListItem","@id":"https:\/\/loboproduccionesaudiovisuales.ar\/?p=19076#listItem","position":3,"name":"Culmina el Seminario de Avicultura en Paran\u00e1 y Crespo","previousItem":{"@type":"ListItem","@id":"https:\/\/loboproduccionesaudiovisuales.ar\/?cat=1#listItem","name":"Blog"}}]},{"@type":"Organization","@id":"https:\/\/loboproduccionesaudiovisuales.ar\/#organization","name":"loboproduccionesaudiovisuales.ar","description":"Sitio digital de noticias agroindustriales","url":"https:\/\/loboproduccionesaudiovisuales.ar\/","logo":{"@type":"ImageObject","url":"https:\/\/loboproduccionesaudiovisuales.ar\/wp-content\/uploads\/2023\/07\/LPA-web.jpg","@id":"https:\/\/loboproduccionesaudiovisuales.ar\/?p=19076\/#organizationLogo","width":500,"height":144},"image":{"@id":"https:\/\/loboproduccionesaudiovisuales.ar\/?p=19076\/#organizationLogo"}},{"@type":"Person","@id":"https:\/\/loboproduccionesaudiovisuales.ar\/?author=3#author","url":"https:\/\/loboproduccionesaudiovisuales.ar\/?author=3","name":"Gustavo Werner","image":{"@type":"ImageObject","@id":"https:\/\/loboproduccionesaudiovisuales.ar\/?p=19076#authorImage","url":"https:\/\/loboproduccionesaudiovisuales.ar\/wp-content\/litespeed\/avatar\/de09dfb254ecca8d89a27b1f284fdb4d.jpg?ver=1788575391","width":96,"height":96,"caption":"Gustavo Werner"}},{"@type":"WebPage","@id":"https:\/\/loboproduccionesaudiovisuales.ar\/?p=19076#webpage","url":"https:\/\/loboproduccionesaudiovisuales.ar\/?p=19076","name":"Culmina el Seminario de Avicultura en Paran\u00e1 y Crespo - LOBO PRODUCCIONES AUDIOVISUALES","description":"Con la presencia de referentes que componen la cadena productiva, empez\u00f3 en Paran\u00e1 el primer Seminario Internacional de Avicultura Alimentando a la Argentina y al Mundo. Durante la apertura, el ministro de Desarrollo Econ\u00f3mico, Guillermo Bernaudo, indic\u00f3 que \"esta actividad pone en el centro de la escena a una de las principales actividades econ\u00f3micas","inLanguage":"es-AR","isPartOf":{"@id":"https:\/\/loboproduccionesaudiovisuales.ar\/#website"},"breadcrumb":{"@id":"https:\/\/loboproduccionesaudiovisuales.ar\/?p=19076#breadcrumblist"},"author":{"@id":"https:\/\/loboproduccionesaudiovisuales.ar\/?author=3#author"},"creator":{"@id":"https:\/\/loboproduccionesaudiovisuales.ar\/?author=3#author"},"image":{"@type":"ImageObject","url":"https:\/\/loboproduccionesaudiovisuales.ar\/wp-content\/uploads\/2025\/04\/descarga.jpg","@id":"https:\/\/loboproduccionesaudiovisuales.ar\/?p=19076\/#mainImage","width":1920,"height":1280},"primaryImageOfPage":{"@id":"https:\/\/loboproduccionesaudiovisuales.ar\/?p=19076#mainImage"},"datePublished":"2025-04-03T17:11:07-03:00","dateModified":"2025-04-04T10:08:14-03:00"},{"@type":"WebSite","@id":"https:\/\/loboproduccionesaudiovisuales.ar\/#website","url":"https:\/\/loboproduccionesaudiovisuales.ar\/","name":"loboproduccionesaudiovisuales.ar","alternateName":"Lobo Producciones","description":"Sitio digital de noticias agroindustriales","inLanguage":"es-AR","publisher":{"@id":"https:\/\/loboproduccionesaudiovisuales.ar\/#organization"}}]},"og:locale":"es_ES","og:site_name":"LOBO PRODUCCIONES AUDIOVISUALES - Sitio digital de noticias agroindustriales","og:type":"article","og:title":"Culmina el Seminario de Avicultura en Paran\u00e1 y Crespo - LOBO PRODUCCIONES AUDIOVISUALES","og:description":"Con la presencia de referentes que componen la cadena productiva, empez\u00f3 en Paran\u00e1 el primer Seminario Internacional de Avicultura Alimentando a la Argentina y al Mundo. Durante la apertura, el ministro de Desarrollo Econ\u00f3mico, Guillermo Bernaudo, indic\u00f3 que &quot;esta actividad pone en el centro de la escena a una de las principales actividades econ\u00f3micas","og:url":"https:\/\/loboproduccionesaudiovisuales.ar\/?p=19076","og:image":"https:\/\/loboproduccionesaudiovisuales.ar\/wp-content\/uploads\/2023\/07\/LPA-web.jpg","og:image:secure_url":"https:\/\/loboproduccionesaudiovisuales.ar\/wp-content\/uploads\/2023\/07\/LPA-web.jpg","article:published_time":"2025-04-03T20:11:07+00:00","article:modified_time":"2025-04-04T13:08:14+00:00","twitter:card":"summary_large_image","twitter:title":"Culmina el Seminario de Avicultura en Paran\u00e1 y Crespo - LOBO PRODUCCIONES AUDIOVISUALES","twitter:description":"Con la presencia de referentes que componen la cadena productiva, empez\u00f3 en Paran\u00e1 el primer Seminario Internacional de Avicultura Alimentando a la Argentina y al Mundo. Durante la apertura, el ministro de Desarrollo Econ\u00f3mico, Guillermo Bernaudo, indic\u00f3 que &quot;esta actividad pone en el centro de la escena a una de las principales actividades econ\u00f3micas","twitter:image":"https:\/\/loboproduccionesaudiovisuales.ar\/wp-content\/uploads\/2023\/07\/LPA-web.jpg"},"aioseo_meta_data":{"post_id":"19076","title":null,"description":null,"keywords":null,"keyphrases":{"focus":{"keyphrase":"","score":0,"analysis":{"keyphraseInTitle":{"score":0,"maxScore":9,"error":1}}},"additional":[]},"primary_term":null,"canonical_url":null,"og_title":null,"og_description":null,"og_object_type":"default","og_image_type":"default","og_image_url":null,"og_image_width":null,"og_image_height":null,"og_image_custom_url":null,"og_image_custom_fields":null,"og_video":"","og_custom_url":null,"og_article_section":null,"og_article_tags":null,"twitter_use_og":false,"twitter_card":"default","twitter_image_type":"default","twitter_image_url":null,"twitter_image_custom_url":null,"twitter_image_custom_fields":null,"twitter_title":null,"twitter_description":null,"schema":{"blockGraphs":[],"customGraphs":[],"default":{"data":{"Article":[],"Course":[],"Dataset":[],"FAQPage":[],"Movie":[],"Person":[],"Product":[],"ProductReview":[],"Car":[],"Recipe":[],"Service":[],"SoftwareApplication":[],"WebPage":[]},"graphName":"BlogPosting","isEnabled":true},"graphs":[]},"schema_type":"default","schema_type_options":null,"pillar_content":false,"robots_default":true,"robots_noindex":false,"robots_noarchive":false,"robots_nosnippet":false,"robots_nofollow":false,"robots_noimageindex":false,"robots_noodp":false,"robots_notranslate":false,"robots_max_snippet":"-1","robots_max_videopreview":"-1","robots_max_imagepreview":"large","priority":null,"frequency":"default","local_seo":null,"breadcrumb_settings":null,"limit_modified_date":false,"ai":null,"created":"2025-04-03 20:11:07","updated":"2025-06-05 03:05:45","seo_analyzer_scan_date":null,"focus_keyword":null,"additional_keywords":null,"truseo_locale":null},"aioseo_breadcrumb":"<div class=\"aioseo-breadcrumbs\"><span class=\"aioseo-breadcrumb\">\n\t\t\t<a href=\"https:\/\/loboproduccionesaudiovisuales.ar\" title=\"Home\">Home<\/a>\n\t\t<\/span><span class=\"aioseo-breadcrumb-separator\">&raquo;<\/span><span class=\"aioseo-breadcrumb\">\n\t\t\t<a href=\"https:\/\/loboproduccionesaudiovisuales.ar\/?cat=1\" title=\"Blog\">Blog<\/a>\n\t\t<\/span><span class=\"aioseo-breadcrumb-separator\">&raquo;<\/span><span class=\"aioseo-breadcrumb\">\n\t\t\tCulmina el Seminario de Avicultura en Paran\u00e1 y Crespo\n\t\t<\/span><\/div>","aioseo_breadcrumb_json":[{"label":"Home","link":"https:\/\/loboproduccionesaudiovisuales.ar"},{"label":"Blog","link":"https:\/\/loboproduccionesaudiovisuales.ar\/?cat=1"},{"label":"Culmina el Seminario de Avicultura en Paran\u00e1 y Crespo","link":"https:\/\/loboproduccionesaudiovisuales.ar\/?p=19076"}],"_links":{"self":[{"href":"https:\/\/loboproduccionesaudiovisuales.ar\/index.php?rest_route=\/wp\/v2\/posts\/19076","targetHints":{"allow":["GET"]}}],"collection":[{"href":"https:\/\/loboproduccionesaudiovisuales.ar\/index.php?rest_route=\/wp\/v2\/posts"}],"about":[{"href":"https:\/\/loboproduccionesaudiovisuales.ar\/index.php?rest_route=\/wp\/v2\/types\/post"}],"author":[{"embeddable":true,"href":"https:\/\/loboproduccionesaudiovisuales.ar\/index.php?rest_route=\/wp\/v2\/users\/3"}],"replies":[{"embeddable":true,"href":"https:\/\/loboproduccionesaudiovisuales.ar\/index.php?rest_route=%2Fwp%2Fv2%2Fcomments&post=19076"}],"version-history":[{"count":2,"href":"https:\/\/loboproduccionesaudiovisuales.ar\/index.php?rest_route=\/wp\/v2\/posts\/19076\/revisions"}],"predecessor-version":[{"id":19084,"href":"https:\/\/loboproduccionesaudiovisuales.ar\/index.php?rest_route=\/wp\/v2\/posts\/19076\/revisions\/19084"}],"wp:featuredmedia":[{"embeddable":true,"href":"https:\/\/loboproduccionesaudiovisuales.ar\/index.php?rest_route=\/wp\/v2\/media\/19077"}],"wp:attachment":[{"href":"https:\/\/loboproduccionesaudiovisuales.ar\/index.php?rest_route=%2Fwp%2Fv2%2Fmedia&parent=19076"}],"wp:term":[{"taxonomy":"category","embeddable":true,"href":"https:\/\/loboproduccionesaudiovisuales.ar\/index.php?rest_route=%2Fwp%2Fv2%2Fcategories&post=19076"},{"taxonomy":"post_tag","embeddable":true,"href":"https:\/\/loboproduccionesaudiovisuales.ar\/index.php?rest_route=%2Fwp%2Fv2%2Ftags&post=19076"}],"curies":[{"name":"wp","href":"https:\/\/api.w.org\/{rel}","templated":true}]}}