{"id":18925,"date":"2025-03-18T10:21:07","date_gmt":"2025-03-18T13:21:07","guid":{"rendered":"https:\/\/loboproduccionesaudiovisuales.ar\/?p=18925"},"modified":"2025-03-18T10:21:07","modified_gmt":"2025-03-18T13:21:07","slug":"el-cluster-de-nuez-pecan-presento-al-gobernador-las-jornadas-a-realizarse-en-entre-rios","status":"publish","type":"post","link":"https:\/\/loboproduccionesaudiovisuales.ar\/?p=18925","title":{"rendered":"El Cl\u00faster de nuez pec\u00e1n present\u00f3 al gobernador las Jornadas a realizarse en Entre R\u00edos"},"content":{"rendered":"<p><strong>El gobernador Rogelio Frigerio se reuni\u00f3 este lunes en la Casa de Entre R\u00edos en Buenos Aires con referentes del Cl\u00faster del Pec\u00e1n, que organizan la Jornada del Cl\u00faster 2025, en Concordia, donde se prev\u00e9 la participaci\u00f3n de m\u00e1s de 300 personas.<\/strong><\/p>\n<p>&nbsp;<\/p>\n<p>Las jornadas ser\u00e1n el 27 y 28 de marzo, bajo el eslogan Hacia una mirada integral de la cadena, en el Centro Provincial de Convenciones (CPC) de Concordia, con el objetivo de compartir experiencias y conocimientos adquiridos, y generar un entorno adecuado para discutir, colaborar y hacer negocios.<\/p>\n<p>Tras el encuentro, la gerente del Cl\u00faster del Pec\u00e1n, Nadia Venticinque, precis\u00f3 que en el encuentro con el gobernador le transmitieron algunos de los desaf\u00edos que \u00abestamos transitando en una provincia que es sumamente importante para para el pec\u00e1n, ya que cuenta con el 40 por ciento de la superficie plantada de Argentina y representa el 50 por ciento de la producci\u00f3n a nivel nacional\u00bb.<\/p>\n<p>Explic\u00f3 que Cl\u00faster del Pec\u00e1n es una asociaci\u00f3n sin fines de lucro que nuclea a 120 actores de la cadena del pec\u00e1n de Argentina.<\/p>\n<p>En tanto, el vicepresidente del Cl\u00faster del Pecan, Juan Pablo Passini, aprovech\u00f3 la instancia para invitar a todos a las Jornadas Nacionales del Cluster que se realizar\u00e1n en Concordia, en el Centro de Convenciones, el pr\u00f3ximo 27 y 28 de marzo. Precis\u00f3 que adem\u00e1s el d\u00eda 26 habr\u00e1 una jornada t\u00e9cnica a campo presencial sobre el manejo regenerativo del huerto de pec\u00e1n.<\/p>\n<p>&nbsp;<\/p>\n<p><strong>Las jornadas<\/strong><\/p>\n<p>Participar\u00e1n m\u00e1s de 300 asistentes de 5 pa\u00edses: Argentina, Uruguay, Brasil, M\u00e9xico y Estados Unidos.<\/p>\n<p>Disertar\u00e1n 20 expertos locales e internacionales de renombre presentando la \u00faltima informaci\u00f3n productiva, comercial y de mercados.<\/p>\n<p>Habr\u00e1 dos salones diferenciados para productores con plantaciones j\u00f3venes y productores con plantaciones maduras. Adem\u00e1s, muestra comercial con empresas de primer nivel que ofrecen productos, insumos y servicios al sector.<\/p>\n","protected":false},"excerpt":{"rendered":"<p>El gobernador Rogelio Frigerio se reuni\u00f3 este lunes en la Casa de Entre R\u00edos en Buenos Aires con referentes del&hellip;<\/p>\n","protected":false},"author":3,"featured_media":18926,"comment_status":"open","ping_status":"open","sticky":false,"template":"","format":"standard","meta":{"footnotes":""},"categories":[5,2,1,141,123,128,119,113],"tags":[476,375],"class_list":["post-18925","post","type-post","status-publish","format-standard","has-post-thumbnail","hentry","category-actualidad","category-agro","category-blog","category-economia","category-economias-regionales","category-entre-rios","category-institucionales","category-region","tag-cluster","tag-pecan"],"aioseo_notices":[],"_links":{"self":[{"href":"https:\/\/loboproduccionesaudiovisuales.ar\/index.php?rest_route=\/wp\/v2\/posts\/18925","targetHints":{"allow":["GET"]}}],"collection":[{"href":"https:\/\/loboproduccionesaudiovisuales.ar\/index.php?rest_route=\/wp\/v2\/posts"}],"about":[{"href":"https:\/\/loboproduccionesaudiovisuales.ar\/index.php?rest_route=\/wp\/v2\/types\/post"}],"author":[{"embeddable":true,"href":"https:\/\/loboproduccionesaudiovisuales.ar\/index.php?rest_route=\/wp\/v2\/users\/3"}],"replies":[{"embeddable":true,"href":"https:\/\/loboproduccionesaudiovisuales.ar\/index.php?rest_route=%2Fwp%2Fv2%2Fcomments&post=18925"}],"version-history":[{"count":1,"href":"https:\/\/loboproduccionesaudiovisuales.ar\/index.php?rest_route=\/wp\/v2\/posts\/18925\/revisions"}],"predecessor-version":[{"id":18927,"href":"https:\/\/loboproduccionesaudiovisuales.ar\/index.php?rest_route=\/wp\/v2\/posts\/18925\/revisions\/18927"}],"wp:featuredmedia":[{"embeddable":true,"href":"https:\/\/loboproduccionesaudiovisuales.ar\/index.php?rest_route=\/wp\/v2\/media\/18926"}],"wp:attachment":[{"href":"https:\/\/loboproduccionesaudiovisuales.ar\/index.php?rest_route=%2Fwp%2Fv2%2Fmedia&parent=18925"}],"wp:term":[{"taxonomy":"category","embeddable":true,"href":"https:\/\/loboproduccionesaudiovisuales.ar\/index.php?rest_route=%2Fwp%2Fv2%2Fcategories&post=18925"},{"taxonomy":"post_tag","embeddable":true,"href":"https:\/\/loboproduccionesaudiovisuales.ar\/index.php?rest_route=%2Fwp%2Fv2%2Ftags&post=18925"}],"curies":[{"name":"wp","href":"https:\/\/api.w.org\/{rel}","templated":true}]}}