{"id":18594,"date":"2025-02-19T09:33:51","date_gmt":"2025-02-19T12:33:51","guid":{"rendered":"https:\/\/loboproduccionesaudiovisuales.ar\/?p=18594"},"modified":"2025-02-19T09:33:51","modified_gmt":"2025-02-19T12:33:51","slug":"granja-tres-arroyos-paralizo-la-faena-hasta-nuevo-aviso-en-su-planta-de-concepcion-del-uruguay","status":"publish","type":"post","link":"https:\/\/loboproduccionesaudiovisuales.ar\/?p=18594","title":{"rendered":"Granja Tres Arroyos paraliz\u00f3 la faena hasta nuevo aviso en su planta de Concepci\u00f3n del Uruguay"},"content":{"rendered":"<p><strong>La empresa Granja Tres Arroyos, en la planta La China de Concepci\u00f3n del Uruguay, decidi\u00f3 \u201chasta nuevo aviso\u201d no empezar la faena, este mi\u00e9rcoles 19 de febrero.<\/strong><\/p>\n<p>&nbsp;<\/p>\n<p>Los trabajadores asisten a los lugares de trabajos, haciendo \u00abacto de presencia\u00bb.<\/p>\n<p>&nbsp;<\/p>\n<p>&nbsp;<\/p>\n<p><strong>Corte y acampe<\/strong><\/p>\n<p>Trabajadores y sus familias, realizar\u00e1n este mi\u00e9rcoles a las 9 horas un corte en el acceso a la planta La China.<\/p>\n<p>&nbsp;<\/p>\n<p>Lo har\u00e1n debido a la falta de pago de la quincena, y un porcentaje adeudado. Por si fuese poco, sigue latente la amenaza de despidos a 400 empleados.<\/p>\n<p><strong>\u00a0<\/strong><\/p>\n<p><strong>C\u00f3mo empez\u00f3<\/strong><\/p>\n<p>El conflicto empez\u00f3 a gestarse en noviembre de 2024, cuando la empresa de la familia De Grazia resolvi\u00f3 quitarles a los trabajadores un pago adicional que cobraban desde hace casi 40 a\u00f1os, lo que representaba en la liquidaci\u00f3n final el 21 por ciento del sueldo. En las negociaciones, la patronal intim\u00f3 a que aceptasen la reducci\u00f3n salarial o desped\u00edan gente, inform\u00f3 La Pir\u00e1mide.<\/p>\n<p>&nbsp;<\/p>\n<p>Despu\u00e9s, se agrav\u00f3 cuando pidieron a los trabajadores que firmen \u00ablos preventivos de crisis\u00bb, que implicaban descuentos y renuncias a derechos adquiridos por los trabajadores de la planta faenadora de pollos desde hace muchos a\u00f1os.<\/p>\n<p>&nbsp;<\/p>\n<p>Ante la negativa gremial, el Directorio de Tres Arroyos amenaz\u00f3 con despedir a 400 trabajadores, lo que empez\u00f3 a cumplir parcialmente, llevaban 80 telegramas enviados cuando el gremio decret\u00f3 el paro general en la planta el 27 de enero.<\/p>\n<p>&nbsp;<\/p>\n<p>Ello deriv\u00f3 en la conciliaci\u00f3n obligatoria dictada por el organismo laboral estatal durante 15 d\u00edas, durante ese plazo la empresa deb\u00eda reintegrar a los despedidos y se ponerse al d\u00eda con los sueldos.<\/p>\n","protected":false},"excerpt":{"rendered":"<p>La empresa Granja Tres Arroyos, en la planta La China de Concepci\u00f3n del Uruguay, decidi\u00f3 \u201chasta nuevo aviso\u201d no empezar&hellip;<\/p>\n","protected":false},"author":3,"featured_media":18568,"comment_status":"open","ping_status":"open","sticky":false,"template":"","format":"standard","meta":{"footnotes":""},"categories":[5,1,128,119,174],"tags":[434],"class_list":["post-18594","post","type-post","status-publish","format-standard","has-post-thumbnail","hentry","category-actualidad","category-blog","category-entre-rios","category-institucionales","category-sindicales","tag-granja-tres-arroyos"],"aioseo_notices":[],"aioseo_head":"\n\t\t<!-- All in One SEO 5.0.1.1 - aioseo.com -->\n\t<meta name=\"description\" content=\"La empresa Granja Tres Arroyos, en la planta La China de Concepci\u00f3n del Uruguay, decidi\u00f3 \u201chasta nuevo aviso\u201d no empezar la faena, este mi\u00e9rcoles 19 de febrero. Los trabajadores asisten a los lugares de trabajos, haciendo \u00abacto de presencia\u00bb. Corte y acampe Trabajadores y sus familias, realizar\u00e1n este mi\u00e9rcoles a las 9\" \/>\n\t<meta name=\"robots\" content=\"max-image-preview:large\" \/>\n\t<meta name=\"author\" content=\"Gustavo Werner\"\/>\n\t<link rel=\"canonical\" href=\"https:\/\/loboproduccionesaudiovisuales.ar\/?p=18594\" \/>\n\t<meta name=\"generator\" content=\"All in One SEO (AIOSEO) 5.0.1.1\" \/>\n\t\t<meta property=\"og:locale\" content=\"es_ES\" \/>\n\t\t<meta property=\"og:site_name\" content=\"LOBO PRODUCCIONES AUDIOVISUALES - Sitio digital de noticias agroindustriales\" \/>\n\t\t<meta property=\"og:type\" content=\"article\" \/>\n\t\t<meta property=\"og:title\" content=\"Granja Tres Arroyos paraliz\u00f3 la faena hasta nuevo aviso en su planta de Concepci\u00f3n del Uruguay - LOBO PRODUCCIONES AUDIOVISUALES\" \/>\n\t\t<meta property=\"og:description\" content=\"La empresa Granja Tres Arroyos, en la planta La China de Concepci\u00f3n del Uruguay, decidi\u00f3 \u201chasta nuevo aviso\u201d no empezar la faena, este mi\u00e9rcoles 19 de febrero. Los trabajadores asisten a los lugares de trabajos, haciendo \u00abacto de presencia\u00bb. Corte y acampe Trabajadores y sus familias, realizar\u00e1n este mi\u00e9rcoles a las 9\" \/>\n\t\t<meta property=\"og:url\" content=\"https:\/\/loboproduccionesaudiovisuales.ar\/?p=18594\" \/>\n\t\t<meta property=\"og:image\" content=\"https:\/\/loboproduccionesaudiovisuales.ar\/wp-content\/uploads\/2023\/07\/LPA-web.jpg\" \/>\n\t\t<meta property=\"og:image:secure_url\" content=\"https:\/\/loboproduccionesaudiovisuales.ar\/wp-content\/uploads\/2023\/07\/LPA-web.jpg\" \/>\n\t\t<meta property=\"article:published_time\" content=\"2025-02-19T12:33:51+00:00\" \/>\n\t\t<meta property=\"article:modified_time\" content=\"2025-02-19T12:33:51+00:00\" \/>\n\t\t<meta name=\"twitter:card\" content=\"summary_large_image\" \/>\n\t\t<meta name=\"twitter:title\" content=\"Granja Tres Arroyos paraliz\u00f3 la faena hasta nuevo aviso en su planta de Concepci\u00f3n del Uruguay - LOBO PRODUCCIONES AUDIOVISUALES\" \/>\n\t\t<meta name=\"twitter:description\" content=\"La empresa Granja Tres Arroyos, en la planta La China de Concepci\u00f3n del Uruguay, decidi\u00f3 \u201chasta nuevo aviso\u201d no empezar la faena, este mi\u00e9rcoles 19 de febrero. Los trabajadores asisten a los lugares de trabajos, haciendo \u00abacto de presencia\u00bb. Corte y acampe Trabajadores y sus familias, realizar\u00e1n este mi\u00e9rcoles a las 9\" \/>\n\t\t<meta name=\"twitter:image\" content=\"https:\/\/loboproduccionesaudiovisuales.ar\/wp-content\/uploads\/2023\/07\/LPA-web.jpg\" \/>\n\t\t<script type=\"application\/ld+json\" class=\"aioseo-schema\">\n\t\t\t{\"@context\":\"https:\\\/\\\/schema.org\",\"@graph\":[{\"@type\":\"BlogPosting\",\"@id\":\"https:\\\/\\\/loboproduccionesaudiovisuales.ar\\\/?p=18594#blogposting\",\"name\":\"Granja Tres Arroyos paraliz\\u00f3 la faena hasta nuevo aviso en su planta de Concepci\\u00f3n del Uruguay - LOBO PRODUCCIONES AUDIOVISUALES\",\"headline\":\"Granja Tres Arroyos paraliz\\u00f3 la faena hasta nuevo aviso en su planta de Concepci\\u00f3n del Uruguay\",\"author\":{\"@id\":\"https:\\\/\\\/loboproduccionesaudiovisuales.ar\\\/?author=3#author\"},\"publisher\":{\"@id\":\"https:\\\/\\\/loboproduccionesaudiovisuales.ar\\\/#organization\"},\"image\":{\"@type\":\"ImageObject\",\"url\":\"https:\\\/\\\/loboproduccionesaudiovisuales.ar\\\/wp-content\\\/uploads\\\/2025\\\/02\\\/TRES-ARROYOS.jpg\",\"width\":768,\"height\":426},\"datePublished\":\"2025-02-19T09:33:51-03:00\",\"dateModified\":\"2025-02-19T09:33:51-03:00\",\"inLanguage\":\"es-AR\",\"mainEntityOfPage\":{\"@id\":\"https:\\\/\\\/loboproduccionesaudiovisuales.ar\\\/?p=18594#webpage\"},\"isPartOf\":{\"@id\":\"https:\\\/\\\/loboproduccionesaudiovisuales.ar\\\/?p=18594#webpage\"},\"articleSection\":\"ACTUALIDAD, Blog, ENTRE RIOS, INSTITUCIONALES, SINDICALES, Granja Tres Arroyos\"},{\"@type\":\"BreadcrumbList\",\"@id\":\"https:\\\/\\\/loboproduccionesaudiovisuales.ar\\\/?p=18594#breadcrumblist\",\"itemListElement\":[{\"@type\":\"ListItem\",\"@id\":\"https:\\\/\\\/loboproduccionesaudiovisuales.ar#listItem\",\"position\":1,\"name\":\"Home\",\"item\":\"https:\\\/\\\/loboproduccionesaudiovisuales.ar\",\"nextItem\":{\"@type\":\"ListItem\",\"@id\":\"https:\\\/\\\/loboproduccionesaudiovisuales.ar\\\/?cat=1#listItem\",\"name\":\"Blog\"}},{\"@type\":\"ListItem\",\"@id\":\"https:\\\/\\\/loboproduccionesaudiovisuales.ar\\\/?cat=1#listItem\",\"position\":2,\"name\":\"Blog\",\"item\":\"https:\\\/\\\/loboproduccionesaudiovisuales.ar\\\/?cat=1\",\"nextItem\":{\"@type\":\"ListItem\",\"@id\":\"https:\\\/\\\/loboproduccionesaudiovisuales.ar\\\/?p=18594#listItem\",\"name\":\"Granja Tres Arroyos paraliz\\u00f3 la faena hasta nuevo aviso en su planta de Concepci\\u00f3n del Uruguay\"},\"previousItem\":{\"@type\":\"ListItem\",\"@id\":\"https:\\\/\\\/loboproduccionesaudiovisuales.ar#listItem\",\"name\":\"Home\"}},{\"@type\":\"ListItem\",\"@id\":\"https:\\\/\\\/loboproduccionesaudiovisuales.ar\\\/?p=18594#listItem\",\"position\":3,\"name\":\"Granja Tres Arroyos paraliz\\u00f3 la faena hasta nuevo aviso en su planta de Concepci\\u00f3n del Uruguay\",\"previousItem\":{\"@type\":\"ListItem\",\"@id\":\"https:\\\/\\\/loboproduccionesaudiovisuales.ar\\\/?cat=1#listItem\",\"name\":\"Blog\"}}]},{\"@type\":\"Organization\",\"@id\":\"https:\\\/\\\/loboproduccionesaudiovisuales.ar\\\/#organization\",\"name\":\"loboproduccionesaudiovisuales.ar\",\"description\":\"Sitio digital de noticias agroindustriales\",\"url\":\"https:\\\/\\\/loboproduccionesaudiovisuales.ar\\\/\",\"logo\":{\"@type\":\"ImageObject\",\"url\":\"https:\\\/\\\/loboproduccionesaudiovisuales.ar\\\/wp-content\\\/uploads\\\/2023\\\/07\\\/LPA-web.jpg\",\"@id\":\"https:\\\/\\\/loboproduccionesaudiovisuales.ar\\\/?p=18594\\\/#organizationLogo\",\"width\":500,\"height\":144},\"image\":{\"@id\":\"https:\\\/\\\/loboproduccionesaudiovisuales.ar\\\/?p=18594\\\/#organizationLogo\"}},{\"@type\":\"Person\",\"@id\":\"https:\\\/\\\/loboproduccionesaudiovisuales.ar\\\/?author=3#author\",\"url\":\"https:\\\/\\\/loboproduccionesaudiovisuales.ar\\\/?author=3\",\"name\":\"Gustavo Werner\",\"image\":{\"@type\":\"ImageObject\",\"@id\":\"https:\\\/\\\/loboproduccionesaudiovisuales.ar\\\/?p=18594#authorImage\",\"url\":\"https:\\\/\\\/loboproduccionesaudiovisuales.ar\\\/wp-content\\\/litespeed\\\/avatar\\\/de09dfb254ecca8d89a27b1f284fdb4d.jpg?ver=1788575391\",\"width\":96,\"height\":96,\"caption\":\"Gustavo Werner\"}},{\"@type\":\"WebPage\",\"@id\":\"https:\\\/\\\/loboproduccionesaudiovisuales.ar\\\/?p=18594#webpage\",\"url\":\"https:\\\/\\\/loboproduccionesaudiovisuales.ar\\\/?p=18594\",\"name\":\"Granja Tres Arroyos paraliz\\u00f3 la faena hasta nuevo aviso en su planta de Concepci\\u00f3n del Uruguay - LOBO PRODUCCIONES AUDIOVISUALES\",\"description\":\"La empresa Granja Tres Arroyos, en la planta La China de Concepci\\u00f3n del Uruguay, decidi\\u00f3 \\u201chasta nuevo aviso\\u201d no empezar la faena, este mi\\u00e9rcoles 19 de febrero. Los trabajadores asisten a los lugares de trabajos, haciendo \\u00abacto de presencia\\u00bb. Corte y acampe Trabajadores y sus familias, realizar\\u00e1n este mi\\u00e9rcoles a las 9\",\"inLanguage\":\"es-AR\",\"isPartOf\":{\"@id\":\"https:\\\/\\\/loboproduccionesaudiovisuales.ar\\\/#website\"},\"breadcrumb\":{\"@id\":\"https:\\\/\\\/loboproduccionesaudiovisuales.ar\\\/?p=18594#breadcrumblist\"},\"author\":{\"@id\":\"https:\\\/\\\/loboproduccionesaudiovisuales.ar\\\/?author=3#author\"},\"creator\":{\"@id\":\"https:\\\/\\\/loboproduccionesaudiovisuales.ar\\\/?author=3#author\"},\"image\":{\"@type\":\"ImageObject\",\"url\":\"https:\\\/\\\/loboproduccionesaudiovisuales.ar\\\/wp-content\\\/uploads\\\/2025\\\/02\\\/TRES-ARROYOS.jpg\",\"@id\":\"https:\\\/\\\/loboproduccionesaudiovisuales.ar\\\/?p=18594\\\/#mainImage\",\"width\":768,\"height\":426},\"primaryImageOfPage\":{\"@id\":\"https:\\\/\\\/loboproduccionesaudiovisuales.ar\\\/?p=18594#mainImage\"},\"datePublished\":\"2025-02-19T09:33:51-03:00\",\"dateModified\":\"2025-02-19T09:33:51-03:00\"},{\"@type\":\"WebSite\",\"@id\":\"https:\\\/\\\/loboproduccionesaudiovisuales.ar\\\/#website\",\"url\":\"https:\\\/\\\/loboproduccionesaudiovisuales.ar\\\/\",\"name\":\"loboproduccionesaudiovisuales.ar\",\"alternateName\":\"Lobo Producciones\",\"description\":\"Sitio digital de noticias agroindustriales\",\"inLanguage\":\"es-AR\",\"publisher\":{\"@id\":\"https:\\\/\\\/loboproduccionesaudiovisuales.ar\\\/#organization\"}}]}\n\t\t<\/script>\n\t\t<!-- All in One SEO -->\n\n","aioseo_head_json":{"title":"Granja Tres Arroyos paraliz\u00f3 la faena hasta nuevo aviso en su planta de Concepci\u00f3n del Uruguay - LOBO PRODUCCIONES AUDIOVISUALES","description":"La empresa Granja Tres Arroyos, en la planta La China de Concepci\u00f3n del Uruguay, decidi\u00f3 \u201chasta nuevo aviso\u201d no empezar la faena, este mi\u00e9rcoles 19 de febrero. Los trabajadores asisten a los lugares de trabajos, haciendo \u00abacto de presencia\u00bb. Corte y acampe Trabajadores y sus familias, realizar\u00e1n este mi\u00e9rcoles a las 9","canonical_url":"https:\/\/loboproduccionesaudiovisuales.ar\/?p=18594","robots":"max-image-preview:large","keywords":"","webmasterTools":{"miscellaneous":""},"schema":{"@context":"https:\/\/schema.org","@graph":[{"@type":"BlogPosting","@id":"https:\/\/loboproduccionesaudiovisuales.ar\/?p=18594#blogposting","name":"Granja Tres Arroyos paraliz\u00f3 la faena hasta nuevo aviso en su planta de Concepci\u00f3n del Uruguay - LOBO PRODUCCIONES AUDIOVISUALES","headline":"Granja Tres Arroyos paraliz\u00f3 la faena hasta nuevo aviso en su planta de Concepci\u00f3n del Uruguay","author":{"@id":"https:\/\/loboproduccionesaudiovisuales.ar\/?author=3#author"},"publisher":{"@id":"https:\/\/loboproduccionesaudiovisuales.ar\/#organization"},"image":{"@type":"ImageObject","url":"https:\/\/loboproduccionesaudiovisuales.ar\/wp-content\/uploads\/2025\/02\/TRES-ARROYOS.jpg","width":768,"height":426},"datePublished":"2025-02-19T09:33:51-03:00","dateModified":"2025-02-19T09:33:51-03:00","inLanguage":"es-AR","mainEntityOfPage":{"@id":"https:\/\/loboproduccionesaudiovisuales.ar\/?p=18594#webpage"},"isPartOf":{"@id":"https:\/\/loboproduccionesaudiovisuales.ar\/?p=18594#webpage"},"articleSection":"ACTUALIDAD, Blog, ENTRE RIOS, INSTITUCIONALES, SINDICALES, Granja Tres Arroyos"},{"@type":"BreadcrumbList","@id":"https:\/\/loboproduccionesaudiovisuales.ar\/?p=18594#breadcrumblist","itemListElement":[{"@type":"ListItem","@id":"https:\/\/loboproduccionesaudiovisuales.ar#listItem","position":1,"name":"Home","item":"https:\/\/loboproduccionesaudiovisuales.ar","nextItem":{"@type":"ListItem","@id":"https:\/\/loboproduccionesaudiovisuales.ar\/?cat=1#listItem","name":"Blog"}},{"@type":"ListItem","@id":"https:\/\/loboproduccionesaudiovisuales.ar\/?cat=1#listItem","position":2,"name":"Blog","item":"https:\/\/loboproduccionesaudiovisuales.ar\/?cat=1","nextItem":{"@type":"ListItem","@id":"https:\/\/loboproduccionesaudiovisuales.ar\/?p=18594#listItem","name":"Granja Tres Arroyos paraliz\u00f3 la faena hasta nuevo aviso en su planta de Concepci\u00f3n del Uruguay"},"previousItem":{"@type":"ListItem","@id":"https:\/\/loboproduccionesaudiovisuales.ar#listItem","name":"Home"}},{"@type":"ListItem","@id":"https:\/\/loboproduccionesaudiovisuales.ar\/?p=18594#listItem","position":3,"name":"Granja Tres Arroyos paraliz\u00f3 la faena hasta nuevo aviso en su planta de Concepci\u00f3n del Uruguay","previousItem":{"@type":"ListItem","@id":"https:\/\/loboproduccionesaudiovisuales.ar\/?cat=1#listItem","name":"Blog"}}]},{"@type":"Organization","@id":"https:\/\/loboproduccionesaudiovisuales.ar\/#organization","name":"loboproduccionesaudiovisuales.ar","description":"Sitio digital de noticias agroindustriales","url":"https:\/\/loboproduccionesaudiovisuales.ar\/","logo":{"@type":"ImageObject","url":"https:\/\/loboproduccionesaudiovisuales.ar\/wp-content\/uploads\/2023\/07\/LPA-web.jpg","@id":"https:\/\/loboproduccionesaudiovisuales.ar\/?p=18594\/#organizationLogo","width":500,"height":144},"image":{"@id":"https:\/\/loboproduccionesaudiovisuales.ar\/?p=18594\/#organizationLogo"}},{"@type":"Person","@id":"https:\/\/loboproduccionesaudiovisuales.ar\/?author=3#author","url":"https:\/\/loboproduccionesaudiovisuales.ar\/?author=3","name":"Gustavo Werner","image":{"@type":"ImageObject","@id":"https:\/\/loboproduccionesaudiovisuales.ar\/?p=18594#authorImage","url":"https:\/\/loboproduccionesaudiovisuales.ar\/wp-content\/litespeed\/avatar\/de09dfb254ecca8d89a27b1f284fdb4d.jpg?ver=1788575391","width":96,"height":96,"caption":"Gustavo Werner"}},{"@type":"WebPage","@id":"https:\/\/loboproduccionesaudiovisuales.ar\/?p=18594#webpage","url":"https:\/\/loboproduccionesaudiovisuales.ar\/?p=18594","name":"Granja Tres Arroyos paraliz\u00f3 la faena hasta nuevo aviso en su planta de Concepci\u00f3n del Uruguay - LOBO PRODUCCIONES AUDIOVISUALES","description":"La empresa Granja Tres Arroyos, en la planta La China de Concepci\u00f3n del Uruguay, decidi\u00f3 \u201chasta nuevo aviso\u201d no empezar la faena, este mi\u00e9rcoles 19 de febrero. Los trabajadores asisten a los lugares de trabajos, haciendo \u00abacto de presencia\u00bb. Corte y acampe Trabajadores y sus familias, realizar\u00e1n este mi\u00e9rcoles a las 9","inLanguage":"es-AR","isPartOf":{"@id":"https:\/\/loboproduccionesaudiovisuales.ar\/#website"},"breadcrumb":{"@id":"https:\/\/loboproduccionesaudiovisuales.ar\/?p=18594#breadcrumblist"},"author":{"@id":"https:\/\/loboproduccionesaudiovisuales.ar\/?author=3#author"},"creator":{"@id":"https:\/\/loboproduccionesaudiovisuales.ar\/?author=3#author"},"image":{"@type":"ImageObject","url":"https:\/\/loboproduccionesaudiovisuales.ar\/wp-content\/uploads\/2025\/02\/TRES-ARROYOS.jpg","@id":"https:\/\/loboproduccionesaudiovisuales.ar\/?p=18594\/#mainImage","width":768,"height":426},"primaryImageOfPage":{"@id":"https:\/\/loboproduccionesaudiovisuales.ar\/?p=18594#mainImage"},"datePublished":"2025-02-19T09:33:51-03:00","dateModified":"2025-02-19T09:33:51-03:00"},{"@type":"WebSite","@id":"https:\/\/loboproduccionesaudiovisuales.ar\/#website","url":"https:\/\/loboproduccionesaudiovisuales.ar\/","name":"loboproduccionesaudiovisuales.ar","alternateName":"Lobo Producciones","description":"Sitio digital de noticias agroindustriales","inLanguage":"es-AR","publisher":{"@id":"https:\/\/loboproduccionesaudiovisuales.ar\/#organization"}}]},"og:locale":"es_ES","og:site_name":"LOBO PRODUCCIONES AUDIOVISUALES - Sitio digital de noticias agroindustriales","og:type":"article","og:title":"Granja Tres Arroyos paraliz\u00f3 la faena hasta nuevo aviso en su planta de Concepci\u00f3n del Uruguay - LOBO PRODUCCIONES AUDIOVISUALES","og:description":"La empresa Granja Tres Arroyos, en la planta La China de Concepci\u00f3n del Uruguay, decidi\u00f3 \u201chasta nuevo aviso\u201d no empezar la faena, este mi\u00e9rcoles 19 de febrero. Los trabajadores asisten a los lugares de trabajos, haciendo \u00abacto de presencia\u00bb. Corte y acampe Trabajadores y sus familias, realizar\u00e1n este mi\u00e9rcoles a las 9","og:url":"https:\/\/loboproduccionesaudiovisuales.ar\/?p=18594","og:image":"https:\/\/loboproduccionesaudiovisuales.ar\/wp-content\/uploads\/2023\/07\/LPA-web.jpg","og:image:secure_url":"https:\/\/loboproduccionesaudiovisuales.ar\/wp-content\/uploads\/2023\/07\/LPA-web.jpg","article:published_time":"2025-02-19T12:33:51+00:00","article:modified_time":"2025-02-19T12:33:51+00:00","twitter:card":"summary_large_image","twitter:title":"Granja Tres Arroyos paraliz\u00f3 la faena hasta nuevo aviso en su planta de Concepci\u00f3n del Uruguay - LOBO PRODUCCIONES AUDIOVISUALES","twitter:description":"La empresa Granja Tres Arroyos, en la planta La China de Concepci\u00f3n del Uruguay, decidi\u00f3 \u201chasta nuevo aviso\u201d no empezar la faena, este mi\u00e9rcoles 19 de febrero. Los trabajadores asisten a los lugares de trabajos, haciendo \u00abacto de presencia\u00bb. Corte y acampe Trabajadores y sus familias, realizar\u00e1n este mi\u00e9rcoles a las 9","twitter:image":"https:\/\/loboproduccionesaudiovisuales.ar\/wp-content\/uploads\/2023\/07\/LPA-web.jpg"},"aioseo_meta_data":{"post_id":"18594","title":null,"description":null,"keywords":null,"keyphrases":{"focus":{"keyphrase":"","score":0,"analysis":{"keyphraseInTitle":{"score":0,"maxScore":9,"error":1}}},"additional":[]},"primary_term":null,"canonical_url":null,"og_title":null,"og_description":null,"og_object_type":"default","og_image_type":"default","og_image_url":null,"og_image_width":null,"og_image_height":null,"og_image_custom_url":null,"og_image_custom_fields":null,"og_video":"","og_custom_url":null,"og_article_section":null,"og_article_tags":null,"twitter_use_og":false,"twitter_card":"default","twitter_image_type":"default","twitter_image_url":null,"twitter_image_custom_url":null,"twitter_image_custom_fields":null,"twitter_title":null,"twitter_description":null,"schema":{"blockGraphs":[],"customGraphs":[],"default":{"data":{"Article":[],"Course":[],"Dataset":[],"FAQPage":[],"Movie":[],"Person":[],"Product":[],"ProductReview":[],"Car":[],"Recipe":[],"Service":[],"SoftwareApplication":[],"WebPage":[]},"graphName":"BlogPosting","isEnabled":true},"graphs":[]},"schema_type":"default","schema_type_options":null,"pillar_content":false,"robots_default":true,"robots_noindex":false,"robots_noarchive":false,"robots_nosnippet":false,"robots_nofollow":false,"robots_noimageindex":false,"robots_noodp":false,"robots_notranslate":false,"robots_max_snippet":"-1","robots_max_videopreview":"-1","robots_max_imagepreview":"large","priority":null,"frequency":"default","local_seo":null,"breadcrumb_settings":null,"limit_modified_date":false,"ai":null,"created":"2025-02-19 12:33:51","updated":"2025-06-05 01:40:21","seo_analyzer_scan_date":null,"focus_keyword":null,"additional_keywords":null,"truseo_locale":null},"aioseo_breadcrumb":"<div class=\"aioseo-breadcrumbs\"><span class=\"aioseo-breadcrumb\">\n\t\t\t<a href=\"https:\/\/loboproduccionesaudiovisuales.ar\" title=\"Home\">Home<\/a>\n\t\t<\/span><span class=\"aioseo-breadcrumb-separator\">&raquo;<\/span><span class=\"aioseo-breadcrumb\">\n\t\t\t<a href=\"https:\/\/loboproduccionesaudiovisuales.ar\/?cat=1\" title=\"Blog\">Blog<\/a>\n\t\t<\/span><span class=\"aioseo-breadcrumb-separator\">&raquo;<\/span><span class=\"aioseo-breadcrumb\">\n\t\t\tGranja Tres Arroyos paraliz\u00f3 la faena hasta nuevo aviso en su planta de Concepci\u00f3n del Uruguay\n\t\t<\/span><\/div>","aioseo_breadcrumb_json":[{"label":"Home","link":"https:\/\/loboproduccionesaudiovisuales.ar"},{"label":"Blog","link":"https:\/\/loboproduccionesaudiovisuales.ar\/?cat=1"},{"label":"Granja Tres Arroyos paraliz\u00f3 la faena hasta nuevo aviso en su planta de Concepci\u00f3n del Uruguay","link":"https:\/\/loboproduccionesaudiovisuales.ar\/?p=18594"}],"_links":{"self":[{"href":"https:\/\/loboproduccionesaudiovisuales.ar\/index.php?rest_route=\/wp\/v2\/posts\/18594","targetHints":{"allow":["GET"]}}],"collection":[{"href":"https:\/\/loboproduccionesaudiovisuales.ar\/index.php?rest_route=\/wp\/v2\/posts"}],"about":[{"href":"https:\/\/loboproduccionesaudiovisuales.ar\/index.php?rest_route=\/wp\/v2\/types\/post"}],"author":[{"embeddable":true,"href":"https:\/\/loboproduccionesaudiovisuales.ar\/index.php?rest_route=\/wp\/v2\/users\/3"}],"replies":[{"embeddable":true,"href":"https:\/\/loboproduccionesaudiovisuales.ar\/index.php?rest_route=%2Fwp%2Fv2%2Fcomments&post=18594"}],"version-history":[{"count":1,"href":"https:\/\/loboproduccionesaudiovisuales.ar\/index.php?rest_route=\/wp\/v2\/posts\/18594\/revisions"}],"predecessor-version":[{"id":18595,"href":"https:\/\/loboproduccionesaudiovisuales.ar\/index.php?rest_route=\/wp\/v2\/posts\/18594\/revisions\/18595"}],"wp:featuredmedia":[{"embeddable":true,"href":"https:\/\/loboproduccionesaudiovisuales.ar\/index.php?rest_route=\/wp\/v2\/media\/18568"}],"wp:attachment":[{"href":"https:\/\/loboproduccionesaudiovisuales.ar\/index.php?rest_route=%2Fwp%2Fv2%2Fmedia&parent=18594"}],"wp:term":[{"taxonomy":"category","embeddable":true,"href":"https:\/\/loboproduccionesaudiovisuales.ar\/index.php?rest_route=%2Fwp%2Fv2%2Fcategories&post=18594"},{"taxonomy":"post_tag","embeddable":true,"href":"https:\/\/loboproduccionesaudiovisuales.ar\/index.php?rest_route=%2Fwp%2Fv2%2Ftags&post=18594"}],"curies":[{"name":"wp","href":"https:\/\/api.w.org\/{rel}","templated":true}]}}