{"id":18358,"date":"2025-02-03T16:39:05","date_gmt":"2025-02-03T19:39:05","guid":{"rendered":"https:\/\/loboproduccionesaudiovisuales.ar\/?p=18358"},"modified":"2025-02-03T16:39:40","modified_gmt":"2025-02-03T19:39:40","slug":"desde-entre-rios-advierten-que-si-no-hay-una-quita-total-de-las-retenciones-muchos-productores-quedaran-fuera-del-sistema","status":"publish","type":"post","link":"https:\/\/loboproduccionesaudiovisuales.ar\/?p=18358","title":{"rendered":"Desde Entre R\u00edos advierten que si no hay una quita total de las retenciones \u201cmuchos productores quedar\u00e1n fuera del sistema\u201d"},"content":{"rendered":"<p><strong>\u201cVamos por la eliminaci\u00f3n total de las retenciones, caso contrario, varios quedar\u00e1n en el camino&#8221;, afirm\u00f3 Adolfo De Zan, Presidente de la Filial Larroque de la Federaci\u00f3n Agraria Argentina de Entre R\u00edos.<\/strong><\/p>\n<p>&nbsp;<\/p>\n<p>El dirigente rural se refiri\u00f3 al momento por el que atraviesa el peque\u00f1o y mediano productor, y tambi\u00e9n opin\u00f3 sobre la baja parcial en las retenciones, que se extender\u00e1 hasta el 30 de junio.<\/p>\n<p>&nbsp;<\/p>\n<p>El federado se\u00f1al\u00f3 que &#8220;toda quita de retenciones es bienvenida, pero la baja al peque\u00f1o y mediano productor le favorece poco y nada, porque el chacarero est\u00e1 en rojo. Es as\u00ed, que nosotros vamos por la eliminaci\u00f3n total, caso contrario, varios quedar\u00e1n en el camino&#8221;.<\/p>\n<p>&nbsp;<\/p>\n<p>De Zan afirm\u00f3 que &#8220;en la Filial Larroque se ha charlado y mucho sobre este tema y si no se quitan las retenciones ser\u00e1 el final para muchos productores que lamentablemente quedar\u00e1n fuera del sistema, como tantos otros en tiempos no muy lejanos&#8221;.\u00a0 En este marco se pregunt\u00f3 \u00bfQu\u00e9 va a pasar con esa gente? &#8220;Seguramente, con un poco de fortuna, ser pe\u00f3n de los grandes grupos concentrados y prestar servicios por unas migajas, con los fierros que le queden&#8221;, explic\u00f3.<\/p>\n<p>&nbsp;<\/p>\n<p>Por otra parte, el dirigente advirti\u00f3 &#8220;si no nos escucha el gobierno, el chico seguir\u00e1 en v\u00edas de extinci\u00f3n&#8221; y agreg\u00f3: \u201cEn mi caso hago un poco de ganader\u00eda y presto servicios, ya que sembrar no puedo porque los n\u00fameros no cierran de ninguna manera. Adem\u00e1s, no tenemos volumen como para negociar precios, como s\u00ed ocurre con los grandes inversores que arrasan con todo campo, alquil\u00e1ndolos a precios que nosotros ni en sue\u00f1os podemos pagar&#8221;.<\/p>\n<p>&nbsp;<\/p>\n<p>APFDigital<\/p>\n","protected":false},"excerpt":{"rendered":"<p>\u201cVamos por la eliminaci\u00f3n total de las retenciones, caso contrario, varios quedar\u00e1n en el camino&#8221;, afirm\u00f3 Adolfo De Zan, Presidente&hellip;<\/p>\n","protected":false},"author":3,"featured_media":18359,"comment_status":"open","ping_status":"open","sticky":false,"template":"","format":"standard","meta":{"footnotes":""},"categories":[5,203,2,1,141,104,168],"tags":[261],"class_list":["post-18358","post","type-post","status-publish","format-standard","has-post-thumbnail","hentry","category-actualidad","category-agricultura","category-agro","category-blog","category-economia","category-industria","category-nacionales","tag-retenciones"],"aioseo_notices":[],"aioseo_head":"\n\t\t<!-- All in One SEO 5.0.1.1 - aioseo.com -->\n\t<meta name=\"description\" content=\"\u201cVamos por la eliminaci\u00f3n total de las retenciones, caso contrario, varios quedar\u00e1n en el camino&quot;, afirm\u00f3 Adolfo De Zan, Presidente de la Filial Larroque de la Federaci\u00f3n Agraria Argentina de Entre R\u00edos. El dirigente rural se refiri\u00f3 al momento por el que atraviesa el peque\u00f1o y mediano productor, y tambi\u00e9n opin\u00f3 sobre la baja\" \/>\n\t<meta name=\"robots\" content=\"max-image-preview:large\" \/>\n\t<meta name=\"author\" content=\"Gustavo Werner\"\/>\n\t<link rel=\"canonical\" href=\"https:\/\/loboproduccionesaudiovisuales.ar\/?p=18358\" \/>\n\t<meta name=\"generator\" content=\"All in One SEO (AIOSEO) 5.0.1.1\" \/>\n\t\t<meta property=\"og:locale\" content=\"es_ES\" \/>\n\t\t<meta property=\"og:site_name\" content=\"LOBO PRODUCCIONES AUDIOVISUALES - Sitio digital de noticias agroindustriales\" \/>\n\t\t<meta property=\"og:type\" content=\"article\" \/>\n\t\t<meta property=\"og:title\" content=\"Desde Entre R\u00edos advierten que si no hay una quita total de las retenciones \u201cmuchos productores quedar\u00e1n fuera del sistema\u201d - LOBO PRODUCCIONES AUDIOVISUALES\" \/>\n\t\t<meta property=\"og:description\" content=\"\u201cVamos por la eliminaci\u00f3n total de las retenciones, caso contrario, varios quedar\u00e1n en el camino&quot;, afirm\u00f3 Adolfo De Zan, Presidente de la Filial Larroque de la Federaci\u00f3n Agraria Argentina de Entre R\u00edos. El dirigente rural se refiri\u00f3 al momento por el que atraviesa el peque\u00f1o y mediano productor, y tambi\u00e9n opin\u00f3 sobre la baja\" \/>\n\t\t<meta property=\"og:url\" content=\"https:\/\/loboproduccionesaudiovisuales.ar\/?p=18358\" \/>\n\t\t<meta property=\"og:image\" content=\"https:\/\/loboproduccionesaudiovisuales.ar\/wp-content\/uploads\/2023\/07\/LPA-web.jpg\" \/>\n\t\t<meta property=\"og:image:secure_url\" content=\"https:\/\/loboproduccionesaudiovisuales.ar\/wp-content\/uploads\/2023\/07\/LPA-web.jpg\" \/>\n\t\t<meta property=\"article:published_time\" content=\"2025-02-03T19:39:05+00:00\" \/>\n\t\t<meta property=\"article:modified_time\" content=\"2025-02-03T19:39:40+00:00\" \/>\n\t\t<meta name=\"twitter:card\" content=\"summary_large_image\" \/>\n\t\t<meta name=\"twitter:title\" content=\"Desde Entre R\u00edos advierten que si no hay una quita total de las retenciones \u201cmuchos productores quedar\u00e1n fuera del sistema\u201d - LOBO PRODUCCIONES AUDIOVISUALES\" \/>\n\t\t<meta name=\"twitter:description\" content=\"\u201cVamos por la eliminaci\u00f3n total de las retenciones, caso contrario, varios quedar\u00e1n en el camino&quot;, afirm\u00f3 Adolfo De Zan, Presidente de la Filial Larroque de la Federaci\u00f3n Agraria Argentina de Entre R\u00edos. El dirigente rural se refiri\u00f3 al momento por el que atraviesa el peque\u00f1o y mediano productor, y tambi\u00e9n opin\u00f3 sobre la baja\" \/>\n\t\t<meta name=\"twitter:image\" content=\"https:\/\/loboproduccionesaudiovisuales.ar\/wp-content\/uploads\/2023\/07\/LPA-web.jpg\" \/>\n\t\t<script type=\"application\/ld+json\" class=\"aioseo-schema\">\n\t\t\t{\"@context\":\"https:\\\/\\\/schema.org\",\"@graph\":[{\"@type\":\"BlogPosting\",\"@id\":\"https:\\\/\\\/loboproduccionesaudiovisuales.ar\\\/?p=18358#blogposting\",\"name\":\"Desde Entre R\\u00edos advierten que si no hay una quita total de las retenciones \\u201cmuchos productores quedar\\u00e1n fuera del sistema\\u201d - LOBO PRODUCCIONES AUDIOVISUALES\",\"headline\":\"Desde Entre R\\u00edos advierten que si no hay una quita total de las retenciones \\u201cmuchos productores quedar\\u00e1n fuera del sistema\\u201d\",\"author\":{\"@id\":\"https:\\\/\\\/loboproduccionesaudiovisuales.ar\\\/?author=3#author\"},\"publisher\":{\"@id\":\"https:\\\/\\\/loboproduccionesaudiovisuales.ar\\\/#organization\"},\"image\":{\"@type\":\"ImageObject\",\"url\":\"https:\\\/\\\/loboproduccionesaudiovisuales.ar\\\/wp-content\\\/uploads\\\/2025\\\/02\\\/cosecha-1.jpg\",\"width\":1920,\"height\":1280},\"datePublished\":\"2025-02-03T16:39:05-03:00\",\"dateModified\":\"2025-02-03T16:39:40-03:00\",\"inLanguage\":\"es-AR\",\"mainEntityOfPage\":{\"@id\":\"https:\\\/\\\/loboproduccionesaudiovisuales.ar\\\/?p=18358#webpage\"},\"isPartOf\":{\"@id\":\"https:\\\/\\\/loboproduccionesaudiovisuales.ar\\\/?p=18358#webpage\"},\"articleSection\":\"ACTUALIDAD, AGRICULTURA, AGRO, Blog, ECONOMIA, INDUSTRIA, NACIONALES, retenciones\"},{\"@type\":\"BreadcrumbList\",\"@id\":\"https:\\\/\\\/loboproduccionesaudiovisuales.ar\\\/?p=18358#breadcrumblist\",\"itemListElement\":[{\"@type\":\"ListItem\",\"@id\":\"https:\\\/\\\/loboproduccionesaudiovisuales.ar#listItem\",\"position\":1,\"name\":\"Home\",\"item\":\"https:\\\/\\\/loboproduccionesaudiovisuales.ar\",\"nextItem\":{\"@type\":\"ListItem\",\"@id\":\"https:\\\/\\\/loboproduccionesaudiovisuales.ar\\\/?cat=2#listItem\",\"name\":\"AGRO\"}},{\"@type\":\"ListItem\",\"@id\":\"https:\\\/\\\/loboproduccionesaudiovisuales.ar\\\/?cat=2#listItem\",\"position\":2,\"name\":\"AGRO\",\"item\":\"https:\\\/\\\/loboproduccionesaudiovisuales.ar\\\/?cat=2\",\"nextItem\":{\"@type\":\"ListItem\",\"@id\":\"https:\\\/\\\/loboproduccionesaudiovisuales.ar\\\/?cat=104#listItem\",\"name\":\"INDUSTRIA\"},\"previousItem\":{\"@type\":\"ListItem\",\"@id\":\"https:\\\/\\\/loboproduccionesaudiovisuales.ar#listItem\",\"name\":\"Home\"}},{\"@type\":\"ListItem\",\"@id\":\"https:\\\/\\\/loboproduccionesaudiovisuales.ar\\\/?cat=104#listItem\",\"position\":3,\"name\":\"INDUSTRIA\",\"item\":\"https:\\\/\\\/loboproduccionesaudiovisuales.ar\\\/?cat=104\",\"nextItem\":{\"@type\":\"ListItem\",\"@id\":\"https:\\\/\\\/loboproduccionesaudiovisuales.ar\\\/?p=18358#listItem\",\"name\":\"Desde Entre R\\u00edos advierten que si no hay una quita total de las retenciones \\u201cmuchos productores quedar\\u00e1n fuera del sistema\\u201d\"},\"previousItem\":{\"@type\":\"ListItem\",\"@id\":\"https:\\\/\\\/loboproduccionesaudiovisuales.ar\\\/?cat=2#listItem\",\"name\":\"AGRO\"}},{\"@type\":\"ListItem\",\"@id\":\"https:\\\/\\\/loboproduccionesaudiovisuales.ar\\\/?p=18358#listItem\",\"position\":4,\"name\":\"Desde Entre R\\u00edos advierten que si no hay una quita total de las retenciones \\u201cmuchos productores quedar\\u00e1n fuera del sistema\\u201d\",\"previousItem\":{\"@type\":\"ListItem\",\"@id\":\"https:\\\/\\\/loboproduccionesaudiovisuales.ar\\\/?cat=104#listItem\",\"name\":\"INDUSTRIA\"}}]},{\"@type\":\"Organization\",\"@id\":\"https:\\\/\\\/loboproduccionesaudiovisuales.ar\\\/#organization\",\"name\":\"loboproduccionesaudiovisuales.ar\",\"description\":\"Sitio digital de noticias agroindustriales\",\"url\":\"https:\\\/\\\/loboproduccionesaudiovisuales.ar\\\/\",\"logo\":{\"@type\":\"ImageObject\",\"url\":\"https:\\\/\\\/loboproduccionesaudiovisuales.ar\\\/wp-content\\\/uploads\\\/2023\\\/07\\\/LPA-web.jpg\",\"@id\":\"https:\\\/\\\/loboproduccionesaudiovisuales.ar\\\/?p=18358\\\/#organizationLogo\",\"width\":500,\"height\":144},\"image\":{\"@id\":\"https:\\\/\\\/loboproduccionesaudiovisuales.ar\\\/?p=18358\\\/#organizationLogo\"}},{\"@type\":\"Person\",\"@id\":\"https:\\\/\\\/loboproduccionesaudiovisuales.ar\\\/?author=3#author\",\"url\":\"https:\\\/\\\/loboproduccionesaudiovisuales.ar\\\/?author=3\",\"name\":\"Gustavo Werner\",\"image\":{\"@type\":\"ImageObject\",\"@id\":\"https:\\\/\\\/loboproduccionesaudiovisuales.ar\\\/?p=18358#authorImage\",\"url\":\"https:\\\/\\\/secure.gravatar.com\\\/avatar\\\/e04239ede7d02b80503013ac1fa61f308bbe3566e5a70df5bbef7c3725a0dcae?s=96&d=mm&r=g\",\"width\":96,\"height\":96,\"caption\":\"Gustavo Werner\"}},{\"@type\":\"WebPage\",\"@id\":\"https:\\\/\\\/loboproduccionesaudiovisuales.ar\\\/?p=18358#webpage\",\"url\":\"https:\\\/\\\/loboproduccionesaudiovisuales.ar\\\/?p=18358\",\"name\":\"Desde Entre R\\u00edos advierten que si no hay una quita total de las retenciones \\u201cmuchos productores quedar\\u00e1n fuera del sistema\\u201d - LOBO PRODUCCIONES AUDIOVISUALES\",\"description\":\"\\u201cVamos por la eliminaci\\u00f3n total de las retenciones, caso contrario, varios quedar\\u00e1n en el camino\\\", afirm\\u00f3 Adolfo De Zan, Presidente de la Filial Larroque de la Federaci\\u00f3n Agraria Argentina de Entre R\\u00edos. El dirigente rural se refiri\\u00f3 al momento por el que atraviesa el peque\\u00f1o y mediano productor, y tambi\\u00e9n opin\\u00f3 sobre la baja\",\"inLanguage\":\"es-AR\",\"isPartOf\":{\"@id\":\"https:\\\/\\\/loboproduccionesaudiovisuales.ar\\\/#website\"},\"breadcrumb\":{\"@id\":\"https:\\\/\\\/loboproduccionesaudiovisuales.ar\\\/?p=18358#breadcrumblist\"},\"author\":{\"@id\":\"https:\\\/\\\/loboproduccionesaudiovisuales.ar\\\/?author=3#author\"},\"creator\":{\"@id\":\"https:\\\/\\\/loboproduccionesaudiovisuales.ar\\\/?author=3#author\"},\"image\":{\"@type\":\"ImageObject\",\"url\":\"https:\\\/\\\/loboproduccionesaudiovisuales.ar\\\/wp-content\\\/uploads\\\/2025\\\/02\\\/cosecha-1.jpg\",\"@id\":\"https:\\\/\\\/loboproduccionesaudiovisuales.ar\\\/?p=18358\\\/#mainImage\",\"width\":1920,\"height\":1280},\"primaryImageOfPage\":{\"@id\":\"https:\\\/\\\/loboproduccionesaudiovisuales.ar\\\/?p=18358#mainImage\"},\"datePublished\":\"2025-02-03T16:39:05-03:00\",\"dateModified\":\"2025-02-03T16:39:40-03:00\"},{\"@type\":\"WebSite\",\"@id\":\"https:\\\/\\\/loboproduccionesaudiovisuales.ar\\\/#website\",\"url\":\"https:\\\/\\\/loboproduccionesaudiovisuales.ar\\\/\",\"name\":\"loboproduccionesaudiovisuales.ar\",\"alternateName\":\"Lobo Producciones\",\"description\":\"Sitio digital de noticias agroindustriales\",\"inLanguage\":\"es-AR\",\"publisher\":{\"@id\":\"https:\\\/\\\/loboproduccionesaudiovisuales.ar\\\/#organization\"}}]}\n\t\t<\/script>\n\t\t<!-- All in One SEO -->\n\n","aioseo_head_json":{"title":"Desde Entre R\u00edos advierten que si no hay una quita total de las retenciones \u201cmuchos productores quedar\u00e1n fuera del sistema\u201d - LOBO PRODUCCIONES AUDIOVISUALES","description":"\u201cVamos por la eliminaci\u00f3n total de las retenciones, caso contrario, varios quedar\u00e1n en el camino\", afirm\u00f3 Adolfo De Zan, Presidente de la Filial Larroque de la Federaci\u00f3n Agraria Argentina de Entre R\u00edos. El dirigente rural se refiri\u00f3 al momento por el que atraviesa el peque\u00f1o y mediano productor, y tambi\u00e9n opin\u00f3 sobre la baja","canonical_url":"https:\/\/loboproduccionesaudiovisuales.ar\/?p=18358","robots":"max-image-preview:large","keywords":"","webmasterTools":{"miscellaneous":""},"schema":{"@context":"https:\/\/schema.org","@graph":[{"@type":"BlogPosting","@id":"https:\/\/loboproduccionesaudiovisuales.ar\/?p=18358#blogposting","name":"Desde Entre R\u00edos advierten que si no hay una quita total de las retenciones \u201cmuchos productores quedar\u00e1n fuera del sistema\u201d - LOBO PRODUCCIONES AUDIOVISUALES","headline":"Desde Entre R\u00edos advierten que si no hay una quita total de las retenciones \u201cmuchos productores quedar\u00e1n fuera del sistema\u201d","author":{"@id":"https:\/\/loboproduccionesaudiovisuales.ar\/?author=3#author"},"publisher":{"@id":"https:\/\/loboproduccionesaudiovisuales.ar\/#organization"},"image":{"@type":"ImageObject","url":"https:\/\/loboproduccionesaudiovisuales.ar\/wp-content\/uploads\/2025\/02\/cosecha-1.jpg","width":1920,"height":1280},"datePublished":"2025-02-03T16:39:05-03:00","dateModified":"2025-02-03T16:39:40-03:00","inLanguage":"es-AR","mainEntityOfPage":{"@id":"https:\/\/loboproduccionesaudiovisuales.ar\/?p=18358#webpage"},"isPartOf":{"@id":"https:\/\/loboproduccionesaudiovisuales.ar\/?p=18358#webpage"},"articleSection":"ACTUALIDAD, AGRICULTURA, AGRO, Blog, ECONOMIA, INDUSTRIA, NACIONALES, retenciones"},{"@type":"BreadcrumbList","@id":"https:\/\/loboproduccionesaudiovisuales.ar\/?p=18358#breadcrumblist","itemListElement":[{"@type":"ListItem","@id":"https:\/\/loboproduccionesaudiovisuales.ar#listItem","position":1,"name":"Home","item":"https:\/\/loboproduccionesaudiovisuales.ar","nextItem":{"@type":"ListItem","@id":"https:\/\/loboproduccionesaudiovisuales.ar\/?cat=2#listItem","name":"AGRO"}},{"@type":"ListItem","@id":"https:\/\/loboproduccionesaudiovisuales.ar\/?cat=2#listItem","position":2,"name":"AGRO","item":"https:\/\/loboproduccionesaudiovisuales.ar\/?cat=2","nextItem":{"@type":"ListItem","@id":"https:\/\/loboproduccionesaudiovisuales.ar\/?cat=104#listItem","name":"INDUSTRIA"},"previousItem":{"@type":"ListItem","@id":"https:\/\/loboproduccionesaudiovisuales.ar#listItem","name":"Home"}},{"@type":"ListItem","@id":"https:\/\/loboproduccionesaudiovisuales.ar\/?cat=104#listItem","position":3,"name":"INDUSTRIA","item":"https:\/\/loboproduccionesaudiovisuales.ar\/?cat=104","nextItem":{"@type":"ListItem","@id":"https:\/\/loboproduccionesaudiovisuales.ar\/?p=18358#listItem","name":"Desde Entre R\u00edos advierten que si no hay una quita total de las retenciones \u201cmuchos productores quedar\u00e1n fuera del sistema\u201d"},"previousItem":{"@type":"ListItem","@id":"https:\/\/loboproduccionesaudiovisuales.ar\/?cat=2#listItem","name":"AGRO"}},{"@type":"ListItem","@id":"https:\/\/loboproduccionesaudiovisuales.ar\/?p=18358#listItem","position":4,"name":"Desde Entre R\u00edos advierten que si no hay una quita total de las retenciones \u201cmuchos productores quedar\u00e1n fuera del sistema\u201d","previousItem":{"@type":"ListItem","@id":"https:\/\/loboproduccionesaudiovisuales.ar\/?cat=104#listItem","name":"INDUSTRIA"}}]},{"@type":"Organization","@id":"https:\/\/loboproduccionesaudiovisuales.ar\/#organization","name":"loboproduccionesaudiovisuales.ar","description":"Sitio digital de noticias agroindustriales","url":"https:\/\/loboproduccionesaudiovisuales.ar\/","logo":{"@type":"ImageObject","url":"https:\/\/loboproduccionesaudiovisuales.ar\/wp-content\/uploads\/2023\/07\/LPA-web.jpg","@id":"https:\/\/loboproduccionesaudiovisuales.ar\/?p=18358\/#organizationLogo","width":500,"height":144},"image":{"@id":"https:\/\/loboproduccionesaudiovisuales.ar\/?p=18358\/#organizationLogo"}},{"@type":"Person","@id":"https:\/\/loboproduccionesaudiovisuales.ar\/?author=3#author","url":"https:\/\/loboproduccionesaudiovisuales.ar\/?author=3","name":"Gustavo Werner","image":{"@type":"ImageObject","@id":"https:\/\/loboproduccionesaudiovisuales.ar\/?p=18358#authorImage","url":"https:\/\/secure.gravatar.com\/avatar\/e04239ede7d02b80503013ac1fa61f308bbe3566e5a70df5bbef7c3725a0dcae?s=96&d=mm&r=g","width":96,"height":96,"caption":"Gustavo Werner"}},{"@type":"WebPage","@id":"https:\/\/loboproduccionesaudiovisuales.ar\/?p=18358#webpage","url":"https:\/\/loboproduccionesaudiovisuales.ar\/?p=18358","name":"Desde Entre R\u00edos advierten que si no hay una quita total de las retenciones \u201cmuchos productores quedar\u00e1n fuera del sistema\u201d - LOBO PRODUCCIONES AUDIOVISUALES","description":"\u201cVamos por la eliminaci\u00f3n total de las retenciones, caso contrario, varios quedar\u00e1n en el camino\", afirm\u00f3 Adolfo De Zan, Presidente de la Filial Larroque de la Federaci\u00f3n Agraria Argentina de Entre R\u00edos. El dirigente rural se refiri\u00f3 al momento por el que atraviesa el peque\u00f1o y mediano productor, y tambi\u00e9n opin\u00f3 sobre la baja","inLanguage":"es-AR","isPartOf":{"@id":"https:\/\/loboproduccionesaudiovisuales.ar\/#website"},"breadcrumb":{"@id":"https:\/\/loboproduccionesaudiovisuales.ar\/?p=18358#breadcrumblist"},"author":{"@id":"https:\/\/loboproduccionesaudiovisuales.ar\/?author=3#author"},"creator":{"@id":"https:\/\/loboproduccionesaudiovisuales.ar\/?author=3#author"},"image":{"@type":"ImageObject","url":"https:\/\/loboproduccionesaudiovisuales.ar\/wp-content\/uploads\/2025\/02\/cosecha-1.jpg","@id":"https:\/\/loboproduccionesaudiovisuales.ar\/?p=18358\/#mainImage","width":1920,"height":1280},"primaryImageOfPage":{"@id":"https:\/\/loboproduccionesaudiovisuales.ar\/?p=18358#mainImage"},"datePublished":"2025-02-03T16:39:05-03:00","dateModified":"2025-02-03T16:39:40-03:00"},{"@type":"WebSite","@id":"https:\/\/loboproduccionesaudiovisuales.ar\/#website","url":"https:\/\/loboproduccionesaudiovisuales.ar\/","name":"loboproduccionesaudiovisuales.ar","alternateName":"Lobo Producciones","description":"Sitio digital de noticias agroindustriales","inLanguage":"es-AR","publisher":{"@id":"https:\/\/loboproduccionesaudiovisuales.ar\/#organization"}}]},"og:locale":"es_ES","og:site_name":"LOBO PRODUCCIONES AUDIOVISUALES - Sitio digital de noticias agroindustriales","og:type":"article","og:title":"Desde Entre R\u00edos advierten que si no hay una quita total de las retenciones \u201cmuchos productores quedar\u00e1n fuera del sistema\u201d - LOBO PRODUCCIONES AUDIOVISUALES","og:description":"\u201cVamos por la eliminaci\u00f3n total de las retenciones, caso contrario, varios quedar\u00e1n en el camino&quot;, afirm\u00f3 Adolfo De Zan, Presidente de la Filial Larroque de la Federaci\u00f3n Agraria Argentina de Entre R\u00edos. El dirigente rural se refiri\u00f3 al momento por el que atraviesa el peque\u00f1o y mediano productor, y tambi\u00e9n opin\u00f3 sobre la baja","og:url":"https:\/\/loboproduccionesaudiovisuales.ar\/?p=18358","og:image":"https:\/\/loboproduccionesaudiovisuales.ar\/wp-content\/uploads\/2023\/07\/LPA-web.jpg","og:image:secure_url":"https:\/\/loboproduccionesaudiovisuales.ar\/wp-content\/uploads\/2023\/07\/LPA-web.jpg","article:published_time":"2025-02-03T19:39:05+00:00","article:modified_time":"2025-02-03T19:39:40+00:00","twitter:card":"summary_large_image","twitter:title":"Desde Entre R\u00edos advierten que si no hay una quita total de las retenciones \u201cmuchos productores quedar\u00e1n fuera del sistema\u201d - LOBO PRODUCCIONES AUDIOVISUALES","twitter:description":"\u201cVamos por la eliminaci\u00f3n total de las retenciones, caso contrario, varios quedar\u00e1n en el camino&quot;, afirm\u00f3 Adolfo De Zan, Presidente de la Filial Larroque de la Federaci\u00f3n Agraria Argentina de Entre R\u00edos. El dirigente rural se refiri\u00f3 al momento por el que atraviesa el peque\u00f1o y mediano productor, y tambi\u00e9n opin\u00f3 sobre la baja","twitter:image":"https:\/\/loboproduccionesaudiovisuales.ar\/wp-content\/uploads\/2023\/07\/LPA-web.jpg"},"aioseo_meta_data":{"post_id":"18358","title":null,"description":null,"keywords":null,"keyphrases":{"focus":{"keyphrase":"","score":0,"analysis":{"keyphraseInTitle":{"score":0,"maxScore":9,"error":1}}},"additional":[]},"primary_term":null,"canonical_url":null,"og_title":null,"og_description":null,"og_object_type":"default","og_image_type":"default","og_image_url":null,"og_image_width":null,"og_image_height":null,"og_image_custom_url":null,"og_image_custom_fields":null,"og_video":"","og_custom_url":null,"og_article_section":null,"og_article_tags":null,"twitter_use_og":false,"twitter_card":"default","twitter_image_type":"default","twitter_image_url":null,"twitter_image_custom_url":null,"twitter_image_custom_fields":null,"twitter_title":null,"twitter_description":null,"schema":{"blockGraphs":[],"customGraphs":[],"default":{"data":{"Article":[],"Course":[],"Dataset":[],"FAQPage":[],"Movie":[],"Person":[],"Product":[],"ProductReview":[],"Car":[],"Recipe":[],"Service":[],"SoftwareApplication":[],"WebPage":[]},"graphName":"BlogPosting","isEnabled":true},"graphs":[]},"schema_type":"default","schema_type_options":null,"pillar_content":false,"robots_default":true,"robots_noindex":false,"robots_noarchive":false,"robots_nosnippet":false,"robots_nofollow":false,"robots_noimageindex":false,"robots_noodp":false,"robots_notranslate":false,"robots_max_snippet":"-1","robots_max_videopreview":"-1","robots_max_imagepreview":"large","priority":null,"frequency":"default","local_seo":null,"breadcrumb_settings":null,"limit_modified_date":false,"ai":null,"created":"2025-02-03 19:39:05","updated":"2025-06-05 01:34:05","seo_analyzer_scan_date":null,"focus_keyword":null,"additional_keywords":null,"truseo_locale":null},"aioseo_breadcrumb":"<div class=\"aioseo-breadcrumbs\"><span class=\"aioseo-breadcrumb\">\n\t\t\t<a href=\"https:\/\/loboproduccionesaudiovisuales.ar\" title=\"Home\">Home<\/a>\n\t\t<\/span><span class=\"aioseo-breadcrumb-separator\">&raquo;<\/span><span class=\"aioseo-breadcrumb\">\n\t\t\t<a href=\"https:\/\/loboproduccionesaudiovisuales.ar\/?cat=2\" title=\"AGRO\">AGRO<\/a>\n\t\t<\/span><span class=\"aioseo-breadcrumb-separator\">&raquo;<\/span><span class=\"aioseo-breadcrumb\">\n\t\t\t<a href=\"https:\/\/loboproduccionesaudiovisuales.ar\/?cat=104\" title=\"INDUSTRIA\">INDUSTRIA<\/a>\n\t\t<\/span><span class=\"aioseo-breadcrumb-separator\">&raquo;<\/span><span class=\"aioseo-breadcrumb\">\n\t\t\tDesde Entre R\u00edos advierten que si no hay una quita total de las retenciones \u201cmuchos productores quedar\u00e1n fuera del sistema\u201d\n\t\t<\/span><\/div>","aioseo_breadcrumb_json":[{"label":"Home","link":"https:\/\/loboproduccionesaudiovisuales.ar"},{"label":"AGRO","link":"https:\/\/loboproduccionesaudiovisuales.ar\/?cat=2"},{"label":"INDUSTRIA","link":"https:\/\/loboproduccionesaudiovisuales.ar\/?cat=104"},{"label":"Desde Entre R\u00edos advierten que si no hay una quita total de las retenciones \u201cmuchos productores quedar\u00e1n fuera del sistema\u201d","link":"https:\/\/loboproduccionesaudiovisuales.ar\/?p=18358"}],"_links":{"self":[{"href":"https:\/\/loboproduccionesaudiovisuales.ar\/index.php?rest_route=\/wp\/v2\/posts\/18358","targetHints":{"allow":["GET"]}}],"collection":[{"href":"https:\/\/loboproduccionesaudiovisuales.ar\/index.php?rest_route=\/wp\/v2\/posts"}],"about":[{"href":"https:\/\/loboproduccionesaudiovisuales.ar\/index.php?rest_route=\/wp\/v2\/types\/post"}],"author":[{"embeddable":true,"href":"https:\/\/loboproduccionesaudiovisuales.ar\/index.php?rest_route=\/wp\/v2\/users\/3"}],"replies":[{"embeddable":true,"href":"https:\/\/loboproduccionesaudiovisuales.ar\/index.php?rest_route=%2Fwp%2Fv2%2Fcomments&post=18358"}],"version-history":[{"count":1,"href":"https:\/\/loboproduccionesaudiovisuales.ar\/index.php?rest_route=\/wp\/v2\/posts\/18358\/revisions"}],"predecessor-version":[{"id":18360,"href":"https:\/\/loboproduccionesaudiovisuales.ar\/index.php?rest_route=\/wp\/v2\/posts\/18358\/revisions\/18360"}],"wp:featuredmedia":[{"embeddable":true,"href":"https:\/\/loboproduccionesaudiovisuales.ar\/index.php?rest_route=\/wp\/v2\/media\/18359"}],"wp:attachment":[{"href":"https:\/\/loboproduccionesaudiovisuales.ar\/index.php?rest_route=%2Fwp%2Fv2%2Fmedia&parent=18358"}],"wp:term":[{"taxonomy":"category","embeddable":true,"href":"https:\/\/loboproduccionesaudiovisuales.ar\/index.php?rest_route=%2Fwp%2Fv2%2Fcategories&post=18358"},{"taxonomy":"post_tag","embeddable":true,"href":"https:\/\/loboproduccionesaudiovisuales.ar\/index.php?rest_route=%2Fwp%2Fv2%2Ftags&post=18358"}],"curies":[{"name":"wp","href":"https:\/\/api.w.org\/{rel}","templated":true}]}}