{"id":18279,"date":"2025-01-28T10:17:33","date_gmt":"2025-01-28T13:17:33","guid":{"rendered":"https:\/\/loboproduccionesaudiovisuales.ar\/?p=18279"},"modified":"2025-01-28T10:17:33","modified_gmt":"2025-01-28T13:17:33","slug":"en-un-ano-electoral-federados-proponen-un-minimo-no-imponible","status":"publish","type":"post","link":"https:\/\/loboproduccionesaudiovisuales.ar\/?p=18279","title":{"rendered":"En un a\u00f1o electoral, Federados proponen un m\u00ednimo no imponible"},"content":{"rendered":"<p><strong>La conducci\u00f3n de Federaci\u00f3n Agraria Argentina (FAA) destac\u00f3 que la reducci\u00f3n temporal de retenciones a la exportaci\u00f3n como \u201cun paso en relaci\u00f3n al alivio fiscal\u201d. Sin embargo, critican que \u201cno est\u00e1 enfocada en las necesidades de los productores peque\u00f1os o medianos, sino en la urgencia\u201d para liquiden agrod\u00f3lares \u201cquienes tienen espalda\u201d.<\/strong><\/p>\n<p>&nbsp;<\/p>\n<p>En ese punto, proponen avanzar con un proyecto de eliminaci\u00f3n paulatina y gradual que incorpore una base similar a un m\u00ednimo no imponible. Adem\u00e1s, decidieron impulsar durante el a\u00f1o electoral un debate con proyectos que promueve la organizaci\u00f3n, vinculados al arrendamiento y la promoci\u00f3n de econom\u00edas regionales.<\/p>\n<div class=\"embed\">\n<div class=\"inner-art en-bandera\">\n<h2><\/h2>\n<\/div>\n<\/div>\n<p>El Consejo Directivo expres\u00f3 \u201chonda preocupaci\u00f3n\u201d por el momento cr\u00edtico y dif\u00edcil que atraviesan cientos de peque\u00f1os y medianos productores. Remarcaron que las medidas anunciadas por el gobierno nacional la semana pasada \u201cdan alg\u00fan alivio aunque no resuelven la situaci\u00f3n de los federados\u201d. Los directores remarcaron que en el \u00faltimo a\u00f1o todos los insumos subieron entre 300% y 400%. Mencionaron, entre ellos, el gasoil, luz, gas, transporte o aportes patronales, entre otros. Es decir que todo subi\u00f3 mucho m\u00e1s que los productos que generan con su trabajo, con el agravante de que en muchas zonas del pa\u00eds el clima castig\u00f3 \u201cmuy duramente a los productores m\u00e1s peque\u00f1os\u201d. Por eso definieron continuar gestionando con los funcionarios para avanzar en temas que den soluciones para los productores de esta escala, as\u00ed como tambi\u00e9n con el pedido para que se declare emergencia y\/o desastre en las zonas m\u00e1s afectadas.<\/p>\n<p>&nbsp;<\/p>\n<p>En cuanto a la decisi\u00f3n del gobierno de eliminar las retenciones de productos de las econom\u00edas regionales y bajar las de producciones tradicionales de manera transitoria, indicaron que consideran que no est\u00e1 enfocada en las necesidades de los productores peque\u00f1os o medianos, sino en la urgencia de que quienes tienen espalda liquiden lo que tengan.<\/p>\n<p>&nbsp;<\/p>\n<p>\u201cEs un paso en relaci\u00f3n con el alivio fiscal que venimos pidiendo. Pero nosotros vendemos cuando cosechamos, as\u00ed que el negocio siempre lo hacen otros sectores. Que la medida tenga un plazo de vigencia sigue dando inseguridad para los productores, al no establecer c\u00f3mo ser\u00e1n los plazos o c\u00f3mo continuar\u00e1 la medida de cara a la campa\u00f1a que viene\u201d, se\u00f1alaron.<\/p>\n<p>&nbsp;<\/p>\n<p>Los federados reiteraron su propuesta de avanzar con un proyecto de eliminaci\u00f3n paulatina y gradual de retenciones que incorpore una base similar a un m\u00ednimo no imponible, que permitir\u00eda que en muy corto plazo la mayor parte de los productores se vean beneficiados. Adem\u00e1s, esa iniciativa tiene plazos predeterminados y se\u00f1ala el camino a seguir para encarar las distintas campa\u00f1as.<\/p>\n","protected":false},"excerpt":{"rendered":"<p>La conducci\u00f3n de Federaci\u00f3n Agraria Argentina (FAA) destac\u00f3 que la reducci\u00f3n temporal de retenciones a la exportaci\u00f3n como \u201cun paso&hellip;<\/p>\n","protected":false},"author":3,"featured_media":18280,"comment_status":"open","ping_status":"open","sticky":false,"template":"","format":"standard","meta":{"footnotes":""},"categories":[5,2,1,141,123,104,275,119],"tags":[460],"class_list":["post-18279","post","type-post","status-publish","format-standard","has-post-thumbnail","hentry","category-actualidad","category-agro","category-blog","category-economia","category-economias-regionales","category-industria","category-industriales","category-institucionales","tag-federados"],"aioseo_notices":[],"aioseo_head":"\n\t\t<!-- All in One SEO 5.0.1.1 - aioseo.com -->\n\t<meta name=\"description\" content=\"La conducci\u00f3n de Federaci\u00f3n Agraria Argentina (FAA) destac\u00f3 que la reducci\u00f3n temporal de retenciones a la exportaci\u00f3n como \u201cun paso en relaci\u00f3n al alivio fiscal\u201d. Sin embargo, critican que \u201cno est\u00e1 enfocada en las necesidades de los productores peque\u00f1os o medianos, sino en la urgencia\u201d para liquiden agrod\u00f3lares \u201cquienes tienen espalda\u201d. En ese punto,\" \/>\n\t<meta name=\"robots\" content=\"max-image-preview:large\" \/>\n\t<meta name=\"author\" content=\"Gustavo Werner\"\/>\n\t<link rel=\"canonical\" href=\"https:\/\/loboproduccionesaudiovisuales.ar\/?p=18279\" \/>\n\t<meta name=\"generator\" content=\"All in One SEO (AIOSEO) 5.0.1.1\" \/>\n\t\t<meta property=\"og:locale\" content=\"es_ES\" \/>\n\t\t<meta property=\"og:site_name\" content=\"LOBO PRODUCCIONES AUDIOVISUALES - Sitio digital de noticias agroindustriales\" \/>\n\t\t<meta property=\"og:type\" content=\"article\" \/>\n\t\t<meta property=\"og:title\" content=\"En un a\u00f1o electoral, Federados proponen un m\u00ednimo no imponible - LOBO PRODUCCIONES AUDIOVISUALES\" \/>\n\t\t<meta property=\"og:description\" content=\"La conducci\u00f3n de Federaci\u00f3n Agraria Argentina (FAA) destac\u00f3 que la reducci\u00f3n temporal de retenciones a la exportaci\u00f3n como \u201cun paso en relaci\u00f3n al alivio fiscal\u201d. Sin embargo, critican que \u201cno est\u00e1 enfocada en las necesidades de los productores peque\u00f1os o medianos, sino en la urgencia\u201d para liquiden agrod\u00f3lares \u201cquienes tienen espalda\u201d. En ese punto,\" \/>\n\t\t<meta property=\"og:url\" content=\"https:\/\/loboproduccionesaudiovisuales.ar\/?p=18279\" \/>\n\t\t<meta property=\"og:image\" content=\"https:\/\/loboproduccionesaudiovisuales.ar\/wp-content\/uploads\/2023\/07\/LPA-web.jpg\" \/>\n\t\t<meta property=\"og:image:secure_url\" content=\"https:\/\/loboproduccionesaudiovisuales.ar\/wp-content\/uploads\/2023\/07\/LPA-web.jpg\" \/>\n\t\t<meta property=\"article:published_time\" content=\"2025-01-28T13:17:33+00:00\" \/>\n\t\t<meta property=\"article:modified_time\" content=\"2025-01-28T13:17:33+00:00\" \/>\n\t\t<meta name=\"twitter:card\" content=\"summary_large_image\" \/>\n\t\t<meta name=\"twitter:title\" content=\"En un a\u00f1o electoral, Federados proponen un m\u00ednimo no imponible - LOBO PRODUCCIONES AUDIOVISUALES\" \/>\n\t\t<meta name=\"twitter:description\" content=\"La conducci\u00f3n de Federaci\u00f3n Agraria Argentina (FAA) destac\u00f3 que la reducci\u00f3n temporal de retenciones a la exportaci\u00f3n como \u201cun paso en relaci\u00f3n al alivio fiscal\u201d. Sin embargo, critican que \u201cno est\u00e1 enfocada en las necesidades de los productores peque\u00f1os o medianos, sino en la urgencia\u201d para liquiden agrod\u00f3lares \u201cquienes tienen espalda\u201d. En ese punto,\" \/>\n\t\t<meta name=\"twitter:image\" content=\"https:\/\/loboproduccionesaudiovisuales.ar\/wp-content\/uploads\/2023\/07\/LPA-web.jpg\" \/>\n\t\t<script type=\"application\/ld+json\" class=\"aioseo-schema\">\n\t\t\t{\"@context\":\"https:\\\/\\\/schema.org\",\"@graph\":[{\"@type\":\"BlogPosting\",\"@id\":\"https:\\\/\\\/loboproduccionesaudiovisuales.ar\\\/?p=18279#blogposting\",\"name\":\"En un a\\u00f1o electoral, Federados proponen un m\\u00ednimo no imponible - LOBO PRODUCCIONES AUDIOVISUALES\",\"headline\":\"En un a\\u00f1o electoral, Federados proponen un m\\u00ednimo no imponible\",\"author\":{\"@id\":\"https:\\\/\\\/loboproduccionesaudiovisuales.ar\\\/?author=3#author\"},\"publisher\":{\"@id\":\"https:\\\/\\\/loboproduccionesaudiovisuales.ar\\\/#organization\"},\"image\":{\"@type\":\"ImageObject\",\"url\":\"https:\\\/\\\/loboproduccionesaudiovisuales.ar\\\/wp-content\\\/uploads\\\/2025\\\/01\\\/f_1671093365.jpg\",\"width\":1032,\"height\":688},\"datePublished\":\"2025-01-28T10:17:33-03:00\",\"dateModified\":\"2025-01-28T10:17:33-03:00\",\"inLanguage\":\"es-AR\",\"mainEntityOfPage\":{\"@id\":\"https:\\\/\\\/loboproduccionesaudiovisuales.ar\\\/?p=18279#webpage\"},\"isPartOf\":{\"@id\":\"https:\\\/\\\/loboproduccionesaudiovisuales.ar\\\/?p=18279#webpage\"},\"articleSection\":\"ACTUALIDAD, AGRO, Blog, ECONOMIA, ECONOMIAS REGIONALES, INDUSTRIA, INDUSTRIALES, INSTITUCIONALES, Federados\"},{\"@type\":\"BreadcrumbList\",\"@id\":\"https:\\\/\\\/loboproduccionesaudiovisuales.ar\\\/?p=18279#breadcrumblist\",\"itemListElement\":[{\"@type\":\"ListItem\",\"@id\":\"https:\\\/\\\/loboproduccionesaudiovisuales.ar#listItem\",\"position\":1,\"name\":\"Home\",\"item\":\"https:\\\/\\\/loboproduccionesaudiovisuales.ar\",\"nextItem\":{\"@type\":\"ListItem\",\"@id\":\"https:\\\/\\\/loboproduccionesaudiovisuales.ar\\\/?cat=2#listItem\",\"name\":\"AGRO\"}},{\"@type\":\"ListItem\",\"@id\":\"https:\\\/\\\/loboproduccionesaudiovisuales.ar\\\/?cat=2#listItem\",\"position\":2,\"name\":\"AGRO\",\"item\":\"https:\\\/\\\/loboproduccionesaudiovisuales.ar\\\/?cat=2\",\"nextItem\":{\"@type\":\"ListItem\",\"@id\":\"https:\\\/\\\/loboproduccionesaudiovisuales.ar\\\/?cat=104#listItem\",\"name\":\"INDUSTRIA\"},\"previousItem\":{\"@type\":\"ListItem\",\"@id\":\"https:\\\/\\\/loboproduccionesaudiovisuales.ar#listItem\",\"name\":\"Home\"}},{\"@type\":\"ListItem\",\"@id\":\"https:\\\/\\\/loboproduccionesaudiovisuales.ar\\\/?cat=104#listItem\",\"position\":3,\"name\":\"INDUSTRIA\",\"item\":\"https:\\\/\\\/loboproduccionesaudiovisuales.ar\\\/?cat=104\",\"nextItem\":{\"@type\":\"ListItem\",\"@id\":\"https:\\\/\\\/loboproduccionesaudiovisuales.ar\\\/?p=18279#listItem\",\"name\":\"En un a\\u00f1o electoral, Federados proponen un m\\u00ednimo no imponible\"},\"previousItem\":{\"@type\":\"ListItem\",\"@id\":\"https:\\\/\\\/loboproduccionesaudiovisuales.ar\\\/?cat=2#listItem\",\"name\":\"AGRO\"}},{\"@type\":\"ListItem\",\"@id\":\"https:\\\/\\\/loboproduccionesaudiovisuales.ar\\\/?p=18279#listItem\",\"position\":4,\"name\":\"En un a\\u00f1o electoral, Federados proponen un m\\u00ednimo no imponible\",\"previousItem\":{\"@type\":\"ListItem\",\"@id\":\"https:\\\/\\\/loboproduccionesaudiovisuales.ar\\\/?cat=104#listItem\",\"name\":\"INDUSTRIA\"}}]},{\"@type\":\"Organization\",\"@id\":\"https:\\\/\\\/loboproduccionesaudiovisuales.ar\\\/#organization\",\"name\":\"loboproduccionesaudiovisuales.ar\",\"description\":\"Sitio digital de noticias agroindustriales\",\"url\":\"https:\\\/\\\/loboproduccionesaudiovisuales.ar\\\/\",\"logo\":{\"@type\":\"ImageObject\",\"url\":\"https:\\\/\\\/loboproduccionesaudiovisuales.ar\\\/wp-content\\\/uploads\\\/2023\\\/07\\\/LPA-web.jpg\",\"@id\":\"https:\\\/\\\/loboproduccionesaudiovisuales.ar\\\/?p=18279\\\/#organizationLogo\",\"width\":500,\"height\":144},\"image\":{\"@id\":\"https:\\\/\\\/loboproduccionesaudiovisuales.ar\\\/?p=18279\\\/#organizationLogo\"}},{\"@type\":\"Person\",\"@id\":\"https:\\\/\\\/loboproduccionesaudiovisuales.ar\\\/?author=3#author\",\"url\":\"https:\\\/\\\/loboproduccionesaudiovisuales.ar\\\/?author=3\",\"name\":\"Gustavo Werner\",\"image\":{\"@type\":\"ImageObject\",\"@id\":\"https:\\\/\\\/loboproduccionesaudiovisuales.ar\\\/?p=18279#authorImage\",\"url\":\"https:\\\/\\\/secure.gravatar.com\\\/avatar\\\/e04239ede7d02b80503013ac1fa61f308bbe3566e5a70df5bbef7c3725a0dcae?s=96&d=mm&r=g\",\"width\":96,\"height\":96,\"caption\":\"Gustavo Werner\"}},{\"@type\":\"WebPage\",\"@id\":\"https:\\\/\\\/loboproduccionesaudiovisuales.ar\\\/?p=18279#webpage\",\"url\":\"https:\\\/\\\/loboproduccionesaudiovisuales.ar\\\/?p=18279\",\"name\":\"En un a\\u00f1o electoral, Federados proponen un m\\u00ednimo no imponible - LOBO PRODUCCIONES AUDIOVISUALES\",\"description\":\"La conducci\\u00f3n de Federaci\\u00f3n Agraria Argentina (FAA) destac\\u00f3 que la reducci\\u00f3n temporal de retenciones a la exportaci\\u00f3n como \\u201cun paso en relaci\\u00f3n al alivio fiscal\\u201d. Sin embargo, critican que \\u201cno est\\u00e1 enfocada en las necesidades de los productores peque\\u00f1os o medianos, sino en la urgencia\\u201d para liquiden agrod\\u00f3lares \\u201cquienes tienen espalda\\u201d. En ese punto,\",\"inLanguage\":\"es-AR\",\"isPartOf\":{\"@id\":\"https:\\\/\\\/loboproduccionesaudiovisuales.ar\\\/#website\"},\"breadcrumb\":{\"@id\":\"https:\\\/\\\/loboproduccionesaudiovisuales.ar\\\/?p=18279#breadcrumblist\"},\"author\":{\"@id\":\"https:\\\/\\\/loboproduccionesaudiovisuales.ar\\\/?author=3#author\"},\"creator\":{\"@id\":\"https:\\\/\\\/loboproduccionesaudiovisuales.ar\\\/?author=3#author\"},\"image\":{\"@type\":\"ImageObject\",\"url\":\"https:\\\/\\\/loboproduccionesaudiovisuales.ar\\\/wp-content\\\/uploads\\\/2025\\\/01\\\/f_1671093365.jpg\",\"@id\":\"https:\\\/\\\/loboproduccionesaudiovisuales.ar\\\/?p=18279\\\/#mainImage\",\"width\":1032,\"height\":688},\"primaryImageOfPage\":{\"@id\":\"https:\\\/\\\/loboproduccionesaudiovisuales.ar\\\/?p=18279#mainImage\"},\"datePublished\":\"2025-01-28T10:17:33-03:00\",\"dateModified\":\"2025-01-28T10:17:33-03:00\"},{\"@type\":\"WebSite\",\"@id\":\"https:\\\/\\\/loboproduccionesaudiovisuales.ar\\\/#website\",\"url\":\"https:\\\/\\\/loboproduccionesaudiovisuales.ar\\\/\",\"name\":\"loboproduccionesaudiovisuales.ar\",\"alternateName\":\"Lobo Producciones\",\"description\":\"Sitio digital de noticias agroindustriales\",\"inLanguage\":\"es-AR\",\"publisher\":{\"@id\":\"https:\\\/\\\/loboproduccionesaudiovisuales.ar\\\/#organization\"}}]}\n\t\t<\/script>\n\t\t<!-- All in One SEO -->\n\n","aioseo_head_json":{"title":"En un a\u00f1o electoral, Federados proponen un m\u00ednimo no imponible - LOBO PRODUCCIONES AUDIOVISUALES","description":"La conducci\u00f3n de Federaci\u00f3n Agraria Argentina (FAA) destac\u00f3 que la reducci\u00f3n temporal de retenciones a la exportaci\u00f3n como \u201cun paso en relaci\u00f3n al alivio fiscal\u201d. Sin embargo, critican que \u201cno est\u00e1 enfocada en las necesidades de los productores peque\u00f1os o medianos, sino en la urgencia\u201d para liquiden agrod\u00f3lares \u201cquienes tienen espalda\u201d. En ese punto,","canonical_url":"https:\/\/loboproduccionesaudiovisuales.ar\/?p=18279","robots":"max-image-preview:large","keywords":"","webmasterTools":{"miscellaneous":""},"schema":{"@context":"https:\/\/schema.org","@graph":[{"@type":"BlogPosting","@id":"https:\/\/loboproduccionesaudiovisuales.ar\/?p=18279#blogposting","name":"En un a\u00f1o electoral, Federados proponen un m\u00ednimo no imponible - LOBO PRODUCCIONES AUDIOVISUALES","headline":"En un a\u00f1o electoral, Federados proponen un m\u00ednimo no imponible","author":{"@id":"https:\/\/loboproduccionesaudiovisuales.ar\/?author=3#author"},"publisher":{"@id":"https:\/\/loboproduccionesaudiovisuales.ar\/#organization"},"image":{"@type":"ImageObject","url":"https:\/\/loboproduccionesaudiovisuales.ar\/wp-content\/uploads\/2025\/01\/f_1671093365.jpg","width":1032,"height":688},"datePublished":"2025-01-28T10:17:33-03:00","dateModified":"2025-01-28T10:17:33-03:00","inLanguage":"es-AR","mainEntityOfPage":{"@id":"https:\/\/loboproduccionesaudiovisuales.ar\/?p=18279#webpage"},"isPartOf":{"@id":"https:\/\/loboproduccionesaudiovisuales.ar\/?p=18279#webpage"},"articleSection":"ACTUALIDAD, AGRO, Blog, ECONOMIA, ECONOMIAS REGIONALES, INDUSTRIA, INDUSTRIALES, INSTITUCIONALES, Federados"},{"@type":"BreadcrumbList","@id":"https:\/\/loboproduccionesaudiovisuales.ar\/?p=18279#breadcrumblist","itemListElement":[{"@type":"ListItem","@id":"https:\/\/loboproduccionesaudiovisuales.ar#listItem","position":1,"name":"Home","item":"https:\/\/loboproduccionesaudiovisuales.ar","nextItem":{"@type":"ListItem","@id":"https:\/\/loboproduccionesaudiovisuales.ar\/?cat=2#listItem","name":"AGRO"}},{"@type":"ListItem","@id":"https:\/\/loboproduccionesaudiovisuales.ar\/?cat=2#listItem","position":2,"name":"AGRO","item":"https:\/\/loboproduccionesaudiovisuales.ar\/?cat=2","nextItem":{"@type":"ListItem","@id":"https:\/\/loboproduccionesaudiovisuales.ar\/?cat=104#listItem","name":"INDUSTRIA"},"previousItem":{"@type":"ListItem","@id":"https:\/\/loboproduccionesaudiovisuales.ar#listItem","name":"Home"}},{"@type":"ListItem","@id":"https:\/\/loboproduccionesaudiovisuales.ar\/?cat=104#listItem","position":3,"name":"INDUSTRIA","item":"https:\/\/loboproduccionesaudiovisuales.ar\/?cat=104","nextItem":{"@type":"ListItem","@id":"https:\/\/loboproduccionesaudiovisuales.ar\/?p=18279#listItem","name":"En un a\u00f1o electoral, Federados proponen un m\u00ednimo no imponible"},"previousItem":{"@type":"ListItem","@id":"https:\/\/loboproduccionesaudiovisuales.ar\/?cat=2#listItem","name":"AGRO"}},{"@type":"ListItem","@id":"https:\/\/loboproduccionesaudiovisuales.ar\/?p=18279#listItem","position":4,"name":"En un a\u00f1o electoral, Federados proponen un m\u00ednimo no imponible","previousItem":{"@type":"ListItem","@id":"https:\/\/loboproduccionesaudiovisuales.ar\/?cat=104#listItem","name":"INDUSTRIA"}}]},{"@type":"Organization","@id":"https:\/\/loboproduccionesaudiovisuales.ar\/#organization","name":"loboproduccionesaudiovisuales.ar","description":"Sitio digital de noticias agroindustriales","url":"https:\/\/loboproduccionesaudiovisuales.ar\/","logo":{"@type":"ImageObject","url":"https:\/\/loboproduccionesaudiovisuales.ar\/wp-content\/uploads\/2023\/07\/LPA-web.jpg","@id":"https:\/\/loboproduccionesaudiovisuales.ar\/?p=18279\/#organizationLogo","width":500,"height":144},"image":{"@id":"https:\/\/loboproduccionesaudiovisuales.ar\/?p=18279\/#organizationLogo"}},{"@type":"Person","@id":"https:\/\/loboproduccionesaudiovisuales.ar\/?author=3#author","url":"https:\/\/loboproduccionesaudiovisuales.ar\/?author=3","name":"Gustavo Werner","image":{"@type":"ImageObject","@id":"https:\/\/loboproduccionesaudiovisuales.ar\/?p=18279#authorImage","url":"https:\/\/secure.gravatar.com\/avatar\/e04239ede7d02b80503013ac1fa61f308bbe3566e5a70df5bbef7c3725a0dcae?s=96&d=mm&r=g","width":96,"height":96,"caption":"Gustavo Werner"}},{"@type":"WebPage","@id":"https:\/\/loboproduccionesaudiovisuales.ar\/?p=18279#webpage","url":"https:\/\/loboproduccionesaudiovisuales.ar\/?p=18279","name":"En un a\u00f1o electoral, Federados proponen un m\u00ednimo no imponible - LOBO PRODUCCIONES AUDIOVISUALES","description":"La conducci\u00f3n de Federaci\u00f3n Agraria Argentina (FAA) destac\u00f3 que la reducci\u00f3n temporal de retenciones a la exportaci\u00f3n como \u201cun paso en relaci\u00f3n al alivio fiscal\u201d. Sin embargo, critican que \u201cno est\u00e1 enfocada en las necesidades de los productores peque\u00f1os o medianos, sino en la urgencia\u201d para liquiden agrod\u00f3lares \u201cquienes tienen espalda\u201d. En ese punto,","inLanguage":"es-AR","isPartOf":{"@id":"https:\/\/loboproduccionesaudiovisuales.ar\/#website"},"breadcrumb":{"@id":"https:\/\/loboproduccionesaudiovisuales.ar\/?p=18279#breadcrumblist"},"author":{"@id":"https:\/\/loboproduccionesaudiovisuales.ar\/?author=3#author"},"creator":{"@id":"https:\/\/loboproduccionesaudiovisuales.ar\/?author=3#author"},"image":{"@type":"ImageObject","url":"https:\/\/loboproduccionesaudiovisuales.ar\/wp-content\/uploads\/2025\/01\/f_1671093365.jpg","@id":"https:\/\/loboproduccionesaudiovisuales.ar\/?p=18279\/#mainImage","width":1032,"height":688},"primaryImageOfPage":{"@id":"https:\/\/loboproduccionesaudiovisuales.ar\/?p=18279#mainImage"},"datePublished":"2025-01-28T10:17:33-03:00","dateModified":"2025-01-28T10:17:33-03:00"},{"@type":"WebSite","@id":"https:\/\/loboproduccionesaudiovisuales.ar\/#website","url":"https:\/\/loboproduccionesaudiovisuales.ar\/","name":"loboproduccionesaudiovisuales.ar","alternateName":"Lobo Producciones","description":"Sitio digital de noticias agroindustriales","inLanguage":"es-AR","publisher":{"@id":"https:\/\/loboproduccionesaudiovisuales.ar\/#organization"}}]},"og:locale":"es_ES","og:site_name":"LOBO PRODUCCIONES AUDIOVISUALES - Sitio digital de noticias agroindustriales","og:type":"article","og:title":"En un a\u00f1o electoral, Federados proponen un m\u00ednimo no imponible - LOBO PRODUCCIONES AUDIOVISUALES","og:description":"La conducci\u00f3n de Federaci\u00f3n Agraria Argentina (FAA) destac\u00f3 que la reducci\u00f3n temporal de retenciones a la exportaci\u00f3n como \u201cun paso en relaci\u00f3n al alivio fiscal\u201d. Sin embargo, critican que \u201cno est\u00e1 enfocada en las necesidades de los productores peque\u00f1os o medianos, sino en la urgencia\u201d para liquiden agrod\u00f3lares \u201cquienes tienen espalda\u201d. En ese punto,","og:url":"https:\/\/loboproduccionesaudiovisuales.ar\/?p=18279","og:image":"https:\/\/loboproduccionesaudiovisuales.ar\/wp-content\/uploads\/2023\/07\/LPA-web.jpg","og:image:secure_url":"https:\/\/loboproduccionesaudiovisuales.ar\/wp-content\/uploads\/2023\/07\/LPA-web.jpg","article:published_time":"2025-01-28T13:17:33+00:00","article:modified_time":"2025-01-28T13:17:33+00:00","twitter:card":"summary_large_image","twitter:title":"En un a\u00f1o electoral, Federados proponen un m\u00ednimo no imponible - LOBO PRODUCCIONES AUDIOVISUALES","twitter:description":"La conducci\u00f3n de Federaci\u00f3n Agraria Argentina (FAA) destac\u00f3 que la reducci\u00f3n temporal de retenciones a la exportaci\u00f3n como \u201cun paso en relaci\u00f3n al alivio fiscal\u201d. Sin embargo, critican que \u201cno est\u00e1 enfocada en las necesidades de los productores peque\u00f1os o medianos, sino en la urgencia\u201d para liquiden agrod\u00f3lares \u201cquienes tienen espalda\u201d. En ese punto,","twitter:image":"https:\/\/loboproduccionesaudiovisuales.ar\/wp-content\/uploads\/2023\/07\/LPA-web.jpg"},"aioseo_meta_data":{"post_id":"18279","title":null,"description":null,"keywords":null,"keyphrases":{"focus":{"keyphrase":"","score":0,"analysis":{"keyphraseInTitle":{"score":0,"maxScore":9,"error":1}}},"additional":[]},"primary_term":null,"canonical_url":null,"og_title":null,"og_description":null,"og_object_type":"default","og_image_type":"default","og_image_url":null,"og_image_width":null,"og_image_height":null,"og_image_custom_url":null,"og_image_custom_fields":null,"og_video":"","og_custom_url":null,"og_article_section":null,"og_article_tags":null,"twitter_use_og":false,"twitter_card":"default","twitter_image_type":"default","twitter_image_url":null,"twitter_image_custom_url":null,"twitter_image_custom_fields":null,"twitter_title":null,"twitter_description":null,"schema":{"blockGraphs":[],"customGraphs":[],"default":{"data":{"Article":[],"Course":[],"Dataset":[],"FAQPage":[],"Movie":[],"Person":[],"Product":[],"ProductReview":[],"Car":[],"Recipe":[],"Service":[],"SoftwareApplication":[],"WebPage":[]},"graphName":"BlogPosting","isEnabled":true},"graphs":[]},"schema_type":"default","schema_type_options":null,"pillar_content":false,"robots_default":true,"robots_noindex":false,"robots_noarchive":false,"robots_nosnippet":false,"robots_nofollow":false,"robots_noimageindex":false,"robots_noodp":false,"robots_notranslate":false,"robots_max_snippet":"-1","robots_max_videopreview":"-1","robots_max_imagepreview":"large","priority":null,"frequency":"default","local_seo":null,"breadcrumb_settings":null,"limit_modified_date":false,"ai":null,"created":"2025-01-28 13:17:33","updated":"2025-06-05 01:31:35","seo_analyzer_scan_date":null,"focus_keyword":null,"additional_keywords":null,"truseo_locale":null},"aioseo_breadcrumb":"<div class=\"aioseo-breadcrumbs\"><span class=\"aioseo-breadcrumb\">\n\t\t\t<a href=\"https:\/\/loboproduccionesaudiovisuales.ar\" title=\"Home\">Home<\/a>\n\t\t<\/span><span class=\"aioseo-breadcrumb-separator\">&raquo;<\/span><span class=\"aioseo-breadcrumb\">\n\t\t\t<a href=\"https:\/\/loboproduccionesaudiovisuales.ar\/?cat=2\" title=\"AGRO\">AGRO<\/a>\n\t\t<\/span><span class=\"aioseo-breadcrumb-separator\">&raquo;<\/span><span class=\"aioseo-breadcrumb\">\n\t\t\t<a href=\"https:\/\/loboproduccionesaudiovisuales.ar\/?cat=104\" title=\"INDUSTRIA\">INDUSTRIA<\/a>\n\t\t<\/span><span class=\"aioseo-breadcrumb-separator\">&raquo;<\/span><span class=\"aioseo-breadcrumb\">\n\t\t\tEn un a\u00f1o electoral, Federados proponen un m\u00ednimo no imponible\n\t\t<\/span><\/div>","aioseo_breadcrumb_json":[{"label":"Home","link":"https:\/\/loboproduccionesaudiovisuales.ar"},{"label":"AGRO","link":"https:\/\/loboproduccionesaudiovisuales.ar\/?cat=2"},{"label":"INDUSTRIA","link":"https:\/\/loboproduccionesaudiovisuales.ar\/?cat=104"},{"label":"En un a\u00f1o electoral, Federados proponen un m\u00ednimo no imponible","link":"https:\/\/loboproduccionesaudiovisuales.ar\/?p=18279"}],"_links":{"self":[{"href":"https:\/\/loboproduccionesaudiovisuales.ar\/index.php?rest_route=\/wp\/v2\/posts\/18279","targetHints":{"allow":["GET"]}}],"collection":[{"href":"https:\/\/loboproduccionesaudiovisuales.ar\/index.php?rest_route=\/wp\/v2\/posts"}],"about":[{"href":"https:\/\/loboproduccionesaudiovisuales.ar\/index.php?rest_route=\/wp\/v2\/types\/post"}],"author":[{"embeddable":true,"href":"https:\/\/loboproduccionesaudiovisuales.ar\/index.php?rest_route=\/wp\/v2\/users\/3"}],"replies":[{"embeddable":true,"href":"https:\/\/loboproduccionesaudiovisuales.ar\/index.php?rest_route=%2Fwp%2Fv2%2Fcomments&post=18279"}],"version-history":[{"count":1,"href":"https:\/\/loboproduccionesaudiovisuales.ar\/index.php?rest_route=\/wp\/v2\/posts\/18279\/revisions"}],"predecessor-version":[{"id":18281,"href":"https:\/\/loboproduccionesaudiovisuales.ar\/index.php?rest_route=\/wp\/v2\/posts\/18279\/revisions\/18281"}],"wp:featuredmedia":[{"embeddable":true,"href":"https:\/\/loboproduccionesaudiovisuales.ar\/index.php?rest_route=\/wp\/v2\/media\/18280"}],"wp:attachment":[{"href":"https:\/\/loboproduccionesaudiovisuales.ar\/index.php?rest_route=%2Fwp%2Fv2%2Fmedia&parent=18279"}],"wp:term":[{"taxonomy":"category","embeddable":true,"href":"https:\/\/loboproduccionesaudiovisuales.ar\/index.php?rest_route=%2Fwp%2Fv2%2Fcategories&post=18279"},{"taxonomy":"post_tag","embeddable":true,"href":"https:\/\/loboproduccionesaudiovisuales.ar\/index.php?rest_route=%2Fwp%2Fv2%2Ftags&post=18279"}],"curies":[{"name":"wp","href":"https:\/\/api.w.org\/{rel}","templated":true}]}}