{"id":18256,"date":"2025-01-27T10:10:43","date_gmt":"2025-01-27T13:10:43","guid":{"rendered":"https:\/\/loboproduccionesaudiovisuales.ar\/?p=18256"},"modified":"2025-01-27T10:10:43","modified_gmt":"2025-01-27T13:10:43","slug":"rige-la-baja-de-retenciones-y-el-gobierno-aclaro-las-condiciones","status":"publish","type":"post","link":"https:\/\/loboproduccionesaudiovisuales.ar\/?p=18256","title":{"rendered":"Rige la baja de retenciones y el Gobierno aclar\u00f3 las condiciones"},"content":{"rendered":"<p><strong>La Casa Rosada public\u00f3 la medida en el Bolet\u00edn Oficial y entr\u00f3 en vigencia hasta el 30 de junio.<\/strong><\/p>\n<p>&nbsp;<\/p>\n<p><strong>La reducci\u00f3n de las retenciones y la eliminaci\u00f3n para las econom\u00edas regionales entr\u00f3 en vigencia\u00a0<\/strong>este lunes con la publicaci\u00f3n de la medida en el Bolet\u00edn Oficial.<\/p>\n<p>Con la firma del presidente Javier Milei, el ministro de Econom\u00eda, Luis Caputo, y el jefe de Gabinete, Guillermo Francos,\u00a0<strong>el decreto 38\/2025<\/strong>\u00a0se oficializ\u00f3 y ya comenz\u00f3 a regir hasta el\u00a0pr\u00f3ximo 30 de junio.<\/p>\n<p>Adem\u00e1s, en el instrumento se aclararon\u00a0<strong>las condiciones<\/strong>\u00a0para poder acceder al beneficio:\u00a0<strong>se deber\u00e1 liquidar el 95 por ciento de lo declarado en los \u00faltimos 15 d\u00edas h\u00e1biles<\/strong>\u00a0en la Declaraci\u00f3n Jurada de Venta al Exterior (DJVE).<\/p>\n<p><strong>En caso de no cumplir con es disposici\u00f3n, se cobrar\u00e1 la al\u00edcuota anterior<\/strong>, y ser\u00e1n la Agencia de Recaudaci\u00f3n y Control Aduanero (ARCA) y el Banco Central los encargados de supervisar el\u00a0mecanismo.<\/p>\n<p>&#8220;Con el objetivo de colaborar con la situaci\u00f3n del campo en este contexto de sequ\u00eda, el Gobierno Nacional decidi\u00f3 bajar las retenciones de manera temporaria en un 20% hasta el mes de junio, inclusive&#8221;, inform\u00f3 la Secretar\u00eda de Comercio en un comunicado tras el anuncio oficial.<\/p>\n<p>Agreg\u00f3 que\u00a0<strong>&#8220;la medida refleja la decisi\u00f3n del Gobierno de reducir el peso del Estado para los sectores productivos, en el marco de la pol\u00edtica de super\u00e1vit fiscal&#8221;.<\/strong><\/p>\n<p>De esta manera, la soja (poroto) baja de 33% a a 26%; la soja (aceite y harina), del 31% al 24,5%; el trigo, la cebada, el sorgo y el ma\u00edz pasan del 12% al 9,5%; y el girasol, del 7%, al 5,5%.<\/p>\n<p>Al mismo tiempo, el Gobierno Nacional elimin\u00f3 las retenciones (Derechos de Exportaci\u00f3n) para las econom\u00edas regionales y otros productos.<\/p>\n<p>La medida alcanzar\u00e1 a productos tales como az\u00facar; preparaciones alimenticias; algod\u00f3n; cuero bovino; bebidas; ovinos (lana y cueros); tabaco; forestoindustria; arroz; man\u00ed; golosinas, chocolates y otros.<\/p>\n<p>Estos bienes representaron m\u00e1s de 1100 millones de d\u00f3lares de exportaciones en el a\u00f1o 2024.<\/p>\n","protected":false},"excerpt":{"rendered":"<p>La Casa Rosada public\u00f3 la medida en el Bolet\u00edn Oficial y entr\u00f3 en vigencia hasta el 30 de junio. &nbsp;&hellip;<\/p>\n","protected":false},"author":3,"featured_media":11322,"comment_status":"open","ping_status":"open","sticky":false,"template":"","format":"standard","meta":{"footnotes":""},"categories":[5,203,2,1,120,141,123,168,112],"tags":[261],"class_list":["post-18256","post","type-post","status-publish","format-standard","has-post-thumbnail","hentry","category-actualidad","category-agricultura","category-agro","category-blog","category-cereales","category-economia","category-economias-regionales","category-nacionales","category-politica","tag-retenciones"],"aioseo_notices":[],"aioseo_head":"\n\t\t<!-- All in One SEO 5.0.1.1 - aioseo.com -->\n\t<meta name=\"description\" content=\"La Casa Rosada public\u00f3 la medida en el Bolet\u00edn Oficial y entr\u00f3 en vigencia hasta el 30 de junio. La reducci\u00f3n de las retenciones y la eliminaci\u00f3n para las econom\u00edas regionales entr\u00f3 en vigencia este lunes con la publicaci\u00f3n de la medida en el Bolet\u00edn Oficial. Con la firma del presidente Javier Milei, el ministro\" \/>\n\t<meta name=\"robots\" content=\"max-image-preview:large\" \/>\n\t<meta name=\"author\" content=\"Gustavo Werner\"\/>\n\t<link rel=\"canonical\" href=\"https:\/\/loboproduccionesaudiovisuales.ar\/?p=18256\" \/>\n\t<meta name=\"generator\" content=\"All in One SEO (AIOSEO) 5.0.1.1\" \/>\n\t\t<meta property=\"og:locale\" content=\"es_ES\" \/>\n\t\t<meta property=\"og:site_name\" content=\"LOBO PRODUCCIONES AUDIOVISUALES - Sitio digital de noticias agroindustriales\" \/>\n\t\t<meta property=\"og:type\" content=\"article\" \/>\n\t\t<meta property=\"og:title\" content=\"Rige la baja de retenciones y el Gobierno aclar\u00f3 las condiciones - LOBO PRODUCCIONES AUDIOVISUALES\" \/>\n\t\t<meta property=\"og:description\" content=\"La Casa Rosada public\u00f3 la medida en el Bolet\u00edn Oficial y entr\u00f3 en vigencia hasta el 30 de junio. La reducci\u00f3n de las retenciones y la eliminaci\u00f3n para las econom\u00edas regionales entr\u00f3 en vigencia este lunes con la publicaci\u00f3n de la medida en el Bolet\u00edn Oficial. Con la firma del presidente Javier Milei, el ministro\" \/>\n\t\t<meta property=\"og:url\" content=\"https:\/\/loboproduccionesaudiovisuales.ar\/?p=18256\" \/>\n\t\t<meta property=\"og:image\" content=\"https:\/\/loboproduccionesaudiovisuales.ar\/wp-content\/uploads\/2023\/07\/LPA-web.jpg\" \/>\n\t\t<meta property=\"og:image:secure_url\" content=\"https:\/\/loboproduccionesaudiovisuales.ar\/wp-content\/uploads\/2023\/07\/LPA-web.jpg\" \/>\n\t\t<meta property=\"article:published_time\" content=\"2025-01-27T13:10:43+00:00\" \/>\n\t\t<meta property=\"article:modified_time\" content=\"2025-01-27T13:10:43+00:00\" \/>\n\t\t<meta name=\"twitter:card\" content=\"summary_large_image\" \/>\n\t\t<meta name=\"twitter:title\" content=\"Rige la baja de retenciones y el Gobierno aclar\u00f3 las condiciones - LOBO PRODUCCIONES AUDIOVISUALES\" \/>\n\t\t<meta name=\"twitter:description\" content=\"La Casa Rosada public\u00f3 la medida en el Bolet\u00edn Oficial y entr\u00f3 en vigencia hasta el 30 de junio. La reducci\u00f3n de las retenciones y la eliminaci\u00f3n para las econom\u00edas regionales entr\u00f3 en vigencia este lunes con la publicaci\u00f3n de la medida en el Bolet\u00edn Oficial. Con la firma del presidente Javier Milei, el ministro\" \/>\n\t\t<meta name=\"twitter:image\" content=\"https:\/\/loboproduccionesaudiovisuales.ar\/wp-content\/uploads\/2023\/07\/LPA-web.jpg\" \/>\n\t\t<script type=\"application\/ld+json\" class=\"aioseo-schema\">\n\t\t\t{\"@context\":\"https:\\\/\\\/schema.org\",\"@graph\":[{\"@type\":\"BlogPosting\",\"@id\":\"https:\\\/\\\/loboproduccionesaudiovisuales.ar\\\/?p=18256#blogposting\",\"name\":\"Rige la baja de retenciones y el Gobierno aclar\\u00f3 las condiciones - LOBO PRODUCCIONES AUDIOVISUALES\",\"headline\":\"Rige la baja de retenciones y el Gobierno aclar\\u00f3 las condiciones\",\"author\":{\"@id\":\"https:\\\/\\\/loboproduccionesaudiovisuales.ar\\\/?author=3#author\"},\"publisher\":{\"@id\":\"https:\\\/\\\/loboproduccionesaudiovisuales.ar\\\/#organization\"},\"image\":{\"@type\":\"ImageObject\",\"url\":\"https:\\\/\\\/loboproduccionesaudiovisuales.ar\\\/wp-content\\\/uploads\\\/2024\\\/03\\\/cosecha-soja-tardia-santa-fe-infocampo.jpg\",\"width\":1000,\"height\":570},\"datePublished\":\"2025-01-27T10:10:43-03:00\",\"dateModified\":\"2025-01-27T10:10:43-03:00\",\"inLanguage\":\"es-AR\",\"mainEntityOfPage\":{\"@id\":\"https:\\\/\\\/loboproduccionesaudiovisuales.ar\\\/?p=18256#webpage\"},\"isPartOf\":{\"@id\":\"https:\\\/\\\/loboproduccionesaudiovisuales.ar\\\/?p=18256#webpage\"},\"articleSection\":\"ACTUALIDAD, AGRICULTURA, AGRO, Blog, CEREALES, ECONOMIA, ECONOMIAS REGIONALES, NACIONALES, POL\\u00cdTICA, retenciones\"},{\"@type\":\"BreadcrumbList\",\"@id\":\"https:\\\/\\\/loboproduccionesaudiovisuales.ar\\\/?p=18256#breadcrumblist\",\"itemListElement\":[{\"@type\":\"ListItem\",\"@id\":\"https:\\\/\\\/loboproduccionesaudiovisuales.ar#listItem\",\"position\":1,\"name\":\"Home\",\"item\":\"https:\\\/\\\/loboproduccionesaudiovisuales.ar\",\"nextItem\":{\"@type\":\"ListItem\",\"@id\":\"https:\\\/\\\/loboproduccionesaudiovisuales.ar\\\/?cat=1#listItem\",\"name\":\"Blog\"}},{\"@type\":\"ListItem\",\"@id\":\"https:\\\/\\\/loboproduccionesaudiovisuales.ar\\\/?cat=1#listItem\",\"position\":2,\"name\":\"Blog\",\"item\":\"https:\\\/\\\/loboproduccionesaudiovisuales.ar\\\/?cat=1\",\"nextItem\":{\"@type\":\"ListItem\",\"@id\":\"https:\\\/\\\/loboproduccionesaudiovisuales.ar\\\/?p=18256#listItem\",\"name\":\"Rige la baja de retenciones y el Gobierno aclar\\u00f3 las condiciones\"},\"previousItem\":{\"@type\":\"ListItem\",\"@id\":\"https:\\\/\\\/loboproduccionesaudiovisuales.ar#listItem\",\"name\":\"Home\"}},{\"@type\":\"ListItem\",\"@id\":\"https:\\\/\\\/loboproduccionesaudiovisuales.ar\\\/?p=18256#listItem\",\"position\":3,\"name\":\"Rige la baja de retenciones y el Gobierno aclar\\u00f3 las condiciones\",\"previousItem\":{\"@type\":\"ListItem\",\"@id\":\"https:\\\/\\\/loboproduccionesaudiovisuales.ar\\\/?cat=1#listItem\",\"name\":\"Blog\"}}]},{\"@type\":\"Organization\",\"@id\":\"https:\\\/\\\/loboproduccionesaudiovisuales.ar\\\/#organization\",\"name\":\"loboproduccionesaudiovisuales.ar\",\"description\":\"Sitio digital de noticias agroindustriales\",\"url\":\"https:\\\/\\\/loboproduccionesaudiovisuales.ar\\\/\",\"logo\":{\"@type\":\"ImageObject\",\"url\":\"https:\\\/\\\/loboproduccionesaudiovisuales.ar\\\/wp-content\\\/uploads\\\/2023\\\/07\\\/LPA-web.jpg\",\"@id\":\"https:\\\/\\\/loboproduccionesaudiovisuales.ar\\\/?p=18256\\\/#organizationLogo\",\"width\":500,\"height\":144},\"image\":{\"@id\":\"https:\\\/\\\/loboproduccionesaudiovisuales.ar\\\/?p=18256\\\/#organizationLogo\"}},{\"@type\":\"Person\",\"@id\":\"https:\\\/\\\/loboproduccionesaudiovisuales.ar\\\/?author=3#author\",\"url\":\"https:\\\/\\\/loboproduccionesaudiovisuales.ar\\\/?author=3\",\"name\":\"Gustavo Werner\",\"image\":{\"@type\":\"ImageObject\",\"@id\":\"https:\\\/\\\/loboproduccionesaudiovisuales.ar\\\/?p=18256#authorImage\",\"url\":\"https:\\\/\\\/secure.gravatar.com\\\/avatar\\\/e04239ede7d02b80503013ac1fa61f308bbe3566e5a70df5bbef7c3725a0dcae?s=96&d=mm&r=g\",\"width\":96,\"height\":96,\"caption\":\"Gustavo Werner\"}},{\"@type\":\"WebPage\",\"@id\":\"https:\\\/\\\/loboproduccionesaudiovisuales.ar\\\/?p=18256#webpage\",\"url\":\"https:\\\/\\\/loboproduccionesaudiovisuales.ar\\\/?p=18256\",\"name\":\"Rige la baja de retenciones y el Gobierno aclar\\u00f3 las condiciones - LOBO PRODUCCIONES AUDIOVISUALES\",\"description\":\"La Casa Rosada public\\u00f3 la medida en el Bolet\\u00edn Oficial y entr\\u00f3 en vigencia hasta el 30 de junio. La reducci\\u00f3n de las retenciones y la eliminaci\\u00f3n para las econom\\u00edas regionales entr\\u00f3 en vigencia este lunes con la publicaci\\u00f3n de la medida en el Bolet\\u00edn Oficial. Con la firma del presidente Javier Milei, el ministro\",\"inLanguage\":\"es-AR\",\"isPartOf\":{\"@id\":\"https:\\\/\\\/loboproduccionesaudiovisuales.ar\\\/#website\"},\"breadcrumb\":{\"@id\":\"https:\\\/\\\/loboproduccionesaudiovisuales.ar\\\/?p=18256#breadcrumblist\"},\"author\":{\"@id\":\"https:\\\/\\\/loboproduccionesaudiovisuales.ar\\\/?author=3#author\"},\"creator\":{\"@id\":\"https:\\\/\\\/loboproduccionesaudiovisuales.ar\\\/?author=3#author\"},\"image\":{\"@type\":\"ImageObject\",\"url\":\"https:\\\/\\\/loboproduccionesaudiovisuales.ar\\\/wp-content\\\/uploads\\\/2024\\\/03\\\/cosecha-soja-tardia-santa-fe-infocampo.jpg\",\"@id\":\"https:\\\/\\\/loboproduccionesaudiovisuales.ar\\\/?p=18256\\\/#mainImage\",\"width\":1000,\"height\":570},\"primaryImageOfPage\":{\"@id\":\"https:\\\/\\\/loboproduccionesaudiovisuales.ar\\\/?p=18256#mainImage\"},\"datePublished\":\"2025-01-27T10:10:43-03:00\",\"dateModified\":\"2025-01-27T10:10:43-03:00\"},{\"@type\":\"WebSite\",\"@id\":\"https:\\\/\\\/loboproduccionesaudiovisuales.ar\\\/#website\",\"url\":\"https:\\\/\\\/loboproduccionesaudiovisuales.ar\\\/\",\"name\":\"loboproduccionesaudiovisuales.ar\",\"alternateName\":\"Lobo Producciones\",\"description\":\"Sitio digital de noticias agroindustriales\",\"inLanguage\":\"es-AR\",\"publisher\":{\"@id\":\"https:\\\/\\\/loboproduccionesaudiovisuales.ar\\\/#organization\"}}]}\n\t\t<\/script>\n\t\t<!-- All in One SEO -->\n\n","aioseo_head_json":{"title":"Rige la baja de retenciones y el Gobierno aclar\u00f3 las condiciones - LOBO PRODUCCIONES AUDIOVISUALES","description":"La Casa Rosada public\u00f3 la medida en el Bolet\u00edn Oficial y entr\u00f3 en vigencia hasta el 30 de junio. La reducci\u00f3n de las retenciones y la eliminaci\u00f3n para las econom\u00edas regionales entr\u00f3 en vigencia este lunes con la publicaci\u00f3n de la medida en el Bolet\u00edn Oficial. Con la firma del presidente Javier Milei, el ministro","canonical_url":"https:\/\/loboproduccionesaudiovisuales.ar\/?p=18256","robots":"max-image-preview:large","keywords":"","webmasterTools":{"miscellaneous":""},"schema":{"@context":"https:\/\/schema.org","@graph":[{"@type":"BlogPosting","@id":"https:\/\/loboproduccionesaudiovisuales.ar\/?p=18256#blogposting","name":"Rige la baja de retenciones y el Gobierno aclar\u00f3 las condiciones - LOBO PRODUCCIONES AUDIOVISUALES","headline":"Rige la baja de retenciones y el Gobierno aclar\u00f3 las condiciones","author":{"@id":"https:\/\/loboproduccionesaudiovisuales.ar\/?author=3#author"},"publisher":{"@id":"https:\/\/loboproduccionesaudiovisuales.ar\/#organization"},"image":{"@type":"ImageObject","url":"https:\/\/loboproduccionesaudiovisuales.ar\/wp-content\/uploads\/2024\/03\/cosecha-soja-tardia-santa-fe-infocampo.jpg","width":1000,"height":570},"datePublished":"2025-01-27T10:10:43-03:00","dateModified":"2025-01-27T10:10:43-03:00","inLanguage":"es-AR","mainEntityOfPage":{"@id":"https:\/\/loboproduccionesaudiovisuales.ar\/?p=18256#webpage"},"isPartOf":{"@id":"https:\/\/loboproduccionesaudiovisuales.ar\/?p=18256#webpage"},"articleSection":"ACTUALIDAD, AGRICULTURA, AGRO, Blog, CEREALES, ECONOMIA, ECONOMIAS REGIONALES, NACIONALES, POL\u00cdTICA, retenciones"},{"@type":"BreadcrumbList","@id":"https:\/\/loboproduccionesaudiovisuales.ar\/?p=18256#breadcrumblist","itemListElement":[{"@type":"ListItem","@id":"https:\/\/loboproduccionesaudiovisuales.ar#listItem","position":1,"name":"Home","item":"https:\/\/loboproduccionesaudiovisuales.ar","nextItem":{"@type":"ListItem","@id":"https:\/\/loboproduccionesaudiovisuales.ar\/?cat=1#listItem","name":"Blog"}},{"@type":"ListItem","@id":"https:\/\/loboproduccionesaudiovisuales.ar\/?cat=1#listItem","position":2,"name":"Blog","item":"https:\/\/loboproduccionesaudiovisuales.ar\/?cat=1","nextItem":{"@type":"ListItem","@id":"https:\/\/loboproduccionesaudiovisuales.ar\/?p=18256#listItem","name":"Rige la baja de retenciones y el Gobierno aclar\u00f3 las condiciones"},"previousItem":{"@type":"ListItem","@id":"https:\/\/loboproduccionesaudiovisuales.ar#listItem","name":"Home"}},{"@type":"ListItem","@id":"https:\/\/loboproduccionesaudiovisuales.ar\/?p=18256#listItem","position":3,"name":"Rige la baja de retenciones y el Gobierno aclar\u00f3 las condiciones","previousItem":{"@type":"ListItem","@id":"https:\/\/loboproduccionesaudiovisuales.ar\/?cat=1#listItem","name":"Blog"}}]},{"@type":"Organization","@id":"https:\/\/loboproduccionesaudiovisuales.ar\/#organization","name":"loboproduccionesaudiovisuales.ar","description":"Sitio digital de noticias agroindustriales","url":"https:\/\/loboproduccionesaudiovisuales.ar\/","logo":{"@type":"ImageObject","url":"https:\/\/loboproduccionesaudiovisuales.ar\/wp-content\/uploads\/2023\/07\/LPA-web.jpg","@id":"https:\/\/loboproduccionesaudiovisuales.ar\/?p=18256\/#organizationLogo","width":500,"height":144},"image":{"@id":"https:\/\/loboproduccionesaudiovisuales.ar\/?p=18256\/#organizationLogo"}},{"@type":"Person","@id":"https:\/\/loboproduccionesaudiovisuales.ar\/?author=3#author","url":"https:\/\/loboproduccionesaudiovisuales.ar\/?author=3","name":"Gustavo Werner","image":{"@type":"ImageObject","@id":"https:\/\/loboproduccionesaudiovisuales.ar\/?p=18256#authorImage","url":"https:\/\/secure.gravatar.com\/avatar\/e04239ede7d02b80503013ac1fa61f308bbe3566e5a70df5bbef7c3725a0dcae?s=96&d=mm&r=g","width":96,"height":96,"caption":"Gustavo Werner"}},{"@type":"WebPage","@id":"https:\/\/loboproduccionesaudiovisuales.ar\/?p=18256#webpage","url":"https:\/\/loboproduccionesaudiovisuales.ar\/?p=18256","name":"Rige la baja de retenciones y el Gobierno aclar\u00f3 las condiciones - LOBO PRODUCCIONES AUDIOVISUALES","description":"La Casa Rosada public\u00f3 la medida en el Bolet\u00edn Oficial y entr\u00f3 en vigencia hasta el 30 de junio. La reducci\u00f3n de las retenciones y la eliminaci\u00f3n para las econom\u00edas regionales entr\u00f3 en vigencia este lunes con la publicaci\u00f3n de la medida en el Bolet\u00edn Oficial. Con la firma del presidente Javier Milei, el ministro","inLanguage":"es-AR","isPartOf":{"@id":"https:\/\/loboproduccionesaudiovisuales.ar\/#website"},"breadcrumb":{"@id":"https:\/\/loboproduccionesaudiovisuales.ar\/?p=18256#breadcrumblist"},"author":{"@id":"https:\/\/loboproduccionesaudiovisuales.ar\/?author=3#author"},"creator":{"@id":"https:\/\/loboproduccionesaudiovisuales.ar\/?author=3#author"},"image":{"@type":"ImageObject","url":"https:\/\/loboproduccionesaudiovisuales.ar\/wp-content\/uploads\/2024\/03\/cosecha-soja-tardia-santa-fe-infocampo.jpg","@id":"https:\/\/loboproduccionesaudiovisuales.ar\/?p=18256\/#mainImage","width":1000,"height":570},"primaryImageOfPage":{"@id":"https:\/\/loboproduccionesaudiovisuales.ar\/?p=18256#mainImage"},"datePublished":"2025-01-27T10:10:43-03:00","dateModified":"2025-01-27T10:10:43-03:00"},{"@type":"WebSite","@id":"https:\/\/loboproduccionesaudiovisuales.ar\/#website","url":"https:\/\/loboproduccionesaudiovisuales.ar\/","name":"loboproduccionesaudiovisuales.ar","alternateName":"Lobo Producciones","description":"Sitio digital de noticias agroindustriales","inLanguage":"es-AR","publisher":{"@id":"https:\/\/loboproduccionesaudiovisuales.ar\/#organization"}}]},"og:locale":"es_ES","og:site_name":"LOBO PRODUCCIONES AUDIOVISUALES - Sitio digital de noticias agroindustriales","og:type":"article","og:title":"Rige la baja de retenciones y el Gobierno aclar\u00f3 las condiciones - LOBO PRODUCCIONES AUDIOVISUALES","og:description":"La Casa Rosada public\u00f3 la medida en el Bolet\u00edn Oficial y entr\u00f3 en vigencia hasta el 30 de junio. La reducci\u00f3n de las retenciones y la eliminaci\u00f3n para las econom\u00edas regionales entr\u00f3 en vigencia este lunes con la publicaci\u00f3n de la medida en el Bolet\u00edn Oficial. Con la firma del presidente Javier Milei, el ministro","og:url":"https:\/\/loboproduccionesaudiovisuales.ar\/?p=18256","og:image":"https:\/\/loboproduccionesaudiovisuales.ar\/wp-content\/uploads\/2023\/07\/LPA-web.jpg","og:image:secure_url":"https:\/\/loboproduccionesaudiovisuales.ar\/wp-content\/uploads\/2023\/07\/LPA-web.jpg","article:published_time":"2025-01-27T13:10:43+00:00","article:modified_time":"2025-01-27T13:10:43+00:00","twitter:card":"summary_large_image","twitter:title":"Rige la baja de retenciones y el Gobierno aclar\u00f3 las condiciones - LOBO PRODUCCIONES AUDIOVISUALES","twitter:description":"La Casa Rosada public\u00f3 la medida en el Bolet\u00edn Oficial y entr\u00f3 en vigencia hasta el 30 de junio. La reducci\u00f3n de las retenciones y la eliminaci\u00f3n para las econom\u00edas regionales entr\u00f3 en vigencia este lunes con la publicaci\u00f3n de la medida en el Bolet\u00edn Oficial. Con la firma del presidente Javier Milei, el ministro","twitter:image":"https:\/\/loboproduccionesaudiovisuales.ar\/wp-content\/uploads\/2023\/07\/LPA-web.jpg"},"aioseo_meta_data":{"post_id":"18256","title":null,"description":null,"keywords":null,"keyphrases":{"focus":{"keyphrase":"","score":0,"analysis":{"keyphraseInTitle":{"score":0,"maxScore":9,"error":1}}},"additional":[]},"primary_term":null,"canonical_url":null,"og_title":null,"og_description":null,"og_object_type":"default","og_image_type":"default","og_image_url":null,"og_image_width":null,"og_image_height":null,"og_image_custom_url":null,"og_image_custom_fields":null,"og_video":"","og_custom_url":null,"og_article_section":null,"og_article_tags":null,"twitter_use_og":false,"twitter_card":"default","twitter_image_type":"default","twitter_image_url":null,"twitter_image_custom_url":null,"twitter_image_custom_fields":null,"twitter_title":null,"twitter_description":null,"schema":{"blockGraphs":[],"customGraphs":[],"default":{"data":{"Article":[],"Course":[],"Dataset":[],"FAQPage":[],"Movie":[],"Person":[],"Product":[],"ProductReview":[],"Car":[],"Recipe":[],"Service":[],"SoftwareApplication":[],"WebPage":[]},"graphName":"BlogPosting","isEnabled":true},"graphs":[]},"schema_type":"default","schema_type_options":null,"pillar_content":false,"robots_default":true,"robots_noindex":false,"robots_noarchive":false,"robots_nosnippet":false,"robots_nofollow":false,"robots_noimageindex":false,"robots_noodp":false,"robots_notranslate":false,"robots_max_snippet":"-1","robots_max_videopreview":"-1","robots_max_imagepreview":"large","priority":null,"frequency":"default","local_seo":null,"breadcrumb_settings":null,"limit_modified_date":false,"ai":null,"created":"2025-01-27 13:10:43","updated":"2025-06-05 01:31:35","seo_analyzer_scan_date":null,"focus_keyword":null,"additional_keywords":null,"truseo_locale":null},"aioseo_breadcrumb":"<div class=\"aioseo-breadcrumbs\"><span class=\"aioseo-breadcrumb\">\n\t\t\t<a href=\"https:\/\/loboproduccionesaudiovisuales.ar\" title=\"Home\">Home<\/a>\n\t\t<\/span><span class=\"aioseo-breadcrumb-separator\">&raquo;<\/span><span class=\"aioseo-breadcrumb\">\n\t\t\t<a href=\"https:\/\/loboproduccionesaudiovisuales.ar\/?cat=1\" title=\"Blog\">Blog<\/a>\n\t\t<\/span><span class=\"aioseo-breadcrumb-separator\">&raquo;<\/span><span class=\"aioseo-breadcrumb\">\n\t\t\tRige la baja de retenciones y el Gobierno aclar\u00f3 las condiciones\n\t\t<\/span><\/div>","aioseo_breadcrumb_json":[{"label":"Home","link":"https:\/\/loboproduccionesaudiovisuales.ar"},{"label":"Blog","link":"https:\/\/loboproduccionesaudiovisuales.ar\/?cat=1"},{"label":"Rige la baja de retenciones y el Gobierno aclar\u00f3 las condiciones","link":"https:\/\/loboproduccionesaudiovisuales.ar\/?p=18256"}],"_links":{"self":[{"href":"https:\/\/loboproduccionesaudiovisuales.ar\/index.php?rest_route=\/wp\/v2\/posts\/18256","targetHints":{"allow":["GET"]}}],"collection":[{"href":"https:\/\/loboproduccionesaudiovisuales.ar\/index.php?rest_route=\/wp\/v2\/posts"}],"about":[{"href":"https:\/\/loboproduccionesaudiovisuales.ar\/index.php?rest_route=\/wp\/v2\/types\/post"}],"author":[{"embeddable":true,"href":"https:\/\/loboproduccionesaudiovisuales.ar\/index.php?rest_route=\/wp\/v2\/users\/3"}],"replies":[{"embeddable":true,"href":"https:\/\/loboproduccionesaudiovisuales.ar\/index.php?rest_route=%2Fwp%2Fv2%2Fcomments&post=18256"}],"version-history":[{"count":1,"href":"https:\/\/loboproduccionesaudiovisuales.ar\/index.php?rest_route=\/wp\/v2\/posts\/18256\/revisions"}],"predecessor-version":[{"id":18257,"href":"https:\/\/loboproduccionesaudiovisuales.ar\/index.php?rest_route=\/wp\/v2\/posts\/18256\/revisions\/18257"}],"wp:featuredmedia":[{"embeddable":true,"href":"https:\/\/loboproduccionesaudiovisuales.ar\/index.php?rest_route=\/wp\/v2\/media\/11322"}],"wp:attachment":[{"href":"https:\/\/loboproduccionesaudiovisuales.ar\/index.php?rest_route=%2Fwp%2Fv2%2Fmedia&parent=18256"}],"wp:term":[{"taxonomy":"category","embeddable":true,"href":"https:\/\/loboproduccionesaudiovisuales.ar\/index.php?rest_route=%2Fwp%2Fv2%2Fcategories&post=18256"},{"taxonomy":"post_tag","embeddable":true,"href":"https:\/\/loboproduccionesaudiovisuales.ar\/index.php?rest_route=%2Fwp%2Fv2%2Ftags&post=18256"}],"curies":[{"name":"wp","href":"https:\/\/api.w.org\/{rel}","templated":true}]}}