{"id":17837,"date":"2024-12-16T10:40:59","date_gmt":"2024-12-16T13:40:59","guid":{"rendered":"https:\/\/loboproduccionesaudiovisuales.ar\/?p=17837"},"modified":"2024-12-16T10:40:59","modified_gmt":"2024-12-16T13:40:59","slug":"dolor-por-el-fallecimiento-del-productor-y-dirigente-entrerriano-claudio-alvarez-daneri","status":"publish","type":"post","link":"https:\/\/loboproduccionesaudiovisuales.ar\/?p=17837","title":{"rendered":"Dolor por el fallecimiento del productor y dirigente entrerriano Claudio \u00c1lvarez Daneri"},"content":{"rendered":"<p><strong>Integraba el Consejo de Administraci\u00f3n de Fucofa. Falleci\u00f3 el domingo luego de atravesar una dura enfermedad.<\/strong><\/p>\n<p>&nbsp;<\/p>\n<p>La Fundaci\u00f3n para la Lucha Contra la Fiebre Aftosa (Fucofa) lament\u00f3 con profundo dolor del\u00a0<strong>fallecimiento del M\u00e9dico Veterinario Claudio \u00c1lvarez Daneri,<\/strong>\u00a0quien integrara su Consejo de Administraci\u00f3n en representaci\u00f3n de la Federaci\u00f3n de Asociaciones Rurales de Entre R\u00edos (Farer).<\/p>\n<p>El productor falleci\u00f3 este domingo tras atravesar una dura enfermedad. La noticia gener\u00f3 gran conmoci\u00f3n en el sector e incluso allegados del deporte.<\/p>\n<p>Desde Fucofa destacaron que Claudio\u00a0<strong>supo representar con solvencia t\u00e9cnica y pasi\u00f3n, los intereses de los productores ganaderos entrerrianos, en distintos \u00e1mbitos, tanto provinciales como nacionales.\u00a0<\/strong><\/p>\n<p>Desde el Consejo de Administraci\u00f3n de la Fundaci\u00f3n, -el actual y el de las gestiones anteriores-; como t\u00e9cnicos y personal de la entidad; hacen llegar sus condolencias a su familia y amigos y desean una pronta resignaci\u00f3n.<\/p>\n","protected":false},"excerpt":{"rendered":"<p>Integraba el Consejo de Administraci\u00f3n de Fucofa. Falleci\u00f3 el domingo luego de atravesar una dura enfermedad. &nbsp; La Fundaci\u00f3n para&hellip;<\/p>\n","protected":false},"author":3,"featured_media":17838,"comment_status":"open","ping_status":"open","sticky":false,"template":"","format":"standard","meta":{"footnotes":""},"categories":[5,2,1,128,119],"tags":[446],"class_list":["post-17837","post","type-post","status-publish","format-standard","has-post-thumbnail","hentry","category-actualidad","category-agro","category-blog","category-entre-rios","category-institucionales","tag-claudio-alvarez-daneri"],"aioseo_notices":[],"aioseo_head":"\n\t\t<!-- All in One SEO 5.0.1.1 - aioseo.com -->\n\t<meta name=\"description\" content=\"Integraba el Consejo de Administraci\u00f3n de Fucofa. Falleci\u00f3 el domingo luego de atravesar una dura enfermedad. La Fundaci\u00f3n para la Lucha Contra la Fiebre Aftosa (Fucofa) lament\u00f3 con profundo dolor del fallecimiento del M\u00e9dico Veterinario Claudio \u00c1lvarez Daneri, quien integrara su Consejo de Administraci\u00f3n en representaci\u00f3n de la Federaci\u00f3n de Asociaciones Rurales de Entre R\u00edos (Farer).\" \/>\n\t<meta name=\"robots\" content=\"max-image-preview:large\" \/>\n\t<meta name=\"author\" content=\"Gustavo Werner\"\/>\n\t<link rel=\"canonical\" href=\"https:\/\/loboproduccionesaudiovisuales.ar\/?p=17837\" \/>\n\t<meta name=\"generator\" content=\"All in One SEO (AIOSEO) 5.0.1.1\" \/>\n\t\t<meta property=\"og:locale\" content=\"es_ES\" \/>\n\t\t<meta property=\"og:site_name\" content=\"LOBO PRODUCCIONES AUDIOVISUALES - Sitio digital de noticias agroindustriales\" \/>\n\t\t<meta property=\"og:type\" content=\"article\" \/>\n\t\t<meta property=\"og:title\" content=\"Dolor por el fallecimiento del productor y dirigente entrerriano Claudio \u00c1lvarez Daneri - LOBO PRODUCCIONES AUDIOVISUALES\" \/>\n\t\t<meta property=\"og:description\" content=\"Integraba el Consejo de Administraci\u00f3n de Fucofa. Falleci\u00f3 el domingo luego de atravesar una dura enfermedad. La Fundaci\u00f3n para la Lucha Contra la Fiebre Aftosa (Fucofa) lament\u00f3 con profundo dolor del fallecimiento del M\u00e9dico Veterinario Claudio \u00c1lvarez Daneri, quien integrara su Consejo de Administraci\u00f3n en representaci\u00f3n de la Federaci\u00f3n de Asociaciones Rurales de Entre R\u00edos (Farer).\" \/>\n\t\t<meta property=\"og:url\" content=\"https:\/\/loboproduccionesaudiovisuales.ar\/?p=17837\" \/>\n\t\t<meta property=\"og:image\" content=\"https:\/\/loboproduccionesaudiovisuales.ar\/wp-content\/uploads\/2023\/07\/LPA-web.jpg\" \/>\n\t\t<meta property=\"og:image:secure_url\" content=\"https:\/\/loboproduccionesaudiovisuales.ar\/wp-content\/uploads\/2023\/07\/LPA-web.jpg\" \/>\n\t\t<meta property=\"article:published_time\" content=\"2024-12-16T13:40:59+00:00\" \/>\n\t\t<meta property=\"article:modified_time\" content=\"2024-12-16T13:40:59+00:00\" \/>\n\t\t<meta name=\"twitter:card\" content=\"summary_large_image\" \/>\n\t\t<meta name=\"twitter:title\" content=\"Dolor por el fallecimiento del productor y dirigente entrerriano Claudio \u00c1lvarez Daneri - LOBO PRODUCCIONES AUDIOVISUALES\" \/>\n\t\t<meta name=\"twitter:description\" content=\"Integraba el Consejo de Administraci\u00f3n de Fucofa. Falleci\u00f3 el domingo luego de atravesar una dura enfermedad. La Fundaci\u00f3n para la Lucha Contra la Fiebre Aftosa (Fucofa) lament\u00f3 con profundo dolor del fallecimiento del M\u00e9dico Veterinario Claudio \u00c1lvarez Daneri, quien integrara su Consejo de Administraci\u00f3n en representaci\u00f3n de la Federaci\u00f3n de Asociaciones Rurales de Entre R\u00edos (Farer).\" \/>\n\t\t<meta name=\"twitter:image\" content=\"https:\/\/loboproduccionesaudiovisuales.ar\/wp-content\/uploads\/2023\/07\/LPA-web.jpg\" \/>\n\t\t<script type=\"application\/ld+json\" class=\"aioseo-schema\">\n\t\t\t{\"@context\":\"https:\\\/\\\/schema.org\",\"@graph\":[{\"@type\":\"BlogPosting\",\"@id\":\"https:\\\/\\\/loboproduccionesaudiovisuales.ar\\\/?p=17837#blogposting\",\"name\":\"Dolor por el fallecimiento del productor y dirigente entrerriano Claudio \\u00c1lvarez Daneri - LOBO PRODUCCIONES AUDIOVISUALES\",\"headline\":\"Dolor por el fallecimiento del productor y dirigente entrerriano Claudio \\u00c1lvarez Daneri\",\"author\":{\"@id\":\"https:\\\/\\\/loboproduccionesaudiovisuales.ar\\\/?author=3#author\"},\"publisher\":{\"@id\":\"https:\\\/\\\/loboproduccionesaudiovisuales.ar\\\/#organization\"},\"image\":{\"@type\":\"ImageObject\",\"url\":\"https:\\\/\\\/loboproduccionesaudiovisuales.ar\\\/wp-content\\\/uploads\\\/2024\\\/12\\\/claudio-alvarez-daneri-fucofa-696x392-1.jpg\",\"width\":696,\"height\":392},\"datePublished\":\"2024-12-16T10:40:59-03:00\",\"dateModified\":\"2024-12-16T10:40:59-03:00\",\"inLanguage\":\"es-AR\",\"mainEntityOfPage\":{\"@id\":\"https:\\\/\\\/loboproduccionesaudiovisuales.ar\\\/?p=17837#webpage\"},\"isPartOf\":{\"@id\":\"https:\\\/\\\/loboproduccionesaudiovisuales.ar\\\/?p=17837#webpage\"},\"articleSection\":\"ACTUALIDAD, AGRO, Blog, ENTRE RIOS, INSTITUCIONALES, Claudio Alvarez Daneri\"},{\"@type\":\"BreadcrumbList\",\"@id\":\"https:\\\/\\\/loboproduccionesaudiovisuales.ar\\\/?p=17837#breadcrumblist\",\"itemListElement\":[{\"@type\":\"ListItem\",\"@id\":\"https:\\\/\\\/loboproduccionesaudiovisuales.ar#listItem\",\"position\":1,\"name\":\"Home\",\"item\":\"https:\\\/\\\/loboproduccionesaudiovisuales.ar\",\"nextItem\":{\"@type\":\"ListItem\",\"@id\":\"https:\\\/\\\/loboproduccionesaudiovisuales.ar\\\/?cat=1#listItem\",\"name\":\"Blog\"}},{\"@type\":\"ListItem\",\"@id\":\"https:\\\/\\\/loboproduccionesaudiovisuales.ar\\\/?cat=1#listItem\",\"position\":2,\"name\":\"Blog\",\"item\":\"https:\\\/\\\/loboproduccionesaudiovisuales.ar\\\/?cat=1\",\"nextItem\":{\"@type\":\"ListItem\",\"@id\":\"https:\\\/\\\/loboproduccionesaudiovisuales.ar\\\/?p=17837#listItem\",\"name\":\"Dolor por el fallecimiento del productor y dirigente entrerriano Claudio \\u00c1lvarez Daneri\"},\"previousItem\":{\"@type\":\"ListItem\",\"@id\":\"https:\\\/\\\/loboproduccionesaudiovisuales.ar#listItem\",\"name\":\"Home\"}},{\"@type\":\"ListItem\",\"@id\":\"https:\\\/\\\/loboproduccionesaudiovisuales.ar\\\/?p=17837#listItem\",\"position\":3,\"name\":\"Dolor por el fallecimiento del productor y dirigente entrerriano Claudio \\u00c1lvarez Daneri\",\"previousItem\":{\"@type\":\"ListItem\",\"@id\":\"https:\\\/\\\/loboproduccionesaudiovisuales.ar\\\/?cat=1#listItem\",\"name\":\"Blog\"}}]},{\"@type\":\"Organization\",\"@id\":\"https:\\\/\\\/loboproduccionesaudiovisuales.ar\\\/#organization\",\"name\":\"loboproduccionesaudiovisuales.ar\",\"description\":\"Sitio digital de noticias agroindustriales\",\"url\":\"https:\\\/\\\/loboproduccionesaudiovisuales.ar\\\/\",\"logo\":{\"@type\":\"ImageObject\",\"url\":\"https:\\\/\\\/loboproduccionesaudiovisuales.ar\\\/wp-content\\\/uploads\\\/2023\\\/07\\\/LPA-web.jpg\",\"@id\":\"https:\\\/\\\/loboproduccionesaudiovisuales.ar\\\/?p=17837\\\/#organizationLogo\",\"width\":500,\"height\":144},\"image\":{\"@id\":\"https:\\\/\\\/loboproduccionesaudiovisuales.ar\\\/?p=17837\\\/#organizationLogo\"}},{\"@type\":\"Person\",\"@id\":\"https:\\\/\\\/loboproduccionesaudiovisuales.ar\\\/?author=3#author\",\"url\":\"https:\\\/\\\/loboproduccionesaudiovisuales.ar\\\/?author=3\",\"name\":\"Gustavo Werner\",\"image\":{\"@type\":\"ImageObject\",\"@id\":\"https:\\\/\\\/loboproduccionesaudiovisuales.ar\\\/?p=17837#authorImage\",\"url\":\"https:\\\/\\\/secure.gravatar.com\\\/avatar\\\/e04239ede7d02b80503013ac1fa61f308bbe3566e5a70df5bbef7c3725a0dcae?s=96&d=mm&r=g\",\"width\":96,\"height\":96,\"caption\":\"Gustavo Werner\"}},{\"@type\":\"WebPage\",\"@id\":\"https:\\\/\\\/loboproduccionesaudiovisuales.ar\\\/?p=17837#webpage\",\"url\":\"https:\\\/\\\/loboproduccionesaudiovisuales.ar\\\/?p=17837\",\"name\":\"Dolor por el fallecimiento del productor y dirigente entrerriano Claudio \\u00c1lvarez Daneri - LOBO PRODUCCIONES AUDIOVISUALES\",\"description\":\"Integraba el Consejo de Administraci\\u00f3n de Fucofa. Falleci\\u00f3 el domingo luego de atravesar una dura enfermedad. La Fundaci\\u00f3n para la Lucha Contra la Fiebre Aftosa (Fucofa) lament\\u00f3 con profundo dolor del fallecimiento del M\\u00e9dico Veterinario Claudio \\u00c1lvarez Daneri, quien integrara su Consejo de Administraci\\u00f3n en representaci\\u00f3n de la Federaci\\u00f3n de Asociaciones Rurales de Entre R\\u00edos (Farer).\",\"inLanguage\":\"es-AR\",\"isPartOf\":{\"@id\":\"https:\\\/\\\/loboproduccionesaudiovisuales.ar\\\/#website\"},\"breadcrumb\":{\"@id\":\"https:\\\/\\\/loboproduccionesaudiovisuales.ar\\\/?p=17837#breadcrumblist\"},\"author\":{\"@id\":\"https:\\\/\\\/loboproduccionesaudiovisuales.ar\\\/?author=3#author\"},\"creator\":{\"@id\":\"https:\\\/\\\/loboproduccionesaudiovisuales.ar\\\/?author=3#author\"},\"image\":{\"@type\":\"ImageObject\",\"url\":\"https:\\\/\\\/loboproduccionesaudiovisuales.ar\\\/wp-content\\\/uploads\\\/2024\\\/12\\\/claudio-alvarez-daneri-fucofa-696x392-1.jpg\",\"@id\":\"https:\\\/\\\/loboproduccionesaudiovisuales.ar\\\/?p=17837\\\/#mainImage\",\"width\":696,\"height\":392},\"primaryImageOfPage\":{\"@id\":\"https:\\\/\\\/loboproduccionesaudiovisuales.ar\\\/?p=17837#mainImage\"},\"datePublished\":\"2024-12-16T10:40:59-03:00\",\"dateModified\":\"2024-12-16T10:40:59-03:00\"},{\"@type\":\"WebSite\",\"@id\":\"https:\\\/\\\/loboproduccionesaudiovisuales.ar\\\/#website\",\"url\":\"https:\\\/\\\/loboproduccionesaudiovisuales.ar\\\/\",\"name\":\"loboproduccionesaudiovisuales.ar\",\"alternateName\":\"Lobo Producciones\",\"description\":\"Sitio digital de noticias agroindustriales\",\"inLanguage\":\"es-AR\",\"publisher\":{\"@id\":\"https:\\\/\\\/loboproduccionesaudiovisuales.ar\\\/#organization\"}}]}\n\t\t<\/script>\n\t\t<!-- All in One SEO -->\n\n","aioseo_head_json":{"title":"Dolor por el fallecimiento del productor y dirigente entrerriano Claudio \u00c1lvarez Daneri - LOBO PRODUCCIONES AUDIOVISUALES","description":"Integraba el Consejo de Administraci\u00f3n de Fucofa. Falleci\u00f3 el domingo luego de atravesar una dura enfermedad. La Fundaci\u00f3n para la Lucha Contra la Fiebre Aftosa (Fucofa) lament\u00f3 con profundo dolor del fallecimiento del M\u00e9dico Veterinario Claudio \u00c1lvarez Daneri, quien integrara su Consejo de Administraci\u00f3n en representaci\u00f3n de la Federaci\u00f3n de Asociaciones Rurales de Entre R\u00edos (Farer).","canonical_url":"https:\/\/loboproduccionesaudiovisuales.ar\/?p=17837","robots":"max-image-preview:large","keywords":"","webmasterTools":{"miscellaneous":""},"schema":{"@context":"https:\/\/schema.org","@graph":[{"@type":"BlogPosting","@id":"https:\/\/loboproduccionesaudiovisuales.ar\/?p=17837#blogposting","name":"Dolor por el fallecimiento del productor y dirigente entrerriano Claudio \u00c1lvarez Daneri - LOBO PRODUCCIONES AUDIOVISUALES","headline":"Dolor por el fallecimiento del productor y dirigente entrerriano Claudio \u00c1lvarez Daneri","author":{"@id":"https:\/\/loboproduccionesaudiovisuales.ar\/?author=3#author"},"publisher":{"@id":"https:\/\/loboproduccionesaudiovisuales.ar\/#organization"},"image":{"@type":"ImageObject","url":"https:\/\/loboproduccionesaudiovisuales.ar\/wp-content\/uploads\/2024\/12\/claudio-alvarez-daneri-fucofa-696x392-1.jpg","width":696,"height":392},"datePublished":"2024-12-16T10:40:59-03:00","dateModified":"2024-12-16T10:40:59-03:00","inLanguage":"es-AR","mainEntityOfPage":{"@id":"https:\/\/loboproduccionesaudiovisuales.ar\/?p=17837#webpage"},"isPartOf":{"@id":"https:\/\/loboproduccionesaudiovisuales.ar\/?p=17837#webpage"},"articleSection":"ACTUALIDAD, AGRO, Blog, ENTRE RIOS, INSTITUCIONALES, Claudio Alvarez Daneri"},{"@type":"BreadcrumbList","@id":"https:\/\/loboproduccionesaudiovisuales.ar\/?p=17837#breadcrumblist","itemListElement":[{"@type":"ListItem","@id":"https:\/\/loboproduccionesaudiovisuales.ar#listItem","position":1,"name":"Home","item":"https:\/\/loboproduccionesaudiovisuales.ar","nextItem":{"@type":"ListItem","@id":"https:\/\/loboproduccionesaudiovisuales.ar\/?cat=1#listItem","name":"Blog"}},{"@type":"ListItem","@id":"https:\/\/loboproduccionesaudiovisuales.ar\/?cat=1#listItem","position":2,"name":"Blog","item":"https:\/\/loboproduccionesaudiovisuales.ar\/?cat=1","nextItem":{"@type":"ListItem","@id":"https:\/\/loboproduccionesaudiovisuales.ar\/?p=17837#listItem","name":"Dolor por el fallecimiento del productor y dirigente entrerriano Claudio \u00c1lvarez Daneri"},"previousItem":{"@type":"ListItem","@id":"https:\/\/loboproduccionesaudiovisuales.ar#listItem","name":"Home"}},{"@type":"ListItem","@id":"https:\/\/loboproduccionesaudiovisuales.ar\/?p=17837#listItem","position":3,"name":"Dolor por el fallecimiento del productor y dirigente entrerriano Claudio \u00c1lvarez Daneri","previousItem":{"@type":"ListItem","@id":"https:\/\/loboproduccionesaudiovisuales.ar\/?cat=1#listItem","name":"Blog"}}]},{"@type":"Organization","@id":"https:\/\/loboproduccionesaudiovisuales.ar\/#organization","name":"loboproduccionesaudiovisuales.ar","description":"Sitio digital de noticias agroindustriales","url":"https:\/\/loboproduccionesaudiovisuales.ar\/","logo":{"@type":"ImageObject","url":"https:\/\/loboproduccionesaudiovisuales.ar\/wp-content\/uploads\/2023\/07\/LPA-web.jpg","@id":"https:\/\/loboproduccionesaudiovisuales.ar\/?p=17837\/#organizationLogo","width":500,"height":144},"image":{"@id":"https:\/\/loboproduccionesaudiovisuales.ar\/?p=17837\/#organizationLogo"}},{"@type":"Person","@id":"https:\/\/loboproduccionesaudiovisuales.ar\/?author=3#author","url":"https:\/\/loboproduccionesaudiovisuales.ar\/?author=3","name":"Gustavo Werner","image":{"@type":"ImageObject","@id":"https:\/\/loboproduccionesaudiovisuales.ar\/?p=17837#authorImage","url":"https:\/\/secure.gravatar.com\/avatar\/e04239ede7d02b80503013ac1fa61f308bbe3566e5a70df5bbef7c3725a0dcae?s=96&d=mm&r=g","width":96,"height":96,"caption":"Gustavo Werner"}},{"@type":"WebPage","@id":"https:\/\/loboproduccionesaudiovisuales.ar\/?p=17837#webpage","url":"https:\/\/loboproduccionesaudiovisuales.ar\/?p=17837","name":"Dolor por el fallecimiento del productor y dirigente entrerriano Claudio \u00c1lvarez Daneri - LOBO PRODUCCIONES AUDIOVISUALES","description":"Integraba el Consejo de Administraci\u00f3n de Fucofa. Falleci\u00f3 el domingo luego de atravesar una dura enfermedad. La Fundaci\u00f3n para la Lucha Contra la Fiebre Aftosa (Fucofa) lament\u00f3 con profundo dolor del fallecimiento del M\u00e9dico Veterinario Claudio \u00c1lvarez Daneri, quien integrara su Consejo de Administraci\u00f3n en representaci\u00f3n de la Federaci\u00f3n de Asociaciones Rurales de Entre R\u00edos (Farer).","inLanguage":"es-AR","isPartOf":{"@id":"https:\/\/loboproduccionesaudiovisuales.ar\/#website"},"breadcrumb":{"@id":"https:\/\/loboproduccionesaudiovisuales.ar\/?p=17837#breadcrumblist"},"author":{"@id":"https:\/\/loboproduccionesaudiovisuales.ar\/?author=3#author"},"creator":{"@id":"https:\/\/loboproduccionesaudiovisuales.ar\/?author=3#author"},"image":{"@type":"ImageObject","url":"https:\/\/loboproduccionesaudiovisuales.ar\/wp-content\/uploads\/2024\/12\/claudio-alvarez-daneri-fucofa-696x392-1.jpg","@id":"https:\/\/loboproduccionesaudiovisuales.ar\/?p=17837\/#mainImage","width":696,"height":392},"primaryImageOfPage":{"@id":"https:\/\/loboproduccionesaudiovisuales.ar\/?p=17837#mainImage"},"datePublished":"2024-12-16T10:40:59-03:00","dateModified":"2024-12-16T10:40:59-03:00"},{"@type":"WebSite","@id":"https:\/\/loboproduccionesaudiovisuales.ar\/#website","url":"https:\/\/loboproduccionesaudiovisuales.ar\/","name":"loboproduccionesaudiovisuales.ar","alternateName":"Lobo Producciones","description":"Sitio digital de noticias agroindustriales","inLanguage":"es-AR","publisher":{"@id":"https:\/\/loboproduccionesaudiovisuales.ar\/#organization"}}]},"og:locale":"es_ES","og:site_name":"LOBO PRODUCCIONES AUDIOVISUALES - Sitio digital de noticias agroindustriales","og:type":"article","og:title":"Dolor por el fallecimiento del productor y dirigente entrerriano Claudio \u00c1lvarez Daneri - LOBO PRODUCCIONES AUDIOVISUALES","og:description":"Integraba el Consejo de Administraci\u00f3n de Fucofa. Falleci\u00f3 el domingo luego de atravesar una dura enfermedad. La Fundaci\u00f3n para la Lucha Contra la Fiebre Aftosa (Fucofa) lament\u00f3 con profundo dolor del fallecimiento del M\u00e9dico Veterinario Claudio \u00c1lvarez Daneri, quien integrara su Consejo de Administraci\u00f3n en representaci\u00f3n de la Federaci\u00f3n de Asociaciones Rurales de Entre R\u00edos (Farer).","og:url":"https:\/\/loboproduccionesaudiovisuales.ar\/?p=17837","og:image":"https:\/\/loboproduccionesaudiovisuales.ar\/wp-content\/uploads\/2023\/07\/LPA-web.jpg","og:image:secure_url":"https:\/\/loboproduccionesaudiovisuales.ar\/wp-content\/uploads\/2023\/07\/LPA-web.jpg","article:published_time":"2024-12-16T13:40:59+00:00","article:modified_time":"2024-12-16T13:40:59+00:00","twitter:card":"summary_large_image","twitter:title":"Dolor por el fallecimiento del productor y dirigente entrerriano Claudio \u00c1lvarez Daneri - LOBO PRODUCCIONES AUDIOVISUALES","twitter:description":"Integraba el Consejo de Administraci\u00f3n de Fucofa. Falleci\u00f3 el domingo luego de atravesar una dura enfermedad. La Fundaci\u00f3n para la Lucha Contra la Fiebre Aftosa (Fucofa) lament\u00f3 con profundo dolor del fallecimiento del M\u00e9dico Veterinario Claudio \u00c1lvarez Daneri, quien integrara su Consejo de Administraci\u00f3n en representaci\u00f3n de la Federaci\u00f3n de Asociaciones Rurales de Entre R\u00edos (Farer).","twitter:image":"https:\/\/loboproduccionesaudiovisuales.ar\/wp-content\/uploads\/2023\/07\/LPA-web.jpg"},"aioseo_meta_data":{"post_id":"17837","title":null,"description":null,"keywords":null,"keyphrases":{"focus":{"keyphrase":"","score":0,"analysis":{"keyphraseInTitle":{"score":0,"maxScore":9,"error":1}}},"additional":[]},"primary_term":null,"canonical_url":null,"og_title":null,"og_description":null,"og_object_type":"default","og_image_type":"default","og_image_url":null,"og_image_width":null,"og_image_height":null,"og_image_custom_url":null,"og_image_custom_fields":null,"og_video":"","og_custom_url":null,"og_article_section":null,"og_article_tags":null,"twitter_use_og":false,"twitter_card":"default","twitter_image_type":"default","twitter_image_url":null,"twitter_image_custom_url":null,"twitter_image_custom_fields":null,"twitter_title":null,"twitter_description":null,"schema":{"blockGraphs":[],"customGraphs":[],"default":{"data":{"Article":[],"Course":[],"Dataset":[],"FAQPage":[],"Movie":[],"Person":[],"Product":[],"ProductReview":[],"Car":[],"Recipe":[],"Service":[],"SoftwareApplication":[],"WebPage":[]},"graphName":"BlogPosting","isEnabled":true},"graphs":[]},"schema_type":"default","schema_type_options":null,"pillar_content":false,"robots_default":true,"robots_noindex":false,"robots_noarchive":false,"robots_nosnippet":false,"robots_nofollow":false,"robots_noimageindex":false,"robots_noodp":false,"robots_notranslate":false,"robots_max_snippet":"-1","robots_max_videopreview":"-1","robots_max_imagepreview":"large","priority":null,"frequency":"default","local_seo":null,"breadcrumb_settings":null,"limit_modified_date":false,"ai":null,"created":"2024-12-16 13:40:59","updated":"2025-06-05 01:23:03","seo_analyzer_scan_date":null,"focus_keyword":null,"additional_keywords":null,"truseo_locale":null},"aioseo_breadcrumb":"<div class=\"aioseo-breadcrumbs\"><span class=\"aioseo-breadcrumb\">\n\t\t\t<a href=\"https:\/\/loboproduccionesaudiovisuales.ar\" title=\"Home\">Home<\/a>\n\t\t<\/span><span class=\"aioseo-breadcrumb-separator\">&raquo;<\/span><span class=\"aioseo-breadcrumb\">\n\t\t\t<a href=\"https:\/\/loboproduccionesaudiovisuales.ar\/?cat=1\" title=\"Blog\">Blog<\/a>\n\t\t<\/span><span class=\"aioseo-breadcrumb-separator\">&raquo;<\/span><span class=\"aioseo-breadcrumb\">\n\t\t\tDolor por el fallecimiento del productor y dirigente entrerriano Claudio \u00c1lvarez Daneri\n\t\t<\/span><\/div>","aioseo_breadcrumb_json":[{"label":"Home","link":"https:\/\/loboproduccionesaudiovisuales.ar"},{"label":"Blog","link":"https:\/\/loboproduccionesaudiovisuales.ar\/?cat=1"},{"label":"Dolor por el fallecimiento del productor y dirigente entrerriano Claudio \u00c1lvarez Daneri","link":"https:\/\/loboproduccionesaudiovisuales.ar\/?p=17837"}],"_links":{"self":[{"href":"https:\/\/loboproduccionesaudiovisuales.ar\/index.php?rest_route=\/wp\/v2\/posts\/17837","targetHints":{"allow":["GET"]}}],"collection":[{"href":"https:\/\/loboproduccionesaudiovisuales.ar\/index.php?rest_route=\/wp\/v2\/posts"}],"about":[{"href":"https:\/\/loboproduccionesaudiovisuales.ar\/index.php?rest_route=\/wp\/v2\/types\/post"}],"author":[{"embeddable":true,"href":"https:\/\/loboproduccionesaudiovisuales.ar\/index.php?rest_route=\/wp\/v2\/users\/3"}],"replies":[{"embeddable":true,"href":"https:\/\/loboproduccionesaudiovisuales.ar\/index.php?rest_route=%2Fwp%2Fv2%2Fcomments&post=17837"}],"version-history":[{"count":2,"href":"https:\/\/loboproduccionesaudiovisuales.ar\/index.php?rest_route=\/wp\/v2\/posts\/17837\/revisions"}],"predecessor-version":[{"id":17840,"href":"https:\/\/loboproduccionesaudiovisuales.ar\/index.php?rest_route=\/wp\/v2\/posts\/17837\/revisions\/17840"}],"wp:featuredmedia":[{"embeddable":true,"href":"https:\/\/loboproduccionesaudiovisuales.ar\/index.php?rest_route=\/wp\/v2\/media\/17838"}],"wp:attachment":[{"href":"https:\/\/loboproduccionesaudiovisuales.ar\/index.php?rest_route=%2Fwp%2Fv2%2Fmedia&parent=17837"}],"wp:term":[{"taxonomy":"category","embeddable":true,"href":"https:\/\/loboproduccionesaudiovisuales.ar\/index.php?rest_route=%2Fwp%2Fv2%2Fcategories&post=17837"},{"taxonomy":"post_tag","embeddable":true,"href":"https:\/\/loboproduccionesaudiovisuales.ar\/index.php?rest_route=%2Fwp%2Fv2%2Ftags&post=17837"}],"curies":[{"name":"wp","href":"https:\/\/api.w.org\/{rel}","templated":true}]}}