{"id":17128,"date":"2024-11-19T09:51:02","date_gmt":"2024-11-19T12:51:02","guid":{"rendered":"https:\/\/loboproduccionesaudiovisuales.ar\/?p=17128"},"modified":"2024-11-19T09:51:02","modified_gmt":"2024-11-19T12:51:02","slug":"se-presento-en-buenos-aires-la-4a-edicion-de-entre-rios-entre-vinas","status":"publish","type":"post","link":"https:\/\/loboproduccionesaudiovisuales.ar\/?p=17128","title":{"rendered":"Se present\u00f3 en Buenos Aires la 4\u00aa edici\u00f3n de Entre R\u00edos Entre Vi\u00f1as"},"content":{"rendered":"<p><strong>En la Casa de Entre R\u00edos en Buenos Aires, tuvo lugar la presentaci\u00f3n oficial de la 4\u00aa edici\u00f3n de Entre R\u00edos Entre Vi\u00f1as, el evento m\u00e1s destacado para la promoci\u00f3n de la vitivinicultura entrerriana que tendr\u00e1 lugar los d\u00edas 22 y 23 de noviembre en la explanada del puerto de Col\u00f3n.<\/strong><\/p>\n<p>&nbsp;<\/p>\n<p>En la ocasi\u00f3n, el titular de la Casa de Entre R\u00edos, Jos\u00e9 Mouli\u00e1, resalt\u00f3 la importancia de apoyar los emprendimientos vitivin\u00edcolas de la provincia y destac\u00f3 el acompa\u00f1amiento del CFI en la organizaci\u00f3n de este tipo de eventos. \u00abEl trabajo de los productores permite que esta industria, con un enorme potencial, se desarrolle en la provincia\u00bb, expres\u00f3.<\/p>\n<p>La 4\u00aa edici\u00f3n de Entre R\u00edos Entre Vi\u00f1as busca celebrar la creciente industria del vino en la provincia y atraer tanto a visitantes como a expertos del sector.<\/p>\n<p>La Secretar\u00eda de Industria, Comercio y Miner\u00eda destac\u00f3 la relevancia de este evento para la econom\u00eda y la cultura de Entre R\u00edos. \u00abEsta fiesta no s\u00f3lo visibiliza el esfuerzo de nuestros vitivinicultores, sino que tambi\u00e9n refuerza el compromiso del gobierno provincial y el Consejo Federal de Inversiones en el desarrollo de esta industria que genera empleo, turismo y valor agregado para nuestra regi\u00f3n\u00bb, destac\u00f3 la titular de ese organismo, Mar\u00eda Victoria Giarrizzo<\/p>\n<p>Durante la presentaci\u00f3n en Buenos Aires, sommeliers reconocidos ofrecieron una charla previa donde adelantaron informaci\u00f3n sobre las actividades de \u00abEntre R\u00edos Entre Vi\u00f1as\u00bb. Esta instancia permiti\u00f3 a los asistentes conocer detalles sobre los vinos que se podr\u00e1n degustar y los atractivos hist\u00f3ricos y culturales relacionados con la vitivinicultura regional.<\/p>\n<p>La agenda incluye degustaciones de vinos entrerrianos, exposiciones de bodegueros locales, charlas especializadas y espect\u00e1culos musicales en vivo. Adem\u00e1s, los asistentes podr\u00e1n disfrutar de una variada propuesta gastron\u00f3mica que complementar\u00e1 la experiencia.<\/p>\n<p>La presidente de la Asociaci\u00f3n de Vitivinicultores de Entre R\u00edos, Mar\u00eda Jes\u00fas Vulliez, afirm\u00f3: \u00abEntre R\u00edos tiene un potencial extraordinario. Este evento es una oportunidad para dar a conocer nuestros productos y seguir consolidando a la provincia como un referente en la producci\u00f3n de vinos de calidad\u00bb.<\/p>\n","protected":false},"excerpt":{"rendered":"<p>En la Casa de Entre R\u00edos en Buenos Aires, tuvo lugar la presentaci\u00f3n oficial de la 4\u00aa edici\u00f3n de Entre&hellip;<\/p>\n","protected":false},"author":3,"featured_media":17129,"comment_status":"open","ping_status":"open","sticky":false,"template":"","format":"standard","meta":{"footnotes":""},"categories":[5,1,123,128],"tags":[],"class_list":["post-17128","post","type-post","status-publish","format-standard","has-post-thumbnail","hentry","category-actualidad","category-blog","category-economias-regionales","category-entre-rios"],"aioseo_notices":[],"aioseo_head":"\n\t\t<!-- All in One SEO 5.0.1.1 - aioseo.com -->\n\t<meta name=\"description\" content=\"En la Casa de Entre R\u00edos en Buenos Aires, tuvo lugar la presentaci\u00f3n oficial de la 4\u00aa edici\u00f3n de Entre R\u00edos Entre Vi\u00f1as, el evento m\u00e1s destacado para la promoci\u00f3n de la vitivinicultura entrerriana que tendr\u00e1 lugar los d\u00edas 22 y 23 de noviembre en la explanada del puerto de Col\u00f3n. En la ocasi\u00f3n,\" \/>\n\t<meta name=\"robots\" content=\"max-image-preview:large\" \/>\n\t<meta name=\"author\" content=\"Gustavo Werner\"\/>\n\t<link rel=\"canonical\" href=\"https:\/\/loboproduccionesaudiovisuales.ar\/?p=17128\" \/>\n\t<meta name=\"generator\" content=\"All in One SEO (AIOSEO) 5.0.1.1\" \/>\n\t\t<meta property=\"og:locale\" content=\"es_ES\" \/>\n\t\t<meta property=\"og:site_name\" content=\"LOBO PRODUCCIONES AUDIOVISUALES - Sitio digital de noticias agroindustriales\" \/>\n\t\t<meta property=\"og:type\" content=\"article\" \/>\n\t\t<meta property=\"og:title\" content=\"Se present\u00f3 en Buenos Aires la 4\u00aa edici\u00f3n de Entre R\u00edos Entre Vi\u00f1as - LOBO PRODUCCIONES AUDIOVISUALES\" \/>\n\t\t<meta property=\"og:description\" content=\"En la Casa de Entre R\u00edos en Buenos Aires, tuvo lugar la presentaci\u00f3n oficial de la 4\u00aa edici\u00f3n de Entre R\u00edos Entre Vi\u00f1as, el evento m\u00e1s destacado para la promoci\u00f3n de la vitivinicultura entrerriana que tendr\u00e1 lugar los d\u00edas 22 y 23 de noviembre en la explanada del puerto de Col\u00f3n. En la ocasi\u00f3n,\" \/>\n\t\t<meta property=\"og:url\" content=\"https:\/\/loboproduccionesaudiovisuales.ar\/?p=17128\" \/>\n\t\t<meta property=\"og:image\" content=\"https:\/\/loboproduccionesaudiovisuales.ar\/wp-content\/uploads\/2023\/07\/LPA-web.jpg\" \/>\n\t\t<meta property=\"og:image:secure_url\" content=\"https:\/\/loboproduccionesaudiovisuales.ar\/wp-content\/uploads\/2023\/07\/LPA-web.jpg\" \/>\n\t\t<meta property=\"article:published_time\" content=\"2024-11-19T12:51:02+00:00\" \/>\n\t\t<meta property=\"article:modified_time\" content=\"2024-11-19T12:51:02+00:00\" \/>\n\t\t<meta name=\"twitter:card\" content=\"summary_large_image\" \/>\n\t\t<meta name=\"twitter:title\" content=\"Se present\u00f3 en Buenos Aires la 4\u00aa edici\u00f3n de Entre R\u00edos Entre Vi\u00f1as - LOBO PRODUCCIONES AUDIOVISUALES\" \/>\n\t\t<meta name=\"twitter:description\" content=\"En la Casa de Entre R\u00edos en Buenos Aires, tuvo lugar la presentaci\u00f3n oficial de la 4\u00aa edici\u00f3n de Entre R\u00edos Entre Vi\u00f1as, el evento m\u00e1s destacado para la promoci\u00f3n de la vitivinicultura entrerriana que tendr\u00e1 lugar los d\u00edas 22 y 23 de noviembre en la explanada del puerto de Col\u00f3n. En la ocasi\u00f3n,\" \/>\n\t\t<meta name=\"twitter:image\" content=\"https:\/\/loboproduccionesaudiovisuales.ar\/wp-content\/uploads\/2023\/07\/LPA-web.jpg\" \/>\n\t\t<script type=\"application\/ld+json\" class=\"aioseo-schema\">\n\t\t\t{\"@context\":\"https:\\\/\\\/schema.org\",\"@graph\":[{\"@type\":\"BlogPosting\",\"@id\":\"https:\\\/\\\/loboproduccionesaudiovisuales.ar\\\/?p=17128#blogposting\",\"name\":\"Se present\\u00f3 en Buenos Aires la 4\\u00aa edici\\u00f3n de Entre R\\u00edos Entre Vi\\u00f1as - LOBO PRODUCCIONES AUDIOVISUALES\",\"headline\":\"Se present\\u00f3 en Buenos Aires la 4\\u00aa edici\\u00f3n de Entre R\\u00edos Entre Vi\\u00f1as\",\"author\":{\"@id\":\"https:\\\/\\\/loboproduccionesaudiovisuales.ar\\\/?author=3#author\"},\"publisher\":{\"@id\":\"https:\\\/\\\/loboproduccionesaudiovisuales.ar\\\/#organization\"},\"image\":{\"@type\":\"ImageObject\",\"url\":\"https:\\\/\\\/loboproduccionesaudiovisuales.ar\\\/wp-content\\\/uploads\\\/2024\\\/11\\\/467411857_27713326298281947_3788708667231214240_n-1024x683-1.jpg\",\"width\":1024,\"height\":683},\"datePublished\":\"2024-11-19T09:51:02-03:00\",\"dateModified\":\"2024-11-19T09:51:02-03:00\",\"inLanguage\":\"es-AR\",\"mainEntityOfPage\":{\"@id\":\"https:\\\/\\\/loboproduccionesaudiovisuales.ar\\\/?p=17128#webpage\"},\"isPartOf\":{\"@id\":\"https:\\\/\\\/loboproduccionesaudiovisuales.ar\\\/?p=17128#webpage\"},\"articleSection\":\"ACTUALIDAD, Blog, ECONOMIAS REGIONALES, ENTRE RIOS\"},{\"@type\":\"BreadcrumbList\",\"@id\":\"https:\\\/\\\/loboproduccionesaudiovisuales.ar\\\/?p=17128#breadcrumblist\",\"itemListElement\":[{\"@type\":\"ListItem\",\"@id\":\"https:\\\/\\\/loboproduccionesaudiovisuales.ar#listItem\",\"position\":1,\"name\":\"Home\",\"item\":\"https:\\\/\\\/loboproduccionesaudiovisuales.ar\",\"nextItem\":{\"@type\":\"ListItem\",\"@id\":\"https:\\\/\\\/loboproduccionesaudiovisuales.ar\\\/?cat=1#listItem\",\"name\":\"Blog\"}},{\"@type\":\"ListItem\",\"@id\":\"https:\\\/\\\/loboproduccionesaudiovisuales.ar\\\/?cat=1#listItem\",\"position\":2,\"name\":\"Blog\",\"item\":\"https:\\\/\\\/loboproduccionesaudiovisuales.ar\\\/?cat=1\",\"nextItem\":{\"@type\":\"ListItem\",\"@id\":\"https:\\\/\\\/loboproduccionesaudiovisuales.ar\\\/?p=17128#listItem\",\"name\":\"Se present\\u00f3 en Buenos Aires la 4\\u00aa edici\\u00f3n de Entre R\\u00edos Entre Vi\\u00f1as\"},\"previousItem\":{\"@type\":\"ListItem\",\"@id\":\"https:\\\/\\\/loboproduccionesaudiovisuales.ar#listItem\",\"name\":\"Home\"}},{\"@type\":\"ListItem\",\"@id\":\"https:\\\/\\\/loboproduccionesaudiovisuales.ar\\\/?p=17128#listItem\",\"position\":3,\"name\":\"Se present\\u00f3 en Buenos Aires la 4\\u00aa edici\\u00f3n de Entre R\\u00edos Entre Vi\\u00f1as\",\"previousItem\":{\"@type\":\"ListItem\",\"@id\":\"https:\\\/\\\/loboproduccionesaudiovisuales.ar\\\/?cat=1#listItem\",\"name\":\"Blog\"}}]},{\"@type\":\"Organization\",\"@id\":\"https:\\\/\\\/loboproduccionesaudiovisuales.ar\\\/#organization\",\"name\":\"loboproduccionesaudiovisuales.ar\",\"description\":\"Sitio digital de noticias agroindustriales\",\"url\":\"https:\\\/\\\/loboproduccionesaudiovisuales.ar\\\/\",\"logo\":{\"@type\":\"ImageObject\",\"url\":\"https:\\\/\\\/loboproduccionesaudiovisuales.ar\\\/wp-content\\\/uploads\\\/2023\\\/07\\\/LPA-web.jpg\",\"@id\":\"https:\\\/\\\/loboproduccionesaudiovisuales.ar\\\/?p=17128\\\/#organizationLogo\",\"width\":500,\"height\":144},\"image\":{\"@id\":\"https:\\\/\\\/loboproduccionesaudiovisuales.ar\\\/?p=17128\\\/#organizationLogo\"}},{\"@type\":\"Person\",\"@id\":\"https:\\\/\\\/loboproduccionesaudiovisuales.ar\\\/?author=3#author\",\"url\":\"https:\\\/\\\/loboproduccionesaudiovisuales.ar\\\/?author=3\",\"name\":\"Gustavo Werner\",\"image\":{\"@type\":\"ImageObject\",\"@id\":\"https:\\\/\\\/loboproduccionesaudiovisuales.ar\\\/?p=17128#authorImage\",\"url\":\"https:\\\/\\\/loboproduccionesaudiovisuales.ar\\\/wp-content\\\/litespeed\\\/avatar\\\/de09dfb254ecca8d89a27b1f284fdb4d.jpg?ver=1788575391\",\"width\":96,\"height\":96,\"caption\":\"Gustavo Werner\"}},{\"@type\":\"WebPage\",\"@id\":\"https:\\\/\\\/loboproduccionesaudiovisuales.ar\\\/?p=17128#webpage\",\"url\":\"https:\\\/\\\/loboproduccionesaudiovisuales.ar\\\/?p=17128\",\"name\":\"Se present\\u00f3 en Buenos Aires la 4\\u00aa edici\\u00f3n de Entre R\\u00edos Entre Vi\\u00f1as - LOBO PRODUCCIONES AUDIOVISUALES\",\"description\":\"En la Casa de Entre R\\u00edos en Buenos Aires, tuvo lugar la presentaci\\u00f3n oficial de la 4\\u00aa edici\\u00f3n de Entre R\\u00edos Entre Vi\\u00f1as, el evento m\\u00e1s destacado para la promoci\\u00f3n de la vitivinicultura entrerriana que tendr\\u00e1 lugar los d\\u00edas 22 y 23 de noviembre en la explanada del puerto de Col\\u00f3n. En la ocasi\\u00f3n,\",\"inLanguage\":\"es-AR\",\"isPartOf\":{\"@id\":\"https:\\\/\\\/loboproduccionesaudiovisuales.ar\\\/#website\"},\"breadcrumb\":{\"@id\":\"https:\\\/\\\/loboproduccionesaudiovisuales.ar\\\/?p=17128#breadcrumblist\"},\"author\":{\"@id\":\"https:\\\/\\\/loboproduccionesaudiovisuales.ar\\\/?author=3#author\"},\"creator\":{\"@id\":\"https:\\\/\\\/loboproduccionesaudiovisuales.ar\\\/?author=3#author\"},\"image\":{\"@type\":\"ImageObject\",\"url\":\"https:\\\/\\\/loboproduccionesaudiovisuales.ar\\\/wp-content\\\/uploads\\\/2024\\\/11\\\/467411857_27713326298281947_3788708667231214240_n-1024x683-1.jpg\",\"@id\":\"https:\\\/\\\/loboproduccionesaudiovisuales.ar\\\/?p=17128\\\/#mainImage\",\"width\":1024,\"height\":683},\"primaryImageOfPage\":{\"@id\":\"https:\\\/\\\/loboproduccionesaudiovisuales.ar\\\/?p=17128#mainImage\"},\"datePublished\":\"2024-11-19T09:51:02-03:00\",\"dateModified\":\"2024-11-19T09:51:02-03:00\"},{\"@type\":\"WebSite\",\"@id\":\"https:\\\/\\\/loboproduccionesaudiovisuales.ar\\\/#website\",\"url\":\"https:\\\/\\\/loboproduccionesaudiovisuales.ar\\\/\",\"name\":\"loboproduccionesaudiovisuales.ar\",\"alternateName\":\"Lobo Producciones\",\"description\":\"Sitio digital de noticias agroindustriales\",\"inLanguage\":\"es-AR\",\"publisher\":{\"@id\":\"https:\\\/\\\/loboproduccionesaudiovisuales.ar\\\/#organization\"}}]}\n\t\t<\/script>\n\t\t<!-- All in One SEO -->\n\n","aioseo_head_json":{"title":"Se present\u00f3 en Buenos Aires la 4\u00aa edici\u00f3n de Entre R\u00edos Entre Vi\u00f1as - LOBO PRODUCCIONES AUDIOVISUALES","description":"En la Casa de Entre R\u00edos en Buenos Aires, tuvo lugar la presentaci\u00f3n oficial de la 4\u00aa edici\u00f3n de Entre R\u00edos Entre Vi\u00f1as, el evento m\u00e1s destacado para la promoci\u00f3n de la vitivinicultura entrerriana que tendr\u00e1 lugar los d\u00edas 22 y 23 de noviembre en la explanada del puerto de Col\u00f3n. En la ocasi\u00f3n,","canonical_url":"https:\/\/loboproduccionesaudiovisuales.ar\/?p=17128","robots":"max-image-preview:large","keywords":"","webmasterTools":{"miscellaneous":""},"schema":{"@context":"https:\/\/schema.org","@graph":[{"@type":"BlogPosting","@id":"https:\/\/loboproduccionesaudiovisuales.ar\/?p=17128#blogposting","name":"Se present\u00f3 en Buenos Aires la 4\u00aa edici\u00f3n de Entre R\u00edos Entre Vi\u00f1as - LOBO PRODUCCIONES AUDIOVISUALES","headline":"Se present\u00f3 en Buenos Aires la 4\u00aa edici\u00f3n de Entre R\u00edos Entre Vi\u00f1as","author":{"@id":"https:\/\/loboproduccionesaudiovisuales.ar\/?author=3#author"},"publisher":{"@id":"https:\/\/loboproduccionesaudiovisuales.ar\/#organization"},"image":{"@type":"ImageObject","url":"https:\/\/loboproduccionesaudiovisuales.ar\/wp-content\/uploads\/2024\/11\/467411857_27713326298281947_3788708667231214240_n-1024x683-1.jpg","width":1024,"height":683},"datePublished":"2024-11-19T09:51:02-03:00","dateModified":"2024-11-19T09:51:02-03:00","inLanguage":"es-AR","mainEntityOfPage":{"@id":"https:\/\/loboproduccionesaudiovisuales.ar\/?p=17128#webpage"},"isPartOf":{"@id":"https:\/\/loboproduccionesaudiovisuales.ar\/?p=17128#webpage"},"articleSection":"ACTUALIDAD, Blog, ECONOMIAS REGIONALES, ENTRE RIOS"},{"@type":"BreadcrumbList","@id":"https:\/\/loboproduccionesaudiovisuales.ar\/?p=17128#breadcrumblist","itemListElement":[{"@type":"ListItem","@id":"https:\/\/loboproduccionesaudiovisuales.ar#listItem","position":1,"name":"Home","item":"https:\/\/loboproduccionesaudiovisuales.ar","nextItem":{"@type":"ListItem","@id":"https:\/\/loboproduccionesaudiovisuales.ar\/?cat=1#listItem","name":"Blog"}},{"@type":"ListItem","@id":"https:\/\/loboproduccionesaudiovisuales.ar\/?cat=1#listItem","position":2,"name":"Blog","item":"https:\/\/loboproduccionesaudiovisuales.ar\/?cat=1","nextItem":{"@type":"ListItem","@id":"https:\/\/loboproduccionesaudiovisuales.ar\/?p=17128#listItem","name":"Se present\u00f3 en Buenos Aires la 4\u00aa edici\u00f3n de Entre R\u00edos Entre Vi\u00f1as"},"previousItem":{"@type":"ListItem","@id":"https:\/\/loboproduccionesaudiovisuales.ar#listItem","name":"Home"}},{"@type":"ListItem","@id":"https:\/\/loboproduccionesaudiovisuales.ar\/?p=17128#listItem","position":3,"name":"Se present\u00f3 en Buenos Aires la 4\u00aa edici\u00f3n de Entre R\u00edos Entre Vi\u00f1as","previousItem":{"@type":"ListItem","@id":"https:\/\/loboproduccionesaudiovisuales.ar\/?cat=1#listItem","name":"Blog"}}]},{"@type":"Organization","@id":"https:\/\/loboproduccionesaudiovisuales.ar\/#organization","name":"loboproduccionesaudiovisuales.ar","description":"Sitio digital de noticias agroindustriales","url":"https:\/\/loboproduccionesaudiovisuales.ar\/","logo":{"@type":"ImageObject","url":"https:\/\/loboproduccionesaudiovisuales.ar\/wp-content\/uploads\/2023\/07\/LPA-web.jpg","@id":"https:\/\/loboproduccionesaudiovisuales.ar\/?p=17128\/#organizationLogo","width":500,"height":144},"image":{"@id":"https:\/\/loboproduccionesaudiovisuales.ar\/?p=17128\/#organizationLogo"}},{"@type":"Person","@id":"https:\/\/loboproduccionesaudiovisuales.ar\/?author=3#author","url":"https:\/\/loboproduccionesaudiovisuales.ar\/?author=3","name":"Gustavo Werner","image":{"@type":"ImageObject","@id":"https:\/\/loboproduccionesaudiovisuales.ar\/?p=17128#authorImage","url":"https:\/\/loboproduccionesaudiovisuales.ar\/wp-content\/litespeed\/avatar\/de09dfb254ecca8d89a27b1f284fdb4d.jpg?ver=1788575391","width":96,"height":96,"caption":"Gustavo Werner"}},{"@type":"WebPage","@id":"https:\/\/loboproduccionesaudiovisuales.ar\/?p=17128#webpage","url":"https:\/\/loboproduccionesaudiovisuales.ar\/?p=17128","name":"Se present\u00f3 en Buenos Aires la 4\u00aa edici\u00f3n de Entre R\u00edos Entre Vi\u00f1as - LOBO PRODUCCIONES AUDIOVISUALES","description":"En la Casa de Entre R\u00edos en Buenos Aires, tuvo lugar la presentaci\u00f3n oficial de la 4\u00aa edici\u00f3n de Entre R\u00edos Entre Vi\u00f1as, el evento m\u00e1s destacado para la promoci\u00f3n de la vitivinicultura entrerriana que tendr\u00e1 lugar los d\u00edas 22 y 23 de noviembre en la explanada del puerto de Col\u00f3n. En la ocasi\u00f3n,","inLanguage":"es-AR","isPartOf":{"@id":"https:\/\/loboproduccionesaudiovisuales.ar\/#website"},"breadcrumb":{"@id":"https:\/\/loboproduccionesaudiovisuales.ar\/?p=17128#breadcrumblist"},"author":{"@id":"https:\/\/loboproduccionesaudiovisuales.ar\/?author=3#author"},"creator":{"@id":"https:\/\/loboproduccionesaudiovisuales.ar\/?author=3#author"},"image":{"@type":"ImageObject","url":"https:\/\/loboproduccionesaudiovisuales.ar\/wp-content\/uploads\/2024\/11\/467411857_27713326298281947_3788708667231214240_n-1024x683-1.jpg","@id":"https:\/\/loboproduccionesaudiovisuales.ar\/?p=17128\/#mainImage","width":1024,"height":683},"primaryImageOfPage":{"@id":"https:\/\/loboproduccionesaudiovisuales.ar\/?p=17128#mainImage"},"datePublished":"2024-11-19T09:51:02-03:00","dateModified":"2024-11-19T09:51:02-03:00"},{"@type":"WebSite","@id":"https:\/\/loboproduccionesaudiovisuales.ar\/#website","url":"https:\/\/loboproduccionesaudiovisuales.ar\/","name":"loboproduccionesaudiovisuales.ar","alternateName":"Lobo Producciones","description":"Sitio digital de noticias agroindustriales","inLanguage":"es-AR","publisher":{"@id":"https:\/\/loboproduccionesaudiovisuales.ar\/#organization"}}]},"og:locale":"es_ES","og:site_name":"LOBO PRODUCCIONES AUDIOVISUALES - Sitio digital de noticias agroindustriales","og:type":"article","og:title":"Se present\u00f3 en Buenos Aires la 4\u00aa edici\u00f3n de Entre R\u00edos Entre Vi\u00f1as - LOBO PRODUCCIONES AUDIOVISUALES","og:description":"En la Casa de Entre R\u00edos en Buenos Aires, tuvo lugar la presentaci\u00f3n oficial de la 4\u00aa edici\u00f3n de Entre R\u00edos Entre Vi\u00f1as, el evento m\u00e1s destacado para la promoci\u00f3n de la vitivinicultura entrerriana que tendr\u00e1 lugar los d\u00edas 22 y 23 de noviembre en la explanada del puerto de Col\u00f3n. En la ocasi\u00f3n,","og:url":"https:\/\/loboproduccionesaudiovisuales.ar\/?p=17128","og:image":"https:\/\/loboproduccionesaudiovisuales.ar\/wp-content\/uploads\/2023\/07\/LPA-web.jpg","og:image:secure_url":"https:\/\/loboproduccionesaudiovisuales.ar\/wp-content\/uploads\/2023\/07\/LPA-web.jpg","article:published_time":"2024-11-19T12:51:02+00:00","article:modified_time":"2024-11-19T12:51:02+00:00","twitter:card":"summary_large_image","twitter:title":"Se present\u00f3 en Buenos Aires la 4\u00aa edici\u00f3n de Entre R\u00edos Entre Vi\u00f1as - LOBO PRODUCCIONES AUDIOVISUALES","twitter:description":"En la Casa de Entre R\u00edos en Buenos Aires, tuvo lugar la presentaci\u00f3n oficial de la 4\u00aa edici\u00f3n de Entre R\u00edos Entre Vi\u00f1as, el evento m\u00e1s destacado para la promoci\u00f3n de la vitivinicultura entrerriana que tendr\u00e1 lugar los d\u00edas 22 y 23 de noviembre en la explanada del puerto de Col\u00f3n. En la ocasi\u00f3n,","twitter:image":"https:\/\/loboproduccionesaudiovisuales.ar\/wp-content\/uploads\/2023\/07\/LPA-web.jpg"},"aioseo_meta_data":{"post_id":"17128","title":null,"description":null,"keywords":null,"keyphrases":{"focus":{"keyphrase":"","score":0,"analysis":{"keyphraseInTitle":{"score":0,"maxScore":9,"error":1}}},"additional":[]},"primary_term":null,"canonical_url":null,"og_title":null,"og_description":null,"og_object_type":"default","og_image_type":"default","og_image_url":null,"og_image_width":null,"og_image_height":null,"og_image_custom_url":null,"og_image_custom_fields":null,"og_video":"","og_custom_url":null,"og_article_section":null,"og_article_tags":null,"twitter_use_og":false,"twitter_card":"default","twitter_image_type":"default","twitter_image_url":null,"twitter_image_custom_url":null,"twitter_image_custom_fields":null,"twitter_title":null,"twitter_description":null,"schema":{"blockGraphs":[],"customGraphs":[],"default":{"data":{"Article":[],"Course":[],"Dataset":[],"FAQPage":[],"Movie":[],"Person":[],"Product":[],"ProductReview":[],"Car":[],"Recipe":[],"Service":[],"SoftwareApplication":[],"WebPage":[]},"graphName":"BlogPosting","isEnabled":true},"graphs":[]},"schema_type":"default","schema_type_options":null,"pillar_content":false,"robots_default":true,"robots_noindex":false,"robots_noarchive":false,"robots_nosnippet":false,"robots_nofollow":false,"robots_noimageindex":false,"robots_noodp":false,"robots_notranslate":false,"robots_max_snippet":"-1","robots_max_videopreview":"-1","robots_max_imagepreview":"large","priority":null,"frequency":"default","local_seo":null,"breadcrumb_settings":null,"limit_modified_date":false,"ai":null,"created":"2024-11-19 12:51:02","updated":"2025-06-05 01:09:16","seo_analyzer_scan_date":null,"focus_keyword":null,"additional_keywords":null,"truseo_locale":null},"aioseo_breadcrumb":"<div class=\"aioseo-breadcrumbs\"><span class=\"aioseo-breadcrumb\">\n\t\t\t<a href=\"https:\/\/loboproduccionesaudiovisuales.ar\" title=\"Home\">Home<\/a>\n\t\t<\/span><span class=\"aioseo-breadcrumb-separator\">&raquo;<\/span><span class=\"aioseo-breadcrumb\">\n\t\t\t<a href=\"https:\/\/loboproduccionesaudiovisuales.ar\/?cat=1\" title=\"Blog\">Blog<\/a>\n\t\t<\/span><span class=\"aioseo-breadcrumb-separator\">&raquo;<\/span><span class=\"aioseo-breadcrumb\">\n\t\t\tSe present\u00f3 en Buenos Aires la 4\u00aa edici\u00f3n de Entre R\u00edos Entre Vi\u00f1as\n\t\t<\/span><\/div>","aioseo_breadcrumb_json":[{"label":"Home","link":"https:\/\/loboproduccionesaudiovisuales.ar"},{"label":"Blog","link":"https:\/\/loboproduccionesaudiovisuales.ar\/?cat=1"},{"label":"Se present\u00f3 en Buenos Aires la 4\u00aa edici\u00f3n de Entre R\u00edos Entre Vi\u00f1as","link":"https:\/\/loboproduccionesaudiovisuales.ar\/?p=17128"}],"_links":{"self":[{"href":"https:\/\/loboproduccionesaudiovisuales.ar\/index.php?rest_route=\/wp\/v2\/posts\/17128","targetHints":{"allow":["GET"]}}],"collection":[{"href":"https:\/\/loboproduccionesaudiovisuales.ar\/index.php?rest_route=\/wp\/v2\/posts"}],"about":[{"href":"https:\/\/loboproduccionesaudiovisuales.ar\/index.php?rest_route=\/wp\/v2\/types\/post"}],"author":[{"embeddable":true,"href":"https:\/\/loboproduccionesaudiovisuales.ar\/index.php?rest_route=\/wp\/v2\/users\/3"}],"replies":[{"embeddable":true,"href":"https:\/\/loboproduccionesaudiovisuales.ar\/index.php?rest_route=%2Fwp%2Fv2%2Fcomments&post=17128"}],"version-history":[{"count":1,"href":"https:\/\/loboproduccionesaudiovisuales.ar\/index.php?rest_route=\/wp\/v2\/posts\/17128\/revisions"}],"predecessor-version":[{"id":17130,"href":"https:\/\/loboproduccionesaudiovisuales.ar\/index.php?rest_route=\/wp\/v2\/posts\/17128\/revisions\/17130"}],"wp:featuredmedia":[{"embeddable":true,"href":"https:\/\/loboproduccionesaudiovisuales.ar\/index.php?rest_route=\/wp\/v2\/media\/17129"}],"wp:attachment":[{"href":"https:\/\/loboproduccionesaudiovisuales.ar\/index.php?rest_route=%2Fwp%2Fv2%2Fmedia&parent=17128"}],"wp:term":[{"taxonomy":"category","embeddable":true,"href":"https:\/\/loboproduccionesaudiovisuales.ar\/index.php?rest_route=%2Fwp%2Fv2%2Fcategories&post=17128"},{"taxonomy":"post_tag","embeddable":true,"href":"https:\/\/loboproduccionesaudiovisuales.ar\/index.php?rest_route=%2Fwp%2Fv2%2Ftags&post=17128"}],"curies":[{"name":"wp","href":"https:\/\/api.w.org\/{rel}","templated":true}]}}