{"id":17044,"date":"2024-11-13T16:24:28","date_gmt":"2024-11-13T19:24:28","guid":{"rendered":"https:\/\/loboproduccionesaudiovisuales.ar\/?p=17044"},"modified":"2024-11-13T16:24:28","modified_gmt":"2024-11-13T19:24:28","slug":"aranguren-feria-de-alimentos-esenciales-club-de-emprendedores-obras-y-empleados-municipales","status":"publish","type":"post","link":"https:\/\/loboproduccionesaudiovisuales.ar\/?p=17044","title":{"rendered":"Aranguren: Feria de alimentos esenciales, Club de emprendedores, obras y empleados municipales"},"content":{"rendered":"<p><strong>El Intendente de Aranguren, Luis Siebenlist, junto al Secretario de Gobierno, Ramiro Mu\u00f1oz, brindaron una entrevista en el programa MediaMa\u00f1ana por 96.5 Radio Popular Aranguren (FM Municipal). <\/strong><\/p>\n<p>&nbsp;<\/p>\n<p>En la misma se refirieron la Feria de Alimentos Esenciales que se realizar\u00e1 el s\u00e1bado venidero (16-11), desde las 19:00, en el Complejo Deportivo Municipal. Por otra parte, los entrevistados hicieron menci\u00f3n a un bono de $20.000 para los empleados municipales en alusi\u00f3n a su d\u00eda y un nuevo incremento de sueldo.<\/p>\n<p>A su vez, fundamentaron la creaci\u00f3n del club de emprendedores y la entrega de medicamentos al Centro de Atenci\u00f3n Primaria de la Salud \u201cEduardo Laurencena\u201d. Asimismo, brindaron detalles de obras que se est\u00e1n llevando a cabo, pavimento y cord\u00f3n cuneta en calle 9 de julio y la construcci\u00f3n del buffet en la zona de los natatorios municipales, lo cual es financiado con fondos municipales.\u00a0 Tambi\u00e9n es preciso recordar el trabajo que lleva a cabo el personal municipal en el reacondicionamiento de los natatorios para iniciar la temporada de verano 2024\/2025.<\/p>\n<p>&nbsp;<\/p>\n<p>El Presidente Municipal de Aranguren, Luis Siebenlist, ofreci\u00f3 detalles de la Feria de Alimentos Esenciales: \u201cEs un proyecto que venimos trabajando hace un tiempo, se trata de brindar la posibilidad a sectores de clases sociales que se vieron castigados por el efecto inflacionario, al menos una vez por mes, el acceso a cortes de carnes a precios subsidiados como as\u00ed tambi\u00e9n productos l\u00e1cteos, verduras, frutas, que son b\u00e1sicos para la canasta familiar. Adem\u00e1s de pescado, miel y huevos. La idea es acompa\u00f1ar desde el Municipio para quienes tienen sus familias, sus chicos y gente mayor tambi\u00e9n, ya que necesitamos las prote\u00ednas, si bien no es una soluci\u00f3n total, pero vamos a tratar de acompa\u00f1ar a las familias. Un ejemplo es que vamos a poner a disposici\u00f3n 5 kilogramos de carne a $18.000, estamos subsidiando desde el Municipio un 40% del costo que nosotros vamos a adquirir en carnicer\u00edas locales para darle volumen al comercio nuestro que tambi\u00e9n se vio castigado por la merma en las ventas. Queremos que las familias puedan acceder a los productos mencionados a un precio mucho m\u00e1s bajo de lo que se vende normalmente con el aporte de un subsidio que vamos a trabajar directamente con los comerciantes de nuestro pueblo y que cada ciudadano pueda adquirir productos a trav\u00e9s de sus medios, por lo tanto, no estamos hablando de entrega de bolsones, simplemente le damos la posibilidad a la gente de comprar productos a un costo mucho menor de lo que est\u00e1 en el mercado normalmente. Se van a instalar puestos en el Complejo Deportivo Municipal para lo cual se est\u00e1 trabajando para dejarlo en condiciones. Adem\u00e1s, vamos a tener una propuesta cultural con el conjunto Sembrando Esperanza, la idea es arrancar a las 19:00 y a medida que esto se vaya desarrollando sumar esta propuesta cultural y tambi\u00e9n, quienes deseen vender productos de reposter\u00eda o panificaci\u00f3n por cuenta propia, no subsidiado, lo puedan hacer para integrar a la feria el sector de productos caseros elaborados\u201d, cont\u00f3 Luis Siebenlist.<\/p>\n<p>&nbsp;<\/p>\n<p>Con respecto a obras, el Intendente coment\u00f3 el trabajo de Pavimento que se est\u00e1 llevando a cabo en calle 9 de julio: \u201cEstamos avanzando con la obra de pavimento de hormig\u00f3n elaborado en calle 9 de julio, entre avenida 22 de Julio hasta calle Almafuerte, es un poco m\u00e1s de 2 cuadras, la idea es llevar una soluci\u00f3n definitiva\u201d, dijo Siebenlist. Cabe aclarar que la misma se ejecuta con recursos municipales.<\/p>\n<p>&nbsp;<\/p>\n<p>Sobre Natatorios y Buffet, especific\u00f3 qu\u00e9: \u201cEstamos trabajando para ponerlo en condiciones, de un a\u00f1o a otro tenemos que vaciar la pileta, limpiar el fondo, pintar, limpiar todo el sarro que se va acumulando durante el a\u00f1o y acondicionar todo el predio, estamos invirtiendo en pintura y todo el mantenimiento para cuando llegue la temporada, es decir, el mes que viene, podamos comenzar de la mejor manera posible. A su vez, estamos terminando el nuevo buffet que se est\u00e1 construyendo, que est\u00e1 en un 90%, queremos terminar pronto la construcci\u00f3n para ver la puesta en valor y que los interesados puedan presentar las ofertas para explotar el mismo para que nuestros vecinos y quienes visitamos el complejo en verano podamos disfrutarlo a pleno\u201d, concluy\u00f3.<\/p>\n<p>&nbsp;<\/p>\n<p>Por su parte, el Secretario de Gobierno, Ramiro Mu\u00f1oz, habl\u00f3 sobre el Club de Emprendedores: \u201cEn lo personal es un proyecto que me llena de alegr\u00eda, est\u00e1 dentro del marco del programa de Desarrollo Econ\u00f3mico Municipal y uno de los ejes es el Club de Emprendedores, me produce mucha satisfacci\u00f3n formar parte de un gobierno que tambi\u00e9n se toma el tiempo para pensar en la necesidad concreta de la clase media, creo que con esto damos una visi\u00f3n integral respecto de lo que ser\u00eda la econom\u00eda a trav\u00e9s del \u00e1rea de Desarrollo Social que trabaja mucho con los sectores m\u00e1s vulnerables y en esta oportunidad hemos logrado ocuparnos tambi\u00e9n de la clase media trabajadora para llevarle una soluci\u00f3n en una econom\u00eda tan castigada como la que tenemos hoy por hoy todos los argentinos. El Club de Emprendedores viene a tratar de identificar y nuclear los sectores que se dedican a esta rama de la econom\u00eda social que tiene un importante impacto en lo que ser\u00eda el sector privado, provee soluciones a la cuesti\u00f3n laboral y contribuye al desarrollo personal. Hemos tenido una convocatoria muy amplia, mucha gente decidi\u00f3 participar, completaron el formulario que se habilit\u00f3 a trav\u00e9s de la p\u00e1gina web de la Municipalidad, fue una grata sorpresa para el equipo municipal tener semejante respuesta por parte de la gente y nos puso de cara a una realidad muy promisoria, tenemos entre 42 y 46 emprendimientos funcionando ya consolidados en cierto modo, algunos hasta con 15 a\u00f1os de trayectoria y esto sin tener en cuenta los comercios de mostrador ya instalados. El Club de Emprendedores cuenta con tres ejes principales, en primer lugar, la capacitaci\u00f3n, una vez que finalice este proceso vamos a realizar una feria y por \u00faltimo la posibilidad de acceder a financiamientos de un n\u00famero limitado de proyectos, el cual ser\u00e1 100% municipal, en forma de cr\u00e9dito en un plan de pago a tasa 0\u201d, expres\u00f3 Mu\u00f1oz.<\/p>\n<p>Vale aclarar que la Apertura del Club de Emprendedores se realiz\u00f3 el viernes 8 de noviembre, en la Casa del Bicentenario).<\/p>\n","protected":false},"excerpt":{"rendered":"<p>El Intendente de Aranguren, Luis Siebenlist, junto al Secretario de Gobierno, Ramiro Mu\u00f1oz, brindaron una entrevista en el programa MediaMa\u00f1ana&hellip;<\/p>\n","protected":false},"author":3,"featured_media":17045,"comment_status":"open","ping_status":"open","sticky":false,"template":"","format":"standard","meta":{"footnotes":""},"categories":[5,1,128,113],"tags":[212],"class_list":["post-17044","post","type-post","status-publish","format-standard","has-post-thumbnail","hentry","category-actualidad","category-blog","category-entre-rios","category-region","tag-aranguren"],"aioseo_notices":[],"aioseo_head":"\n\t\t<!-- All in One SEO 5.0.1.1 - aioseo.com -->\n\t<meta name=\"description\" content=\"El Intendente de Aranguren, Luis Siebenlist, junto al Secretario de Gobierno, Ramiro Mu\u00f1oz, brindaron una entrevista en el programa MediaMa\u00f1ana por 96.5 Radio Popular Aranguren (FM Municipal). En la misma se refirieron la Feria de Alimentos Esenciales que se realizar\u00e1 el s\u00e1bado venidero (16-11), desde las 19:00, en el Complejo Deportivo Municipal. Por otra\" \/>\n\t<meta name=\"robots\" content=\"max-image-preview:large\" \/>\n\t<meta name=\"author\" content=\"Gustavo Werner\"\/>\n\t<link rel=\"canonical\" href=\"https:\/\/loboproduccionesaudiovisuales.ar\/?p=17044\" \/>\n\t<meta name=\"generator\" content=\"All in One SEO (AIOSEO) 5.0.1.1\" \/>\n\t\t<meta property=\"og:locale\" content=\"es_ES\" \/>\n\t\t<meta property=\"og:site_name\" content=\"LOBO PRODUCCIONES AUDIOVISUALES - Sitio digital de noticias agroindustriales\" \/>\n\t\t<meta property=\"og:type\" content=\"article\" \/>\n\t\t<meta property=\"og:title\" content=\"Aranguren: Feria de alimentos esenciales, Club de emprendedores, obras y empleados municipales - LOBO PRODUCCIONES AUDIOVISUALES\" \/>\n\t\t<meta property=\"og:description\" content=\"El Intendente de Aranguren, Luis Siebenlist, junto al Secretario de Gobierno, Ramiro Mu\u00f1oz, brindaron una entrevista en el programa MediaMa\u00f1ana por 96.5 Radio Popular Aranguren (FM Municipal). En la misma se refirieron la Feria de Alimentos Esenciales que se realizar\u00e1 el s\u00e1bado venidero (16-11), desde las 19:00, en el Complejo Deportivo Municipal. Por otra\" \/>\n\t\t<meta property=\"og:url\" content=\"https:\/\/loboproduccionesaudiovisuales.ar\/?p=17044\" \/>\n\t\t<meta property=\"og:image\" content=\"https:\/\/loboproduccionesaudiovisuales.ar\/wp-content\/uploads\/2023\/07\/LPA-web.jpg\" \/>\n\t\t<meta property=\"og:image:secure_url\" content=\"https:\/\/loboproduccionesaudiovisuales.ar\/wp-content\/uploads\/2023\/07\/LPA-web.jpg\" \/>\n\t\t<meta property=\"article:published_time\" content=\"2024-11-13T19:24:28+00:00\" \/>\n\t\t<meta property=\"article:modified_time\" content=\"2024-11-13T19:24:28+00:00\" \/>\n\t\t<meta name=\"twitter:card\" content=\"summary_large_image\" \/>\n\t\t<meta name=\"twitter:title\" content=\"Aranguren: Feria de alimentos esenciales, Club de emprendedores, obras y empleados municipales - LOBO PRODUCCIONES AUDIOVISUALES\" \/>\n\t\t<meta name=\"twitter:description\" content=\"El Intendente de Aranguren, Luis Siebenlist, junto al Secretario de Gobierno, Ramiro Mu\u00f1oz, brindaron una entrevista en el programa MediaMa\u00f1ana por 96.5 Radio Popular Aranguren (FM Municipal). En la misma se refirieron la Feria de Alimentos Esenciales que se realizar\u00e1 el s\u00e1bado venidero (16-11), desde las 19:00, en el Complejo Deportivo Municipal. Por otra\" \/>\n\t\t<meta name=\"twitter:image\" content=\"https:\/\/loboproduccionesaudiovisuales.ar\/wp-content\/uploads\/2023\/07\/LPA-web.jpg\" \/>\n\t\t<script type=\"application\/ld+json\" class=\"aioseo-schema\">\n\t\t\t{\"@context\":\"https:\\\/\\\/schema.org\",\"@graph\":[{\"@type\":\"BlogPosting\",\"@id\":\"https:\\\/\\\/loboproduccionesaudiovisuales.ar\\\/?p=17044#blogposting\",\"name\":\"Aranguren: Feria de alimentos esenciales, Club de emprendedores, obras y empleados municipales - LOBO PRODUCCIONES AUDIOVISUALES\",\"headline\":\"Aranguren: Feria de alimentos esenciales, Club de emprendedores, obras y empleados municipales\",\"author\":{\"@id\":\"https:\\\/\\\/loboproduccionesaudiovisuales.ar\\\/?author=3#author\"},\"publisher\":{\"@id\":\"https:\\\/\\\/loboproduccionesaudiovisuales.ar\\\/#organization\"},\"image\":{\"@type\":\"ImageObject\",\"url\":\"https:\\\/\\\/loboproduccionesaudiovisuales.ar\\\/wp-content\\\/uploads\\\/2024\\\/11\\\/ARANGUREN-Club-de-Emprendedores-1.jpg\",\"width\":2048,\"height\":1364},\"datePublished\":\"2024-11-13T16:24:28-03:00\",\"dateModified\":\"2024-11-13T16:24:28-03:00\",\"inLanguage\":\"es-AR\",\"mainEntityOfPage\":{\"@id\":\"https:\\\/\\\/loboproduccionesaudiovisuales.ar\\\/?p=17044#webpage\"},\"isPartOf\":{\"@id\":\"https:\\\/\\\/loboproduccionesaudiovisuales.ar\\\/?p=17044#webpage\"},\"articleSection\":\"ACTUALIDAD, Blog, ENTRE RIOS, REGIONALES, Aranguren\"},{\"@type\":\"BreadcrumbList\",\"@id\":\"https:\\\/\\\/loboproduccionesaudiovisuales.ar\\\/?p=17044#breadcrumblist\",\"itemListElement\":[{\"@type\":\"ListItem\",\"@id\":\"https:\\\/\\\/loboproduccionesaudiovisuales.ar#listItem\",\"position\":1,\"name\":\"Home\",\"item\":\"https:\\\/\\\/loboproduccionesaudiovisuales.ar\",\"nextItem\":{\"@type\":\"ListItem\",\"@id\":\"https:\\\/\\\/loboproduccionesaudiovisuales.ar\\\/?cat=1#listItem\",\"name\":\"Blog\"}},{\"@type\":\"ListItem\",\"@id\":\"https:\\\/\\\/loboproduccionesaudiovisuales.ar\\\/?cat=1#listItem\",\"position\":2,\"name\":\"Blog\",\"item\":\"https:\\\/\\\/loboproduccionesaudiovisuales.ar\\\/?cat=1\",\"nextItem\":{\"@type\":\"ListItem\",\"@id\":\"https:\\\/\\\/loboproduccionesaudiovisuales.ar\\\/?p=17044#listItem\",\"name\":\"Aranguren: Feria de alimentos esenciales, Club de emprendedores, obras y empleados municipales\"},\"previousItem\":{\"@type\":\"ListItem\",\"@id\":\"https:\\\/\\\/loboproduccionesaudiovisuales.ar#listItem\",\"name\":\"Home\"}},{\"@type\":\"ListItem\",\"@id\":\"https:\\\/\\\/loboproduccionesaudiovisuales.ar\\\/?p=17044#listItem\",\"position\":3,\"name\":\"Aranguren: Feria de alimentos esenciales, Club de emprendedores, obras y empleados municipales\",\"previousItem\":{\"@type\":\"ListItem\",\"@id\":\"https:\\\/\\\/loboproduccionesaudiovisuales.ar\\\/?cat=1#listItem\",\"name\":\"Blog\"}}]},{\"@type\":\"Organization\",\"@id\":\"https:\\\/\\\/loboproduccionesaudiovisuales.ar\\\/#organization\",\"name\":\"loboproduccionesaudiovisuales.ar\",\"description\":\"Sitio digital de noticias agroindustriales\",\"url\":\"https:\\\/\\\/loboproduccionesaudiovisuales.ar\\\/\",\"logo\":{\"@type\":\"ImageObject\",\"url\":\"https:\\\/\\\/loboproduccionesaudiovisuales.ar\\\/wp-content\\\/uploads\\\/2023\\\/07\\\/LPA-web.jpg\",\"@id\":\"https:\\\/\\\/loboproduccionesaudiovisuales.ar\\\/?p=17044\\\/#organizationLogo\",\"width\":500,\"height\":144},\"image\":{\"@id\":\"https:\\\/\\\/loboproduccionesaudiovisuales.ar\\\/?p=17044\\\/#organizationLogo\"}},{\"@type\":\"Person\",\"@id\":\"https:\\\/\\\/loboproduccionesaudiovisuales.ar\\\/?author=3#author\",\"url\":\"https:\\\/\\\/loboproduccionesaudiovisuales.ar\\\/?author=3\",\"name\":\"Gustavo Werner\",\"image\":{\"@type\":\"ImageObject\",\"@id\":\"https:\\\/\\\/loboproduccionesaudiovisuales.ar\\\/?p=17044#authorImage\",\"url\":\"https:\\\/\\\/loboproduccionesaudiovisuales.ar\\\/wp-content\\\/litespeed\\\/avatar\\\/de09dfb254ecca8d89a27b1f284fdb4d.jpg?ver=1788575391\",\"width\":96,\"height\":96,\"caption\":\"Gustavo Werner\"}},{\"@type\":\"WebPage\",\"@id\":\"https:\\\/\\\/loboproduccionesaudiovisuales.ar\\\/?p=17044#webpage\",\"url\":\"https:\\\/\\\/loboproduccionesaudiovisuales.ar\\\/?p=17044\",\"name\":\"Aranguren: Feria de alimentos esenciales, Club de emprendedores, obras y empleados municipales - LOBO PRODUCCIONES AUDIOVISUALES\",\"description\":\"El Intendente de Aranguren, Luis Siebenlist, junto al Secretario de Gobierno, Ramiro Mu\\u00f1oz, brindaron una entrevista en el programa MediaMa\\u00f1ana por 96.5 Radio Popular Aranguren (FM Municipal). En la misma se refirieron la Feria de Alimentos Esenciales que se realizar\\u00e1 el s\\u00e1bado venidero (16-11), desde las 19:00, en el Complejo Deportivo Municipal. Por otra\",\"inLanguage\":\"es-AR\",\"isPartOf\":{\"@id\":\"https:\\\/\\\/loboproduccionesaudiovisuales.ar\\\/#website\"},\"breadcrumb\":{\"@id\":\"https:\\\/\\\/loboproduccionesaudiovisuales.ar\\\/?p=17044#breadcrumblist\"},\"author\":{\"@id\":\"https:\\\/\\\/loboproduccionesaudiovisuales.ar\\\/?author=3#author\"},\"creator\":{\"@id\":\"https:\\\/\\\/loboproduccionesaudiovisuales.ar\\\/?author=3#author\"},\"image\":{\"@type\":\"ImageObject\",\"url\":\"https:\\\/\\\/loboproduccionesaudiovisuales.ar\\\/wp-content\\\/uploads\\\/2024\\\/11\\\/ARANGUREN-Club-de-Emprendedores-1.jpg\",\"@id\":\"https:\\\/\\\/loboproduccionesaudiovisuales.ar\\\/?p=17044\\\/#mainImage\",\"width\":2048,\"height\":1364},\"primaryImageOfPage\":{\"@id\":\"https:\\\/\\\/loboproduccionesaudiovisuales.ar\\\/?p=17044#mainImage\"},\"datePublished\":\"2024-11-13T16:24:28-03:00\",\"dateModified\":\"2024-11-13T16:24:28-03:00\"},{\"@type\":\"WebSite\",\"@id\":\"https:\\\/\\\/loboproduccionesaudiovisuales.ar\\\/#website\",\"url\":\"https:\\\/\\\/loboproduccionesaudiovisuales.ar\\\/\",\"name\":\"loboproduccionesaudiovisuales.ar\",\"alternateName\":\"Lobo Producciones\",\"description\":\"Sitio digital de noticias agroindustriales\",\"inLanguage\":\"es-AR\",\"publisher\":{\"@id\":\"https:\\\/\\\/loboproduccionesaudiovisuales.ar\\\/#organization\"}}]}\n\t\t<\/script>\n\t\t<!-- All in One SEO -->\n\n","aioseo_head_json":{"title":"Aranguren: Feria de alimentos esenciales, Club de emprendedores, obras y empleados municipales - LOBO PRODUCCIONES AUDIOVISUALES","description":"El Intendente de Aranguren, Luis Siebenlist, junto al Secretario de Gobierno, Ramiro Mu\u00f1oz, brindaron una entrevista en el programa MediaMa\u00f1ana por 96.5 Radio Popular Aranguren (FM Municipal). En la misma se refirieron la Feria de Alimentos Esenciales que se realizar\u00e1 el s\u00e1bado venidero (16-11), desde las 19:00, en el Complejo Deportivo Municipal. Por otra","canonical_url":"https:\/\/loboproduccionesaudiovisuales.ar\/?p=17044","robots":"max-image-preview:large","keywords":"","webmasterTools":{"miscellaneous":""},"schema":{"@context":"https:\/\/schema.org","@graph":[{"@type":"BlogPosting","@id":"https:\/\/loboproduccionesaudiovisuales.ar\/?p=17044#blogposting","name":"Aranguren: Feria de alimentos esenciales, Club de emprendedores, obras y empleados municipales - LOBO PRODUCCIONES AUDIOVISUALES","headline":"Aranguren: Feria de alimentos esenciales, Club de emprendedores, obras y empleados municipales","author":{"@id":"https:\/\/loboproduccionesaudiovisuales.ar\/?author=3#author"},"publisher":{"@id":"https:\/\/loboproduccionesaudiovisuales.ar\/#organization"},"image":{"@type":"ImageObject","url":"https:\/\/loboproduccionesaudiovisuales.ar\/wp-content\/uploads\/2024\/11\/ARANGUREN-Club-de-Emprendedores-1.jpg","width":2048,"height":1364},"datePublished":"2024-11-13T16:24:28-03:00","dateModified":"2024-11-13T16:24:28-03:00","inLanguage":"es-AR","mainEntityOfPage":{"@id":"https:\/\/loboproduccionesaudiovisuales.ar\/?p=17044#webpage"},"isPartOf":{"@id":"https:\/\/loboproduccionesaudiovisuales.ar\/?p=17044#webpage"},"articleSection":"ACTUALIDAD, Blog, ENTRE RIOS, REGIONALES, Aranguren"},{"@type":"BreadcrumbList","@id":"https:\/\/loboproduccionesaudiovisuales.ar\/?p=17044#breadcrumblist","itemListElement":[{"@type":"ListItem","@id":"https:\/\/loboproduccionesaudiovisuales.ar#listItem","position":1,"name":"Home","item":"https:\/\/loboproduccionesaudiovisuales.ar","nextItem":{"@type":"ListItem","@id":"https:\/\/loboproduccionesaudiovisuales.ar\/?cat=1#listItem","name":"Blog"}},{"@type":"ListItem","@id":"https:\/\/loboproduccionesaudiovisuales.ar\/?cat=1#listItem","position":2,"name":"Blog","item":"https:\/\/loboproduccionesaudiovisuales.ar\/?cat=1","nextItem":{"@type":"ListItem","@id":"https:\/\/loboproduccionesaudiovisuales.ar\/?p=17044#listItem","name":"Aranguren: Feria de alimentos esenciales, Club de emprendedores, obras y empleados municipales"},"previousItem":{"@type":"ListItem","@id":"https:\/\/loboproduccionesaudiovisuales.ar#listItem","name":"Home"}},{"@type":"ListItem","@id":"https:\/\/loboproduccionesaudiovisuales.ar\/?p=17044#listItem","position":3,"name":"Aranguren: Feria de alimentos esenciales, Club de emprendedores, obras y empleados municipales","previousItem":{"@type":"ListItem","@id":"https:\/\/loboproduccionesaudiovisuales.ar\/?cat=1#listItem","name":"Blog"}}]},{"@type":"Organization","@id":"https:\/\/loboproduccionesaudiovisuales.ar\/#organization","name":"loboproduccionesaudiovisuales.ar","description":"Sitio digital de noticias agroindustriales","url":"https:\/\/loboproduccionesaudiovisuales.ar\/","logo":{"@type":"ImageObject","url":"https:\/\/loboproduccionesaudiovisuales.ar\/wp-content\/uploads\/2023\/07\/LPA-web.jpg","@id":"https:\/\/loboproduccionesaudiovisuales.ar\/?p=17044\/#organizationLogo","width":500,"height":144},"image":{"@id":"https:\/\/loboproduccionesaudiovisuales.ar\/?p=17044\/#organizationLogo"}},{"@type":"Person","@id":"https:\/\/loboproduccionesaudiovisuales.ar\/?author=3#author","url":"https:\/\/loboproduccionesaudiovisuales.ar\/?author=3","name":"Gustavo Werner","image":{"@type":"ImageObject","@id":"https:\/\/loboproduccionesaudiovisuales.ar\/?p=17044#authorImage","url":"https:\/\/loboproduccionesaudiovisuales.ar\/wp-content\/litespeed\/avatar\/de09dfb254ecca8d89a27b1f284fdb4d.jpg?ver=1788575391","width":96,"height":96,"caption":"Gustavo Werner"}},{"@type":"WebPage","@id":"https:\/\/loboproduccionesaudiovisuales.ar\/?p=17044#webpage","url":"https:\/\/loboproduccionesaudiovisuales.ar\/?p=17044","name":"Aranguren: Feria de alimentos esenciales, Club de emprendedores, obras y empleados municipales - LOBO PRODUCCIONES AUDIOVISUALES","description":"El Intendente de Aranguren, Luis Siebenlist, junto al Secretario de Gobierno, Ramiro Mu\u00f1oz, brindaron una entrevista en el programa MediaMa\u00f1ana por 96.5 Radio Popular Aranguren (FM Municipal). En la misma se refirieron la Feria de Alimentos Esenciales que se realizar\u00e1 el s\u00e1bado venidero (16-11), desde las 19:00, en el Complejo Deportivo Municipal. Por otra","inLanguage":"es-AR","isPartOf":{"@id":"https:\/\/loboproduccionesaudiovisuales.ar\/#website"},"breadcrumb":{"@id":"https:\/\/loboproduccionesaudiovisuales.ar\/?p=17044#breadcrumblist"},"author":{"@id":"https:\/\/loboproduccionesaudiovisuales.ar\/?author=3#author"},"creator":{"@id":"https:\/\/loboproduccionesaudiovisuales.ar\/?author=3#author"},"image":{"@type":"ImageObject","url":"https:\/\/loboproduccionesaudiovisuales.ar\/wp-content\/uploads\/2024\/11\/ARANGUREN-Club-de-Emprendedores-1.jpg","@id":"https:\/\/loboproduccionesaudiovisuales.ar\/?p=17044\/#mainImage","width":2048,"height":1364},"primaryImageOfPage":{"@id":"https:\/\/loboproduccionesaudiovisuales.ar\/?p=17044#mainImage"},"datePublished":"2024-11-13T16:24:28-03:00","dateModified":"2024-11-13T16:24:28-03:00"},{"@type":"WebSite","@id":"https:\/\/loboproduccionesaudiovisuales.ar\/#website","url":"https:\/\/loboproduccionesaudiovisuales.ar\/","name":"loboproduccionesaudiovisuales.ar","alternateName":"Lobo Producciones","description":"Sitio digital de noticias agroindustriales","inLanguage":"es-AR","publisher":{"@id":"https:\/\/loboproduccionesaudiovisuales.ar\/#organization"}}]},"og:locale":"es_ES","og:site_name":"LOBO PRODUCCIONES AUDIOVISUALES - Sitio digital de noticias agroindustriales","og:type":"article","og:title":"Aranguren: Feria de alimentos esenciales, Club de emprendedores, obras y empleados municipales - LOBO PRODUCCIONES AUDIOVISUALES","og:description":"El Intendente de Aranguren, Luis Siebenlist, junto al Secretario de Gobierno, Ramiro Mu\u00f1oz, brindaron una entrevista en el programa MediaMa\u00f1ana por 96.5 Radio Popular Aranguren (FM Municipal). En la misma se refirieron la Feria de Alimentos Esenciales que se realizar\u00e1 el s\u00e1bado venidero (16-11), desde las 19:00, en el Complejo Deportivo Municipal. Por otra","og:url":"https:\/\/loboproduccionesaudiovisuales.ar\/?p=17044","og:image":"https:\/\/loboproduccionesaudiovisuales.ar\/wp-content\/uploads\/2023\/07\/LPA-web.jpg","og:image:secure_url":"https:\/\/loboproduccionesaudiovisuales.ar\/wp-content\/uploads\/2023\/07\/LPA-web.jpg","article:published_time":"2024-11-13T19:24:28+00:00","article:modified_time":"2024-11-13T19:24:28+00:00","twitter:card":"summary_large_image","twitter:title":"Aranguren: Feria de alimentos esenciales, Club de emprendedores, obras y empleados municipales - LOBO PRODUCCIONES AUDIOVISUALES","twitter:description":"El Intendente de Aranguren, Luis Siebenlist, junto al Secretario de Gobierno, Ramiro Mu\u00f1oz, brindaron una entrevista en el programa MediaMa\u00f1ana por 96.5 Radio Popular Aranguren (FM Municipal). En la misma se refirieron la Feria de Alimentos Esenciales que se realizar\u00e1 el s\u00e1bado venidero (16-11), desde las 19:00, en el Complejo Deportivo Municipal. Por otra","twitter:image":"https:\/\/loboproduccionesaudiovisuales.ar\/wp-content\/uploads\/2023\/07\/LPA-web.jpg"},"aioseo_meta_data":{"post_id":"17044","title":null,"description":null,"keywords":null,"keyphrases":{"focus":{"keyphrase":"","score":0,"analysis":{"keyphraseInTitle":{"score":0,"maxScore":9,"error":1}}},"additional":[]},"primary_term":null,"canonical_url":null,"og_title":null,"og_description":null,"og_object_type":"default","og_image_type":"default","og_image_url":null,"og_image_width":null,"og_image_height":null,"og_image_custom_url":null,"og_image_custom_fields":null,"og_video":"","og_custom_url":null,"og_article_section":null,"og_article_tags":null,"twitter_use_og":false,"twitter_card":"default","twitter_image_type":"default","twitter_image_url":null,"twitter_image_custom_url":null,"twitter_image_custom_fields":null,"twitter_title":null,"twitter_description":null,"schema":{"blockGraphs":[],"customGraphs":[],"default":{"data":{"Article":[],"Course":[],"Dataset":[],"FAQPage":[],"Movie":[],"Person":[],"Product":[],"ProductReview":[],"Car":[],"Recipe":[],"Service":[],"SoftwareApplication":[],"WebPage":[]},"graphName":"BlogPosting","isEnabled":true},"graphs":[]},"schema_type":"default","schema_type_options":null,"pillar_content":false,"robots_default":true,"robots_noindex":false,"robots_noarchive":false,"robots_nosnippet":false,"robots_nofollow":false,"robots_noimageindex":false,"robots_noodp":false,"robots_notranslate":false,"robots_max_snippet":"-1","robots_max_videopreview":"-1","robots_max_imagepreview":"large","priority":null,"frequency":"default","local_seo":null,"breadcrumb_settings":null,"limit_modified_date":false,"ai":null,"created":"2024-11-13 19:24:28","updated":"2025-06-05 01:08:45","seo_analyzer_scan_date":null,"focus_keyword":null,"additional_keywords":null,"truseo_locale":null},"aioseo_breadcrumb":"<div class=\"aioseo-breadcrumbs\"><span class=\"aioseo-breadcrumb\">\n\t\t\t<a href=\"https:\/\/loboproduccionesaudiovisuales.ar\" title=\"Home\">Home<\/a>\n\t\t<\/span><span class=\"aioseo-breadcrumb-separator\">&raquo;<\/span><span class=\"aioseo-breadcrumb\">\n\t\t\t<a href=\"https:\/\/loboproduccionesaudiovisuales.ar\/?cat=1\" title=\"Blog\">Blog<\/a>\n\t\t<\/span><span class=\"aioseo-breadcrumb-separator\">&raquo;<\/span><span class=\"aioseo-breadcrumb\">\n\t\t\tAranguren: Feria de alimentos esenciales, Club de emprendedores, obras y empleados municipales\n\t\t<\/span><\/div>","aioseo_breadcrumb_json":[{"label":"Home","link":"https:\/\/loboproduccionesaudiovisuales.ar"},{"label":"Blog","link":"https:\/\/loboproduccionesaudiovisuales.ar\/?cat=1"},{"label":"Aranguren: Feria de alimentos esenciales, Club de emprendedores, obras y empleados municipales","link":"https:\/\/loboproduccionesaudiovisuales.ar\/?p=17044"}],"_links":{"self":[{"href":"https:\/\/loboproduccionesaudiovisuales.ar\/index.php?rest_route=\/wp\/v2\/posts\/17044","targetHints":{"allow":["GET"]}}],"collection":[{"href":"https:\/\/loboproduccionesaudiovisuales.ar\/index.php?rest_route=\/wp\/v2\/posts"}],"about":[{"href":"https:\/\/loboproduccionesaudiovisuales.ar\/index.php?rest_route=\/wp\/v2\/types\/post"}],"author":[{"embeddable":true,"href":"https:\/\/loboproduccionesaudiovisuales.ar\/index.php?rest_route=\/wp\/v2\/users\/3"}],"replies":[{"embeddable":true,"href":"https:\/\/loboproduccionesaudiovisuales.ar\/index.php?rest_route=%2Fwp%2Fv2%2Fcomments&post=17044"}],"version-history":[{"count":1,"href":"https:\/\/loboproduccionesaudiovisuales.ar\/index.php?rest_route=\/wp\/v2\/posts\/17044\/revisions"}],"predecessor-version":[{"id":17046,"href":"https:\/\/loboproduccionesaudiovisuales.ar\/index.php?rest_route=\/wp\/v2\/posts\/17044\/revisions\/17046"}],"wp:featuredmedia":[{"embeddable":true,"href":"https:\/\/loboproduccionesaudiovisuales.ar\/index.php?rest_route=\/wp\/v2\/media\/17045"}],"wp:attachment":[{"href":"https:\/\/loboproduccionesaudiovisuales.ar\/index.php?rest_route=%2Fwp%2Fv2%2Fmedia&parent=17044"}],"wp:term":[{"taxonomy":"category","embeddable":true,"href":"https:\/\/loboproduccionesaudiovisuales.ar\/index.php?rest_route=%2Fwp%2Fv2%2Fcategories&post=17044"},{"taxonomy":"post_tag","embeddable":true,"href":"https:\/\/loboproduccionesaudiovisuales.ar\/index.php?rest_route=%2Fwp%2Fv2%2Ftags&post=17044"}],"curies":[{"name":"wp","href":"https:\/\/api.w.org\/{rel}","templated":true}]}}